{"id":56322,"date":"2021-10-27T11:25:10","date_gmt":"2021-10-27T16:25:10","guid":{"rendered":"https:\/\/pagina10.com\/web\/?p=56322"},"modified":"2021-10-27T11:25:10","modified_gmt":"2021-10-27T16:25:10","slug":"en-ipiales-socializaran-convenio-que-llevara-gas-domiciliario-glp-a-mas-de-20-mil-usuarios-de-estratos-1-y-2","status":"publish","type":"post","link":"https:\/\/pagina10.com\/web\/en-ipiales-socializaran-convenio-que-llevara-gas-domiciliario-glp-a-mas-de-20-mil-usuarios-de-estratos-1-y-2\/","title":{"rendered":"En Ipiales socializar\u00e1n convenio que llevar\u00e1 gas domiciliario GLP a m\u00e1s de 20 mil usuarios de estratos 1 y 2"},"content":{"rendered":"<p style=\"text-align: justify;\">Este jueves 28 de octubre se cumplir\u00e1 en el municipio de Ipiales, la socializaci\u00f3n del convenio interadministrativo entre el Ministerio de Minas y Energ\u00eda y la empresa de servicios p\u00fablicos domiciliarios de gas INS, con el objetivo de masificar el servicio de GLP a m\u00e1s de 20 mil usuarios pertenecientes a estratos 1 y 2, en este municipio. El convenio representa una inversi\u00f3n por el orden de los $20 mil millones.<\/p>\n<div style=\"text-align: justify;\">\nLa Subsecretaria de Minas y Energ\u00eda, Johanna Morillo, explic\u00f3 que el convenio gestionado contempla la construcci\u00f3n del sistema de distribuci\u00f3n con 313 kil\u00f3metros de redes para el transporte (tuber\u00eda) de GLP y la construcci\u00f3n de una planta de almacenamiento del combustible con una capacidad de 54 mil galones.<\/div>\n<div>\n\u201cEsta infraestructura permitir\u00e1 un abastecimiento seguro y continuo a los usuarios beneficiados. Posteriormente la Gobernaci\u00f3n de Nari\u00f1o, desarrollar\u00e1 un convenio enfocado a la construcci\u00f3n de las acometidas domiciliarias internas subsidiadas por un valor estimado de 30 mil millones\u201d, puntualiz\u00f3 la funcionaria.<br \/>\nA la socializaci\u00f3n del convenio, que se desarrollar\u00e1 en la Plaza 20 de Julio a las 11:00 de la ma\u00f1ana, asistir\u00e1 el Vice Ministro de Minas y Energ\u00eda, Miguel Lotero, el Director Nacional de Hidrocarburos, Jos\u00e9 Manuel Moreno, el Gobernador de Nari\u00f1o, Jhon Rojas y el Alcalde de Ipiales, Luis Fernando Villota, adem\u00e1s de representantes de la firma ejecutora del convenio.<\/p>\n<div style=\"text-align: justify;\">\nEn horas de la tarde, la comitiva se desplazar\u00e1 al municipio de Cumbal para inaugurar el usuario n\u00famero 3.000 del convenio 2037 del 2020, enfocado en llevar conexiones domiciliarias internas subsidiadas a 3.520 beneficiarios de estratos 1 y 2 en los municipios de Cumbal, Potos\u00ed y Guachucal. Este proyecto alcanza un 85% de ejecuci\u00f3n, con una inversi\u00f3n superior a los $3.500 millones, con recursos provenientes del Sistema General de Regal\u00edas.<\/div>\n<\/div>\n","protected":false},"excerpt":{"rendered":"<p>Este jueves 28 de octubre se cumplir\u00e1 en el municipio de Ipiales, la socializaci\u00f3n del convenio interadministrativo entre el Ministerio de Minas y Energ\u00eda y la empresa de servicios p\u00fablicos domiciliarios de gas INS, con el objetivo de masificar el servicio de GLP a m\u00e1s de 20 mil usuarios pertenecientes a estratos 1 y 2, [&hellip;]<\/p>\n","protected":false},"author":1,"featured_media":48959,"comment_status":"open","ping_status":"open","sticky":false,"template":"","format":"standard","meta":{"footnotes":""},"categories":[13],"tags":[],"class_list":["post-56322","post","type-post","status-publish","format-standard","has-post-thumbnail","hentry","category-economia"],"yoast_head":"<!-- This site is optimized with the Yoast SEO plugin v27.1.1 - https:\/\/yoast.com\/product\/yoast-seo-wordpress\/ -->\n<title>En Ipiales socializar\u00e1n convenio que llevar\u00e1 gas domiciliario GLP a m\u00e1s de 20 mil usuarios de estratos 1 y 2 | P\u00e1gina10<\/title>\n<meta name=\"robots\" content=\"index, follow, max-snippet:-1, max-image-preview:large, max-video-preview:-1\" \/>\n<link rel=\"canonical\" href=\"https:\/\/pagina10.com\/web\/en-ipiales-socializaran-convenio-que-llevara-gas-domiciliario-glp-a-mas-de-20-mil-usuarios-de-estratos-1-y-2\/\" \/>\n<meta property=\"og:locale\" content=\"es_ES\" \/>\n<meta property=\"og:type\" content=\"article\" \/>\n<meta property=\"og:title\" content=\"En Ipiales socializar\u00e1n convenio que llevar\u00e1 gas domiciliario GLP a m\u00e1s de 20 mil usuarios de estratos 1 y 2 | P\u00e1gina10\" \/>\n<meta property=\"og:description\" content=\"Este jueves 28 de octubre se cumplir\u00e1 en el municipio de Ipiales, la socializaci\u00f3n del convenio interadministrativo entre el Ministerio de Minas y Energ\u00eda y la empresa de servicios p\u00fablicos domiciliarios de gas INS, con el objetivo de masificar el servicio de GLP a m\u00e1s de 20 mil usuarios pertenecientes a estratos 1 y 2, [&hellip;]\" \/>\n<meta property=\"og:url\" content=\"https:\/\/pagina10.com\/web\/en-ipiales-socializaran-convenio-que-llevara-gas-domiciliario-glp-a-mas-de-20-mil-usuarios-de-estratos-1-y-2\/\" \/>\n<meta property=\"og:site_name\" content=\"P\u00e1gina10\" \/>\n<meta property=\"article:publisher\" content=\"https:\/\/www.facebook.com\/pag10com\" \/>\n<meta property=\"article:published_time\" content=\"2021-10-27T16:25:10+00:00\" \/>\n<meta property=\"og:image\" content=\"https:\/\/pagina10.com\/web\/wp-content\/uploads\/2020\/11\/GAS-DOMI.jpg\" \/>\n\t<meta property=\"og:image:width\" content=\"600\" \/>\n\t<meta property=\"og:image:height\" content=\"412\" \/>\n\t<meta property=\"og:image:type\" content=\"image\/jpeg\" \/>\n<meta name=\"author\" content=\"P\u00e1gina 10\" \/>\n<meta name=\"twitter:card\" content=\"summary_large_image\" \/>\n<meta name=\"twitter:creator\" content=\"@Pag10com\" \/>\n<meta name=\"twitter:site\" content=\"@Pag10com\" \/>\n<meta name=\"twitter:label1\" content=\"Escrito por\" \/>\n\t<meta name=\"twitter:data1\" content=\"P\u00e1gina 10\" \/>\n\t<meta name=\"twitter:label2\" content=\"Tiempo de lectura\" \/>\n\t<meta name=\"twitter:data2\" content=\"1 minuto\" \/>\n<script type=\"application\/ld+json\" class=\"yoast-schema-graph\">{\"@context\":\"https:\/\/schema.org\",\"@graph\":[{\"@type\":\"Article\",\"@id\":\"https:\/\/pagina10.com\/web\/en-ipiales-socializaran-convenio-que-llevara-gas-domiciliario-glp-a-mas-de-20-mil-usuarios-de-estratos-1-y-2\/#article\",\"isPartOf\":{\"@id\":\"https:\/\/pagina10.com\/web\/en-ipiales-socializaran-convenio-que-llevara-gas-domiciliario-glp-a-mas-de-20-mil-usuarios-de-estratos-1-y-2\/\"},\"author\":{\"name\":\"P\u00e1gina 10\",\"@id\":\"https:\/\/pagina10.com\/web\/#\/schema\/person\/2efc4a090d25b667d3bc796798a3a81b\"},\"headline\":\"En Ipiales socializar\u00e1n convenio que llevar\u00e1 gas domiciliario GLP a m\u00e1s de 20 mil usuarios de estratos 1 y 2\",\"datePublished\":\"2021-10-27T16:25:10+00:00\",\"mainEntityOfPage\":{\"@id\":\"https:\/\/pagina10.com\/web\/en-ipiales-socializaran-convenio-que-llevara-gas-domiciliario-glp-a-mas-de-20-mil-usuarios-de-estratos-1-y-2\/\"},\"wordCount\":315,\"commentCount\":0,\"publisher\":{\"@id\":\"https:\/\/pagina10.com\/web\/#organization\"},\"image\":{\"@id\":\"https:\/\/pagina10.com\/web\/en-ipiales-socializaran-convenio-que-llevara-gas-domiciliario-glp-a-mas-de-20-mil-usuarios-de-estratos-1-y-2\/#primaryimage\"},\"thumbnailUrl\":\"https:\/\/pagina10.com\/web\/wp-content\/uploads\/2020\/11\/GAS-DOMI.jpg\",\"articleSection\":[\"Econom\u00eda\"],\"inLanguage\":\"es\",\"potentialAction\":[{\"@type\":\"CommentAction\",\"name\":\"Comment\",\"target\":[\"https:\/\/pagina10.com\/web\/en-ipiales-socializaran-convenio-que-llevara-gas-domiciliario-glp-a-mas-de-20-mil-usuarios-de-estratos-1-y-2\/#respond\"]}]},{\"@type\":\"WebPage\",\"@id\":\"https:\/\/pagina10.com\/web\/en-ipiales-socializaran-convenio-que-llevara-gas-domiciliario-glp-a-mas-de-20-mil-usuarios-de-estratos-1-y-2\/\",\"url\":\"https:\/\/pagina10.com\/web\/en-ipiales-socializaran-convenio-que-llevara-gas-domiciliario-glp-a-mas-de-20-mil-usuarios-de-estratos-1-y-2\/\",\"name\":\"En Ipiales socializar\u00e1n convenio que llevar\u00e1 gas domiciliario GLP a m\u00e1s de 20 mil usuarios de estratos 1 y 2 | P\u00e1gina10\",\"isPartOf\":{\"@id\":\"https:\/\/pagina10.com\/web\/#website\"},\"primaryImageOfPage\":{\"@id\":\"https:\/\/pagina10.com\/web\/en-ipiales-socializaran-convenio-que-llevara-gas-domiciliario-glp-a-mas-de-20-mil-usuarios-de-estratos-1-y-2\/#primaryimage\"},\"image\":{\"@id\":\"https:\/\/pagina10.com\/web\/en-ipiales-socializaran-convenio-que-llevara-gas-domiciliario-glp-a-mas-de-20-mil-usuarios-de-estratos-1-y-2\/#primaryimage\"},\"thumbnailUrl\":\"https:\/\/pagina10.com\/web\/wp-content\/uploads\/2020\/11\/GAS-DOMI.jpg\",\"datePublished\":\"2021-10-27T16:25:10+00:00\",\"breadcrumb\":{\"@id\":\"https:\/\/pagina10.com\/web\/en-ipiales-socializaran-convenio-que-llevara-gas-domiciliario-glp-a-mas-de-20-mil-usuarios-de-estratos-1-y-2\/#breadcrumb\"},\"inLanguage\":\"es\",\"potentialAction\":[{\"@type\":\"ReadAction\",\"target\":[\"https:\/\/pagina10.com\/web\/en-ipiales-socializaran-convenio-que-llevara-gas-domiciliario-glp-a-mas-de-20-mil-usuarios-de-estratos-1-y-2\/\"]}]},{\"@type\":\"ImageObject\",\"inLanguage\":\"es\",\"@id\":\"https:\/\/pagina10.com\/web\/en-ipiales-socializaran-convenio-que-llevara-gas-domiciliario-glp-a-mas-de-20-mil-usuarios-de-estratos-1-y-2\/#primaryimage\",\"url\":\"https:\/\/pagina10.com\/web\/wp-content\/uploads\/2020\/11\/GAS-DOMI.jpg\",\"contentUrl\":\"https:\/\/pagina10.com\/web\/wp-content\/uploads\/2020\/11\/GAS-DOMI.jpg\",\"width\":600,\"height\":412},{\"@type\":\"BreadcrumbList\",\"@id\":\"https:\/\/pagina10.com\/web\/en-ipiales-socializaran-convenio-que-llevara-gas-domiciliario-glp-a-mas-de-20-mil-usuarios-de-estratos-1-y-2\/#breadcrumb\",\"itemListElement\":[{\"@type\":\"ListItem\",\"position\":1,\"name\":\"Portada\",\"item\":\"https:\/\/pagina10.com\/web\/\"},{\"@type\":\"ListItem\",\"position\":2,\"name\":\"En Ipiales socializar\u00e1n convenio que llevar\u00e1 gas domiciliario GLP a m\u00e1s de 20 mil usuarios de estratos 1 y 2\"}]},{\"@type\":\"WebSite\",\"@id\":\"https:\/\/pagina10.com\/web\/#website\",\"url\":\"https:\/\/pagina10.com\/web\/\",\"name\":\"P\u00e1gina10\",\"description\":\"Peri\u00f3dico Regional\",\"publisher\":{\"@id\":\"https:\/\/pagina10.com\/web\/#organization\"},\"alternateName\":\"P\u00e1gina10 Peri\u00f3dico Regional\",\"potentialAction\":[{\"@type\":\"SearchAction\",\"target\":{\"@type\":\"EntryPoint\",\"urlTemplate\":\"https:\/\/pagina10.com\/web\/?s={search_term_string}\"},\"query-input\":{\"@type\":\"PropertyValueSpecification\",\"valueRequired\":true,\"valueName\":\"search_term_string\"}}],\"inLanguage\":\"es\"},{\"@type\":\"Organization\",\"@id\":\"https:\/\/pagina10.com\/web\/#organization\",\"name\":\"P\u00e1gina10\",\"alternateName\":\"P\u00e1gina10 Peri\u00f3dico Regional\",\"url\":\"https:\/\/pagina10.com\/web\/\",\"logo\":{\"@type\":\"ImageObject\",\"inLanguage\":\"es\",\"@id\":\"https:\/\/pagina10.com\/web\/#\/schema\/logo\/image\/\",\"url\":\"https:\/\/pagina10.com\/web\/wp-content\/uploads\/2024\/01\/40-pagina-10-periodico-regional-pasto.jpg\",\"contentUrl\":\"https:\/\/pagina10.com\/web\/wp-content\/uploads\/2024\/01\/40-pagina-10-periodico-regional-pasto.jpg\",\"width\":1280,\"height\":720,\"caption\":\"P\u00e1gina10\"},\"image\":{\"@id\":\"https:\/\/pagina10.com\/web\/#\/schema\/logo\/image\/\"},\"sameAs\":[\"https:\/\/www.facebook.com\/pag10com\",\"https:\/\/x.com\/Pag10com\",\"https:\/\/www.instagram.com\/pagina10col\/\",\"https:\/\/youtube.com\/channel\/pag10\",\"https:\/\/www.tiktok.com\/@p10col\"]},{\"@type\":\"Person\",\"@id\":\"https:\/\/pagina10.com\/web\/#\/schema\/person\/2efc4a090d25b667d3bc796798a3a81b\",\"name\":\"P\u00e1gina 10\",\"description\":\"P\u00e1gina 10 es un peri\u00f3dico regional que nace en Colombia, en el departamento de Nari\u00f1o, con un enfoque global, fundamentado en cuatro pilares esenciales: la libertad, el pluralismo, la inclusi\u00f3n y la independencia. P\u00e1gina 10 hace referencia a Nari\u00f1o como el d\u00e9cimo departamento creado en Colombia, despu\u00e9s de un proceso pol\u00edtico liderado por actores y actrices regionales con el fin de obtener la independencia y autonom\u00eda de nuestros territorios. Con la creaci\u00f3n de P\u00e1gina 10 se pretende abrir un escenario para el dialogo, la reflexi\u00f3n y el debate que se extienda a otras geograf\u00edas de Am\u00e9rica Latina y del planeta, en una apuesta por transformar colectivamente los desaf\u00edos de un mundo contempor\u00e1neo, m\u00e1s all\u00e1 de las fronteras impuestas.\",\"url\":\"https:\/\/pagina10.com\/web\/author\/pdiezadmin\/\"}]}<\/script>\n<!-- \/ Yoast SEO plugin. -->","yoast_head_json":{"title":"En Ipiales socializar\u00e1n convenio que llevar\u00e1 gas domiciliario GLP a m\u00e1s de 20 mil usuarios de estratos 1 y 2 | P\u00e1gina10","robots":{"index":"index","follow":"follow","max-snippet":"max-snippet:-1","max-image-preview":"max-image-preview:large","max-video-preview":"max-video-preview:-1"},"canonical":"https:\/\/pagina10.com\/web\/en-ipiales-socializaran-convenio-que-llevara-gas-domiciliario-glp-a-mas-de-20-mil-usuarios-de-estratos-1-y-2\/","og_locale":"es_ES","og_type":"article","og_title":"En Ipiales socializar\u00e1n convenio que llevar\u00e1 gas domiciliario GLP a m\u00e1s de 20 mil usuarios de estratos 1 y 2 | P\u00e1gina10","og_description":"Este jueves 28 de octubre se cumplir\u00e1 en el municipio de Ipiales, la socializaci\u00f3n del convenio interadministrativo entre el Ministerio de Minas y Energ\u00eda y la empresa de servicios p\u00fablicos domiciliarios de gas INS, con el objetivo de masificar el servicio de GLP a m\u00e1s de 20 mil usuarios pertenecientes a estratos 1 y 2, [&hellip;]","og_url":"https:\/\/pagina10.com\/web\/en-ipiales-socializaran-convenio-que-llevara-gas-domiciliario-glp-a-mas-de-20-mil-usuarios-de-estratos-1-y-2\/","og_site_name":"P\u00e1gina10","article_publisher":"https:\/\/www.facebook.com\/pag10com","article_published_time":"2021-10-27T16:25:10+00:00","og_image":[{"width":600,"height":412,"url":"https:\/\/pagina10.com\/web\/wp-content\/uploads\/2020\/11\/GAS-DOMI.jpg","type":"image\/jpeg"}],"author":"P\u00e1gina 10","twitter_card":"summary_large_image","twitter_creator":"@Pag10com","twitter_site":"@Pag10com","twitter_misc":{"Escrito por":"P\u00e1gina 10","Tiempo de lectura":"1 minuto"},"schema":{"@context":"https:\/\/schema.org","@graph":[{"@type":"Article","@id":"https:\/\/pagina10.com\/web\/en-ipiales-socializaran-convenio-que-llevara-gas-domiciliario-glp-a-mas-de-20-mil-usuarios-de-estratos-1-y-2\/#article","isPartOf":{"@id":"https:\/\/pagina10.com\/web\/en-ipiales-socializaran-convenio-que-llevara-gas-domiciliario-glp-a-mas-de-20-mil-usuarios-de-estratos-1-y-2\/"},"author":{"name":"P\u00e1gina 10","@id":"https:\/\/pagina10.com\/web\/#\/schema\/person\/2efc4a090d25b667d3bc796798a3a81b"},"headline":"En Ipiales socializar\u00e1n convenio que llevar\u00e1 gas domiciliario GLP a m\u00e1s de 20 mil usuarios de estratos 1 y 2","datePublished":"2021-10-27T16:25:10+00:00","mainEntityOfPage":{"@id":"https:\/\/pagina10.com\/web\/en-ipiales-socializaran-convenio-que-llevara-gas-domiciliario-glp-a-mas-de-20-mil-usuarios-de-estratos-1-y-2\/"},"wordCount":315,"commentCount":0,"publisher":{"@id":"https:\/\/pagina10.com\/web\/#organization"},"image":{"@id":"https:\/\/pagina10.com\/web\/en-ipiales-socializaran-convenio-que-llevara-gas-domiciliario-glp-a-mas-de-20-mil-usuarios-de-estratos-1-y-2\/#primaryimage"},"thumbnailUrl":"https:\/\/pagina10.com\/web\/wp-content\/uploads\/2020\/11\/GAS-DOMI.jpg","articleSection":["Econom\u00eda"],"inLanguage":"es","potentialAction":[{"@type":"CommentAction","name":"Comment","target":["https:\/\/pagina10.com\/web\/en-ipiales-socializaran-convenio-que-llevara-gas-domiciliario-glp-a-mas-de-20-mil-usuarios-de-estratos-1-y-2\/#respond"]}]},{"@type":"WebPage","@id":"https:\/\/pagina10.com\/web\/en-ipiales-socializaran-convenio-que-llevara-gas-domiciliario-glp-a-mas-de-20-mil-usuarios-de-estratos-1-y-2\/","url":"https:\/\/pagina10.com\/web\/en-ipiales-socializaran-convenio-que-llevara-gas-domiciliario-glp-a-mas-de-20-mil-usuarios-de-estratos-1-y-2\/","name":"En Ipiales socializar\u00e1n convenio que llevar\u00e1 gas domiciliario GLP a m\u00e1s de 20 mil usuarios de estratos 1 y 2 | P\u00e1gina10","isPartOf":{"@id":"https:\/\/pagina10.com\/web\/#website"},"primaryImageOfPage":{"@id":"https:\/\/pagina10.com\/web\/en-ipiales-socializaran-convenio-que-llevara-gas-domiciliario-glp-a-mas-de-20-mil-usuarios-de-estratos-1-y-2\/#primaryimage"},"image":{"@id":"https:\/\/pagina10.com\/web\/en-ipiales-socializaran-convenio-que-llevara-gas-domiciliario-glp-a-mas-de-20-mil-usuarios-de-estratos-1-y-2\/#primaryimage"},"thumbnailUrl":"https:\/\/pagina10.com\/web\/wp-content\/uploads\/2020\/11\/GAS-DOMI.jpg","datePublished":"2021-10-27T16:25:10+00:00","breadcrumb":{"@id":"https:\/\/pagina10.com\/web\/en-ipiales-socializaran-convenio-que-llevara-gas-domiciliario-glp-a-mas-de-20-mil-usuarios-de-estratos-1-y-2\/#breadcrumb"},"inLanguage":"es","potentialAction":[{"@type":"ReadAction","target":["https:\/\/pagina10.com\/web\/en-ipiales-socializaran-convenio-que-llevara-gas-domiciliario-glp-a-mas-de-20-mil-usuarios-de-estratos-1-y-2\/"]}]},{"@type":"ImageObject","inLanguage":"es","@id":"https:\/\/pagina10.com\/web\/en-ipiales-socializaran-convenio-que-llevara-gas-domiciliario-glp-a-mas-de-20-mil-usuarios-de-estratos-1-y-2\/#primaryimage","url":"https:\/\/pagina10.com\/web\/wp-content\/uploads\/2020\/11\/GAS-DOMI.jpg","contentUrl":"https:\/\/pagina10.com\/web\/wp-content\/uploads\/2020\/11\/GAS-DOMI.jpg","width":600,"height":412},{"@type":"BreadcrumbList","@id":"https:\/\/pagina10.com\/web\/en-ipiales-socializaran-convenio-que-llevara-gas-domiciliario-glp-a-mas-de-20-mil-usuarios-de-estratos-1-y-2\/#breadcrumb","itemListElement":[{"@type":"ListItem","position":1,"name":"Portada","item":"https:\/\/pagina10.com\/web\/"},{"@type":"ListItem","position":2,"name":"En Ipiales socializar\u00e1n convenio que llevar\u00e1 gas domiciliario GLP a m\u00e1s de 20 mil usuarios de estratos 1 y 2"}]},{"@type":"WebSite","@id":"https:\/\/pagina10.com\/web\/#website","url":"https:\/\/pagina10.com\/web\/","name":"P\u00e1gina10","description":"Peri\u00f3dico Regional","publisher":{"@id":"https:\/\/pagina10.com\/web\/#organization"},"alternateName":"P\u00e1gina10 Peri\u00f3dico Regional","potentialAction":[{"@type":"SearchAction","target":{"@type":"EntryPoint","urlTemplate":"https:\/\/pagina10.com\/web\/?s={search_term_string}"},"query-input":{"@type":"PropertyValueSpecification","valueRequired":true,"valueName":"search_term_string"}}],"inLanguage":"es"},{"@type":"Organization","@id":"https:\/\/pagina10.com\/web\/#organization","name":"P\u00e1gina10","alternateName":"P\u00e1gina10 Peri\u00f3dico Regional","url":"https:\/\/pagina10.com\/web\/","logo":{"@type":"ImageObject","inLanguage":"es","@id":"https:\/\/pagina10.com\/web\/#\/schema\/logo\/image\/","url":"https:\/\/pagina10.com\/web\/wp-content\/uploads\/2024\/01\/40-pagina-10-periodico-regional-pasto.jpg","contentUrl":"https:\/\/pagina10.com\/web\/wp-content\/uploads\/2024\/01\/40-pagina-10-periodico-regional-pasto.jpg","width":1280,"height":720,"caption":"P\u00e1gina10"},"image":{"@id":"https:\/\/pagina10.com\/web\/#\/schema\/logo\/image\/"},"sameAs":["https:\/\/www.facebook.com\/pag10com","https:\/\/x.com\/Pag10com","https:\/\/www.instagram.com\/pagina10col\/","https:\/\/youtube.com\/channel\/pag10","https:\/\/www.tiktok.com\/@p10col"]},{"@type":"Person","@id":"https:\/\/pagina10.com\/web\/#\/schema\/person\/2efc4a090d25b667d3bc796798a3a81b","name":"P\u00e1gina 10","description":"P\u00e1gina 10 es un peri\u00f3dico regional que nace en Colombia, en el departamento de Nari\u00f1o, con un enfoque global, fundamentado en cuatro pilares esenciales: la libertad, el pluralismo, la inclusi\u00f3n y la independencia. P\u00e1gina 10 hace referencia a Nari\u00f1o como el d\u00e9cimo departamento creado en Colombia, despu\u00e9s de un proceso pol\u00edtico liderado por actores y actrices regionales con el fin de obtener la independencia y autonom\u00eda de nuestros territorios. Con la creaci\u00f3n de P\u00e1gina 10 se pretende abrir un escenario para el dialogo, la reflexi\u00f3n y el debate que se extienda a otras geograf\u00edas de Am\u00e9rica Latina y del planeta, en una apuesta por transformar colectivamente los desaf\u00edos de un mundo contempor\u00e1neo, m\u00e1s all\u00e1 de las fronteras impuestas.","url":"https:\/\/pagina10.com\/web\/author\/pdiezadmin\/"}]}},"_links":{"self":[{"href":"https:\/\/pagina10.com\/web\/wp-json\/wp\/v2\/posts\/56322","targetHints":{"allow":["GET"]}}],"collection":[{"href":"https:\/\/pagina10.com\/web\/wp-json\/wp\/v2\/posts"}],"about":[{"href":"https:\/\/pagina10.com\/web\/wp-json\/wp\/v2\/types\/post"}],"author":[{"embeddable":true,"href":"https:\/\/pagina10.com\/web\/wp-json\/wp\/v2\/users\/1"}],"replies":[{"embeddable":true,"href":"https:\/\/pagina10.com\/web\/wp-json\/wp\/v2\/comments?post=56322"}],"version-history":[{"count":1,"href":"https:\/\/pagina10.com\/web\/wp-json\/wp\/v2\/posts\/56322\/revisions"}],"predecessor-version":[{"id":56323,"href":"https:\/\/pagina10.com\/web\/wp-json\/wp\/v2\/posts\/56322\/revisions\/56323"}],"wp:featuredmedia":[{"embeddable":true,"href":"https:\/\/pagina10.com\/web\/wp-json\/wp\/v2\/media\/48959"}],"wp:attachment":[{"href":"https:\/\/pagina10.com\/web\/wp-json\/wp\/v2\/media?parent=56322"}],"wp:term":[{"taxonomy":"category","embeddable":true,"href":"https:\/\/pagina10.com\/web\/wp-json\/wp\/v2\/categories?post=56322"},{"taxonomy":"post_tag","embeddable":true,"href":"https:\/\/pagina10.com\/web\/wp-json\/wp\/v2\/tags?post=56322"}],"curies":[{"name":"wp","href":"https:\/\/api.w.org\/{rel}","templated":true}]}}