{"id":56324,"date":"2021-10-27T11:27:49","date_gmt":"2021-10-27T16:27:49","guid":{"rendered":"https:\/\/pagina10.com\/web\/?p=56324"},"modified":"2021-10-27T11:27:49","modified_gmt":"2021-10-27T16:27:49","slug":"avanza-fortalecimiento-del-sector-cafetero-y-panelero-en-narino","status":"publish","type":"post","link":"https:\/\/pagina10.com\/web\/avanza-fortalecimiento-del-sector-cafetero-y-panelero-en-narino\/","title":{"rendered":"Avanza fortalecimiento del sector cafetero y panelero en Nari\u00f1o"},"content":{"rendered":"<p style=\"text-align: justify;\">Gobernaci\u00f3n avanza en el fortalecimiento de los productores de Nari\u00f1o. Foto: Prensa y comunicaciones Gobernaci\u00f3n de Nari\u00f1o.<\/p>\n<div>\nLa Oficina de las Naciones Unidas contra la Droga y el Delito -UNODC en Colombia, la Gobernaci\u00f3n de Nari\u00f1o y las alcald\u00edas de Buesaco y Mallama firman convenio para fortalecer a asociaciones de productores de caf\u00e9 y panela<br \/>\nAsociaciones de productores de caf\u00e9 en el municipio de Buesaco y productores de panela en Mallama, ser\u00e1n los beneficiados de este convenio que tiene como objetivo impulsar procesos de desarrollo alternativo y econom\u00eda l\u00edcita para la generaci\u00f3n de ingresos.<\/p>\n<div style=\"text-align: justify;\">\nEl Representante de UNODC en Colombia, Pierre Lapaque, junto al Gobernador de Nari\u00f1o, Jhon Rojas y los alcaldes de los municipios beneficiados firmaron el convenio. Desde la UNODC, se destac\u00f3 la importancia del trabajo interinstitucional en el territorio para consolidar las econom\u00edas l\u00edcitas en el departamento de Nari\u00f1o.<\/div>\n<div>\n\u201cSon dos convenios muy importantes, aqu\u00ed la idea es trabajar de la mano con la Gobernaci\u00f3n con las alcald\u00edas de Mallama y Buesaco y obviamente con las comunidades, para apoyar la construcci\u00f3n de paz, a trav\u00e9s de proyectos productivos. Hay en el agro un potencial enorme en Nari\u00f1o, entonces el trabajo de la Oficina de las Naciones Unidas contra la Droga y el Delito en Colombia es apoyar ese prop\u00f3sito\u201d, indic\u00f3 Pierre Lapaque.<\/p>\n<p>El Secretario de Agricultura de Nari\u00f1o, Jairo Chamorro, explic\u00f3 que para el caso del municipio de Buesaco, 30 familias cafeteras del Grupo Asociativo Progresar, de la vereda Medina Orejuela, se beneficiar\u00e1n del convenio por un valor de $822.727.767 de los cuales la Gobernaci\u00f3n de Nari\u00f1o aporta $358.335.549; el resto de los recursos son aportados por el municipio y UNODC. Los recursos y apoyos en especie se enfocar\u00e1n en asistencia t\u00e9cnica: productiva, agroindustrial, asociativa y comercial, tambi\u00e9n en implementaci\u00f3n de sistemas de beneficio de caf\u00e9 y procesos de comercializaci\u00f3n.<\/p>\n<div>\nPara los productores de panela, se busca el fortalecimiento de la agroindustria y la comercializaci\u00f3n del sector panelero dirigido a 23 familias de la Asociaci\u00f3n Agropecuaria de Trapicheros de Mallama. Los beneficiarios recibir\u00e1n asistencia t\u00e9cnica: productiva, socio empresarial, agroindustrial, implementaci\u00f3n de sistemas de hornillas paneleras y adecuaci\u00f3n de trapiches; adem\u00e1s, el fortalecimiento de la comercializaci\u00f3n. El convenio asciende a $989.495.232 de los cuales el gobierno regional aporta $596.192.000.<\/p>\n<div style=\"text-align: justify;\">\nEl Alcalde de Mallama, Oscar Bastidas Estrada, destac\u00f3 que la inversi\u00f3n en el fortalecimiento de este sector de Nari\u00f1o es hist\u00f3rica y llegar\u00e1 a productores de panela que hoy se encuentran asociados y en b\u00fasqueda de oportunidades para mejorar la calidad de vida de sus familias.<\/div>\n<\/div>\n<\/div>\n<\/div>\n","protected":false},"excerpt":{"rendered":"<p>Gobernaci\u00f3n avanza en el fortalecimiento de los productores de Nari\u00f1o. Foto: Prensa y comunicaciones Gobernaci\u00f3n de Nari\u00f1o. La Oficina de las Naciones Unidas contra la Droga y el Delito -UNODC en Colombia, la Gobernaci\u00f3n de Nari\u00f1o y las alcald\u00edas de Buesaco y Mallama firman convenio para fortalecer a asociaciones de productores de caf\u00e9 y panela [&hellip;]<\/p>\n","protected":false},"author":1,"featured_media":56325,"comment_status":"open","ping_status":"open","sticky":false,"template":"","format":"standard","meta":{"footnotes":""},"categories":[13],"tags":[],"class_list":["post-56324","post","type-post","status-publish","format-standard","has-post-thumbnail","hentry","category-economia"],"yoast_head":"<!-- This site is optimized with the Yoast SEO plugin v27.1.1 - https:\/\/yoast.com\/product\/yoast-seo-wordpress\/ -->\n<title>Avanza fortalecimiento del sector cafetero y panelero en Nari\u00f1o | P\u00e1gina10<\/title>\n<meta name=\"robots\" content=\"index, follow, max-snippet:-1, max-image-preview:large, max-video-preview:-1\" \/>\n<link rel=\"canonical\" href=\"https:\/\/pagina10.com\/web\/avanza-fortalecimiento-del-sector-cafetero-y-panelero-en-narino\/\" \/>\n<meta property=\"og:locale\" content=\"es_ES\" \/>\n<meta property=\"og:type\" content=\"article\" \/>\n<meta property=\"og:title\" content=\"Avanza fortalecimiento del sector cafetero y panelero en Nari\u00f1o | P\u00e1gina10\" \/>\n<meta property=\"og:description\" content=\"Gobernaci\u00f3n avanza en el fortalecimiento de los productores de Nari\u00f1o. Foto: Prensa y comunicaciones Gobernaci\u00f3n de Nari\u00f1o. La Oficina de las Naciones Unidas contra la Droga y el Delito -UNODC en Colombia, la Gobernaci\u00f3n de Nari\u00f1o y las alcald\u00edas de Buesaco y Mallama firman convenio para fortalecer a asociaciones de productores de caf\u00e9 y panela [&hellip;]\" \/>\n<meta property=\"og:url\" content=\"https:\/\/pagina10.com\/web\/avanza-fortalecimiento-del-sector-cafetero-y-panelero-en-narino\/\" \/>\n<meta property=\"og:site_name\" content=\"P\u00e1gina10\" \/>\n<meta property=\"article:publisher\" content=\"https:\/\/www.facebook.com\/pag10com\" \/>\n<meta property=\"article:published_time\" content=\"2021-10-27T16:27:49+00:00\" \/>\n<meta property=\"og:image\" content=\"https:\/\/pagina10.com\/web\/wp-content\/uploads\/2021\/10\/Captura-de-Pantalla-2021-10-27-a-las-11.27.15-a.-m..png\" \/>\n\t<meta property=\"og:image:width\" content=\"400\" \/>\n\t<meta property=\"og:image:height\" content=\"299\" \/>\n\t<meta property=\"og:image:type\" content=\"image\/png\" \/>\n<meta name=\"author\" content=\"P\u00e1gina 10\" \/>\n<meta name=\"twitter:card\" content=\"summary_large_image\" \/>\n<meta name=\"twitter:creator\" content=\"@Pag10com\" \/>\n<meta name=\"twitter:site\" content=\"@Pag10com\" \/>\n<meta name=\"twitter:label1\" content=\"Escrito por\" \/>\n\t<meta name=\"twitter:data1\" content=\"P\u00e1gina 10\" \/>\n\t<meta name=\"twitter:label2\" content=\"Tiempo de lectura\" \/>\n\t<meta name=\"twitter:data2\" content=\"2 minutos\" \/>\n<script type=\"application\/ld+json\" class=\"yoast-schema-graph\">{\"@context\":\"https:\/\/schema.org\",\"@graph\":[{\"@type\":\"Article\",\"@id\":\"https:\/\/pagina10.com\/web\/avanza-fortalecimiento-del-sector-cafetero-y-panelero-en-narino\/#article\",\"isPartOf\":{\"@id\":\"https:\/\/pagina10.com\/web\/avanza-fortalecimiento-del-sector-cafetero-y-panelero-en-narino\/\"},\"author\":{\"name\":\"P\u00e1gina 10\",\"@id\":\"https:\/\/pagina10.com\/web\/#\/schema\/person\/2efc4a090d25b667d3bc796798a3a81b\"},\"headline\":\"Avanza fortalecimiento del sector cafetero y panelero en Nari\u00f1o\",\"datePublished\":\"2021-10-27T16:27:49+00:00\",\"mainEntityOfPage\":{\"@id\":\"https:\/\/pagina10.com\/web\/avanza-fortalecimiento-del-sector-cafetero-y-panelero-en-narino\/\"},\"wordCount\":463,\"commentCount\":0,\"publisher\":{\"@id\":\"https:\/\/pagina10.com\/web\/#organization\"},\"image\":{\"@id\":\"https:\/\/pagina10.com\/web\/avanza-fortalecimiento-del-sector-cafetero-y-panelero-en-narino\/#primaryimage\"},\"thumbnailUrl\":\"https:\/\/pagina10.com\/web\/wp-content\/uploads\/2021\/10\/Captura-de-Pantalla-2021-10-27-a-las-11.27.15-a.-m..png\",\"articleSection\":[\"Econom\u00eda\"],\"inLanguage\":\"es\",\"potentialAction\":[{\"@type\":\"CommentAction\",\"name\":\"Comment\",\"target\":[\"https:\/\/pagina10.com\/web\/avanza-fortalecimiento-del-sector-cafetero-y-panelero-en-narino\/#respond\"]}]},{\"@type\":\"WebPage\",\"@id\":\"https:\/\/pagina10.com\/web\/avanza-fortalecimiento-del-sector-cafetero-y-panelero-en-narino\/\",\"url\":\"https:\/\/pagina10.com\/web\/avanza-fortalecimiento-del-sector-cafetero-y-panelero-en-narino\/\",\"name\":\"Avanza fortalecimiento del sector cafetero y panelero en Nari\u00f1o | P\u00e1gina10\",\"isPartOf\":{\"@id\":\"https:\/\/pagina10.com\/web\/#website\"},\"primaryImageOfPage\":{\"@id\":\"https:\/\/pagina10.com\/web\/avanza-fortalecimiento-del-sector-cafetero-y-panelero-en-narino\/#primaryimage\"},\"image\":{\"@id\":\"https:\/\/pagina10.com\/web\/avanza-fortalecimiento-del-sector-cafetero-y-panelero-en-narino\/#primaryimage\"},\"thumbnailUrl\":\"https:\/\/pagina10.com\/web\/wp-content\/uploads\/2021\/10\/Captura-de-Pantalla-2021-10-27-a-las-11.27.15-a.-m..png\",\"datePublished\":\"2021-10-27T16:27:49+00:00\",\"breadcrumb\":{\"@id\":\"https:\/\/pagina10.com\/web\/avanza-fortalecimiento-del-sector-cafetero-y-panelero-en-narino\/#breadcrumb\"},\"inLanguage\":\"es\",\"potentialAction\":[{\"@type\":\"ReadAction\",\"target\":[\"https:\/\/pagina10.com\/web\/avanza-fortalecimiento-del-sector-cafetero-y-panelero-en-narino\/\"]}]},{\"@type\":\"ImageObject\",\"inLanguage\":\"es\",\"@id\":\"https:\/\/pagina10.com\/web\/avanza-fortalecimiento-del-sector-cafetero-y-panelero-en-narino\/#primaryimage\",\"url\":\"https:\/\/pagina10.com\/web\/wp-content\/uploads\/2021\/10\/Captura-de-Pantalla-2021-10-27-a-las-11.27.15-a.-m..png\",\"contentUrl\":\"https:\/\/pagina10.com\/web\/wp-content\/uploads\/2021\/10\/Captura-de-Pantalla-2021-10-27-a-las-11.27.15-a.-m..png\",\"width\":400,\"height\":299},{\"@type\":\"BreadcrumbList\",\"@id\":\"https:\/\/pagina10.com\/web\/avanza-fortalecimiento-del-sector-cafetero-y-panelero-en-narino\/#breadcrumb\",\"itemListElement\":[{\"@type\":\"ListItem\",\"position\":1,\"name\":\"Portada\",\"item\":\"https:\/\/pagina10.com\/web\/\"},{\"@type\":\"ListItem\",\"position\":2,\"name\":\"Avanza fortalecimiento del sector cafetero y panelero en Nari\u00f1o\"}]},{\"@type\":\"WebSite\",\"@id\":\"https:\/\/pagina10.com\/web\/#website\",\"url\":\"https:\/\/pagina10.com\/web\/\",\"name\":\"P\u00e1gina10\",\"description\":\"Peri\u00f3dico Regional\",\"publisher\":{\"@id\":\"https:\/\/pagina10.com\/web\/#organization\"},\"alternateName\":\"P\u00e1gina10 Peri\u00f3dico Regional\",\"potentialAction\":[{\"@type\":\"SearchAction\",\"target\":{\"@type\":\"EntryPoint\",\"urlTemplate\":\"https:\/\/pagina10.com\/web\/?s={search_term_string}\"},\"query-input\":{\"@type\":\"PropertyValueSpecification\",\"valueRequired\":true,\"valueName\":\"search_term_string\"}}],\"inLanguage\":\"es\"},{\"@type\":\"Organization\",\"@id\":\"https:\/\/pagina10.com\/web\/#organization\",\"name\":\"P\u00e1gina10\",\"alternateName\":\"P\u00e1gina10 Peri\u00f3dico Regional\",\"url\":\"https:\/\/pagina10.com\/web\/\",\"logo\":{\"@type\":\"ImageObject\",\"inLanguage\":\"es\",\"@id\":\"https:\/\/pagina10.com\/web\/#\/schema\/logo\/image\/\",\"url\":\"https:\/\/pagina10.com\/web\/wp-content\/uploads\/2024\/01\/40-pagina-10-periodico-regional-pasto.jpg\",\"contentUrl\":\"https:\/\/pagina10.com\/web\/wp-content\/uploads\/2024\/01\/40-pagina-10-periodico-regional-pasto.jpg\",\"width\":1280,\"height\":720,\"caption\":\"P\u00e1gina10\"},\"image\":{\"@id\":\"https:\/\/pagina10.com\/web\/#\/schema\/logo\/image\/\"},\"sameAs\":[\"https:\/\/www.facebook.com\/pag10com\",\"https:\/\/x.com\/Pag10com\",\"https:\/\/www.instagram.com\/pagina10col\/\",\"https:\/\/youtube.com\/channel\/pag10\",\"https:\/\/www.tiktok.com\/@p10col\"]},{\"@type\":\"Person\",\"@id\":\"https:\/\/pagina10.com\/web\/#\/schema\/person\/2efc4a090d25b667d3bc796798a3a81b\",\"name\":\"P\u00e1gina 10\",\"description\":\"P\u00e1gina 10 es un peri\u00f3dico regional que nace en Colombia, en el departamento de Nari\u00f1o, con un enfoque global, fundamentado en cuatro pilares esenciales: la libertad, el pluralismo, la inclusi\u00f3n y la independencia. P\u00e1gina 10 hace referencia a Nari\u00f1o como el d\u00e9cimo departamento creado en Colombia, despu\u00e9s de un proceso pol\u00edtico liderado por actores y actrices regionales con el fin de obtener la independencia y autonom\u00eda de nuestros territorios. Con la creaci\u00f3n de P\u00e1gina 10 se pretende abrir un escenario para el dialogo, la reflexi\u00f3n y el debate que se extienda a otras geograf\u00edas de Am\u00e9rica Latina y del planeta, en una apuesta por transformar colectivamente los desaf\u00edos de un mundo contempor\u00e1neo, m\u00e1s all\u00e1 de las fronteras impuestas.\",\"url\":\"https:\/\/pagina10.com\/web\/author\/pdiezadmin\/\"}]}<\/script>\n<!-- \/ Yoast SEO plugin. -->","yoast_head_json":{"title":"Avanza fortalecimiento del sector cafetero y panelero en Nari\u00f1o | P\u00e1gina10","robots":{"index":"index","follow":"follow","max-snippet":"max-snippet:-1","max-image-preview":"max-image-preview:large","max-video-preview":"max-video-preview:-1"},"canonical":"https:\/\/pagina10.com\/web\/avanza-fortalecimiento-del-sector-cafetero-y-panelero-en-narino\/","og_locale":"es_ES","og_type":"article","og_title":"Avanza fortalecimiento del sector cafetero y panelero en Nari\u00f1o | P\u00e1gina10","og_description":"Gobernaci\u00f3n avanza en el fortalecimiento de los productores de Nari\u00f1o. Foto: Prensa y comunicaciones Gobernaci\u00f3n de Nari\u00f1o. La Oficina de las Naciones Unidas contra la Droga y el Delito -UNODC en Colombia, la Gobernaci\u00f3n de Nari\u00f1o y las alcald\u00edas de Buesaco y Mallama firman convenio para fortalecer a asociaciones de productores de caf\u00e9 y panela [&hellip;]","og_url":"https:\/\/pagina10.com\/web\/avanza-fortalecimiento-del-sector-cafetero-y-panelero-en-narino\/","og_site_name":"P\u00e1gina10","article_publisher":"https:\/\/www.facebook.com\/pag10com","article_published_time":"2021-10-27T16:27:49+00:00","og_image":[{"width":400,"height":299,"url":"https:\/\/pagina10.com\/web\/wp-content\/uploads\/2021\/10\/Captura-de-Pantalla-2021-10-27-a-las-11.27.15-a.-m..png","type":"image\/png"}],"author":"P\u00e1gina 10","twitter_card":"summary_large_image","twitter_creator":"@Pag10com","twitter_site":"@Pag10com","twitter_misc":{"Escrito por":"P\u00e1gina 10","Tiempo de lectura":"2 minutos"},"schema":{"@context":"https:\/\/schema.org","@graph":[{"@type":"Article","@id":"https:\/\/pagina10.com\/web\/avanza-fortalecimiento-del-sector-cafetero-y-panelero-en-narino\/#article","isPartOf":{"@id":"https:\/\/pagina10.com\/web\/avanza-fortalecimiento-del-sector-cafetero-y-panelero-en-narino\/"},"author":{"name":"P\u00e1gina 10","@id":"https:\/\/pagina10.com\/web\/#\/schema\/person\/2efc4a090d25b667d3bc796798a3a81b"},"headline":"Avanza fortalecimiento del sector cafetero y panelero en Nari\u00f1o","datePublished":"2021-10-27T16:27:49+00:00","mainEntityOfPage":{"@id":"https:\/\/pagina10.com\/web\/avanza-fortalecimiento-del-sector-cafetero-y-panelero-en-narino\/"},"wordCount":463,"commentCount":0,"publisher":{"@id":"https:\/\/pagina10.com\/web\/#organization"},"image":{"@id":"https:\/\/pagina10.com\/web\/avanza-fortalecimiento-del-sector-cafetero-y-panelero-en-narino\/#primaryimage"},"thumbnailUrl":"https:\/\/pagina10.com\/web\/wp-content\/uploads\/2021\/10\/Captura-de-Pantalla-2021-10-27-a-las-11.27.15-a.-m..png","articleSection":["Econom\u00eda"],"inLanguage":"es","potentialAction":[{"@type":"CommentAction","name":"Comment","target":["https:\/\/pagina10.com\/web\/avanza-fortalecimiento-del-sector-cafetero-y-panelero-en-narino\/#respond"]}]},{"@type":"WebPage","@id":"https:\/\/pagina10.com\/web\/avanza-fortalecimiento-del-sector-cafetero-y-panelero-en-narino\/","url":"https:\/\/pagina10.com\/web\/avanza-fortalecimiento-del-sector-cafetero-y-panelero-en-narino\/","name":"Avanza fortalecimiento del sector cafetero y panelero en Nari\u00f1o | P\u00e1gina10","isPartOf":{"@id":"https:\/\/pagina10.com\/web\/#website"},"primaryImageOfPage":{"@id":"https:\/\/pagina10.com\/web\/avanza-fortalecimiento-del-sector-cafetero-y-panelero-en-narino\/#primaryimage"},"image":{"@id":"https:\/\/pagina10.com\/web\/avanza-fortalecimiento-del-sector-cafetero-y-panelero-en-narino\/#primaryimage"},"thumbnailUrl":"https:\/\/pagina10.com\/web\/wp-content\/uploads\/2021\/10\/Captura-de-Pantalla-2021-10-27-a-las-11.27.15-a.-m..png","datePublished":"2021-10-27T16:27:49+00:00","breadcrumb":{"@id":"https:\/\/pagina10.com\/web\/avanza-fortalecimiento-del-sector-cafetero-y-panelero-en-narino\/#breadcrumb"},"inLanguage":"es","potentialAction":[{"@type":"ReadAction","target":["https:\/\/pagina10.com\/web\/avanza-fortalecimiento-del-sector-cafetero-y-panelero-en-narino\/"]}]},{"@type":"ImageObject","inLanguage":"es","@id":"https:\/\/pagina10.com\/web\/avanza-fortalecimiento-del-sector-cafetero-y-panelero-en-narino\/#primaryimage","url":"https:\/\/pagina10.com\/web\/wp-content\/uploads\/2021\/10\/Captura-de-Pantalla-2021-10-27-a-las-11.27.15-a.-m..png","contentUrl":"https:\/\/pagina10.com\/web\/wp-content\/uploads\/2021\/10\/Captura-de-Pantalla-2021-10-27-a-las-11.27.15-a.-m..png","width":400,"height":299},{"@type":"BreadcrumbList","@id":"https:\/\/pagina10.com\/web\/avanza-fortalecimiento-del-sector-cafetero-y-panelero-en-narino\/#breadcrumb","itemListElement":[{"@type":"ListItem","position":1,"name":"Portada","item":"https:\/\/pagina10.com\/web\/"},{"@type":"ListItem","position":2,"name":"Avanza fortalecimiento del sector cafetero y panelero en Nari\u00f1o"}]},{"@type":"WebSite","@id":"https:\/\/pagina10.com\/web\/#website","url":"https:\/\/pagina10.com\/web\/","name":"P\u00e1gina10","description":"Peri\u00f3dico Regional","publisher":{"@id":"https:\/\/pagina10.com\/web\/#organization"},"alternateName":"P\u00e1gina10 Peri\u00f3dico Regional","potentialAction":[{"@type":"SearchAction","target":{"@type":"EntryPoint","urlTemplate":"https:\/\/pagina10.com\/web\/?s={search_term_string}"},"query-input":{"@type":"PropertyValueSpecification","valueRequired":true,"valueName":"search_term_string"}}],"inLanguage":"es"},{"@type":"Organization","@id":"https:\/\/pagina10.com\/web\/#organization","name":"P\u00e1gina10","alternateName":"P\u00e1gina10 Peri\u00f3dico Regional","url":"https:\/\/pagina10.com\/web\/","logo":{"@type":"ImageObject","inLanguage":"es","@id":"https:\/\/pagina10.com\/web\/#\/schema\/logo\/image\/","url":"https:\/\/pagina10.com\/web\/wp-content\/uploads\/2024\/01\/40-pagina-10-periodico-regional-pasto.jpg","contentUrl":"https:\/\/pagina10.com\/web\/wp-content\/uploads\/2024\/01\/40-pagina-10-periodico-regional-pasto.jpg","width":1280,"height":720,"caption":"P\u00e1gina10"},"image":{"@id":"https:\/\/pagina10.com\/web\/#\/schema\/logo\/image\/"},"sameAs":["https:\/\/www.facebook.com\/pag10com","https:\/\/x.com\/Pag10com","https:\/\/www.instagram.com\/pagina10col\/","https:\/\/youtube.com\/channel\/pag10","https:\/\/www.tiktok.com\/@p10col"]},{"@type":"Person","@id":"https:\/\/pagina10.com\/web\/#\/schema\/person\/2efc4a090d25b667d3bc796798a3a81b","name":"P\u00e1gina 10","description":"P\u00e1gina 10 es un peri\u00f3dico regional que nace en Colombia, en el departamento de Nari\u00f1o, con un enfoque global, fundamentado en cuatro pilares esenciales: la libertad, el pluralismo, la inclusi\u00f3n y la independencia. P\u00e1gina 10 hace referencia a Nari\u00f1o como el d\u00e9cimo departamento creado en Colombia, despu\u00e9s de un proceso pol\u00edtico liderado por actores y actrices regionales con el fin de obtener la independencia y autonom\u00eda de nuestros territorios. Con la creaci\u00f3n de P\u00e1gina 10 se pretende abrir un escenario para el dialogo, la reflexi\u00f3n y el debate que se extienda a otras geograf\u00edas de Am\u00e9rica Latina y del planeta, en una apuesta por transformar colectivamente los desaf\u00edos de un mundo contempor\u00e1neo, m\u00e1s all\u00e1 de las fronteras impuestas.","url":"https:\/\/pagina10.com\/web\/author\/pdiezadmin\/"}]}},"_links":{"self":[{"href":"https:\/\/pagina10.com\/web\/wp-json\/wp\/v2\/posts\/56324","targetHints":{"allow":["GET"]}}],"collection":[{"href":"https:\/\/pagina10.com\/web\/wp-json\/wp\/v2\/posts"}],"about":[{"href":"https:\/\/pagina10.com\/web\/wp-json\/wp\/v2\/types\/post"}],"author":[{"embeddable":true,"href":"https:\/\/pagina10.com\/web\/wp-json\/wp\/v2\/users\/1"}],"replies":[{"embeddable":true,"href":"https:\/\/pagina10.com\/web\/wp-json\/wp\/v2\/comments?post=56324"}],"version-history":[{"count":1,"href":"https:\/\/pagina10.com\/web\/wp-json\/wp\/v2\/posts\/56324\/revisions"}],"predecessor-version":[{"id":56326,"href":"https:\/\/pagina10.com\/web\/wp-json\/wp\/v2\/posts\/56324\/revisions\/56326"}],"wp:featuredmedia":[{"embeddable":true,"href":"https:\/\/pagina10.com\/web\/wp-json\/wp\/v2\/media\/56325"}],"wp:attachment":[{"href":"https:\/\/pagina10.com\/web\/wp-json\/wp\/v2\/media?parent=56324"}],"wp:term":[{"taxonomy":"category","embeddable":true,"href":"https:\/\/pagina10.com\/web\/wp-json\/wp\/v2\/categories?post=56324"},{"taxonomy":"post_tag","embeddable":true,"href":"https:\/\/pagina10.com\/web\/wp-json\/wp\/v2\/tags?post=56324"}],"curies":[{"name":"wp","href":"https:\/\/api.w.org\/{rel}","templated":true}]}}