{"id":56333,"date":"2021-10-27T17:03:43","date_gmt":"2021-10-27T22:03:43","guid":{"rendered":"https:\/\/pagina10.com\/web\/?p=56333"},"modified":"2021-10-27T17:03:43","modified_gmt":"2021-10-27T22:03:43","slug":"en-pasto-cierran-dos-establecimientos-comerciales-y-se-imponen-185-comparendos","status":"publish","type":"post","link":"https:\/\/pagina10.com\/web\/en-pasto-cierran-dos-establecimientos-comerciales-y-se-imponen-185-comparendos\/","title":{"rendered":"En Pasto, cierran dos establecimientos comerciales y se imponen 185 comparendos"},"content":{"rendered":"<p style=\"text-align: justify;\">La Alcald\u00eda de Pasto en articulaci\u00f3n con el Ej\u00e9rcito Nacional y la Polic\u00eda Nacional adelantaron este fin de semana operativos nocturnos, para avanzar en acciones que garanticen la seguridad de los pastusos, la sana convivencia y el disfrute.<\/p>\n<p style=\"text-align: justify;\">Las Secretar\u00edas de Gobierno, Tr\u00e1nsito y Transporte Municipal y la Direcci\u00f3n Administrativa de Espacio P\u00fablico realizaron intervenciones en diferentes puntos de Pasto, entre ellos los parques Rumipamba, Infantil y Santiago<\/p>\n<p style=\"text-align: justify;\">De la misma forma, se desarrollaron controles a establecimientos dedicados a la diversi\u00f3n y el entretenimiento en los sectores de Chapal, Avenida Panamericana y el corregimiento de Genoy, en los que se revisaron las condiciones de seguridad y el cumplimiento de la normatividad vigente.<\/p>\n<p style=\"text-align: justify;\">El subsecretario de Convivencia y Derechos Humanos, Yessid Guerrero, coment\u00f3 que durante este fin de semana se verific\u00f3 el cumplimiento del Decreto 0337 del 7 de octubre de 2020 que previene la presencia de menores de edad en establecimientos nocturnos; as\u00ed mismo, se efectu\u00f3 el cierre preventivo en dos de estos sitios por falta de documentaci\u00f3n y se realizaron las recomendaciones pertinentes en bares y gastrobares.<\/p>\n<p style=\"text-align: justify;\">Por otra parte, en la verificaci\u00f3n al Decreto 321 de 2021 que restringe el tr\u00e1nsito de motocicletas en el horario que comprende entre las 11 de la noche y las 4 de la ma\u00f1ana, se generaron 82 inmovilizaciones y se impusieron 185 comparendos por diferentes infracciones.<\/p>\n<p style=\"text-align: justify;\">El comandante de la Subestaci\u00f3n de Polic\u00eda de Genoy, Winier Arley L\u00f3pez, concluy\u00f3 que estos dispositivos se efect\u00faan en aras de brindar condiciones de seguridad, prevenir actos vand\u00e1licos que puedan poner en riesgo la vida de los pobladores en el municipio.<\/p>\n","protected":false},"excerpt":{"rendered":"<p>La Alcald\u00eda de Pasto en articulaci\u00f3n con el Ej\u00e9rcito Nacional y la Polic\u00eda Nacional adelantaron este fin de semana operativos nocturnos, para avanzar en acciones que garanticen la seguridad de los pastusos, la sana convivencia y el disfrute. Las Secretar\u00edas de Gobierno, Tr\u00e1nsito y Transporte Municipal y la Direcci\u00f3n Administrativa de Espacio P\u00fablico realizaron intervenciones [&hellip;]<\/p>\n","protected":false},"author":1,"featured_media":56334,"comment_status":"open","ping_status":"open","sticky":false,"template":"","format":"standard","meta":{"footnotes":""},"categories":[82],"tags":[],"class_list":["post-56333","post","type-post","status-publish","format-standard","has-post-thumbnail","hentry","category-ciudad-2"],"yoast_head":"<!-- This site is optimized with the Yoast SEO plugin v27.1.1 - https:\/\/yoast.com\/product\/yoast-seo-wordpress\/ -->\n<title>En Pasto, cierran dos establecimientos comerciales y se imponen 185 comparendos | P\u00e1gina10<\/title>\n<meta name=\"robots\" content=\"index, follow, max-snippet:-1, max-image-preview:large, max-video-preview:-1\" \/>\n<link rel=\"canonical\" href=\"https:\/\/pagina10.com\/web\/en-pasto-cierran-dos-establecimientos-comerciales-y-se-imponen-185-comparendos\/\" \/>\n<meta property=\"og:locale\" content=\"es_ES\" \/>\n<meta property=\"og:type\" content=\"article\" \/>\n<meta property=\"og:title\" content=\"En Pasto, cierran dos establecimientos comerciales y se imponen 185 comparendos | P\u00e1gina10\" \/>\n<meta property=\"og:description\" content=\"La Alcald\u00eda de Pasto en articulaci\u00f3n con el Ej\u00e9rcito Nacional y la Polic\u00eda Nacional adelantaron este fin de semana operativos nocturnos, para avanzar en acciones que garanticen la seguridad de los pastusos, la sana convivencia y el disfrute. Las Secretar\u00edas de Gobierno, Tr\u00e1nsito y Transporte Municipal y la Direcci\u00f3n Administrativa de Espacio P\u00fablico realizaron intervenciones [&hellip;]\" \/>\n<meta property=\"og:url\" content=\"https:\/\/pagina10.com\/web\/en-pasto-cierran-dos-establecimientos-comerciales-y-se-imponen-185-comparendos\/\" \/>\n<meta property=\"og:site_name\" content=\"P\u00e1gina10\" \/>\n<meta property=\"article:publisher\" content=\"https:\/\/www.facebook.com\/pag10com\" \/>\n<meta property=\"article:published_time\" content=\"2021-10-27T22:03:43+00:00\" \/>\n<meta property=\"og:image\" content=\"https:\/\/pagina10.com\/web\/wp-content\/uploads\/2021\/10\/WhatsApp-Image-2021-10-26-at-6.20.11-PM.jpeg\" \/>\n\t<meta property=\"og:image:width\" content=\"1280\" \/>\n\t<meta property=\"og:image:height\" content=\"719\" \/>\n\t<meta property=\"og:image:type\" content=\"image\/jpeg\" \/>\n<meta name=\"author\" content=\"P\u00e1gina 10\" \/>\n<meta name=\"twitter:card\" content=\"summary_large_image\" \/>\n<meta name=\"twitter:creator\" content=\"@Pag10com\" \/>\n<meta name=\"twitter:site\" content=\"@Pag10com\" \/>\n<meta name=\"twitter:label1\" content=\"Escrito por\" \/>\n\t<meta name=\"twitter:data1\" content=\"P\u00e1gina 10\" \/>\n\t<meta name=\"twitter:label2\" content=\"Tiempo de lectura\" \/>\n\t<meta name=\"twitter:data2\" content=\"1 minuto\" \/>\n<script type=\"application\/ld+json\" class=\"yoast-schema-graph\">{\"@context\":\"https:\/\/schema.org\",\"@graph\":[{\"@type\":\"Article\",\"@id\":\"https:\/\/pagina10.com\/web\/en-pasto-cierran-dos-establecimientos-comerciales-y-se-imponen-185-comparendos\/#article\",\"isPartOf\":{\"@id\":\"https:\/\/pagina10.com\/web\/en-pasto-cierran-dos-establecimientos-comerciales-y-se-imponen-185-comparendos\/\"},\"author\":{\"name\":\"P\u00e1gina 10\",\"@id\":\"https:\/\/pagina10.com\/web\/#\/schema\/person\/2efc4a090d25b667d3bc796798a3a81b\"},\"headline\":\"En Pasto, cierran dos establecimientos comerciales y se imponen 185 comparendos\",\"datePublished\":\"2021-10-27T22:03:43+00:00\",\"mainEntityOfPage\":{\"@id\":\"https:\/\/pagina10.com\/web\/en-pasto-cierran-dos-establecimientos-comerciales-y-se-imponen-185-comparendos\/\"},\"wordCount\":284,\"commentCount\":0,\"publisher\":{\"@id\":\"https:\/\/pagina10.com\/web\/#organization\"},\"image\":{\"@id\":\"https:\/\/pagina10.com\/web\/en-pasto-cierran-dos-establecimientos-comerciales-y-se-imponen-185-comparendos\/#primaryimage\"},\"thumbnailUrl\":\"https:\/\/pagina10.com\/web\/wp-content\/uploads\/2021\/10\/WhatsApp-Image-2021-10-26-at-6.20.11-PM.jpeg\",\"articleSection\":[\"Ciudad\"],\"inLanguage\":\"es\",\"potentialAction\":[{\"@type\":\"CommentAction\",\"name\":\"Comment\",\"target\":[\"https:\/\/pagina10.com\/web\/en-pasto-cierran-dos-establecimientos-comerciales-y-se-imponen-185-comparendos\/#respond\"]}]},{\"@type\":\"WebPage\",\"@id\":\"https:\/\/pagina10.com\/web\/en-pasto-cierran-dos-establecimientos-comerciales-y-se-imponen-185-comparendos\/\",\"url\":\"https:\/\/pagina10.com\/web\/en-pasto-cierran-dos-establecimientos-comerciales-y-se-imponen-185-comparendos\/\",\"name\":\"En Pasto, cierran dos establecimientos comerciales y se imponen 185 comparendos | P\u00e1gina10\",\"isPartOf\":{\"@id\":\"https:\/\/pagina10.com\/web\/#website\"},\"primaryImageOfPage\":{\"@id\":\"https:\/\/pagina10.com\/web\/en-pasto-cierran-dos-establecimientos-comerciales-y-se-imponen-185-comparendos\/#primaryimage\"},\"image\":{\"@id\":\"https:\/\/pagina10.com\/web\/en-pasto-cierran-dos-establecimientos-comerciales-y-se-imponen-185-comparendos\/#primaryimage\"},\"thumbnailUrl\":\"https:\/\/pagina10.com\/web\/wp-content\/uploads\/2021\/10\/WhatsApp-Image-2021-10-26-at-6.20.11-PM.jpeg\",\"datePublished\":\"2021-10-27T22:03:43+00:00\",\"breadcrumb\":{\"@id\":\"https:\/\/pagina10.com\/web\/en-pasto-cierran-dos-establecimientos-comerciales-y-se-imponen-185-comparendos\/#breadcrumb\"},\"inLanguage\":\"es\",\"potentialAction\":[{\"@type\":\"ReadAction\",\"target\":[\"https:\/\/pagina10.com\/web\/en-pasto-cierran-dos-establecimientos-comerciales-y-se-imponen-185-comparendos\/\"]}]},{\"@type\":\"ImageObject\",\"inLanguage\":\"es\",\"@id\":\"https:\/\/pagina10.com\/web\/en-pasto-cierran-dos-establecimientos-comerciales-y-se-imponen-185-comparendos\/#primaryimage\",\"url\":\"https:\/\/pagina10.com\/web\/wp-content\/uploads\/2021\/10\/WhatsApp-Image-2021-10-26-at-6.20.11-PM.jpeg\",\"contentUrl\":\"https:\/\/pagina10.com\/web\/wp-content\/uploads\/2021\/10\/WhatsApp-Image-2021-10-26-at-6.20.11-PM.jpeg\",\"width\":1280,\"height\":719},{\"@type\":\"BreadcrumbList\",\"@id\":\"https:\/\/pagina10.com\/web\/en-pasto-cierran-dos-establecimientos-comerciales-y-se-imponen-185-comparendos\/#breadcrumb\",\"itemListElement\":[{\"@type\":\"ListItem\",\"position\":1,\"name\":\"Portada\",\"item\":\"https:\/\/pagina10.com\/web\/\"},{\"@type\":\"ListItem\",\"position\":2,\"name\":\"En Pasto, cierran dos establecimientos comerciales y se imponen 185 comparendos\"}]},{\"@type\":\"WebSite\",\"@id\":\"https:\/\/pagina10.com\/web\/#website\",\"url\":\"https:\/\/pagina10.com\/web\/\",\"name\":\"P\u00e1gina10\",\"description\":\"Peri\u00f3dico Regional\",\"publisher\":{\"@id\":\"https:\/\/pagina10.com\/web\/#organization\"},\"alternateName\":\"P\u00e1gina10 Peri\u00f3dico Regional\",\"potentialAction\":[{\"@type\":\"SearchAction\",\"target\":{\"@type\":\"EntryPoint\",\"urlTemplate\":\"https:\/\/pagina10.com\/web\/?s={search_term_string}\"},\"query-input\":{\"@type\":\"PropertyValueSpecification\",\"valueRequired\":true,\"valueName\":\"search_term_string\"}}],\"inLanguage\":\"es\"},{\"@type\":\"Organization\",\"@id\":\"https:\/\/pagina10.com\/web\/#organization\",\"name\":\"P\u00e1gina10\",\"alternateName\":\"P\u00e1gina10 Peri\u00f3dico Regional\",\"url\":\"https:\/\/pagina10.com\/web\/\",\"logo\":{\"@type\":\"ImageObject\",\"inLanguage\":\"es\",\"@id\":\"https:\/\/pagina10.com\/web\/#\/schema\/logo\/image\/\",\"url\":\"https:\/\/pagina10.com\/web\/wp-content\/uploads\/2024\/01\/40-pagina-10-periodico-regional-pasto.jpg\",\"contentUrl\":\"https:\/\/pagina10.com\/web\/wp-content\/uploads\/2024\/01\/40-pagina-10-periodico-regional-pasto.jpg\",\"width\":1280,\"height\":720,\"caption\":\"P\u00e1gina10\"},\"image\":{\"@id\":\"https:\/\/pagina10.com\/web\/#\/schema\/logo\/image\/\"},\"sameAs\":[\"https:\/\/www.facebook.com\/pag10com\",\"https:\/\/x.com\/Pag10com\",\"https:\/\/www.instagram.com\/pagina10col\/\",\"https:\/\/youtube.com\/channel\/pag10\",\"https:\/\/www.tiktok.com\/@p10col\"]},{\"@type\":\"Person\",\"@id\":\"https:\/\/pagina10.com\/web\/#\/schema\/person\/2efc4a090d25b667d3bc796798a3a81b\",\"name\":\"P\u00e1gina 10\",\"description\":\"P\u00e1gina 10 es un peri\u00f3dico regional que nace en Colombia, en el departamento de Nari\u00f1o, con un enfoque global, fundamentado en cuatro pilares esenciales: la libertad, el pluralismo, la inclusi\u00f3n y la independencia. P\u00e1gina 10 hace referencia a Nari\u00f1o como el d\u00e9cimo departamento creado en Colombia, despu\u00e9s de un proceso pol\u00edtico liderado por actores y actrices regionales con el fin de obtener la independencia y autonom\u00eda de nuestros territorios. Con la creaci\u00f3n de P\u00e1gina 10 se pretende abrir un escenario para el dialogo, la reflexi\u00f3n y el debate que se extienda a otras geograf\u00edas de Am\u00e9rica Latina y del planeta, en una apuesta por transformar colectivamente los desaf\u00edos de un mundo contempor\u00e1neo, m\u00e1s all\u00e1 de las fronteras impuestas.\",\"url\":\"https:\/\/pagina10.com\/web\/author\/pdiezadmin\/\"}]}<\/script>\n<!-- \/ Yoast SEO plugin. -->","yoast_head_json":{"title":"En Pasto, cierran dos establecimientos comerciales y se imponen 185 comparendos | P\u00e1gina10","robots":{"index":"index","follow":"follow","max-snippet":"max-snippet:-1","max-image-preview":"max-image-preview:large","max-video-preview":"max-video-preview:-1"},"canonical":"https:\/\/pagina10.com\/web\/en-pasto-cierran-dos-establecimientos-comerciales-y-se-imponen-185-comparendos\/","og_locale":"es_ES","og_type":"article","og_title":"En Pasto, cierran dos establecimientos comerciales y se imponen 185 comparendos | P\u00e1gina10","og_description":"La Alcald\u00eda de Pasto en articulaci\u00f3n con el Ej\u00e9rcito Nacional y la Polic\u00eda Nacional adelantaron este fin de semana operativos nocturnos, para avanzar en acciones que garanticen la seguridad de los pastusos, la sana convivencia y el disfrute. Las Secretar\u00edas de Gobierno, Tr\u00e1nsito y Transporte Municipal y la Direcci\u00f3n Administrativa de Espacio P\u00fablico realizaron intervenciones [&hellip;]","og_url":"https:\/\/pagina10.com\/web\/en-pasto-cierran-dos-establecimientos-comerciales-y-se-imponen-185-comparendos\/","og_site_name":"P\u00e1gina10","article_publisher":"https:\/\/www.facebook.com\/pag10com","article_published_time":"2021-10-27T22:03:43+00:00","og_image":[{"width":1280,"height":719,"url":"https:\/\/pagina10.com\/web\/wp-content\/uploads\/2021\/10\/WhatsApp-Image-2021-10-26-at-6.20.11-PM.jpeg","type":"image\/jpeg"}],"author":"P\u00e1gina 10","twitter_card":"summary_large_image","twitter_creator":"@Pag10com","twitter_site":"@Pag10com","twitter_misc":{"Escrito por":"P\u00e1gina 10","Tiempo de lectura":"1 minuto"},"schema":{"@context":"https:\/\/schema.org","@graph":[{"@type":"Article","@id":"https:\/\/pagina10.com\/web\/en-pasto-cierran-dos-establecimientos-comerciales-y-se-imponen-185-comparendos\/#article","isPartOf":{"@id":"https:\/\/pagina10.com\/web\/en-pasto-cierran-dos-establecimientos-comerciales-y-se-imponen-185-comparendos\/"},"author":{"name":"P\u00e1gina 10","@id":"https:\/\/pagina10.com\/web\/#\/schema\/person\/2efc4a090d25b667d3bc796798a3a81b"},"headline":"En Pasto, cierran dos establecimientos comerciales y se imponen 185 comparendos","datePublished":"2021-10-27T22:03:43+00:00","mainEntityOfPage":{"@id":"https:\/\/pagina10.com\/web\/en-pasto-cierran-dos-establecimientos-comerciales-y-se-imponen-185-comparendos\/"},"wordCount":284,"commentCount":0,"publisher":{"@id":"https:\/\/pagina10.com\/web\/#organization"},"image":{"@id":"https:\/\/pagina10.com\/web\/en-pasto-cierran-dos-establecimientos-comerciales-y-se-imponen-185-comparendos\/#primaryimage"},"thumbnailUrl":"https:\/\/pagina10.com\/web\/wp-content\/uploads\/2021\/10\/WhatsApp-Image-2021-10-26-at-6.20.11-PM.jpeg","articleSection":["Ciudad"],"inLanguage":"es","potentialAction":[{"@type":"CommentAction","name":"Comment","target":["https:\/\/pagina10.com\/web\/en-pasto-cierran-dos-establecimientos-comerciales-y-se-imponen-185-comparendos\/#respond"]}]},{"@type":"WebPage","@id":"https:\/\/pagina10.com\/web\/en-pasto-cierran-dos-establecimientos-comerciales-y-se-imponen-185-comparendos\/","url":"https:\/\/pagina10.com\/web\/en-pasto-cierran-dos-establecimientos-comerciales-y-se-imponen-185-comparendos\/","name":"En Pasto, cierran dos establecimientos comerciales y se imponen 185 comparendos | P\u00e1gina10","isPartOf":{"@id":"https:\/\/pagina10.com\/web\/#website"},"primaryImageOfPage":{"@id":"https:\/\/pagina10.com\/web\/en-pasto-cierran-dos-establecimientos-comerciales-y-se-imponen-185-comparendos\/#primaryimage"},"image":{"@id":"https:\/\/pagina10.com\/web\/en-pasto-cierran-dos-establecimientos-comerciales-y-se-imponen-185-comparendos\/#primaryimage"},"thumbnailUrl":"https:\/\/pagina10.com\/web\/wp-content\/uploads\/2021\/10\/WhatsApp-Image-2021-10-26-at-6.20.11-PM.jpeg","datePublished":"2021-10-27T22:03:43+00:00","breadcrumb":{"@id":"https:\/\/pagina10.com\/web\/en-pasto-cierran-dos-establecimientos-comerciales-y-se-imponen-185-comparendos\/#breadcrumb"},"inLanguage":"es","potentialAction":[{"@type":"ReadAction","target":["https:\/\/pagina10.com\/web\/en-pasto-cierran-dos-establecimientos-comerciales-y-se-imponen-185-comparendos\/"]}]},{"@type":"ImageObject","inLanguage":"es","@id":"https:\/\/pagina10.com\/web\/en-pasto-cierran-dos-establecimientos-comerciales-y-se-imponen-185-comparendos\/#primaryimage","url":"https:\/\/pagina10.com\/web\/wp-content\/uploads\/2021\/10\/WhatsApp-Image-2021-10-26-at-6.20.11-PM.jpeg","contentUrl":"https:\/\/pagina10.com\/web\/wp-content\/uploads\/2021\/10\/WhatsApp-Image-2021-10-26-at-6.20.11-PM.jpeg","width":1280,"height":719},{"@type":"BreadcrumbList","@id":"https:\/\/pagina10.com\/web\/en-pasto-cierran-dos-establecimientos-comerciales-y-se-imponen-185-comparendos\/#breadcrumb","itemListElement":[{"@type":"ListItem","position":1,"name":"Portada","item":"https:\/\/pagina10.com\/web\/"},{"@type":"ListItem","position":2,"name":"En Pasto, cierran dos establecimientos comerciales y se imponen 185 comparendos"}]},{"@type":"WebSite","@id":"https:\/\/pagina10.com\/web\/#website","url":"https:\/\/pagina10.com\/web\/","name":"P\u00e1gina10","description":"Peri\u00f3dico Regional","publisher":{"@id":"https:\/\/pagina10.com\/web\/#organization"},"alternateName":"P\u00e1gina10 Peri\u00f3dico Regional","potentialAction":[{"@type":"SearchAction","target":{"@type":"EntryPoint","urlTemplate":"https:\/\/pagina10.com\/web\/?s={search_term_string}"},"query-input":{"@type":"PropertyValueSpecification","valueRequired":true,"valueName":"search_term_string"}}],"inLanguage":"es"},{"@type":"Organization","@id":"https:\/\/pagina10.com\/web\/#organization","name":"P\u00e1gina10","alternateName":"P\u00e1gina10 Peri\u00f3dico Regional","url":"https:\/\/pagina10.com\/web\/","logo":{"@type":"ImageObject","inLanguage":"es","@id":"https:\/\/pagina10.com\/web\/#\/schema\/logo\/image\/","url":"https:\/\/pagina10.com\/web\/wp-content\/uploads\/2024\/01\/40-pagina-10-periodico-regional-pasto.jpg","contentUrl":"https:\/\/pagina10.com\/web\/wp-content\/uploads\/2024\/01\/40-pagina-10-periodico-regional-pasto.jpg","width":1280,"height":720,"caption":"P\u00e1gina10"},"image":{"@id":"https:\/\/pagina10.com\/web\/#\/schema\/logo\/image\/"},"sameAs":["https:\/\/www.facebook.com\/pag10com","https:\/\/x.com\/Pag10com","https:\/\/www.instagram.com\/pagina10col\/","https:\/\/youtube.com\/channel\/pag10","https:\/\/www.tiktok.com\/@p10col"]},{"@type":"Person","@id":"https:\/\/pagina10.com\/web\/#\/schema\/person\/2efc4a090d25b667d3bc796798a3a81b","name":"P\u00e1gina 10","description":"P\u00e1gina 10 es un peri\u00f3dico regional que nace en Colombia, en el departamento de Nari\u00f1o, con un enfoque global, fundamentado en cuatro pilares esenciales: la libertad, el pluralismo, la inclusi\u00f3n y la independencia. P\u00e1gina 10 hace referencia a Nari\u00f1o como el d\u00e9cimo departamento creado en Colombia, despu\u00e9s de un proceso pol\u00edtico liderado por actores y actrices regionales con el fin de obtener la independencia y autonom\u00eda de nuestros territorios. Con la creaci\u00f3n de P\u00e1gina 10 se pretende abrir un escenario para el dialogo, la reflexi\u00f3n y el debate que se extienda a otras geograf\u00edas de Am\u00e9rica Latina y del planeta, en una apuesta por transformar colectivamente los desaf\u00edos de un mundo contempor\u00e1neo, m\u00e1s all\u00e1 de las fronteras impuestas.","url":"https:\/\/pagina10.com\/web\/author\/pdiezadmin\/"}]}},"_links":{"self":[{"href":"https:\/\/pagina10.com\/web\/wp-json\/wp\/v2\/posts\/56333","targetHints":{"allow":["GET"]}}],"collection":[{"href":"https:\/\/pagina10.com\/web\/wp-json\/wp\/v2\/posts"}],"about":[{"href":"https:\/\/pagina10.com\/web\/wp-json\/wp\/v2\/types\/post"}],"author":[{"embeddable":true,"href":"https:\/\/pagina10.com\/web\/wp-json\/wp\/v2\/users\/1"}],"replies":[{"embeddable":true,"href":"https:\/\/pagina10.com\/web\/wp-json\/wp\/v2\/comments?post=56333"}],"version-history":[{"count":1,"href":"https:\/\/pagina10.com\/web\/wp-json\/wp\/v2\/posts\/56333\/revisions"}],"predecessor-version":[{"id":56335,"href":"https:\/\/pagina10.com\/web\/wp-json\/wp\/v2\/posts\/56333\/revisions\/56335"}],"wp:featuredmedia":[{"embeddable":true,"href":"https:\/\/pagina10.com\/web\/wp-json\/wp\/v2\/media\/56334"}],"wp:attachment":[{"href":"https:\/\/pagina10.com\/web\/wp-json\/wp\/v2\/media?parent=56333"}],"wp:term":[{"taxonomy":"category","embeddable":true,"href":"https:\/\/pagina10.com\/web\/wp-json\/wp\/v2\/categories?post=56333"},{"taxonomy":"post_tag","embeddable":true,"href":"https:\/\/pagina10.com\/web\/wp-json\/wp\/v2\/tags?post=56333"}],"curies":[{"name":"wp","href":"https:\/\/api.w.org\/{rel}","templated":true}]}}