{"id":56350,"date":"2021-10-28T15:46:37","date_gmt":"2021-10-28T20:46:37","guid":{"rendered":"https:\/\/pagina10.com\/web\/?p=56350"},"modified":"2021-10-28T15:46:37","modified_gmt":"2021-10-28T20:46:37","slug":"emprendedores-de-tres-instituciones-educativas-premiados-en-la-feria-wichay","status":"publish","type":"post","link":"https:\/\/pagina10.com\/web\/emprendedores-de-tres-instituciones-educativas-premiados-en-la-feria-wichay\/","title":{"rendered":"Emprendedores de tres instituciones educativas, premiados en la Feria WICHAY"},"content":{"rendered":"<p style=\"text-align: justify;\">La Feria \u2018WICHAY, emprendimiento para la educaci\u00f3n media\u2019, se constituy\u00f3 en el escenario ideal para que los j\u00f3venes de Nari\u00f1o, que avanzan en su proceso de formaci\u00f3n acad\u00e9mica de grado d\u00e9cimo y once, promovieron sus ideas y procesos desde la innovaci\u00f3n y el emprendimiento vinculados al desarrollo comercial y social.<\/p>\n<p>El proyecto liderado por el programa de Mercadeo de la Universidad Mariana y apoyado por la Gobernaci\u00f3n de Nari\u00f1o, a trav\u00e9s de la Secretaria de Equidad de G\u00e9nero e Inclusi\u00f3n Social -SEGIS, entre otras organizaciones, permiti\u00f3 la inscripci\u00f3n en su primera etapa de m\u00e1s de 50 emprendimientos; en la fase presencial, hicieron parte 15 instituciones educativas de los municipios de Pasto, C\u00f3rdoba y Gualmat\u00e1n.<\/p>\n<p>Las tres mejores experiencias dentro de las categor\u00edas fueron premiadas con incentivos econ\u00f3micos: La IEM Centro de Integraci\u00f3n Popular de Pasto (Proyecto JES), en la categor\u00eda Emprendimiento Verde, con su propuesta de fabricaci\u00f3n de jab\u00f3n a base de aceites de cocina; la IEM Pedag\u00f3gico de Pasto (Fundaci\u00f3n Arr\u00f3pame con Amor), en Emprendimiento Social, dedicado a la venta de ropa en buen estado para el apoyo de los estudiantes de escasos recursos de la instituci\u00f3n; finalmente, en la categor\u00eda Emprendimiento Comercial, la propuesta de rescate de las tradicionales Guaguas de Pan, del corregimiento de Obonuco, a trav\u00e9s de la IEM Obonuco.<\/p>\n<p>\u201cCada una de las ideas y procesos que gesten los j\u00f3venes de Mi Nari\u00f1o permiten procesos de reactivaci\u00f3n econ\u00f3mica y social. La idea es lograr estrategias para su apalancamiento. Para nosotros es muy grato compartir estas experiencias y presenciar c\u00f3mo los j\u00f3venes ponen todo el empe\u00f1o y dedicaci\u00f3n para evolucionar con sus emprendimientos. Esperamos que este sea el comienzo de empresas que llegar\u00e1n a ser exitosas en un futuro\u201d, indic\u00f3 la Secretaria SEGIS, Ver\u00f3nica Caicedo.<\/p>\n<p>De esta forma, se articulan esfuerzos entre la academia y el Gobierno Departamental para el fomento de las ideas de los j\u00f3venes. \u201cSe escogieron a trav\u00e9s de un proceso realizado por unos jurados, 15 proyectos significativos para nuestra muestra final, dando cuenta que el estudiante tiene la capacidad para crear empresa y desarrollar emprendimientos\u201d, manifest\u00f3 el Director del Programa de Mercadeo de la Universidad Mariana, Andr\u00e9s Fernando Andrade.<\/p>\n","protected":false},"excerpt":{"rendered":"<p>La Feria \u2018WICHAY, emprendimiento para la educaci\u00f3n media\u2019, se constituy\u00f3 en el escenario ideal para que los j\u00f3venes de Nari\u00f1o, que avanzan en su proceso de formaci\u00f3n acad\u00e9mica de grado d\u00e9cimo y once, promovieron sus ideas y procesos desde la innovaci\u00f3n y el emprendimiento vinculados al desarrollo comercial y social. El proyecto liderado por el [&hellip;]<\/p>\n","protected":false},"author":1,"featured_media":56351,"comment_status":"open","ping_status":"open","sticky":false,"template":"","format":"standard","meta":{"footnotes":""},"categories":[13],"tags":[],"class_list":["post-56350","post","type-post","status-publish","format-standard","has-post-thumbnail","hentry","category-economia"],"yoast_head":"<!-- This site is optimized with the Yoast SEO plugin v27.1.1 - https:\/\/yoast.com\/product\/yoast-seo-wordpress\/ -->\n<title>Emprendedores de tres instituciones educativas, premiados en la Feria WICHAY | P\u00e1gina10<\/title>\n<meta name=\"robots\" content=\"index, follow, max-snippet:-1, max-image-preview:large, max-video-preview:-1\" \/>\n<link rel=\"canonical\" href=\"https:\/\/pagina10.com\/web\/emprendedores-de-tres-instituciones-educativas-premiados-en-la-feria-wichay\/\" \/>\n<meta property=\"og:locale\" content=\"es_ES\" \/>\n<meta property=\"og:type\" content=\"article\" \/>\n<meta property=\"og:title\" content=\"Emprendedores de tres instituciones educativas, premiados en la Feria WICHAY | P\u00e1gina10\" \/>\n<meta property=\"og:description\" content=\"La Feria \u2018WICHAY, emprendimiento para la educaci\u00f3n media\u2019, se constituy\u00f3 en el escenario ideal para que los j\u00f3venes de Nari\u00f1o, que avanzan en su proceso de formaci\u00f3n acad\u00e9mica de grado d\u00e9cimo y once, promovieron sus ideas y procesos desde la innovaci\u00f3n y el emprendimiento vinculados al desarrollo comercial y social. El proyecto liderado por el [&hellip;]\" \/>\n<meta property=\"og:url\" content=\"https:\/\/pagina10.com\/web\/emprendedores-de-tres-instituciones-educativas-premiados-en-la-feria-wichay\/\" \/>\n<meta property=\"og:site_name\" content=\"P\u00e1gina10\" \/>\n<meta property=\"article:publisher\" content=\"https:\/\/www.facebook.com\/pag10com\" \/>\n<meta property=\"article:published_time\" content=\"2021-10-28T20:46:37+00:00\" \/>\n<meta property=\"og:image\" content=\"https:\/\/pagina10.com\/web\/wp-content\/uploads\/2021\/10\/Captura-de-Pantalla-2021-10-28-a-las-3.45.57-p.-m..png\" \/>\n\t<meta property=\"og:image:width\" content=\"493\" \/>\n\t<meta property=\"og:image:height\" content=\"298\" \/>\n\t<meta property=\"og:image:type\" content=\"image\/png\" \/>\n<meta name=\"author\" content=\"P\u00e1gina 10\" \/>\n<meta name=\"twitter:card\" content=\"summary_large_image\" \/>\n<meta name=\"twitter:creator\" content=\"@Pag10com\" \/>\n<meta name=\"twitter:site\" content=\"@Pag10com\" \/>\n<meta name=\"twitter:label1\" content=\"Escrito por\" \/>\n\t<meta name=\"twitter:data1\" content=\"P\u00e1gina 10\" \/>\n\t<meta name=\"twitter:label2\" content=\"Tiempo de lectura\" \/>\n\t<meta name=\"twitter:data2\" content=\"2 minutos\" \/>\n<script type=\"application\/ld+json\" class=\"yoast-schema-graph\">{\"@context\":\"https:\/\/schema.org\",\"@graph\":[{\"@type\":\"Article\",\"@id\":\"https:\/\/pagina10.com\/web\/emprendedores-de-tres-instituciones-educativas-premiados-en-la-feria-wichay\/#article\",\"isPartOf\":{\"@id\":\"https:\/\/pagina10.com\/web\/emprendedores-de-tres-instituciones-educativas-premiados-en-la-feria-wichay\/\"},\"author\":{\"name\":\"P\u00e1gina 10\",\"@id\":\"https:\/\/pagina10.com\/web\/#\/schema\/person\/2efc4a090d25b667d3bc796798a3a81b\"},\"headline\":\"Emprendedores de tres instituciones educativas, premiados en la Feria WICHAY\",\"datePublished\":\"2021-10-28T20:46:37+00:00\",\"mainEntityOfPage\":{\"@id\":\"https:\/\/pagina10.com\/web\/emprendedores-de-tres-instituciones-educativas-premiados-en-la-feria-wichay\/\"},\"wordCount\":405,\"commentCount\":0,\"publisher\":{\"@id\":\"https:\/\/pagina10.com\/web\/#organization\"},\"image\":{\"@id\":\"https:\/\/pagina10.com\/web\/emprendedores-de-tres-instituciones-educativas-premiados-en-la-feria-wichay\/#primaryimage\"},\"thumbnailUrl\":\"https:\/\/pagina10.com\/web\/wp-content\/uploads\/2021\/10\/Captura-de-Pantalla-2021-10-28-a-las-3.45.57-p.-m..png\",\"articleSection\":[\"Econom\u00eda\"],\"inLanguage\":\"es\",\"potentialAction\":[{\"@type\":\"CommentAction\",\"name\":\"Comment\",\"target\":[\"https:\/\/pagina10.com\/web\/emprendedores-de-tres-instituciones-educativas-premiados-en-la-feria-wichay\/#respond\"]}]},{\"@type\":\"WebPage\",\"@id\":\"https:\/\/pagina10.com\/web\/emprendedores-de-tres-instituciones-educativas-premiados-en-la-feria-wichay\/\",\"url\":\"https:\/\/pagina10.com\/web\/emprendedores-de-tres-instituciones-educativas-premiados-en-la-feria-wichay\/\",\"name\":\"Emprendedores de tres instituciones educativas, premiados en la Feria WICHAY | P\u00e1gina10\",\"isPartOf\":{\"@id\":\"https:\/\/pagina10.com\/web\/#website\"},\"primaryImageOfPage\":{\"@id\":\"https:\/\/pagina10.com\/web\/emprendedores-de-tres-instituciones-educativas-premiados-en-la-feria-wichay\/#primaryimage\"},\"image\":{\"@id\":\"https:\/\/pagina10.com\/web\/emprendedores-de-tres-instituciones-educativas-premiados-en-la-feria-wichay\/#primaryimage\"},\"thumbnailUrl\":\"https:\/\/pagina10.com\/web\/wp-content\/uploads\/2021\/10\/Captura-de-Pantalla-2021-10-28-a-las-3.45.57-p.-m..png\",\"datePublished\":\"2021-10-28T20:46:37+00:00\",\"breadcrumb\":{\"@id\":\"https:\/\/pagina10.com\/web\/emprendedores-de-tres-instituciones-educativas-premiados-en-la-feria-wichay\/#breadcrumb\"},\"inLanguage\":\"es\",\"potentialAction\":[{\"@type\":\"ReadAction\",\"target\":[\"https:\/\/pagina10.com\/web\/emprendedores-de-tres-instituciones-educativas-premiados-en-la-feria-wichay\/\"]}]},{\"@type\":\"ImageObject\",\"inLanguage\":\"es\",\"@id\":\"https:\/\/pagina10.com\/web\/emprendedores-de-tres-instituciones-educativas-premiados-en-la-feria-wichay\/#primaryimage\",\"url\":\"https:\/\/pagina10.com\/web\/wp-content\/uploads\/2021\/10\/Captura-de-Pantalla-2021-10-28-a-las-3.45.57-p.-m..png\",\"contentUrl\":\"https:\/\/pagina10.com\/web\/wp-content\/uploads\/2021\/10\/Captura-de-Pantalla-2021-10-28-a-las-3.45.57-p.-m..png\",\"width\":493,\"height\":298},{\"@type\":\"BreadcrumbList\",\"@id\":\"https:\/\/pagina10.com\/web\/emprendedores-de-tres-instituciones-educativas-premiados-en-la-feria-wichay\/#breadcrumb\",\"itemListElement\":[{\"@type\":\"ListItem\",\"position\":1,\"name\":\"Portada\",\"item\":\"https:\/\/pagina10.com\/web\/\"},{\"@type\":\"ListItem\",\"position\":2,\"name\":\"Emprendedores de tres instituciones educativas, premiados en la Feria WICHAY\"}]},{\"@type\":\"WebSite\",\"@id\":\"https:\/\/pagina10.com\/web\/#website\",\"url\":\"https:\/\/pagina10.com\/web\/\",\"name\":\"P\u00e1gina10\",\"description\":\"Peri\u00f3dico Regional\",\"publisher\":{\"@id\":\"https:\/\/pagina10.com\/web\/#organization\"},\"alternateName\":\"P\u00e1gina10 Peri\u00f3dico Regional\",\"potentialAction\":[{\"@type\":\"SearchAction\",\"target\":{\"@type\":\"EntryPoint\",\"urlTemplate\":\"https:\/\/pagina10.com\/web\/?s={search_term_string}\"},\"query-input\":{\"@type\":\"PropertyValueSpecification\",\"valueRequired\":true,\"valueName\":\"search_term_string\"}}],\"inLanguage\":\"es\"},{\"@type\":\"Organization\",\"@id\":\"https:\/\/pagina10.com\/web\/#organization\",\"name\":\"P\u00e1gina10\",\"alternateName\":\"P\u00e1gina10 Peri\u00f3dico Regional\",\"url\":\"https:\/\/pagina10.com\/web\/\",\"logo\":{\"@type\":\"ImageObject\",\"inLanguage\":\"es\",\"@id\":\"https:\/\/pagina10.com\/web\/#\/schema\/logo\/image\/\",\"url\":\"https:\/\/pagina10.com\/web\/wp-content\/uploads\/2024\/01\/40-pagina-10-periodico-regional-pasto.jpg\",\"contentUrl\":\"https:\/\/pagina10.com\/web\/wp-content\/uploads\/2024\/01\/40-pagina-10-periodico-regional-pasto.jpg\",\"width\":1280,\"height\":720,\"caption\":\"P\u00e1gina10\"},\"image\":{\"@id\":\"https:\/\/pagina10.com\/web\/#\/schema\/logo\/image\/\"},\"sameAs\":[\"https:\/\/www.facebook.com\/pag10com\",\"https:\/\/x.com\/Pag10com\",\"https:\/\/www.instagram.com\/pagina10col\/\",\"https:\/\/youtube.com\/channel\/pag10\",\"https:\/\/www.tiktok.com\/@p10col\"]},{\"@type\":\"Person\",\"@id\":\"https:\/\/pagina10.com\/web\/#\/schema\/person\/2efc4a090d25b667d3bc796798a3a81b\",\"name\":\"P\u00e1gina 10\",\"description\":\"P\u00e1gina 10 es un peri\u00f3dico regional que nace en Colombia, en el departamento de Nari\u00f1o, con un enfoque global, fundamentado en cuatro pilares esenciales: la libertad, el pluralismo, la inclusi\u00f3n y la independencia. P\u00e1gina 10 hace referencia a Nari\u00f1o como el d\u00e9cimo departamento creado en Colombia, despu\u00e9s de un proceso pol\u00edtico liderado por actores y actrices regionales con el fin de obtener la independencia y autonom\u00eda de nuestros territorios. Con la creaci\u00f3n de P\u00e1gina 10 se pretende abrir un escenario para el dialogo, la reflexi\u00f3n y el debate que se extienda a otras geograf\u00edas de Am\u00e9rica Latina y del planeta, en una apuesta por transformar colectivamente los desaf\u00edos de un mundo contempor\u00e1neo, m\u00e1s all\u00e1 de las fronteras impuestas.\",\"url\":\"https:\/\/pagina10.com\/web\/author\/pdiezadmin\/\"}]}<\/script>\n<!-- \/ Yoast SEO plugin. -->","yoast_head_json":{"title":"Emprendedores de tres instituciones educativas, premiados en la Feria WICHAY | P\u00e1gina10","robots":{"index":"index","follow":"follow","max-snippet":"max-snippet:-1","max-image-preview":"max-image-preview:large","max-video-preview":"max-video-preview:-1"},"canonical":"https:\/\/pagina10.com\/web\/emprendedores-de-tres-instituciones-educativas-premiados-en-la-feria-wichay\/","og_locale":"es_ES","og_type":"article","og_title":"Emprendedores de tres instituciones educativas, premiados en la Feria WICHAY | P\u00e1gina10","og_description":"La Feria \u2018WICHAY, emprendimiento para la educaci\u00f3n media\u2019, se constituy\u00f3 en el escenario ideal para que los j\u00f3venes de Nari\u00f1o, que avanzan en su proceso de formaci\u00f3n acad\u00e9mica de grado d\u00e9cimo y once, promovieron sus ideas y procesos desde la innovaci\u00f3n y el emprendimiento vinculados al desarrollo comercial y social. El proyecto liderado por el [&hellip;]","og_url":"https:\/\/pagina10.com\/web\/emprendedores-de-tres-instituciones-educativas-premiados-en-la-feria-wichay\/","og_site_name":"P\u00e1gina10","article_publisher":"https:\/\/www.facebook.com\/pag10com","article_published_time":"2021-10-28T20:46:37+00:00","og_image":[{"width":493,"height":298,"url":"https:\/\/pagina10.com\/web\/wp-content\/uploads\/2021\/10\/Captura-de-Pantalla-2021-10-28-a-las-3.45.57-p.-m..png","type":"image\/png"}],"author":"P\u00e1gina 10","twitter_card":"summary_large_image","twitter_creator":"@Pag10com","twitter_site":"@Pag10com","twitter_misc":{"Escrito por":"P\u00e1gina 10","Tiempo de lectura":"2 minutos"},"schema":{"@context":"https:\/\/schema.org","@graph":[{"@type":"Article","@id":"https:\/\/pagina10.com\/web\/emprendedores-de-tres-instituciones-educativas-premiados-en-la-feria-wichay\/#article","isPartOf":{"@id":"https:\/\/pagina10.com\/web\/emprendedores-de-tres-instituciones-educativas-premiados-en-la-feria-wichay\/"},"author":{"name":"P\u00e1gina 10","@id":"https:\/\/pagina10.com\/web\/#\/schema\/person\/2efc4a090d25b667d3bc796798a3a81b"},"headline":"Emprendedores de tres instituciones educativas, premiados en la Feria WICHAY","datePublished":"2021-10-28T20:46:37+00:00","mainEntityOfPage":{"@id":"https:\/\/pagina10.com\/web\/emprendedores-de-tres-instituciones-educativas-premiados-en-la-feria-wichay\/"},"wordCount":405,"commentCount":0,"publisher":{"@id":"https:\/\/pagina10.com\/web\/#organization"},"image":{"@id":"https:\/\/pagina10.com\/web\/emprendedores-de-tres-instituciones-educativas-premiados-en-la-feria-wichay\/#primaryimage"},"thumbnailUrl":"https:\/\/pagina10.com\/web\/wp-content\/uploads\/2021\/10\/Captura-de-Pantalla-2021-10-28-a-las-3.45.57-p.-m..png","articleSection":["Econom\u00eda"],"inLanguage":"es","potentialAction":[{"@type":"CommentAction","name":"Comment","target":["https:\/\/pagina10.com\/web\/emprendedores-de-tres-instituciones-educativas-premiados-en-la-feria-wichay\/#respond"]}]},{"@type":"WebPage","@id":"https:\/\/pagina10.com\/web\/emprendedores-de-tres-instituciones-educativas-premiados-en-la-feria-wichay\/","url":"https:\/\/pagina10.com\/web\/emprendedores-de-tres-instituciones-educativas-premiados-en-la-feria-wichay\/","name":"Emprendedores de tres instituciones educativas, premiados en la Feria WICHAY | P\u00e1gina10","isPartOf":{"@id":"https:\/\/pagina10.com\/web\/#website"},"primaryImageOfPage":{"@id":"https:\/\/pagina10.com\/web\/emprendedores-de-tres-instituciones-educativas-premiados-en-la-feria-wichay\/#primaryimage"},"image":{"@id":"https:\/\/pagina10.com\/web\/emprendedores-de-tres-instituciones-educativas-premiados-en-la-feria-wichay\/#primaryimage"},"thumbnailUrl":"https:\/\/pagina10.com\/web\/wp-content\/uploads\/2021\/10\/Captura-de-Pantalla-2021-10-28-a-las-3.45.57-p.-m..png","datePublished":"2021-10-28T20:46:37+00:00","breadcrumb":{"@id":"https:\/\/pagina10.com\/web\/emprendedores-de-tres-instituciones-educativas-premiados-en-la-feria-wichay\/#breadcrumb"},"inLanguage":"es","potentialAction":[{"@type":"ReadAction","target":["https:\/\/pagina10.com\/web\/emprendedores-de-tres-instituciones-educativas-premiados-en-la-feria-wichay\/"]}]},{"@type":"ImageObject","inLanguage":"es","@id":"https:\/\/pagina10.com\/web\/emprendedores-de-tres-instituciones-educativas-premiados-en-la-feria-wichay\/#primaryimage","url":"https:\/\/pagina10.com\/web\/wp-content\/uploads\/2021\/10\/Captura-de-Pantalla-2021-10-28-a-las-3.45.57-p.-m..png","contentUrl":"https:\/\/pagina10.com\/web\/wp-content\/uploads\/2021\/10\/Captura-de-Pantalla-2021-10-28-a-las-3.45.57-p.-m..png","width":493,"height":298},{"@type":"BreadcrumbList","@id":"https:\/\/pagina10.com\/web\/emprendedores-de-tres-instituciones-educativas-premiados-en-la-feria-wichay\/#breadcrumb","itemListElement":[{"@type":"ListItem","position":1,"name":"Portada","item":"https:\/\/pagina10.com\/web\/"},{"@type":"ListItem","position":2,"name":"Emprendedores de tres instituciones educativas, premiados en la Feria WICHAY"}]},{"@type":"WebSite","@id":"https:\/\/pagina10.com\/web\/#website","url":"https:\/\/pagina10.com\/web\/","name":"P\u00e1gina10","description":"Peri\u00f3dico Regional","publisher":{"@id":"https:\/\/pagina10.com\/web\/#organization"},"alternateName":"P\u00e1gina10 Peri\u00f3dico Regional","potentialAction":[{"@type":"SearchAction","target":{"@type":"EntryPoint","urlTemplate":"https:\/\/pagina10.com\/web\/?s={search_term_string}"},"query-input":{"@type":"PropertyValueSpecification","valueRequired":true,"valueName":"search_term_string"}}],"inLanguage":"es"},{"@type":"Organization","@id":"https:\/\/pagina10.com\/web\/#organization","name":"P\u00e1gina10","alternateName":"P\u00e1gina10 Peri\u00f3dico Regional","url":"https:\/\/pagina10.com\/web\/","logo":{"@type":"ImageObject","inLanguage":"es","@id":"https:\/\/pagina10.com\/web\/#\/schema\/logo\/image\/","url":"https:\/\/pagina10.com\/web\/wp-content\/uploads\/2024\/01\/40-pagina-10-periodico-regional-pasto.jpg","contentUrl":"https:\/\/pagina10.com\/web\/wp-content\/uploads\/2024\/01\/40-pagina-10-periodico-regional-pasto.jpg","width":1280,"height":720,"caption":"P\u00e1gina10"},"image":{"@id":"https:\/\/pagina10.com\/web\/#\/schema\/logo\/image\/"},"sameAs":["https:\/\/www.facebook.com\/pag10com","https:\/\/x.com\/Pag10com","https:\/\/www.instagram.com\/pagina10col\/","https:\/\/youtube.com\/channel\/pag10","https:\/\/www.tiktok.com\/@p10col"]},{"@type":"Person","@id":"https:\/\/pagina10.com\/web\/#\/schema\/person\/2efc4a090d25b667d3bc796798a3a81b","name":"P\u00e1gina 10","description":"P\u00e1gina 10 es un peri\u00f3dico regional que nace en Colombia, en el departamento de Nari\u00f1o, con un enfoque global, fundamentado en cuatro pilares esenciales: la libertad, el pluralismo, la inclusi\u00f3n y la independencia. P\u00e1gina 10 hace referencia a Nari\u00f1o como el d\u00e9cimo departamento creado en Colombia, despu\u00e9s de un proceso pol\u00edtico liderado por actores y actrices regionales con el fin de obtener la independencia y autonom\u00eda de nuestros territorios. Con la creaci\u00f3n de P\u00e1gina 10 se pretende abrir un escenario para el dialogo, la reflexi\u00f3n y el debate que se extienda a otras geograf\u00edas de Am\u00e9rica Latina y del planeta, en una apuesta por transformar colectivamente los desaf\u00edos de un mundo contempor\u00e1neo, m\u00e1s all\u00e1 de las fronteras impuestas.","url":"https:\/\/pagina10.com\/web\/author\/pdiezadmin\/"}]}},"_links":{"self":[{"href":"https:\/\/pagina10.com\/web\/wp-json\/wp\/v2\/posts\/56350","targetHints":{"allow":["GET"]}}],"collection":[{"href":"https:\/\/pagina10.com\/web\/wp-json\/wp\/v2\/posts"}],"about":[{"href":"https:\/\/pagina10.com\/web\/wp-json\/wp\/v2\/types\/post"}],"author":[{"embeddable":true,"href":"https:\/\/pagina10.com\/web\/wp-json\/wp\/v2\/users\/1"}],"replies":[{"embeddable":true,"href":"https:\/\/pagina10.com\/web\/wp-json\/wp\/v2\/comments?post=56350"}],"version-history":[{"count":1,"href":"https:\/\/pagina10.com\/web\/wp-json\/wp\/v2\/posts\/56350\/revisions"}],"predecessor-version":[{"id":56352,"href":"https:\/\/pagina10.com\/web\/wp-json\/wp\/v2\/posts\/56350\/revisions\/56352"}],"wp:featuredmedia":[{"embeddable":true,"href":"https:\/\/pagina10.com\/web\/wp-json\/wp\/v2\/media\/56351"}],"wp:attachment":[{"href":"https:\/\/pagina10.com\/web\/wp-json\/wp\/v2\/media?parent=56350"}],"wp:term":[{"taxonomy":"category","embeddable":true,"href":"https:\/\/pagina10.com\/web\/wp-json\/wp\/v2\/categories?post=56350"},{"taxonomy":"post_tag","embeddable":true,"href":"https:\/\/pagina10.com\/web\/wp-json\/wp\/v2\/tags?post=56350"}],"curies":[{"name":"wp","href":"https:\/\/api.w.org\/{rel}","templated":true}]}}