{"id":56364,"date":"2021-10-29T12:41:00","date_gmt":"2021-10-29T17:41:00","guid":{"rendered":"https:\/\/pagina10.com\/web\/?p=56364"},"modified":"2021-10-29T12:41:00","modified_gmt":"2021-10-29T17:41:00","slug":"gobernador-anuncio-obras-de-impacto-para-ipiales-y-narino","status":"publish","type":"post","link":"https:\/\/pagina10.com\/web\/gobernador-anuncio-obras-de-impacto-para-ipiales-y-narino\/","title":{"rendered":"Gobernador anunci\u00f3 obras de impacto para Ipiales y Nari\u00f1o"},"content":{"rendered":"<p style=\"text-align: justify;\">Importantes anuncios en temas de infraestructura vial, subsidios para gas domiciliario, agua potable y saneamiento b\u00e1sico; adem\u00e1s, de control en la venta y distribuci\u00f3n de combustibles en Nari\u00f1o, hizo el Gobernador del Departamento, Jhon Rojas, desde la ciudad de Ipiales, donde particip\u00f3 en la socializaci\u00f3n del convenio para la construcci\u00f3n de redes y una planta de almacenamiento de gas GLP que beneficiar\u00e1 a m\u00e1s de 20.000 usuarios en ese municipio fronterizo.<\/p>\n<p>El Mandatario Departamental destac\u00f3 que, el convenio qu\u00e9 permite la ejecuci\u00f3n de infraestructura para el almacenamiento y distribuci\u00f3n de gas domiciliario en Ipiales es uno de los m\u00e1s grandes que se ha gestionado y aprobado por parte de la Naci\u00f3n a trav\u00e9s del Ministerio de Minas y Energ\u00eda y con el concurso de la Gobernaci\u00f3n de Nari\u00f1o, la Alcald\u00eda de Ipiales y la firma ejecutora. Se espera que en un a\u00f1o est\u00e9n listas las redes de distribuci\u00f3n y la planta de almacenamiento.<\/p>\n<p>En la intervenci\u00f3n, el mandatario ratific\u00f3 el compromiso firme del Gobierno Departamental de gestionar y desarrollar un convenio financiado con recursos del Sistema General de Regal\u00edas, para subsidiar las instalaciones domiciliarias de la red de GLP interna en los hogares de estratos 1 y 2.<\/p>\n<p>El Gobernador de Nari\u00f1o afirm\u00f3 que, son positivas las noticias para la regi\u00f3n y manifest\u00f3 que una de las obras m\u00e1s importantes, c\u00f3mo es la doble calzada, Pasto- Ipiales contar\u00e1 con los recursos para su culminaci\u00f3n.<\/p>\n<p>En este sentido, el mandatario manifest\u00f3 que, en gesti\u00f3n adelantada conjuntamente con el Consejo Gremial y empresarial de Nari\u00f1o, se logr\u00f3 el compromiso del Gobierno Nacional para destinar los recursos necesarios que permitan adelantar la consulta previa con comunidades ind\u00edgenas, proceso que posteriormente posibilite la culminaci\u00f3n del tramo de doble calzada entre el corregimiento de San Juan y la ciudad de Ipiales.<\/p>\n<p>De Igual forma, asegur\u00f3 que, el Ministerio de Transporte ya firm\u00f3 el otro s\u00ed qu\u00e9 permitir\u00e1 la construcci\u00f3n del tramo Catambuco- Pasto, dicho segmento actualmente no se encontraba contratado. Adem\u00e1s, destac\u00f3 este hecho como hist\u00f3rico puesto que representa optimizar la movilidad no solo del departamento de Nari\u00f1o sino tambi\u00e9n del municipio de Pasto.<\/p>\n<p>Desde el Gobierno Departamental se cofinanciar\u00e1 el proyecto de construcci\u00f3n de una planta de tratamiento de agua potable para el municipio de Ipiales. El Gobernador asegur\u00f3 que esta es una necesidad urgente en la que se va a respaldar al municipio para que sea una realidad.<\/p>\n<p>Finalmente indic\u00f3 que, en compa\u00f1\u00eda del Ministerio de Minas y Energ\u00eda, la Direcci\u00f3n de Hidrocarburos y el concurso de las autoridades regionales y locales se desarrollar\u00e1 una estrategia que posibilite controlar los cupos de combustibles en todo el Departamento y evitar el desabastecimiento que suele presentarse de forma reiterada en la regi\u00f3n.<\/p>\n","protected":false},"excerpt":{"rendered":"<p>Importantes anuncios en temas de infraestructura vial, subsidios para gas domiciliario, agua potable y saneamiento b\u00e1sico; adem\u00e1s, de control en la venta y distribuci\u00f3n de combustibles en Nari\u00f1o, hizo el Gobernador del Departamento, Jhon Rojas, desde la ciudad de Ipiales, donde particip\u00f3 en la socializaci\u00f3n del convenio para la construcci\u00f3n de redes y una planta [&hellip;]<\/p>\n","protected":false},"author":1,"featured_media":56365,"comment_status":"open","ping_status":"open","sticky":false,"template":"","format":"standard","meta":{"footnotes":""},"categories":[13],"tags":[],"class_list":["post-56364","post","type-post","status-publish","format-standard","has-post-thumbnail","hentry","category-economia"],"yoast_head":"<!-- This site is optimized with the Yoast SEO plugin v27.1.1 - https:\/\/yoast.com\/product\/yoast-seo-wordpress\/ -->\n<title>Gobernador anunci\u00f3 obras de impacto para Ipiales y Nari\u00f1o | P\u00e1gina10<\/title>\n<meta name=\"robots\" content=\"index, follow, max-snippet:-1, max-image-preview:large, max-video-preview:-1\" \/>\n<link rel=\"canonical\" href=\"https:\/\/pagina10.com\/web\/gobernador-anuncio-obras-de-impacto-para-ipiales-y-narino\/\" \/>\n<meta property=\"og:locale\" content=\"es_ES\" \/>\n<meta property=\"og:type\" content=\"article\" \/>\n<meta property=\"og:title\" content=\"Gobernador anunci\u00f3 obras de impacto para Ipiales y Nari\u00f1o | P\u00e1gina10\" \/>\n<meta property=\"og:description\" content=\"Importantes anuncios en temas de infraestructura vial, subsidios para gas domiciliario, agua potable y saneamiento b\u00e1sico; adem\u00e1s, de control en la venta y distribuci\u00f3n de combustibles en Nari\u00f1o, hizo el Gobernador del Departamento, Jhon Rojas, desde la ciudad de Ipiales, donde particip\u00f3 en la socializaci\u00f3n del convenio para la construcci\u00f3n de redes y una planta [&hellip;]\" \/>\n<meta property=\"og:url\" content=\"https:\/\/pagina10.com\/web\/gobernador-anuncio-obras-de-impacto-para-ipiales-y-narino\/\" \/>\n<meta property=\"og:site_name\" content=\"P\u00e1gina10\" \/>\n<meta property=\"article:publisher\" content=\"https:\/\/www.facebook.com\/pag10com\" \/>\n<meta property=\"article:published_time\" content=\"2021-10-29T17:41:00+00:00\" \/>\n<meta property=\"og:image\" content=\"https:\/\/pagina10.com\/web\/wp-content\/uploads\/2021\/10\/250393636_4634771553266665_4129652914903066256_n.jpg\" \/>\n\t<meta property=\"og:image:width\" content=\"960\" \/>\n\t<meta property=\"og:image:height\" content=\"641\" \/>\n\t<meta property=\"og:image:type\" content=\"image\/jpeg\" \/>\n<meta name=\"author\" content=\"P\u00e1gina 10\" \/>\n<meta name=\"twitter:card\" content=\"summary_large_image\" \/>\n<meta name=\"twitter:creator\" content=\"@Pag10com\" \/>\n<meta name=\"twitter:site\" content=\"@Pag10com\" \/>\n<meta name=\"twitter:label1\" content=\"Escrito por\" \/>\n\t<meta name=\"twitter:data1\" content=\"P\u00e1gina 10\" \/>\n\t<meta name=\"twitter:label2\" content=\"Tiempo de lectura\" \/>\n\t<meta name=\"twitter:data2\" content=\"2 minutos\" \/>\n<script type=\"application\/ld+json\" class=\"yoast-schema-graph\">{\"@context\":\"https:\/\/schema.org\",\"@graph\":[{\"@type\":\"Article\",\"@id\":\"https:\/\/pagina10.com\/web\/gobernador-anuncio-obras-de-impacto-para-ipiales-y-narino\/#article\",\"isPartOf\":{\"@id\":\"https:\/\/pagina10.com\/web\/gobernador-anuncio-obras-de-impacto-para-ipiales-y-narino\/\"},\"author\":{\"name\":\"P\u00e1gina 10\",\"@id\":\"https:\/\/pagina10.com\/web\/#\/schema\/person\/2efc4a090d25b667d3bc796798a3a81b\"},\"headline\":\"Gobernador anunci\u00f3 obras de impacto para Ipiales y Nari\u00f1o\",\"datePublished\":\"2021-10-29T17:41:00+00:00\",\"mainEntityOfPage\":{\"@id\":\"https:\/\/pagina10.com\/web\/gobernador-anuncio-obras-de-impacto-para-ipiales-y-narino\/\"},\"wordCount\":494,\"commentCount\":0,\"publisher\":{\"@id\":\"https:\/\/pagina10.com\/web\/#organization\"},\"image\":{\"@id\":\"https:\/\/pagina10.com\/web\/gobernador-anuncio-obras-de-impacto-para-ipiales-y-narino\/#primaryimage\"},\"thumbnailUrl\":\"https:\/\/pagina10.com\/web\/wp-content\/uploads\/2021\/10\/250393636_4634771553266665_4129652914903066256_n.jpg\",\"articleSection\":[\"Econom\u00eda\"],\"inLanguage\":\"es\",\"potentialAction\":[{\"@type\":\"CommentAction\",\"name\":\"Comment\",\"target\":[\"https:\/\/pagina10.com\/web\/gobernador-anuncio-obras-de-impacto-para-ipiales-y-narino\/#respond\"]}]},{\"@type\":\"WebPage\",\"@id\":\"https:\/\/pagina10.com\/web\/gobernador-anuncio-obras-de-impacto-para-ipiales-y-narino\/\",\"url\":\"https:\/\/pagina10.com\/web\/gobernador-anuncio-obras-de-impacto-para-ipiales-y-narino\/\",\"name\":\"Gobernador anunci\u00f3 obras de impacto para Ipiales y Nari\u00f1o | P\u00e1gina10\",\"isPartOf\":{\"@id\":\"https:\/\/pagina10.com\/web\/#website\"},\"primaryImageOfPage\":{\"@id\":\"https:\/\/pagina10.com\/web\/gobernador-anuncio-obras-de-impacto-para-ipiales-y-narino\/#primaryimage\"},\"image\":{\"@id\":\"https:\/\/pagina10.com\/web\/gobernador-anuncio-obras-de-impacto-para-ipiales-y-narino\/#primaryimage\"},\"thumbnailUrl\":\"https:\/\/pagina10.com\/web\/wp-content\/uploads\/2021\/10\/250393636_4634771553266665_4129652914903066256_n.jpg\",\"datePublished\":\"2021-10-29T17:41:00+00:00\",\"breadcrumb\":{\"@id\":\"https:\/\/pagina10.com\/web\/gobernador-anuncio-obras-de-impacto-para-ipiales-y-narino\/#breadcrumb\"},\"inLanguage\":\"es\",\"potentialAction\":[{\"@type\":\"ReadAction\",\"target\":[\"https:\/\/pagina10.com\/web\/gobernador-anuncio-obras-de-impacto-para-ipiales-y-narino\/\"]}]},{\"@type\":\"ImageObject\",\"inLanguage\":\"es\",\"@id\":\"https:\/\/pagina10.com\/web\/gobernador-anuncio-obras-de-impacto-para-ipiales-y-narino\/#primaryimage\",\"url\":\"https:\/\/pagina10.com\/web\/wp-content\/uploads\/2021\/10\/250393636_4634771553266665_4129652914903066256_n.jpg\",\"contentUrl\":\"https:\/\/pagina10.com\/web\/wp-content\/uploads\/2021\/10\/250393636_4634771553266665_4129652914903066256_n.jpg\",\"width\":960,\"height\":641},{\"@type\":\"BreadcrumbList\",\"@id\":\"https:\/\/pagina10.com\/web\/gobernador-anuncio-obras-de-impacto-para-ipiales-y-narino\/#breadcrumb\",\"itemListElement\":[{\"@type\":\"ListItem\",\"position\":1,\"name\":\"Portada\",\"item\":\"https:\/\/pagina10.com\/web\/\"},{\"@type\":\"ListItem\",\"position\":2,\"name\":\"Gobernador anunci\u00f3 obras de impacto para Ipiales y Nari\u00f1o\"}]},{\"@type\":\"WebSite\",\"@id\":\"https:\/\/pagina10.com\/web\/#website\",\"url\":\"https:\/\/pagina10.com\/web\/\",\"name\":\"P\u00e1gina10\",\"description\":\"Peri\u00f3dico Regional\",\"publisher\":{\"@id\":\"https:\/\/pagina10.com\/web\/#organization\"},\"alternateName\":\"P\u00e1gina10 Peri\u00f3dico Regional\",\"potentialAction\":[{\"@type\":\"SearchAction\",\"target\":{\"@type\":\"EntryPoint\",\"urlTemplate\":\"https:\/\/pagina10.com\/web\/?s={search_term_string}\"},\"query-input\":{\"@type\":\"PropertyValueSpecification\",\"valueRequired\":true,\"valueName\":\"search_term_string\"}}],\"inLanguage\":\"es\"},{\"@type\":\"Organization\",\"@id\":\"https:\/\/pagina10.com\/web\/#organization\",\"name\":\"P\u00e1gina10\",\"alternateName\":\"P\u00e1gina10 Peri\u00f3dico Regional\",\"url\":\"https:\/\/pagina10.com\/web\/\",\"logo\":{\"@type\":\"ImageObject\",\"inLanguage\":\"es\",\"@id\":\"https:\/\/pagina10.com\/web\/#\/schema\/logo\/image\/\",\"url\":\"https:\/\/pagina10.com\/web\/wp-content\/uploads\/2024\/01\/40-pagina-10-periodico-regional-pasto.jpg\",\"contentUrl\":\"https:\/\/pagina10.com\/web\/wp-content\/uploads\/2024\/01\/40-pagina-10-periodico-regional-pasto.jpg\",\"width\":1280,\"height\":720,\"caption\":\"P\u00e1gina10\"},\"image\":{\"@id\":\"https:\/\/pagina10.com\/web\/#\/schema\/logo\/image\/\"},\"sameAs\":[\"https:\/\/www.facebook.com\/pag10com\",\"https:\/\/x.com\/Pag10com\",\"https:\/\/www.instagram.com\/pagina10col\/\",\"https:\/\/youtube.com\/channel\/pag10\",\"https:\/\/www.tiktok.com\/@p10col\"]},{\"@type\":\"Person\",\"@id\":\"https:\/\/pagina10.com\/web\/#\/schema\/person\/2efc4a090d25b667d3bc796798a3a81b\",\"name\":\"P\u00e1gina 10\",\"description\":\"P\u00e1gina 10 es un peri\u00f3dico regional que nace en Colombia, en el departamento de Nari\u00f1o, con un enfoque global, fundamentado en cuatro pilares esenciales: la libertad, el pluralismo, la inclusi\u00f3n y la independencia. P\u00e1gina 10 hace referencia a Nari\u00f1o como el d\u00e9cimo departamento creado en Colombia, despu\u00e9s de un proceso pol\u00edtico liderado por actores y actrices regionales con el fin de obtener la independencia y autonom\u00eda de nuestros territorios. Con la creaci\u00f3n de P\u00e1gina 10 se pretende abrir un escenario para el dialogo, la reflexi\u00f3n y el debate que se extienda a otras geograf\u00edas de Am\u00e9rica Latina y del planeta, en una apuesta por transformar colectivamente los desaf\u00edos de un mundo contempor\u00e1neo, m\u00e1s all\u00e1 de las fronteras impuestas.\",\"url\":\"https:\/\/pagina10.com\/web\/author\/pdiezadmin\/\"}]}<\/script>\n<!-- \/ Yoast SEO plugin. -->","yoast_head_json":{"title":"Gobernador anunci\u00f3 obras de impacto para Ipiales y Nari\u00f1o | P\u00e1gina10","robots":{"index":"index","follow":"follow","max-snippet":"max-snippet:-1","max-image-preview":"max-image-preview:large","max-video-preview":"max-video-preview:-1"},"canonical":"https:\/\/pagina10.com\/web\/gobernador-anuncio-obras-de-impacto-para-ipiales-y-narino\/","og_locale":"es_ES","og_type":"article","og_title":"Gobernador anunci\u00f3 obras de impacto para Ipiales y Nari\u00f1o | P\u00e1gina10","og_description":"Importantes anuncios en temas de infraestructura vial, subsidios para gas domiciliario, agua potable y saneamiento b\u00e1sico; adem\u00e1s, de control en la venta y distribuci\u00f3n de combustibles en Nari\u00f1o, hizo el Gobernador del Departamento, Jhon Rojas, desde la ciudad de Ipiales, donde particip\u00f3 en la socializaci\u00f3n del convenio para la construcci\u00f3n de redes y una planta [&hellip;]","og_url":"https:\/\/pagina10.com\/web\/gobernador-anuncio-obras-de-impacto-para-ipiales-y-narino\/","og_site_name":"P\u00e1gina10","article_publisher":"https:\/\/www.facebook.com\/pag10com","article_published_time":"2021-10-29T17:41:00+00:00","og_image":[{"width":960,"height":641,"url":"https:\/\/pagina10.com\/web\/wp-content\/uploads\/2021\/10\/250393636_4634771553266665_4129652914903066256_n.jpg","type":"image\/jpeg"}],"author":"P\u00e1gina 10","twitter_card":"summary_large_image","twitter_creator":"@Pag10com","twitter_site":"@Pag10com","twitter_misc":{"Escrito por":"P\u00e1gina 10","Tiempo de lectura":"2 minutos"},"schema":{"@context":"https:\/\/schema.org","@graph":[{"@type":"Article","@id":"https:\/\/pagina10.com\/web\/gobernador-anuncio-obras-de-impacto-para-ipiales-y-narino\/#article","isPartOf":{"@id":"https:\/\/pagina10.com\/web\/gobernador-anuncio-obras-de-impacto-para-ipiales-y-narino\/"},"author":{"name":"P\u00e1gina 10","@id":"https:\/\/pagina10.com\/web\/#\/schema\/person\/2efc4a090d25b667d3bc796798a3a81b"},"headline":"Gobernador anunci\u00f3 obras de impacto para Ipiales y Nari\u00f1o","datePublished":"2021-10-29T17:41:00+00:00","mainEntityOfPage":{"@id":"https:\/\/pagina10.com\/web\/gobernador-anuncio-obras-de-impacto-para-ipiales-y-narino\/"},"wordCount":494,"commentCount":0,"publisher":{"@id":"https:\/\/pagina10.com\/web\/#organization"},"image":{"@id":"https:\/\/pagina10.com\/web\/gobernador-anuncio-obras-de-impacto-para-ipiales-y-narino\/#primaryimage"},"thumbnailUrl":"https:\/\/pagina10.com\/web\/wp-content\/uploads\/2021\/10\/250393636_4634771553266665_4129652914903066256_n.jpg","articleSection":["Econom\u00eda"],"inLanguage":"es","potentialAction":[{"@type":"CommentAction","name":"Comment","target":["https:\/\/pagina10.com\/web\/gobernador-anuncio-obras-de-impacto-para-ipiales-y-narino\/#respond"]}]},{"@type":"WebPage","@id":"https:\/\/pagina10.com\/web\/gobernador-anuncio-obras-de-impacto-para-ipiales-y-narino\/","url":"https:\/\/pagina10.com\/web\/gobernador-anuncio-obras-de-impacto-para-ipiales-y-narino\/","name":"Gobernador anunci\u00f3 obras de impacto para Ipiales y Nari\u00f1o | P\u00e1gina10","isPartOf":{"@id":"https:\/\/pagina10.com\/web\/#website"},"primaryImageOfPage":{"@id":"https:\/\/pagina10.com\/web\/gobernador-anuncio-obras-de-impacto-para-ipiales-y-narino\/#primaryimage"},"image":{"@id":"https:\/\/pagina10.com\/web\/gobernador-anuncio-obras-de-impacto-para-ipiales-y-narino\/#primaryimage"},"thumbnailUrl":"https:\/\/pagina10.com\/web\/wp-content\/uploads\/2021\/10\/250393636_4634771553266665_4129652914903066256_n.jpg","datePublished":"2021-10-29T17:41:00+00:00","breadcrumb":{"@id":"https:\/\/pagina10.com\/web\/gobernador-anuncio-obras-de-impacto-para-ipiales-y-narino\/#breadcrumb"},"inLanguage":"es","potentialAction":[{"@type":"ReadAction","target":["https:\/\/pagina10.com\/web\/gobernador-anuncio-obras-de-impacto-para-ipiales-y-narino\/"]}]},{"@type":"ImageObject","inLanguage":"es","@id":"https:\/\/pagina10.com\/web\/gobernador-anuncio-obras-de-impacto-para-ipiales-y-narino\/#primaryimage","url":"https:\/\/pagina10.com\/web\/wp-content\/uploads\/2021\/10\/250393636_4634771553266665_4129652914903066256_n.jpg","contentUrl":"https:\/\/pagina10.com\/web\/wp-content\/uploads\/2021\/10\/250393636_4634771553266665_4129652914903066256_n.jpg","width":960,"height":641},{"@type":"BreadcrumbList","@id":"https:\/\/pagina10.com\/web\/gobernador-anuncio-obras-de-impacto-para-ipiales-y-narino\/#breadcrumb","itemListElement":[{"@type":"ListItem","position":1,"name":"Portada","item":"https:\/\/pagina10.com\/web\/"},{"@type":"ListItem","position":2,"name":"Gobernador anunci\u00f3 obras de impacto para Ipiales y Nari\u00f1o"}]},{"@type":"WebSite","@id":"https:\/\/pagina10.com\/web\/#website","url":"https:\/\/pagina10.com\/web\/","name":"P\u00e1gina10","description":"Peri\u00f3dico Regional","publisher":{"@id":"https:\/\/pagina10.com\/web\/#organization"},"alternateName":"P\u00e1gina10 Peri\u00f3dico Regional","potentialAction":[{"@type":"SearchAction","target":{"@type":"EntryPoint","urlTemplate":"https:\/\/pagina10.com\/web\/?s={search_term_string}"},"query-input":{"@type":"PropertyValueSpecification","valueRequired":true,"valueName":"search_term_string"}}],"inLanguage":"es"},{"@type":"Organization","@id":"https:\/\/pagina10.com\/web\/#organization","name":"P\u00e1gina10","alternateName":"P\u00e1gina10 Peri\u00f3dico Regional","url":"https:\/\/pagina10.com\/web\/","logo":{"@type":"ImageObject","inLanguage":"es","@id":"https:\/\/pagina10.com\/web\/#\/schema\/logo\/image\/","url":"https:\/\/pagina10.com\/web\/wp-content\/uploads\/2024\/01\/40-pagina-10-periodico-regional-pasto.jpg","contentUrl":"https:\/\/pagina10.com\/web\/wp-content\/uploads\/2024\/01\/40-pagina-10-periodico-regional-pasto.jpg","width":1280,"height":720,"caption":"P\u00e1gina10"},"image":{"@id":"https:\/\/pagina10.com\/web\/#\/schema\/logo\/image\/"},"sameAs":["https:\/\/www.facebook.com\/pag10com","https:\/\/x.com\/Pag10com","https:\/\/www.instagram.com\/pagina10col\/","https:\/\/youtube.com\/channel\/pag10","https:\/\/www.tiktok.com\/@p10col"]},{"@type":"Person","@id":"https:\/\/pagina10.com\/web\/#\/schema\/person\/2efc4a090d25b667d3bc796798a3a81b","name":"P\u00e1gina 10","description":"P\u00e1gina 10 es un peri\u00f3dico regional que nace en Colombia, en el departamento de Nari\u00f1o, con un enfoque global, fundamentado en cuatro pilares esenciales: la libertad, el pluralismo, la inclusi\u00f3n y la independencia. P\u00e1gina 10 hace referencia a Nari\u00f1o como el d\u00e9cimo departamento creado en Colombia, despu\u00e9s de un proceso pol\u00edtico liderado por actores y actrices regionales con el fin de obtener la independencia y autonom\u00eda de nuestros territorios. Con la creaci\u00f3n de P\u00e1gina 10 se pretende abrir un escenario para el dialogo, la reflexi\u00f3n y el debate que se extienda a otras geograf\u00edas de Am\u00e9rica Latina y del planeta, en una apuesta por transformar colectivamente los desaf\u00edos de un mundo contempor\u00e1neo, m\u00e1s all\u00e1 de las fronteras impuestas.","url":"https:\/\/pagina10.com\/web\/author\/pdiezadmin\/"}]}},"_links":{"self":[{"href":"https:\/\/pagina10.com\/web\/wp-json\/wp\/v2\/posts\/56364","targetHints":{"allow":["GET"]}}],"collection":[{"href":"https:\/\/pagina10.com\/web\/wp-json\/wp\/v2\/posts"}],"about":[{"href":"https:\/\/pagina10.com\/web\/wp-json\/wp\/v2\/types\/post"}],"author":[{"embeddable":true,"href":"https:\/\/pagina10.com\/web\/wp-json\/wp\/v2\/users\/1"}],"replies":[{"embeddable":true,"href":"https:\/\/pagina10.com\/web\/wp-json\/wp\/v2\/comments?post=56364"}],"version-history":[{"count":1,"href":"https:\/\/pagina10.com\/web\/wp-json\/wp\/v2\/posts\/56364\/revisions"}],"predecessor-version":[{"id":56366,"href":"https:\/\/pagina10.com\/web\/wp-json\/wp\/v2\/posts\/56364\/revisions\/56366"}],"wp:featuredmedia":[{"embeddable":true,"href":"https:\/\/pagina10.com\/web\/wp-json\/wp\/v2\/media\/56365"}],"wp:attachment":[{"href":"https:\/\/pagina10.com\/web\/wp-json\/wp\/v2\/media?parent=56364"}],"wp:term":[{"taxonomy":"category","embeddable":true,"href":"https:\/\/pagina10.com\/web\/wp-json\/wp\/v2\/categories?post=56364"},{"taxonomy":"post_tag","embeddable":true,"href":"https:\/\/pagina10.com\/web\/wp-json\/wp\/v2\/tags?post=56364"}],"curies":[{"name":"wp","href":"https:\/\/api.w.org\/{rel}","templated":true}]}}