{"id":56606,"date":"2021-11-10T05:56:24","date_gmt":"2021-11-10T10:56:24","guid":{"rendered":"https:\/\/pagina10.com\/web\/?p=56606"},"modified":"2021-11-09T20:27:54","modified_gmt":"2021-11-10T01:27:54","slug":"comienzan-reuniones-para-el-incremento-de-salario-minimo","status":"publish","type":"post","link":"https:\/\/pagina10.com\/web\/comienzan-reuniones-para-el-incremento-de-salario-minimo\/","title":{"rendered":"Comienzan reuniones para el incremento de salario minimo"},"content":{"rendered":"<p style=\"text-align: justify;\">Las negociaciones para concertar el salario m\u00ednimo entre el Gobierno Nacional, los movimientos sindicales y los gremios comenzar\u00edan el pr\u00f3ximo viernes 26 de noviembre.<\/p>\n<p style=\"text-align: justify;\">\u201cEl 26 de noviembre se convocar\u00e1 la mesa de concertaci\u00f3n laboral donde estar\u00e1n los trabajadores, Nosotros, como Gobierno, tenemos que garantizarla recuperaci\u00f3n de ingresos laborales durante la pandemia\u201d, explic\u00f3 el ministro de trabajo \u00c1ngel Custodio Cabrera.<\/p>\n<p style=\"text-align: justify;\">La negociaci\u00f3n del aumento del salario m\u00ednimo tiene un ingrediente adicional este a\u00f1o, pues la alta inflaci\u00f3n podr\u00eda influir en este incremento.<\/p>\n<p style=\"text-align: justify;\">De hecho, expertos se\u00f1alan que ese factor podr\u00eda hacer que el m\u00ednimo suba mas de lo esperado.<\/p>\n<p style=\"text-align: justify;\">Y es que las proyecciones del IPC podr\u00edan llegar a un 5 % a finales de 2021 por la inflaci\u00f3n, que viene en aumento desde abril.<\/p>\n<p style=\"text-align: justify;\">\n","protected":false},"excerpt":{"rendered":"<p>Las negociaciones para concertar el salario m\u00ednimo entre el Gobierno Nacional, los movimientos sindicales y los gremios comenzar\u00edan el pr\u00f3ximo viernes 26 de noviembre. \u201cEl 26 de noviembre se convocar\u00e1 la mesa de concertaci\u00f3n laboral donde estar\u00e1n los trabajadores, Nosotros, como Gobierno, tenemos que garantizarla recuperaci\u00f3n de ingresos laborales durante la pandemia\u201d, explic\u00f3 el ministro [&hellip;]<\/p>\n","protected":false},"author":1,"featured_media":56607,"comment_status":"open","ping_status":"open","sticky":false,"template":"","format":"standard","meta":{"footnotes":""},"categories":[24],"tags":[],"class_list":["post-56606","post","type-post","status-publish","format-standard","has-post-thumbnail","hentry","category-nacional"],"yoast_head":"<!-- This site is optimized with the Yoast SEO plugin v27.1.1 - https:\/\/yoast.com\/product\/yoast-seo-wordpress\/ -->\n<title>Comienzan reuniones para el incremento de salario minimo | P\u00e1gina10<\/title>\n<meta name=\"robots\" content=\"index, follow, max-snippet:-1, max-image-preview:large, max-video-preview:-1\" \/>\n<link rel=\"canonical\" href=\"https:\/\/pagina10.com\/web\/comienzan-reuniones-para-el-incremento-de-salario-minimo\/\" \/>\n<meta property=\"og:locale\" content=\"es_ES\" \/>\n<meta property=\"og:type\" content=\"article\" \/>\n<meta property=\"og:title\" content=\"Comienzan reuniones para el incremento de salario minimo | P\u00e1gina10\" \/>\n<meta property=\"og:description\" content=\"Las negociaciones para concertar el salario m\u00ednimo entre el Gobierno Nacional, los movimientos sindicales y los gremios comenzar\u00edan el pr\u00f3ximo viernes 26 de noviembre. \u201cEl 26 de noviembre se convocar\u00e1 la mesa de concertaci\u00f3n laboral donde estar\u00e1n los trabajadores, Nosotros, como Gobierno, tenemos que garantizarla recuperaci\u00f3n de ingresos laborales durante la pandemia\u201d, explic\u00f3 el ministro [&hellip;]\" \/>\n<meta property=\"og:url\" content=\"https:\/\/pagina10.com\/web\/comienzan-reuniones-para-el-incremento-de-salario-minimo\/\" \/>\n<meta property=\"og:site_name\" content=\"P\u00e1gina10\" \/>\n<meta property=\"article:publisher\" content=\"https:\/\/www.facebook.com\/pag10com\" \/>\n<meta property=\"article:published_time\" content=\"2021-11-10T10:56:24+00:00\" \/>\n<meta property=\"og:image\" content=\"https:\/\/pagina10.com\/web\/wp-content\/uploads\/2021\/11\/salario-minimo-colombia.jpeg\" \/>\n\t<meta property=\"og:image:width\" content=\"1200\" \/>\n\t<meta property=\"og:image:height\" content=\"675\" \/>\n\t<meta property=\"og:image:type\" content=\"image\/jpeg\" \/>\n<meta name=\"author\" content=\"P\u00e1gina 10\" \/>\n<meta name=\"twitter:card\" content=\"summary_large_image\" \/>\n<meta name=\"twitter:creator\" content=\"@Pag10com\" \/>\n<meta name=\"twitter:site\" content=\"@Pag10com\" \/>\n<meta name=\"twitter:label1\" content=\"Escrito por\" \/>\n\t<meta name=\"twitter:data1\" content=\"P\u00e1gina 10\" \/>\n\t<meta name=\"twitter:label2\" content=\"Tiempo de lectura\" \/>\n\t<meta name=\"twitter:data2\" content=\"1 minuto\" \/>\n<script type=\"application\/ld+json\" class=\"yoast-schema-graph\">{\"@context\":\"https:\/\/schema.org\",\"@graph\":[{\"@type\":\"Article\",\"@id\":\"https:\/\/pagina10.com\/web\/comienzan-reuniones-para-el-incremento-de-salario-minimo\/#article\",\"isPartOf\":{\"@id\":\"https:\/\/pagina10.com\/web\/comienzan-reuniones-para-el-incremento-de-salario-minimo\/\"},\"author\":{\"name\":\"P\u00e1gina 10\",\"@id\":\"https:\/\/pagina10.com\/web\/#\/schema\/person\/2efc4a090d25b667d3bc796798a3a81b\"},\"headline\":\"Comienzan reuniones para el incremento de salario minimo\",\"datePublished\":\"2021-11-10T10:56:24+00:00\",\"mainEntityOfPage\":{\"@id\":\"https:\/\/pagina10.com\/web\/comienzan-reuniones-para-el-incremento-de-salario-minimo\/\"},\"wordCount\":144,\"commentCount\":0,\"publisher\":{\"@id\":\"https:\/\/pagina10.com\/web\/#organization\"},\"image\":{\"@id\":\"https:\/\/pagina10.com\/web\/comienzan-reuniones-para-el-incremento-de-salario-minimo\/#primaryimage\"},\"thumbnailUrl\":\"https:\/\/pagina10.com\/web\/wp-content\/uploads\/2021\/11\/salario-minimo-colombia.jpeg\",\"articleSection\":[\"Nacional\"],\"inLanguage\":\"es\",\"potentialAction\":[{\"@type\":\"CommentAction\",\"name\":\"Comment\",\"target\":[\"https:\/\/pagina10.com\/web\/comienzan-reuniones-para-el-incremento-de-salario-minimo\/#respond\"]}]},{\"@type\":\"WebPage\",\"@id\":\"https:\/\/pagina10.com\/web\/comienzan-reuniones-para-el-incremento-de-salario-minimo\/\",\"url\":\"https:\/\/pagina10.com\/web\/comienzan-reuniones-para-el-incremento-de-salario-minimo\/\",\"name\":\"Comienzan reuniones para el incremento de salario minimo | P\u00e1gina10\",\"isPartOf\":{\"@id\":\"https:\/\/pagina10.com\/web\/#website\"},\"primaryImageOfPage\":{\"@id\":\"https:\/\/pagina10.com\/web\/comienzan-reuniones-para-el-incremento-de-salario-minimo\/#primaryimage\"},\"image\":{\"@id\":\"https:\/\/pagina10.com\/web\/comienzan-reuniones-para-el-incremento-de-salario-minimo\/#primaryimage\"},\"thumbnailUrl\":\"https:\/\/pagina10.com\/web\/wp-content\/uploads\/2021\/11\/salario-minimo-colombia.jpeg\",\"datePublished\":\"2021-11-10T10:56:24+00:00\",\"breadcrumb\":{\"@id\":\"https:\/\/pagina10.com\/web\/comienzan-reuniones-para-el-incremento-de-salario-minimo\/#breadcrumb\"},\"inLanguage\":\"es\",\"potentialAction\":[{\"@type\":\"ReadAction\",\"target\":[\"https:\/\/pagina10.com\/web\/comienzan-reuniones-para-el-incremento-de-salario-minimo\/\"]}]},{\"@type\":\"ImageObject\",\"inLanguage\":\"es\",\"@id\":\"https:\/\/pagina10.com\/web\/comienzan-reuniones-para-el-incremento-de-salario-minimo\/#primaryimage\",\"url\":\"https:\/\/pagina10.com\/web\/wp-content\/uploads\/2021\/11\/salario-minimo-colombia.jpeg\",\"contentUrl\":\"https:\/\/pagina10.com\/web\/wp-content\/uploads\/2021\/11\/salario-minimo-colombia.jpeg\",\"width\":1200,\"height\":675},{\"@type\":\"BreadcrumbList\",\"@id\":\"https:\/\/pagina10.com\/web\/comienzan-reuniones-para-el-incremento-de-salario-minimo\/#breadcrumb\",\"itemListElement\":[{\"@type\":\"ListItem\",\"position\":1,\"name\":\"Portada\",\"item\":\"https:\/\/pagina10.com\/web\/\"},{\"@type\":\"ListItem\",\"position\":2,\"name\":\"Comienzan reuniones para el incremento de salario minimo\"}]},{\"@type\":\"WebSite\",\"@id\":\"https:\/\/pagina10.com\/web\/#website\",\"url\":\"https:\/\/pagina10.com\/web\/\",\"name\":\"P\u00e1gina10\",\"description\":\"Peri\u00f3dico Regional\",\"publisher\":{\"@id\":\"https:\/\/pagina10.com\/web\/#organization\"},\"alternateName\":\"P\u00e1gina10 Peri\u00f3dico Regional\",\"potentialAction\":[{\"@type\":\"SearchAction\",\"target\":{\"@type\":\"EntryPoint\",\"urlTemplate\":\"https:\/\/pagina10.com\/web\/?s={search_term_string}\"},\"query-input\":{\"@type\":\"PropertyValueSpecification\",\"valueRequired\":true,\"valueName\":\"search_term_string\"}}],\"inLanguage\":\"es\"},{\"@type\":\"Organization\",\"@id\":\"https:\/\/pagina10.com\/web\/#organization\",\"name\":\"P\u00e1gina10\",\"alternateName\":\"P\u00e1gina10 Peri\u00f3dico Regional\",\"url\":\"https:\/\/pagina10.com\/web\/\",\"logo\":{\"@type\":\"ImageObject\",\"inLanguage\":\"es\",\"@id\":\"https:\/\/pagina10.com\/web\/#\/schema\/logo\/image\/\",\"url\":\"https:\/\/pagina10.com\/web\/wp-content\/uploads\/2024\/01\/40-pagina-10-periodico-regional-pasto.jpg\",\"contentUrl\":\"https:\/\/pagina10.com\/web\/wp-content\/uploads\/2024\/01\/40-pagina-10-periodico-regional-pasto.jpg\",\"width\":1280,\"height\":720,\"caption\":\"P\u00e1gina10\"},\"image\":{\"@id\":\"https:\/\/pagina10.com\/web\/#\/schema\/logo\/image\/\"},\"sameAs\":[\"https:\/\/www.facebook.com\/pag10com\",\"https:\/\/x.com\/Pag10com\",\"https:\/\/www.instagram.com\/pagina10col\/\",\"https:\/\/youtube.com\/channel\/pag10\",\"https:\/\/www.tiktok.com\/@p10col\"]},{\"@type\":\"Person\",\"@id\":\"https:\/\/pagina10.com\/web\/#\/schema\/person\/2efc4a090d25b667d3bc796798a3a81b\",\"name\":\"P\u00e1gina 10\",\"description\":\"P\u00e1gina 10 es un peri\u00f3dico regional que nace en Colombia, en el departamento de Nari\u00f1o, con un enfoque global, fundamentado en cuatro pilares esenciales: la libertad, el pluralismo, la inclusi\u00f3n y la independencia. P\u00e1gina 10 hace referencia a Nari\u00f1o como el d\u00e9cimo departamento creado en Colombia, despu\u00e9s de un proceso pol\u00edtico liderado por actores y actrices regionales con el fin de obtener la independencia y autonom\u00eda de nuestros territorios. Con la creaci\u00f3n de P\u00e1gina 10 se pretende abrir un escenario para el dialogo, la reflexi\u00f3n y el debate que se extienda a otras geograf\u00edas de Am\u00e9rica Latina y del planeta, en una apuesta por transformar colectivamente los desaf\u00edos de un mundo contempor\u00e1neo, m\u00e1s all\u00e1 de las fronteras impuestas.\",\"url\":\"https:\/\/pagina10.com\/web\/author\/pdiezadmin\/\"}]}<\/script>\n<!-- \/ Yoast SEO plugin. -->","yoast_head_json":{"title":"Comienzan reuniones para el incremento de salario minimo | P\u00e1gina10","robots":{"index":"index","follow":"follow","max-snippet":"max-snippet:-1","max-image-preview":"max-image-preview:large","max-video-preview":"max-video-preview:-1"},"canonical":"https:\/\/pagina10.com\/web\/comienzan-reuniones-para-el-incremento-de-salario-minimo\/","og_locale":"es_ES","og_type":"article","og_title":"Comienzan reuniones para el incremento de salario minimo | P\u00e1gina10","og_description":"Las negociaciones para concertar el salario m\u00ednimo entre el Gobierno Nacional, los movimientos sindicales y los gremios comenzar\u00edan el pr\u00f3ximo viernes 26 de noviembre. \u201cEl 26 de noviembre se convocar\u00e1 la mesa de concertaci\u00f3n laboral donde estar\u00e1n los trabajadores, Nosotros, como Gobierno, tenemos que garantizarla recuperaci\u00f3n de ingresos laborales durante la pandemia\u201d, explic\u00f3 el ministro [&hellip;]","og_url":"https:\/\/pagina10.com\/web\/comienzan-reuniones-para-el-incremento-de-salario-minimo\/","og_site_name":"P\u00e1gina10","article_publisher":"https:\/\/www.facebook.com\/pag10com","article_published_time":"2021-11-10T10:56:24+00:00","og_image":[{"width":1200,"height":675,"url":"https:\/\/pagina10.com\/web\/wp-content\/uploads\/2021\/11\/salario-minimo-colombia.jpeg","type":"image\/jpeg"}],"author":"P\u00e1gina 10","twitter_card":"summary_large_image","twitter_creator":"@Pag10com","twitter_site":"@Pag10com","twitter_misc":{"Escrito por":"P\u00e1gina 10","Tiempo de lectura":"1 minuto"},"schema":{"@context":"https:\/\/schema.org","@graph":[{"@type":"Article","@id":"https:\/\/pagina10.com\/web\/comienzan-reuniones-para-el-incremento-de-salario-minimo\/#article","isPartOf":{"@id":"https:\/\/pagina10.com\/web\/comienzan-reuniones-para-el-incremento-de-salario-minimo\/"},"author":{"name":"P\u00e1gina 10","@id":"https:\/\/pagina10.com\/web\/#\/schema\/person\/2efc4a090d25b667d3bc796798a3a81b"},"headline":"Comienzan reuniones para el incremento de salario minimo","datePublished":"2021-11-10T10:56:24+00:00","mainEntityOfPage":{"@id":"https:\/\/pagina10.com\/web\/comienzan-reuniones-para-el-incremento-de-salario-minimo\/"},"wordCount":144,"commentCount":0,"publisher":{"@id":"https:\/\/pagina10.com\/web\/#organization"},"image":{"@id":"https:\/\/pagina10.com\/web\/comienzan-reuniones-para-el-incremento-de-salario-minimo\/#primaryimage"},"thumbnailUrl":"https:\/\/pagina10.com\/web\/wp-content\/uploads\/2021\/11\/salario-minimo-colombia.jpeg","articleSection":["Nacional"],"inLanguage":"es","potentialAction":[{"@type":"CommentAction","name":"Comment","target":["https:\/\/pagina10.com\/web\/comienzan-reuniones-para-el-incremento-de-salario-minimo\/#respond"]}]},{"@type":"WebPage","@id":"https:\/\/pagina10.com\/web\/comienzan-reuniones-para-el-incremento-de-salario-minimo\/","url":"https:\/\/pagina10.com\/web\/comienzan-reuniones-para-el-incremento-de-salario-minimo\/","name":"Comienzan reuniones para el incremento de salario minimo | P\u00e1gina10","isPartOf":{"@id":"https:\/\/pagina10.com\/web\/#website"},"primaryImageOfPage":{"@id":"https:\/\/pagina10.com\/web\/comienzan-reuniones-para-el-incremento-de-salario-minimo\/#primaryimage"},"image":{"@id":"https:\/\/pagina10.com\/web\/comienzan-reuniones-para-el-incremento-de-salario-minimo\/#primaryimage"},"thumbnailUrl":"https:\/\/pagina10.com\/web\/wp-content\/uploads\/2021\/11\/salario-minimo-colombia.jpeg","datePublished":"2021-11-10T10:56:24+00:00","breadcrumb":{"@id":"https:\/\/pagina10.com\/web\/comienzan-reuniones-para-el-incremento-de-salario-minimo\/#breadcrumb"},"inLanguage":"es","potentialAction":[{"@type":"ReadAction","target":["https:\/\/pagina10.com\/web\/comienzan-reuniones-para-el-incremento-de-salario-minimo\/"]}]},{"@type":"ImageObject","inLanguage":"es","@id":"https:\/\/pagina10.com\/web\/comienzan-reuniones-para-el-incremento-de-salario-minimo\/#primaryimage","url":"https:\/\/pagina10.com\/web\/wp-content\/uploads\/2021\/11\/salario-minimo-colombia.jpeg","contentUrl":"https:\/\/pagina10.com\/web\/wp-content\/uploads\/2021\/11\/salario-minimo-colombia.jpeg","width":1200,"height":675},{"@type":"BreadcrumbList","@id":"https:\/\/pagina10.com\/web\/comienzan-reuniones-para-el-incremento-de-salario-minimo\/#breadcrumb","itemListElement":[{"@type":"ListItem","position":1,"name":"Portada","item":"https:\/\/pagina10.com\/web\/"},{"@type":"ListItem","position":2,"name":"Comienzan reuniones para el incremento de salario minimo"}]},{"@type":"WebSite","@id":"https:\/\/pagina10.com\/web\/#website","url":"https:\/\/pagina10.com\/web\/","name":"P\u00e1gina10","description":"Peri\u00f3dico Regional","publisher":{"@id":"https:\/\/pagina10.com\/web\/#organization"},"alternateName":"P\u00e1gina10 Peri\u00f3dico Regional","potentialAction":[{"@type":"SearchAction","target":{"@type":"EntryPoint","urlTemplate":"https:\/\/pagina10.com\/web\/?s={search_term_string}"},"query-input":{"@type":"PropertyValueSpecification","valueRequired":true,"valueName":"search_term_string"}}],"inLanguage":"es"},{"@type":"Organization","@id":"https:\/\/pagina10.com\/web\/#organization","name":"P\u00e1gina10","alternateName":"P\u00e1gina10 Peri\u00f3dico Regional","url":"https:\/\/pagina10.com\/web\/","logo":{"@type":"ImageObject","inLanguage":"es","@id":"https:\/\/pagina10.com\/web\/#\/schema\/logo\/image\/","url":"https:\/\/pagina10.com\/web\/wp-content\/uploads\/2024\/01\/40-pagina-10-periodico-regional-pasto.jpg","contentUrl":"https:\/\/pagina10.com\/web\/wp-content\/uploads\/2024\/01\/40-pagina-10-periodico-regional-pasto.jpg","width":1280,"height":720,"caption":"P\u00e1gina10"},"image":{"@id":"https:\/\/pagina10.com\/web\/#\/schema\/logo\/image\/"},"sameAs":["https:\/\/www.facebook.com\/pag10com","https:\/\/x.com\/Pag10com","https:\/\/www.instagram.com\/pagina10col\/","https:\/\/youtube.com\/channel\/pag10","https:\/\/www.tiktok.com\/@p10col"]},{"@type":"Person","@id":"https:\/\/pagina10.com\/web\/#\/schema\/person\/2efc4a090d25b667d3bc796798a3a81b","name":"P\u00e1gina 10","description":"P\u00e1gina 10 es un peri\u00f3dico regional que nace en Colombia, en el departamento de Nari\u00f1o, con un enfoque global, fundamentado en cuatro pilares esenciales: la libertad, el pluralismo, la inclusi\u00f3n y la independencia. P\u00e1gina 10 hace referencia a Nari\u00f1o como el d\u00e9cimo departamento creado en Colombia, despu\u00e9s de un proceso pol\u00edtico liderado por actores y actrices regionales con el fin de obtener la independencia y autonom\u00eda de nuestros territorios. Con la creaci\u00f3n de P\u00e1gina 10 se pretende abrir un escenario para el dialogo, la reflexi\u00f3n y el debate que se extienda a otras geograf\u00edas de Am\u00e9rica Latina y del planeta, en una apuesta por transformar colectivamente los desaf\u00edos de un mundo contempor\u00e1neo, m\u00e1s all\u00e1 de las fronteras impuestas.","url":"https:\/\/pagina10.com\/web\/author\/pdiezadmin\/"}]}},"_links":{"self":[{"href":"https:\/\/pagina10.com\/web\/wp-json\/wp\/v2\/posts\/56606","targetHints":{"allow":["GET"]}}],"collection":[{"href":"https:\/\/pagina10.com\/web\/wp-json\/wp\/v2\/posts"}],"about":[{"href":"https:\/\/pagina10.com\/web\/wp-json\/wp\/v2\/types\/post"}],"author":[{"embeddable":true,"href":"https:\/\/pagina10.com\/web\/wp-json\/wp\/v2\/users\/1"}],"replies":[{"embeddable":true,"href":"https:\/\/pagina10.com\/web\/wp-json\/wp\/v2\/comments?post=56606"}],"version-history":[{"count":1,"href":"https:\/\/pagina10.com\/web\/wp-json\/wp\/v2\/posts\/56606\/revisions"}],"predecessor-version":[{"id":56608,"href":"https:\/\/pagina10.com\/web\/wp-json\/wp\/v2\/posts\/56606\/revisions\/56608"}],"wp:featuredmedia":[{"embeddable":true,"href":"https:\/\/pagina10.com\/web\/wp-json\/wp\/v2\/media\/56607"}],"wp:attachment":[{"href":"https:\/\/pagina10.com\/web\/wp-json\/wp\/v2\/media?parent=56606"}],"wp:term":[{"taxonomy":"category","embeddable":true,"href":"https:\/\/pagina10.com\/web\/wp-json\/wp\/v2\/categories?post=56606"},{"taxonomy":"post_tag","embeddable":true,"href":"https:\/\/pagina10.com\/web\/wp-json\/wp\/v2\/tags?post=56606"}],"curies":[{"name":"wp","href":"https:\/\/api.w.org\/{rel}","templated":true}]}}