{"id":56635,"date":"2021-11-11T09:39:22","date_gmt":"2021-11-11T14:39:22","guid":{"rendered":"https:\/\/pagina10.com\/web\/?p=56635"},"modified":"2021-11-11T09:39:22","modified_gmt":"2021-11-11T14:39:22","slug":"la-ciclovia-nocturna-llega-este-12-de-noviembre-al-barrio-granada-suroccidente-de-pasto","status":"publish","type":"post","link":"https:\/\/pagina10.com\/web\/la-ciclovia-nocturna-llega-este-12-de-noviembre-al-barrio-granada-suroccidente-de-pasto\/","title":{"rendered":"La Ciclov\u00eda nocturna llega este 12 de noviembre al barrio Granada, suroccidente de Pasto"},"content":{"rendered":"<p style=\"text-align: justify;\">La directora de Pasto Deporte, Claudia Marcela Cano Rodr\u00edguez, asegur\u00f3 que se est\u00e1 cumpliendo el objetivo de beneficiar a las 12 comunas con actividad f\u00edsica y recreaci\u00f3n.<\/p>\n<p style=\"text-align: justify;\">Pasto Deporte tiene todo listo para llegar este viernes 12 de noviembre con la programaci\u00f3n de la Ciclov\u00eda nocturna al barrio Granada, de la Comuna Seis, en el suroccidente de la capital nari\u00f1ense.<\/p>\n<p style=\"text-align: justify;\">La directora de Pasto Deporte, Claudia Marcela Cano Rodr\u00edguez, afirm\u00f3 que el equipo del Instituto har\u00e1 presencia en este importarte sector con encuentros de banquitas, v\u00f3ley pie y actividad f\u00edsica para integrar a las familias.<\/p>\n<p style=\"text-align: justify;\">\u201cNos trazamos el prop\u00f3sito de llegar a las 12 comunas de Pasto para generar entre los ciudadanos una cultura saludable y lo estamos consiguiendo\u201d, asegur\u00f3 la funcionaria.<\/p>\n<p style=\"text-align: justify;\">En el parque principal se concentrar\u00e1n las sesiones de gimnasia y rumba aer\u00f3bica a cargo de los monitores de HEVS Zarand\u00e9ate Pasto La Gran Capital, adem\u00e1s de la recreaci\u00f3n dirigida coordinada por el programa Campamentos Juveniles y la Biciescuela que tiene preparadas sorpresas para motivar el uso de la bicicleta.<\/p>\n<p style=\"text-align: justify;\">\u201cEn todos los sectores de Pasto a donde llegamos con las ciclov\u00edas nocturnas nos reciben en medio de un ambiente de entusiasmo y ese es nuestro mayor aliciente, porque para tener h\u00e1bitos y estilos de vida saludable \u00fanicamente se necesita voluntad\u201d, expres\u00f3 la directora.<\/p>\n","protected":false},"excerpt":{"rendered":"<p>La directora de Pasto Deporte, Claudia Marcela Cano Rodr\u00edguez, asegur\u00f3 que se est\u00e1 cumpliendo el objetivo de beneficiar a las 12 comunas con actividad f\u00edsica y recreaci\u00f3n. Pasto Deporte tiene todo listo para llegar este viernes 12 de noviembre con la programaci\u00f3n de la Ciclov\u00eda nocturna al barrio Granada, de la Comuna Seis, en el [&hellip;]<\/p>\n","protected":false},"author":1,"featured_media":56636,"comment_status":"open","ping_status":"open","sticky":false,"template":"","format":"standard","meta":{"footnotes":""},"categories":[86],"tags":[],"class_list":["post-56635","post","type-post","status-publish","format-standard","has-post-thumbnail","hentry","category-deportes-2"],"yoast_head":"<!-- This site is optimized with the Yoast SEO plugin v27.1.1 - https:\/\/yoast.com\/product\/yoast-seo-wordpress\/ -->\n<title>La Ciclov\u00eda nocturna llega este 12 de noviembre al barrio Granada, suroccidente de Pasto | P\u00e1gina10<\/title>\n<meta name=\"robots\" content=\"index, follow, max-snippet:-1, max-image-preview:large, max-video-preview:-1\" \/>\n<link rel=\"canonical\" href=\"https:\/\/pagina10.com\/web\/la-ciclovia-nocturna-llega-este-12-de-noviembre-al-barrio-granada-suroccidente-de-pasto\/\" \/>\n<meta property=\"og:locale\" content=\"es_ES\" \/>\n<meta property=\"og:type\" content=\"article\" \/>\n<meta property=\"og:title\" content=\"La Ciclov\u00eda nocturna llega este 12 de noviembre al barrio Granada, suroccidente de Pasto | P\u00e1gina10\" \/>\n<meta property=\"og:description\" content=\"La directora de Pasto Deporte, Claudia Marcela Cano Rodr\u00edguez, asegur\u00f3 que se est\u00e1 cumpliendo el objetivo de beneficiar a las 12 comunas con actividad f\u00edsica y recreaci\u00f3n. Pasto Deporte tiene todo listo para llegar este viernes 12 de noviembre con la programaci\u00f3n de la Ciclov\u00eda nocturna al barrio Granada, de la Comuna Seis, en el [&hellip;]\" \/>\n<meta property=\"og:url\" content=\"https:\/\/pagina10.com\/web\/la-ciclovia-nocturna-llega-este-12-de-noviembre-al-barrio-granada-suroccidente-de-pasto\/\" \/>\n<meta property=\"og:site_name\" content=\"P\u00e1gina10\" \/>\n<meta property=\"article:publisher\" content=\"https:\/\/www.facebook.com\/pag10com\" \/>\n<meta property=\"article:published_time\" content=\"2021-11-11T14:39:22+00:00\" \/>\n<meta property=\"og:image\" content=\"https:\/\/pagina10.com\/web\/wp-content\/uploads\/2021\/11\/254294996_5141584385875064_8235340823688230686_n.jpg\" \/>\n\t<meta property=\"og:image:width\" content=\"960\" \/>\n\t<meta property=\"og:image:height\" content=\"720\" \/>\n\t<meta property=\"og:image:type\" content=\"image\/jpeg\" \/>\n<meta name=\"author\" content=\"P\u00e1gina 10\" \/>\n<meta name=\"twitter:card\" content=\"summary_large_image\" \/>\n<meta name=\"twitter:creator\" content=\"@Pag10com\" \/>\n<meta name=\"twitter:site\" content=\"@Pag10com\" \/>\n<meta name=\"twitter:label1\" content=\"Escrito por\" \/>\n\t<meta name=\"twitter:data1\" content=\"P\u00e1gina 10\" \/>\n\t<meta name=\"twitter:label2\" content=\"Tiempo de lectura\" \/>\n\t<meta name=\"twitter:data2\" content=\"1 minuto\" \/>\n<script type=\"application\/ld+json\" class=\"yoast-schema-graph\">{\"@context\":\"https:\/\/schema.org\",\"@graph\":[{\"@type\":\"Article\",\"@id\":\"https:\/\/pagina10.com\/web\/la-ciclovia-nocturna-llega-este-12-de-noviembre-al-barrio-granada-suroccidente-de-pasto\/#article\",\"isPartOf\":{\"@id\":\"https:\/\/pagina10.com\/web\/la-ciclovia-nocturna-llega-este-12-de-noviembre-al-barrio-granada-suroccidente-de-pasto\/\"},\"author\":{\"name\":\"P\u00e1gina 10\",\"@id\":\"https:\/\/pagina10.com\/web\/#\/schema\/person\/2efc4a090d25b667d3bc796798a3a81b\"},\"headline\":\"La Ciclov\u00eda nocturna llega este 12 de noviembre al barrio Granada, suroccidente de Pasto\",\"datePublished\":\"2021-11-11T14:39:22+00:00\",\"mainEntityOfPage\":{\"@id\":\"https:\/\/pagina10.com\/web\/la-ciclovia-nocturna-llega-este-12-de-noviembre-al-barrio-granada-suroccidente-de-pasto\/\"},\"wordCount\":244,\"commentCount\":0,\"publisher\":{\"@id\":\"https:\/\/pagina10.com\/web\/#organization\"},\"image\":{\"@id\":\"https:\/\/pagina10.com\/web\/la-ciclovia-nocturna-llega-este-12-de-noviembre-al-barrio-granada-suroccidente-de-pasto\/#primaryimage\"},\"thumbnailUrl\":\"https:\/\/pagina10.com\/web\/wp-content\/uploads\/2021\/11\/254294996_5141584385875064_8235340823688230686_n.jpg\",\"articleSection\":[\"Deportes\"],\"inLanguage\":\"es\",\"potentialAction\":[{\"@type\":\"CommentAction\",\"name\":\"Comment\",\"target\":[\"https:\/\/pagina10.com\/web\/la-ciclovia-nocturna-llega-este-12-de-noviembre-al-barrio-granada-suroccidente-de-pasto\/#respond\"]}]},{\"@type\":\"WebPage\",\"@id\":\"https:\/\/pagina10.com\/web\/la-ciclovia-nocturna-llega-este-12-de-noviembre-al-barrio-granada-suroccidente-de-pasto\/\",\"url\":\"https:\/\/pagina10.com\/web\/la-ciclovia-nocturna-llega-este-12-de-noviembre-al-barrio-granada-suroccidente-de-pasto\/\",\"name\":\"La Ciclov\u00eda nocturna llega este 12 de noviembre al barrio Granada, suroccidente de Pasto | P\u00e1gina10\",\"isPartOf\":{\"@id\":\"https:\/\/pagina10.com\/web\/#website\"},\"primaryImageOfPage\":{\"@id\":\"https:\/\/pagina10.com\/web\/la-ciclovia-nocturna-llega-este-12-de-noviembre-al-barrio-granada-suroccidente-de-pasto\/#primaryimage\"},\"image\":{\"@id\":\"https:\/\/pagina10.com\/web\/la-ciclovia-nocturna-llega-este-12-de-noviembre-al-barrio-granada-suroccidente-de-pasto\/#primaryimage\"},\"thumbnailUrl\":\"https:\/\/pagina10.com\/web\/wp-content\/uploads\/2021\/11\/254294996_5141584385875064_8235340823688230686_n.jpg\",\"datePublished\":\"2021-11-11T14:39:22+00:00\",\"breadcrumb\":{\"@id\":\"https:\/\/pagina10.com\/web\/la-ciclovia-nocturna-llega-este-12-de-noviembre-al-barrio-granada-suroccidente-de-pasto\/#breadcrumb\"},\"inLanguage\":\"es\",\"potentialAction\":[{\"@type\":\"ReadAction\",\"target\":[\"https:\/\/pagina10.com\/web\/la-ciclovia-nocturna-llega-este-12-de-noviembre-al-barrio-granada-suroccidente-de-pasto\/\"]}]},{\"@type\":\"ImageObject\",\"inLanguage\":\"es\",\"@id\":\"https:\/\/pagina10.com\/web\/la-ciclovia-nocturna-llega-este-12-de-noviembre-al-barrio-granada-suroccidente-de-pasto\/#primaryimage\",\"url\":\"https:\/\/pagina10.com\/web\/wp-content\/uploads\/2021\/11\/254294996_5141584385875064_8235340823688230686_n.jpg\",\"contentUrl\":\"https:\/\/pagina10.com\/web\/wp-content\/uploads\/2021\/11\/254294996_5141584385875064_8235340823688230686_n.jpg\",\"width\":960,\"height\":720},{\"@type\":\"BreadcrumbList\",\"@id\":\"https:\/\/pagina10.com\/web\/la-ciclovia-nocturna-llega-este-12-de-noviembre-al-barrio-granada-suroccidente-de-pasto\/#breadcrumb\",\"itemListElement\":[{\"@type\":\"ListItem\",\"position\":1,\"name\":\"Portada\",\"item\":\"https:\/\/pagina10.com\/web\/\"},{\"@type\":\"ListItem\",\"position\":2,\"name\":\"La Ciclov\u00eda nocturna llega este 12 de noviembre al barrio Granada, suroccidente de Pasto\"}]},{\"@type\":\"WebSite\",\"@id\":\"https:\/\/pagina10.com\/web\/#website\",\"url\":\"https:\/\/pagina10.com\/web\/\",\"name\":\"P\u00e1gina10\",\"description\":\"Peri\u00f3dico Regional\",\"publisher\":{\"@id\":\"https:\/\/pagina10.com\/web\/#organization\"},\"alternateName\":\"P\u00e1gina10 Peri\u00f3dico Regional\",\"potentialAction\":[{\"@type\":\"SearchAction\",\"target\":{\"@type\":\"EntryPoint\",\"urlTemplate\":\"https:\/\/pagina10.com\/web\/?s={search_term_string}\"},\"query-input\":{\"@type\":\"PropertyValueSpecification\",\"valueRequired\":true,\"valueName\":\"search_term_string\"}}],\"inLanguage\":\"es\"},{\"@type\":\"Organization\",\"@id\":\"https:\/\/pagina10.com\/web\/#organization\",\"name\":\"P\u00e1gina10\",\"alternateName\":\"P\u00e1gina10 Peri\u00f3dico Regional\",\"url\":\"https:\/\/pagina10.com\/web\/\",\"logo\":{\"@type\":\"ImageObject\",\"inLanguage\":\"es\",\"@id\":\"https:\/\/pagina10.com\/web\/#\/schema\/logo\/image\/\",\"url\":\"https:\/\/pagina10.com\/web\/wp-content\/uploads\/2024\/01\/40-pagina-10-periodico-regional-pasto.jpg\",\"contentUrl\":\"https:\/\/pagina10.com\/web\/wp-content\/uploads\/2024\/01\/40-pagina-10-periodico-regional-pasto.jpg\",\"width\":1280,\"height\":720,\"caption\":\"P\u00e1gina10\"},\"image\":{\"@id\":\"https:\/\/pagina10.com\/web\/#\/schema\/logo\/image\/\"},\"sameAs\":[\"https:\/\/www.facebook.com\/pag10com\",\"https:\/\/x.com\/Pag10com\",\"https:\/\/www.instagram.com\/pagina10col\/\",\"https:\/\/youtube.com\/channel\/pag10\",\"https:\/\/www.tiktok.com\/@p10col\"]},{\"@type\":\"Person\",\"@id\":\"https:\/\/pagina10.com\/web\/#\/schema\/person\/2efc4a090d25b667d3bc796798a3a81b\",\"name\":\"P\u00e1gina 10\",\"description\":\"P\u00e1gina 10 es un peri\u00f3dico regional que nace en Colombia, en el departamento de Nari\u00f1o, con un enfoque global, fundamentado en cuatro pilares esenciales: la libertad, el pluralismo, la inclusi\u00f3n y la independencia. P\u00e1gina 10 hace referencia a Nari\u00f1o como el d\u00e9cimo departamento creado en Colombia, despu\u00e9s de un proceso pol\u00edtico liderado por actores y actrices regionales con el fin de obtener la independencia y autonom\u00eda de nuestros territorios. Con la creaci\u00f3n de P\u00e1gina 10 se pretende abrir un escenario para el dialogo, la reflexi\u00f3n y el debate que se extienda a otras geograf\u00edas de Am\u00e9rica Latina y del planeta, en una apuesta por transformar colectivamente los desaf\u00edos de un mundo contempor\u00e1neo, m\u00e1s all\u00e1 de las fronteras impuestas.\",\"url\":\"https:\/\/pagina10.com\/web\/author\/pdiezadmin\/\"}]}<\/script>\n<!-- \/ Yoast SEO plugin. -->","yoast_head_json":{"title":"La Ciclov\u00eda nocturna llega este 12 de noviembre al barrio Granada, suroccidente de Pasto | P\u00e1gina10","robots":{"index":"index","follow":"follow","max-snippet":"max-snippet:-1","max-image-preview":"max-image-preview:large","max-video-preview":"max-video-preview:-1"},"canonical":"https:\/\/pagina10.com\/web\/la-ciclovia-nocturna-llega-este-12-de-noviembre-al-barrio-granada-suroccidente-de-pasto\/","og_locale":"es_ES","og_type":"article","og_title":"La Ciclov\u00eda nocturna llega este 12 de noviembre al barrio Granada, suroccidente de Pasto | P\u00e1gina10","og_description":"La directora de Pasto Deporte, Claudia Marcela Cano Rodr\u00edguez, asegur\u00f3 que se est\u00e1 cumpliendo el objetivo de beneficiar a las 12 comunas con actividad f\u00edsica y recreaci\u00f3n. Pasto Deporte tiene todo listo para llegar este viernes 12 de noviembre con la programaci\u00f3n de la Ciclov\u00eda nocturna al barrio Granada, de la Comuna Seis, en el [&hellip;]","og_url":"https:\/\/pagina10.com\/web\/la-ciclovia-nocturna-llega-este-12-de-noviembre-al-barrio-granada-suroccidente-de-pasto\/","og_site_name":"P\u00e1gina10","article_publisher":"https:\/\/www.facebook.com\/pag10com","article_published_time":"2021-11-11T14:39:22+00:00","og_image":[{"width":960,"height":720,"url":"https:\/\/pagina10.com\/web\/wp-content\/uploads\/2021\/11\/254294996_5141584385875064_8235340823688230686_n.jpg","type":"image\/jpeg"}],"author":"P\u00e1gina 10","twitter_card":"summary_large_image","twitter_creator":"@Pag10com","twitter_site":"@Pag10com","twitter_misc":{"Escrito por":"P\u00e1gina 10","Tiempo de lectura":"1 minuto"},"schema":{"@context":"https:\/\/schema.org","@graph":[{"@type":"Article","@id":"https:\/\/pagina10.com\/web\/la-ciclovia-nocturna-llega-este-12-de-noviembre-al-barrio-granada-suroccidente-de-pasto\/#article","isPartOf":{"@id":"https:\/\/pagina10.com\/web\/la-ciclovia-nocturna-llega-este-12-de-noviembre-al-barrio-granada-suroccidente-de-pasto\/"},"author":{"name":"P\u00e1gina 10","@id":"https:\/\/pagina10.com\/web\/#\/schema\/person\/2efc4a090d25b667d3bc796798a3a81b"},"headline":"La Ciclov\u00eda nocturna llega este 12 de noviembre al barrio Granada, suroccidente de Pasto","datePublished":"2021-11-11T14:39:22+00:00","mainEntityOfPage":{"@id":"https:\/\/pagina10.com\/web\/la-ciclovia-nocturna-llega-este-12-de-noviembre-al-barrio-granada-suroccidente-de-pasto\/"},"wordCount":244,"commentCount":0,"publisher":{"@id":"https:\/\/pagina10.com\/web\/#organization"},"image":{"@id":"https:\/\/pagina10.com\/web\/la-ciclovia-nocturna-llega-este-12-de-noviembre-al-barrio-granada-suroccidente-de-pasto\/#primaryimage"},"thumbnailUrl":"https:\/\/pagina10.com\/web\/wp-content\/uploads\/2021\/11\/254294996_5141584385875064_8235340823688230686_n.jpg","articleSection":["Deportes"],"inLanguage":"es","potentialAction":[{"@type":"CommentAction","name":"Comment","target":["https:\/\/pagina10.com\/web\/la-ciclovia-nocturna-llega-este-12-de-noviembre-al-barrio-granada-suroccidente-de-pasto\/#respond"]}]},{"@type":"WebPage","@id":"https:\/\/pagina10.com\/web\/la-ciclovia-nocturna-llega-este-12-de-noviembre-al-barrio-granada-suroccidente-de-pasto\/","url":"https:\/\/pagina10.com\/web\/la-ciclovia-nocturna-llega-este-12-de-noviembre-al-barrio-granada-suroccidente-de-pasto\/","name":"La Ciclov\u00eda nocturna llega este 12 de noviembre al barrio Granada, suroccidente de Pasto | P\u00e1gina10","isPartOf":{"@id":"https:\/\/pagina10.com\/web\/#website"},"primaryImageOfPage":{"@id":"https:\/\/pagina10.com\/web\/la-ciclovia-nocturna-llega-este-12-de-noviembre-al-barrio-granada-suroccidente-de-pasto\/#primaryimage"},"image":{"@id":"https:\/\/pagina10.com\/web\/la-ciclovia-nocturna-llega-este-12-de-noviembre-al-barrio-granada-suroccidente-de-pasto\/#primaryimage"},"thumbnailUrl":"https:\/\/pagina10.com\/web\/wp-content\/uploads\/2021\/11\/254294996_5141584385875064_8235340823688230686_n.jpg","datePublished":"2021-11-11T14:39:22+00:00","breadcrumb":{"@id":"https:\/\/pagina10.com\/web\/la-ciclovia-nocturna-llega-este-12-de-noviembre-al-barrio-granada-suroccidente-de-pasto\/#breadcrumb"},"inLanguage":"es","potentialAction":[{"@type":"ReadAction","target":["https:\/\/pagina10.com\/web\/la-ciclovia-nocturna-llega-este-12-de-noviembre-al-barrio-granada-suroccidente-de-pasto\/"]}]},{"@type":"ImageObject","inLanguage":"es","@id":"https:\/\/pagina10.com\/web\/la-ciclovia-nocturna-llega-este-12-de-noviembre-al-barrio-granada-suroccidente-de-pasto\/#primaryimage","url":"https:\/\/pagina10.com\/web\/wp-content\/uploads\/2021\/11\/254294996_5141584385875064_8235340823688230686_n.jpg","contentUrl":"https:\/\/pagina10.com\/web\/wp-content\/uploads\/2021\/11\/254294996_5141584385875064_8235340823688230686_n.jpg","width":960,"height":720},{"@type":"BreadcrumbList","@id":"https:\/\/pagina10.com\/web\/la-ciclovia-nocturna-llega-este-12-de-noviembre-al-barrio-granada-suroccidente-de-pasto\/#breadcrumb","itemListElement":[{"@type":"ListItem","position":1,"name":"Portada","item":"https:\/\/pagina10.com\/web\/"},{"@type":"ListItem","position":2,"name":"La Ciclov\u00eda nocturna llega este 12 de noviembre al barrio Granada, suroccidente de Pasto"}]},{"@type":"WebSite","@id":"https:\/\/pagina10.com\/web\/#website","url":"https:\/\/pagina10.com\/web\/","name":"P\u00e1gina10","description":"Peri\u00f3dico Regional","publisher":{"@id":"https:\/\/pagina10.com\/web\/#organization"},"alternateName":"P\u00e1gina10 Peri\u00f3dico Regional","potentialAction":[{"@type":"SearchAction","target":{"@type":"EntryPoint","urlTemplate":"https:\/\/pagina10.com\/web\/?s={search_term_string}"},"query-input":{"@type":"PropertyValueSpecification","valueRequired":true,"valueName":"search_term_string"}}],"inLanguage":"es"},{"@type":"Organization","@id":"https:\/\/pagina10.com\/web\/#organization","name":"P\u00e1gina10","alternateName":"P\u00e1gina10 Peri\u00f3dico Regional","url":"https:\/\/pagina10.com\/web\/","logo":{"@type":"ImageObject","inLanguage":"es","@id":"https:\/\/pagina10.com\/web\/#\/schema\/logo\/image\/","url":"https:\/\/pagina10.com\/web\/wp-content\/uploads\/2024\/01\/40-pagina-10-periodico-regional-pasto.jpg","contentUrl":"https:\/\/pagina10.com\/web\/wp-content\/uploads\/2024\/01\/40-pagina-10-periodico-regional-pasto.jpg","width":1280,"height":720,"caption":"P\u00e1gina10"},"image":{"@id":"https:\/\/pagina10.com\/web\/#\/schema\/logo\/image\/"},"sameAs":["https:\/\/www.facebook.com\/pag10com","https:\/\/x.com\/Pag10com","https:\/\/www.instagram.com\/pagina10col\/","https:\/\/youtube.com\/channel\/pag10","https:\/\/www.tiktok.com\/@p10col"]},{"@type":"Person","@id":"https:\/\/pagina10.com\/web\/#\/schema\/person\/2efc4a090d25b667d3bc796798a3a81b","name":"P\u00e1gina 10","description":"P\u00e1gina 10 es un peri\u00f3dico regional que nace en Colombia, en el departamento de Nari\u00f1o, con un enfoque global, fundamentado en cuatro pilares esenciales: la libertad, el pluralismo, la inclusi\u00f3n y la independencia. P\u00e1gina 10 hace referencia a Nari\u00f1o como el d\u00e9cimo departamento creado en Colombia, despu\u00e9s de un proceso pol\u00edtico liderado por actores y actrices regionales con el fin de obtener la independencia y autonom\u00eda de nuestros territorios. Con la creaci\u00f3n de P\u00e1gina 10 se pretende abrir un escenario para el dialogo, la reflexi\u00f3n y el debate que se extienda a otras geograf\u00edas de Am\u00e9rica Latina y del planeta, en una apuesta por transformar colectivamente los desaf\u00edos de un mundo contempor\u00e1neo, m\u00e1s all\u00e1 de las fronteras impuestas.","url":"https:\/\/pagina10.com\/web\/author\/pdiezadmin\/"}]}},"_links":{"self":[{"href":"https:\/\/pagina10.com\/web\/wp-json\/wp\/v2\/posts\/56635","targetHints":{"allow":["GET"]}}],"collection":[{"href":"https:\/\/pagina10.com\/web\/wp-json\/wp\/v2\/posts"}],"about":[{"href":"https:\/\/pagina10.com\/web\/wp-json\/wp\/v2\/types\/post"}],"author":[{"embeddable":true,"href":"https:\/\/pagina10.com\/web\/wp-json\/wp\/v2\/users\/1"}],"replies":[{"embeddable":true,"href":"https:\/\/pagina10.com\/web\/wp-json\/wp\/v2\/comments?post=56635"}],"version-history":[{"count":1,"href":"https:\/\/pagina10.com\/web\/wp-json\/wp\/v2\/posts\/56635\/revisions"}],"predecessor-version":[{"id":56637,"href":"https:\/\/pagina10.com\/web\/wp-json\/wp\/v2\/posts\/56635\/revisions\/56637"}],"wp:featuredmedia":[{"embeddable":true,"href":"https:\/\/pagina10.com\/web\/wp-json\/wp\/v2\/media\/56636"}],"wp:attachment":[{"href":"https:\/\/pagina10.com\/web\/wp-json\/wp\/v2\/media?parent=56635"}],"wp:term":[{"taxonomy":"category","embeddable":true,"href":"https:\/\/pagina10.com\/web\/wp-json\/wp\/v2\/categories?post=56635"},{"taxonomy":"post_tag","embeddable":true,"href":"https:\/\/pagina10.com\/web\/wp-json\/wp\/v2\/tags?post=56635"}],"curies":[{"name":"wp","href":"https:\/\/api.w.org\/{rel}","templated":true}]}}