{"id":56652,"date":"2021-11-11T17:00:02","date_gmt":"2021-11-11T22:00:02","guid":{"rendered":"https:\/\/pagina10.com\/web\/?p=56652"},"modified":"2021-11-11T17:00:02","modified_gmt":"2021-11-11T22:00:02","slug":"empleados-publicos-recibiran-prima-anticipada","status":"publish","type":"post","link":"https:\/\/pagina10.com\/web\/empleados-publicos-recibiran-prima-anticipada\/","title":{"rendered":"Empleados p\u00fablicos recibir\u00e1n prima anticipada"},"content":{"rendered":"<p style=\"text-align: justify;\">El pago de prima de navidad para la vigencia fiscal del 2021 se le adelantar\u00e1 a por lo menos a 600 mil servidores del orden nacional este mes de diciembre, el decreto que emiti\u00f3 Funci\u00f3n P\u00fablica ya fue firmado por el ministro de Hacienda, previa aprobaci\u00f3n del presidente Iv\u00e1n Duque.<\/p>\n<ul style=\"text-align: justify;\">\n<li>Beneficia a m\u00e1s de 600.000 servidores p\u00fablicos de entidades del orden nacional<\/li>\n<li>Prima de navidad = 1 salario<\/li>\n<li>Mayor reactivaci\u00f3n econ\u00f3mica, y Mayor provecho al d\u00eda sin IVA.<\/li>\n<\/ul>\n<p style=\"text-align: justify;\">El Gobierno Nacional espera darle un impulso a la econom\u00eda del pa\u00eds al finalizar este 2021.<\/p>\n<p style=\"text-align: justify;\">Este D<strong>ecreto 1458 de 2021,\u00a0<\/strong>permite a las entidades territoriales acogerse al decreto para hacer lo mismo con sus colaboradores.<\/p>\n<p style=\"text-align: justify;\">Los pr\u00f3ximos d\u00edas sin IVA ser\u00e1n el 19 de noviembre y 3 de diciembre, se presume entonces que la prima en este caso se pagar\u00e1 la pr\u00f3xima semana antes del 19.<\/p>\n","protected":false},"excerpt":{"rendered":"<p>El pago de prima de navidad para la vigencia fiscal del 2021 se le adelantar\u00e1 a por lo menos a 600 mil servidores del orden nacional este mes de diciembre, el decreto que emiti\u00f3 Funci\u00f3n P\u00fablica ya fue firmado por el ministro de Hacienda, previa aprobaci\u00f3n del presidente Iv\u00e1n Duque. Beneficia a m\u00e1s de 600.000 [&hellip;]<\/p>\n","protected":false},"author":1,"featured_media":56653,"comment_status":"open","ping_status":"open","sticky":false,"template":"","format":"standard","meta":{"footnotes":""},"categories":[24],"tags":[],"class_list":["post-56652","post","type-post","status-publish","format-standard","has-post-thumbnail","hentry","category-nacional"],"yoast_head":"<!-- This site is optimized with the Yoast SEO plugin v27.1.1 - https:\/\/yoast.com\/product\/yoast-seo-wordpress\/ -->\n<title>Empleados p\u00fablicos recibir\u00e1n prima anticipada | P\u00e1gina10<\/title>\n<meta name=\"robots\" content=\"index, follow, max-snippet:-1, max-image-preview:large, max-video-preview:-1\" \/>\n<link rel=\"canonical\" href=\"https:\/\/pagina10.com\/web\/empleados-publicos-recibiran-prima-anticipada\/\" \/>\n<meta property=\"og:locale\" content=\"es_ES\" \/>\n<meta property=\"og:type\" content=\"article\" \/>\n<meta property=\"og:title\" content=\"Empleados p\u00fablicos recibir\u00e1n prima anticipada | P\u00e1gina10\" \/>\n<meta property=\"og:description\" content=\"El pago de prima de navidad para la vigencia fiscal del 2021 se le adelantar\u00e1 a por lo menos a 600 mil servidores del orden nacional este mes de diciembre, el decreto que emiti\u00f3 Funci\u00f3n P\u00fablica ya fue firmado por el ministro de Hacienda, previa aprobaci\u00f3n del presidente Iv\u00e1n Duque. Beneficia a m\u00e1s de 600.000 [&hellip;]\" \/>\n<meta property=\"og:url\" content=\"https:\/\/pagina10.com\/web\/empleados-publicos-recibiran-prima-anticipada\/\" \/>\n<meta property=\"og:site_name\" content=\"P\u00e1gina10\" \/>\n<meta property=\"article:publisher\" content=\"https:\/\/www.facebook.com\/pag10com\" \/>\n<meta property=\"article:published_time\" content=\"2021-11-11T22:00:02+00:00\" \/>\n<meta property=\"og:image\" content=\"https:\/\/pagina10.com\/web\/wp-content\/uploads\/2021\/11\/5cbf6e0fc793c.r_1608252727854.0-942-2625-2245.jpeg\" \/>\n\t<meta property=\"og:image:width\" content=\"640\" \/>\n\t<meta property=\"og:image:height\" content=\"428\" \/>\n\t<meta property=\"og:image:type\" content=\"image\/jpeg\" \/>\n<meta name=\"author\" content=\"P\u00e1gina 10\" \/>\n<meta name=\"twitter:card\" content=\"summary_large_image\" \/>\n<meta name=\"twitter:creator\" content=\"@Pag10com\" \/>\n<meta name=\"twitter:site\" content=\"@Pag10com\" \/>\n<meta name=\"twitter:label1\" content=\"Escrito por\" \/>\n\t<meta name=\"twitter:data1\" content=\"P\u00e1gina 10\" \/>\n\t<meta name=\"twitter:label2\" content=\"Tiempo de lectura\" \/>\n\t<meta name=\"twitter:data2\" content=\"1 minuto\" \/>\n<script type=\"application\/ld+json\" class=\"yoast-schema-graph\">{\"@context\":\"https:\/\/schema.org\",\"@graph\":[{\"@type\":\"Article\",\"@id\":\"https:\/\/pagina10.com\/web\/empleados-publicos-recibiran-prima-anticipada\/#article\",\"isPartOf\":{\"@id\":\"https:\/\/pagina10.com\/web\/empleados-publicos-recibiran-prima-anticipada\/\"},\"author\":{\"name\":\"P\u00e1gina 10\",\"@id\":\"https:\/\/pagina10.com\/web\/#\/schema\/person\/2efc4a090d25b667d3bc796798a3a81b\"},\"headline\":\"Empleados p\u00fablicos recibir\u00e1n prima anticipada\",\"datePublished\":\"2021-11-11T22:00:02+00:00\",\"mainEntityOfPage\":{\"@id\":\"https:\/\/pagina10.com\/web\/empleados-publicos-recibiran-prima-anticipada\/\"},\"wordCount\":156,\"commentCount\":0,\"publisher\":{\"@id\":\"https:\/\/pagina10.com\/web\/#organization\"},\"image\":{\"@id\":\"https:\/\/pagina10.com\/web\/empleados-publicos-recibiran-prima-anticipada\/#primaryimage\"},\"thumbnailUrl\":\"https:\/\/pagina10.com\/web\/wp-content\/uploads\/2021\/11\/5cbf6e0fc793c.r_1608252727854.0-942-2625-2245.jpeg\",\"articleSection\":[\"Nacional\"],\"inLanguage\":\"es\",\"potentialAction\":[{\"@type\":\"CommentAction\",\"name\":\"Comment\",\"target\":[\"https:\/\/pagina10.com\/web\/empleados-publicos-recibiran-prima-anticipada\/#respond\"]}]},{\"@type\":\"WebPage\",\"@id\":\"https:\/\/pagina10.com\/web\/empleados-publicos-recibiran-prima-anticipada\/\",\"url\":\"https:\/\/pagina10.com\/web\/empleados-publicos-recibiran-prima-anticipada\/\",\"name\":\"Empleados p\u00fablicos recibir\u00e1n prima anticipada | P\u00e1gina10\",\"isPartOf\":{\"@id\":\"https:\/\/pagina10.com\/web\/#website\"},\"primaryImageOfPage\":{\"@id\":\"https:\/\/pagina10.com\/web\/empleados-publicos-recibiran-prima-anticipada\/#primaryimage\"},\"image\":{\"@id\":\"https:\/\/pagina10.com\/web\/empleados-publicos-recibiran-prima-anticipada\/#primaryimage\"},\"thumbnailUrl\":\"https:\/\/pagina10.com\/web\/wp-content\/uploads\/2021\/11\/5cbf6e0fc793c.r_1608252727854.0-942-2625-2245.jpeg\",\"datePublished\":\"2021-11-11T22:00:02+00:00\",\"breadcrumb\":{\"@id\":\"https:\/\/pagina10.com\/web\/empleados-publicos-recibiran-prima-anticipada\/#breadcrumb\"},\"inLanguage\":\"es\",\"potentialAction\":[{\"@type\":\"ReadAction\",\"target\":[\"https:\/\/pagina10.com\/web\/empleados-publicos-recibiran-prima-anticipada\/\"]}]},{\"@type\":\"ImageObject\",\"inLanguage\":\"es\",\"@id\":\"https:\/\/pagina10.com\/web\/empleados-publicos-recibiran-prima-anticipada\/#primaryimage\",\"url\":\"https:\/\/pagina10.com\/web\/wp-content\/uploads\/2021\/11\/5cbf6e0fc793c.r_1608252727854.0-942-2625-2245.jpeg\",\"contentUrl\":\"https:\/\/pagina10.com\/web\/wp-content\/uploads\/2021\/11\/5cbf6e0fc793c.r_1608252727854.0-942-2625-2245.jpeg\",\"width\":640,\"height\":428},{\"@type\":\"BreadcrumbList\",\"@id\":\"https:\/\/pagina10.com\/web\/empleados-publicos-recibiran-prima-anticipada\/#breadcrumb\",\"itemListElement\":[{\"@type\":\"ListItem\",\"position\":1,\"name\":\"Portada\",\"item\":\"https:\/\/pagina10.com\/web\/\"},{\"@type\":\"ListItem\",\"position\":2,\"name\":\"Empleados p\u00fablicos recibir\u00e1n prima anticipada\"}]},{\"@type\":\"WebSite\",\"@id\":\"https:\/\/pagina10.com\/web\/#website\",\"url\":\"https:\/\/pagina10.com\/web\/\",\"name\":\"P\u00e1gina10\",\"description\":\"Peri\u00f3dico Regional\",\"publisher\":{\"@id\":\"https:\/\/pagina10.com\/web\/#organization\"},\"alternateName\":\"P\u00e1gina10 Peri\u00f3dico Regional\",\"potentialAction\":[{\"@type\":\"SearchAction\",\"target\":{\"@type\":\"EntryPoint\",\"urlTemplate\":\"https:\/\/pagina10.com\/web\/?s={search_term_string}\"},\"query-input\":{\"@type\":\"PropertyValueSpecification\",\"valueRequired\":true,\"valueName\":\"search_term_string\"}}],\"inLanguage\":\"es\"},{\"@type\":\"Organization\",\"@id\":\"https:\/\/pagina10.com\/web\/#organization\",\"name\":\"P\u00e1gina10\",\"alternateName\":\"P\u00e1gina10 Peri\u00f3dico Regional\",\"url\":\"https:\/\/pagina10.com\/web\/\",\"logo\":{\"@type\":\"ImageObject\",\"inLanguage\":\"es\",\"@id\":\"https:\/\/pagina10.com\/web\/#\/schema\/logo\/image\/\",\"url\":\"https:\/\/pagina10.com\/web\/wp-content\/uploads\/2024\/01\/40-pagina-10-periodico-regional-pasto.jpg\",\"contentUrl\":\"https:\/\/pagina10.com\/web\/wp-content\/uploads\/2024\/01\/40-pagina-10-periodico-regional-pasto.jpg\",\"width\":1280,\"height\":720,\"caption\":\"P\u00e1gina10\"},\"image\":{\"@id\":\"https:\/\/pagina10.com\/web\/#\/schema\/logo\/image\/\"},\"sameAs\":[\"https:\/\/www.facebook.com\/pag10com\",\"https:\/\/x.com\/Pag10com\",\"https:\/\/www.instagram.com\/pagina10col\/\",\"https:\/\/youtube.com\/channel\/pag10\",\"https:\/\/www.tiktok.com\/@p10col\"]},{\"@type\":\"Person\",\"@id\":\"https:\/\/pagina10.com\/web\/#\/schema\/person\/2efc4a090d25b667d3bc796798a3a81b\",\"name\":\"P\u00e1gina 10\",\"description\":\"P\u00e1gina 10 es un peri\u00f3dico regional que nace en Colombia, en el departamento de Nari\u00f1o, con un enfoque global, fundamentado en cuatro pilares esenciales: la libertad, el pluralismo, la inclusi\u00f3n y la independencia. P\u00e1gina 10 hace referencia a Nari\u00f1o como el d\u00e9cimo departamento creado en Colombia, despu\u00e9s de un proceso pol\u00edtico liderado por actores y actrices regionales con el fin de obtener la independencia y autonom\u00eda de nuestros territorios. Con la creaci\u00f3n de P\u00e1gina 10 se pretende abrir un escenario para el dialogo, la reflexi\u00f3n y el debate que se extienda a otras geograf\u00edas de Am\u00e9rica Latina y del planeta, en una apuesta por transformar colectivamente los desaf\u00edos de un mundo contempor\u00e1neo, m\u00e1s all\u00e1 de las fronteras impuestas.\",\"url\":\"https:\/\/pagina10.com\/web\/author\/pdiezadmin\/\"}]}<\/script>\n<!-- \/ Yoast SEO plugin. -->","yoast_head_json":{"title":"Empleados p\u00fablicos recibir\u00e1n prima anticipada | P\u00e1gina10","robots":{"index":"index","follow":"follow","max-snippet":"max-snippet:-1","max-image-preview":"max-image-preview:large","max-video-preview":"max-video-preview:-1"},"canonical":"https:\/\/pagina10.com\/web\/empleados-publicos-recibiran-prima-anticipada\/","og_locale":"es_ES","og_type":"article","og_title":"Empleados p\u00fablicos recibir\u00e1n prima anticipada | P\u00e1gina10","og_description":"El pago de prima de navidad para la vigencia fiscal del 2021 se le adelantar\u00e1 a por lo menos a 600 mil servidores del orden nacional este mes de diciembre, el decreto que emiti\u00f3 Funci\u00f3n P\u00fablica ya fue firmado por el ministro de Hacienda, previa aprobaci\u00f3n del presidente Iv\u00e1n Duque. Beneficia a m\u00e1s de 600.000 [&hellip;]","og_url":"https:\/\/pagina10.com\/web\/empleados-publicos-recibiran-prima-anticipada\/","og_site_name":"P\u00e1gina10","article_publisher":"https:\/\/www.facebook.com\/pag10com","article_published_time":"2021-11-11T22:00:02+00:00","og_image":[{"width":640,"height":428,"url":"https:\/\/pagina10.com\/web\/wp-content\/uploads\/2021\/11\/5cbf6e0fc793c.r_1608252727854.0-942-2625-2245.jpeg","type":"image\/jpeg"}],"author":"P\u00e1gina 10","twitter_card":"summary_large_image","twitter_creator":"@Pag10com","twitter_site":"@Pag10com","twitter_misc":{"Escrito por":"P\u00e1gina 10","Tiempo de lectura":"1 minuto"},"schema":{"@context":"https:\/\/schema.org","@graph":[{"@type":"Article","@id":"https:\/\/pagina10.com\/web\/empleados-publicos-recibiran-prima-anticipada\/#article","isPartOf":{"@id":"https:\/\/pagina10.com\/web\/empleados-publicos-recibiran-prima-anticipada\/"},"author":{"name":"P\u00e1gina 10","@id":"https:\/\/pagina10.com\/web\/#\/schema\/person\/2efc4a090d25b667d3bc796798a3a81b"},"headline":"Empleados p\u00fablicos recibir\u00e1n prima anticipada","datePublished":"2021-11-11T22:00:02+00:00","mainEntityOfPage":{"@id":"https:\/\/pagina10.com\/web\/empleados-publicos-recibiran-prima-anticipada\/"},"wordCount":156,"commentCount":0,"publisher":{"@id":"https:\/\/pagina10.com\/web\/#organization"},"image":{"@id":"https:\/\/pagina10.com\/web\/empleados-publicos-recibiran-prima-anticipada\/#primaryimage"},"thumbnailUrl":"https:\/\/pagina10.com\/web\/wp-content\/uploads\/2021\/11\/5cbf6e0fc793c.r_1608252727854.0-942-2625-2245.jpeg","articleSection":["Nacional"],"inLanguage":"es","potentialAction":[{"@type":"CommentAction","name":"Comment","target":["https:\/\/pagina10.com\/web\/empleados-publicos-recibiran-prima-anticipada\/#respond"]}]},{"@type":"WebPage","@id":"https:\/\/pagina10.com\/web\/empleados-publicos-recibiran-prima-anticipada\/","url":"https:\/\/pagina10.com\/web\/empleados-publicos-recibiran-prima-anticipada\/","name":"Empleados p\u00fablicos recibir\u00e1n prima anticipada | P\u00e1gina10","isPartOf":{"@id":"https:\/\/pagina10.com\/web\/#website"},"primaryImageOfPage":{"@id":"https:\/\/pagina10.com\/web\/empleados-publicos-recibiran-prima-anticipada\/#primaryimage"},"image":{"@id":"https:\/\/pagina10.com\/web\/empleados-publicos-recibiran-prima-anticipada\/#primaryimage"},"thumbnailUrl":"https:\/\/pagina10.com\/web\/wp-content\/uploads\/2021\/11\/5cbf6e0fc793c.r_1608252727854.0-942-2625-2245.jpeg","datePublished":"2021-11-11T22:00:02+00:00","breadcrumb":{"@id":"https:\/\/pagina10.com\/web\/empleados-publicos-recibiran-prima-anticipada\/#breadcrumb"},"inLanguage":"es","potentialAction":[{"@type":"ReadAction","target":["https:\/\/pagina10.com\/web\/empleados-publicos-recibiran-prima-anticipada\/"]}]},{"@type":"ImageObject","inLanguage":"es","@id":"https:\/\/pagina10.com\/web\/empleados-publicos-recibiran-prima-anticipada\/#primaryimage","url":"https:\/\/pagina10.com\/web\/wp-content\/uploads\/2021\/11\/5cbf6e0fc793c.r_1608252727854.0-942-2625-2245.jpeg","contentUrl":"https:\/\/pagina10.com\/web\/wp-content\/uploads\/2021\/11\/5cbf6e0fc793c.r_1608252727854.0-942-2625-2245.jpeg","width":640,"height":428},{"@type":"BreadcrumbList","@id":"https:\/\/pagina10.com\/web\/empleados-publicos-recibiran-prima-anticipada\/#breadcrumb","itemListElement":[{"@type":"ListItem","position":1,"name":"Portada","item":"https:\/\/pagina10.com\/web\/"},{"@type":"ListItem","position":2,"name":"Empleados p\u00fablicos recibir\u00e1n prima anticipada"}]},{"@type":"WebSite","@id":"https:\/\/pagina10.com\/web\/#website","url":"https:\/\/pagina10.com\/web\/","name":"P\u00e1gina10","description":"Peri\u00f3dico Regional","publisher":{"@id":"https:\/\/pagina10.com\/web\/#organization"},"alternateName":"P\u00e1gina10 Peri\u00f3dico Regional","potentialAction":[{"@type":"SearchAction","target":{"@type":"EntryPoint","urlTemplate":"https:\/\/pagina10.com\/web\/?s={search_term_string}"},"query-input":{"@type":"PropertyValueSpecification","valueRequired":true,"valueName":"search_term_string"}}],"inLanguage":"es"},{"@type":"Organization","@id":"https:\/\/pagina10.com\/web\/#organization","name":"P\u00e1gina10","alternateName":"P\u00e1gina10 Peri\u00f3dico Regional","url":"https:\/\/pagina10.com\/web\/","logo":{"@type":"ImageObject","inLanguage":"es","@id":"https:\/\/pagina10.com\/web\/#\/schema\/logo\/image\/","url":"https:\/\/pagina10.com\/web\/wp-content\/uploads\/2024\/01\/40-pagina-10-periodico-regional-pasto.jpg","contentUrl":"https:\/\/pagina10.com\/web\/wp-content\/uploads\/2024\/01\/40-pagina-10-periodico-regional-pasto.jpg","width":1280,"height":720,"caption":"P\u00e1gina10"},"image":{"@id":"https:\/\/pagina10.com\/web\/#\/schema\/logo\/image\/"},"sameAs":["https:\/\/www.facebook.com\/pag10com","https:\/\/x.com\/Pag10com","https:\/\/www.instagram.com\/pagina10col\/","https:\/\/youtube.com\/channel\/pag10","https:\/\/www.tiktok.com\/@p10col"]},{"@type":"Person","@id":"https:\/\/pagina10.com\/web\/#\/schema\/person\/2efc4a090d25b667d3bc796798a3a81b","name":"P\u00e1gina 10","description":"P\u00e1gina 10 es un peri\u00f3dico regional que nace en Colombia, en el departamento de Nari\u00f1o, con un enfoque global, fundamentado en cuatro pilares esenciales: la libertad, el pluralismo, la inclusi\u00f3n y la independencia. P\u00e1gina 10 hace referencia a Nari\u00f1o como el d\u00e9cimo departamento creado en Colombia, despu\u00e9s de un proceso pol\u00edtico liderado por actores y actrices regionales con el fin de obtener la independencia y autonom\u00eda de nuestros territorios. Con la creaci\u00f3n de P\u00e1gina 10 se pretende abrir un escenario para el dialogo, la reflexi\u00f3n y el debate que se extienda a otras geograf\u00edas de Am\u00e9rica Latina y del planeta, en una apuesta por transformar colectivamente los desaf\u00edos de un mundo contempor\u00e1neo, m\u00e1s all\u00e1 de las fronteras impuestas.","url":"https:\/\/pagina10.com\/web\/author\/pdiezadmin\/"}]}},"_links":{"self":[{"href":"https:\/\/pagina10.com\/web\/wp-json\/wp\/v2\/posts\/56652","targetHints":{"allow":["GET"]}}],"collection":[{"href":"https:\/\/pagina10.com\/web\/wp-json\/wp\/v2\/posts"}],"about":[{"href":"https:\/\/pagina10.com\/web\/wp-json\/wp\/v2\/types\/post"}],"author":[{"embeddable":true,"href":"https:\/\/pagina10.com\/web\/wp-json\/wp\/v2\/users\/1"}],"replies":[{"embeddable":true,"href":"https:\/\/pagina10.com\/web\/wp-json\/wp\/v2\/comments?post=56652"}],"version-history":[{"count":1,"href":"https:\/\/pagina10.com\/web\/wp-json\/wp\/v2\/posts\/56652\/revisions"}],"predecessor-version":[{"id":56654,"href":"https:\/\/pagina10.com\/web\/wp-json\/wp\/v2\/posts\/56652\/revisions\/56654"}],"wp:featuredmedia":[{"embeddable":true,"href":"https:\/\/pagina10.com\/web\/wp-json\/wp\/v2\/media\/56653"}],"wp:attachment":[{"href":"https:\/\/pagina10.com\/web\/wp-json\/wp\/v2\/media?parent=56652"}],"wp:term":[{"taxonomy":"category","embeddable":true,"href":"https:\/\/pagina10.com\/web\/wp-json\/wp\/v2\/categories?post=56652"},{"taxonomy":"post_tag","embeddable":true,"href":"https:\/\/pagina10.com\/web\/wp-json\/wp\/v2\/tags?post=56652"}],"curies":[{"name":"wp","href":"https:\/\/api.w.org\/{rel}","templated":true}]}}