{"id":56665,"date":"2021-11-12T08:17:51","date_gmt":"2021-11-12T13:17:51","guid":{"rendered":"https:\/\/pagina10.com\/web\/?p=56665"},"modified":"2021-11-12T08:17:51","modified_gmt":"2021-11-12T13:17:51","slug":"corredores-nacionales-e-internacionales-participaran-en-la-carrera-atletica-san-juan-de-pasto-10k-y-21k","status":"publish","type":"post","link":"https:\/\/pagina10.com\/web\/corredores-nacionales-e-internacionales-participaran-en-la-carrera-atletica-san-juan-de-pasto-10k-y-21k\/","title":{"rendered":"Corredores nacionales e internacionales participar\u00e1n en la Carrera Atl\u00e9tica San Juan de Pasto 10K y 21K"},"content":{"rendered":"<p style=\"text-align: justify;\">El evento se cumplir\u00e1 este domingo 14 de noviembre, por lo cual se suspenden las actividades de la Ciclov\u00eda. Se competir\u00e1 en 13 categor\u00edas. Para este s\u00e1bado est\u00e1 programada la rueda de prensa y la entrega de kits en la C\u00e1mara de Comercio.<\/p>\n<p style=\"text-align: justify;\">La capital de Nari\u00f1o vivir\u00e1 este 14 de noviembre la Carrera Atl\u00e9tica San Juan de Pasto 10K y 21K, organizada por la Alcald\u00eda de Pasto, Pasto Deporte, la Liga Departamental de Atletismo, Aguardiente Nari\u00f1o y la Gobernaci\u00f3n de Nari\u00f1o.<\/p>\n<p style=\"text-align: justify;\">\n<p style=\"text-align: justify;\">\u201cEl prop\u00f3sito de esta tradicional competencia es lograr la participaci\u00f3n de todos los segmentos de la ciudadan\u00eda entorno al deporte y a la actividad f\u00edsica para promover los h\u00e1bitos y estilos de vida saludable\u201d, expres\u00f3 la directora de Pasto Deporte, Claudia Marcela Cano Rodr\u00edguez.<\/p>\n<p style=\"text-align: justify;\">\n<p style=\"text-align: justify;\">En esta competencia har\u00e1n presencia atletas nacionales e internacionales, como los ecuatorianos Rosalba Chacha, que ha participado en las olimpiadas de Londres, R\u00edo de Janeiro y Tokio; Silvia Ortiz, campeona suramericana de marat\u00f3n en Asunci\u00f3n, Paraguay; Edison Patricio Enr\u00edquez, tercer lugar en la media marat\u00f3n de San Sebasti\u00e1n, Espa\u00f1a y Pedro Ramos, ganador de una carrera Pablo de Arma.<\/p>\n<p style=\"text-align: justify;\">\n<p style=\"text-align: justify;\">Han confirmado su participaci\u00f3n igualmente Jhon Davis Tello de Bogot\u00e1, considerado uno de los mejores atletas de Colombia; Jefferson Revelo, campe\u00f3n suramericano; Diego Vera, de la Liga de Cauca, quien recientemente gan\u00f3 una prueba en Suiza, adem\u00e1s de dos kenianos.<\/p>\n<p style=\"text-align: justify;\">\n<p style=\"text-align: justify;\">Por el departamento de Nari\u00f1o participar\u00e1n Mar\u00eda Isabel Ortega, que en esta oportunidad corre por Caldas; Henry Aguirre de Guachucal; Lina Pantoja y Gian Carlos Ortega, de T\u00faquerres; Bladimir L\u00f3pez, de Tangua; Fernanda \u00c1lvarez, Niver Jurado y Edison Guanar\u00e1n, de Pasto, este \u00faltimo en representaci\u00f3n de la Polic\u00eda Nacional.<\/p>\n<p style=\"text-align: justify;\">\n<p style=\"text-align: justify;\">Leonso Hugo Jim\u00e9nez, integrante de la Comisi\u00f3n T\u00e9cnica de la Liga de Atletismo y director general de la Carrera San Juan de Pasto, invit\u00f3 a participar de este evento con el que se busca reactivar el Deporte Rey y el comercio de nuestra ciudad.<\/p>\n<p style=\"text-align: justify;\">\n<p style=\"text-align: justify;\">\u201cEstamos ultimando los detalles de esta tradicional carreta atl\u00e9tica que data de los a\u00f1os 80, y que bueno que todos salgan a integrarse en familia para hacer deporte y recreaci\u00f3n\u201d, el director general.<\/p>\n<p style=\"text-align: justify;\">\n<p style=\"text-align: justify;\">Seg\u00fan lo establecido, a las 7:30 de la ma\u00f1ana sale la competencia en la categor\u00eda preinfantil, a las 7:45 am la infantil y a las 8:00 am menores y la Polic\u00eda. A las 8.45 es la partida de las carreras 10k y 21k en libre competitivo y libre recreativo, master A, master B, master C, siglo XXI, silla de ruedas y master damas \u00fanica. Todas las competencias tienen como punto de partida y meta la plaza del Carnaval.<\/p>\n<p style=\"text-align: justify;\">La concentraci\u00f3n ser\u00e1 a las 7:00 de la ma\u00f1ana en la plaza del Carnaval, zona en donde normalmente se desarrolla la Ciclov\u00eda dominical, que por este importante evento se aplaza con sus actividades f\u00edsicas, deportivas y recreativas y retornar\u00e1 el 21 de noviembre.<\/p>\n<p style=\"text-align: justify;\">\n<p style=\"text-align: justify;\">Para este s\u00e1bado 13 de noviembre a las 10:00 de la ma\u00f1ana se convoca a una rueda de prensa con todos los medios de comunicaci\u00f3n locales y regionales en la C\u00e1mara de Comercio de Pasto, con el fin de informar los pormenores de estas competencias. En este mismo lugar se entregar\u00e1n los kits a los participantes entre las 9:00 am y 6:00 pm.<\/p>\n","protected":false},"excerpt":{"rendered":"<p>El evento se cumplir\u00e1 este domingo 14 de noviembre, por lo cual se suspenden las actividades de la Ciclov\u00eda. Se competir\u00e1 en 13 categor\u00edas. Para este s\u00e1bado est\u00e1 programada la rueda de prensa y la entrega de kits en la C\u00e1mara de Comercio. La capital de Nari\u00f1o vivir\u00e1 este 14 de noviembre la Carrera Atl\u00e9tica [&hellip;]<\/p>\n","protected":false},"author":1,"featured_media":56666,"comment_status":"open","ping_status":"open","sticky":false,"template":"","format":"standard","meta":{"footnotes":""},"categories":[86],"tags":[],"class_list":["post-56665","post","type-post","status-publish","format-standard","has-post-thumbnail","hentry","category-deportes-2"],"yoast_head":"<!-- This site is optimized with the Yoast SEO plugin v27.1.1 - https:\/\/yoast.com\/product\/yoast-seo-wordpress\/ -->\n<title>Corredores nacionales e internacionales participar\u00e1n en la Carrera Atl\u00e9tica San Juan de Pasto 10K y 21K | P\u00e1gina10<\/title>\n<meta name=\"robots\" content=\"index, follow, max-snippet:-1, max-image-preview:large, max-video-preview:-1\" \/>\n<link rel=\"canonical\" href=\"https:\/\/pagina10.com\/web\/corredores-nacionales-e-internacionales-participaran-en-la-carrera-atletica-san-juan-de-pasto-10k-y-21k\/\" \/>\n<meta property=\"og:locale\" content=\"es_ES\" \/>\n<meta property=\"og:type\" content=\"article\" \/>\n<meta property=\"og:title\" content=\"Corredores nacionales e internacionales participar\u00e1n en la Carrera Atl\u00e9tica San Juan de Pasto 10K y 21K | P\u00e1gina10\" \/>\n<meta property=\"og:description\" content=\"El evento se cumplir\u00e1 este domingo 14 de noviembre, por lo cual se suspenden las actividades de la Ciclov\u00eda. Se competir\u00e1 en 13 categor\u00edas. Para este s\u00e1bado est\u00e1 programada la rueda de prensa y la entrega de kits en la C\u00e1mara de Comercio. La capital de Nari\u00f1o vivir\u00e1 este 14 de noviembre la Carrera Atl\u00e9tica [&hellip;]\" \/>\n<meta property=\"og:url\" content=\"https:\/\/pagina10.com\/web\/corredores-nacionales-e-internacionales-participaran-en-la-carrera-atletica-san-juan-de-pasto-10k-y-21k\/\" \/>\n<meta property=\"og:site_name\" content=\"P\u00e1gina10\" \/>\n<meta property=\"article:publisher\" content=\"https:\/\/www.facebook.com\/pag10com\" \/>\n<meta property=\"article:published_time\" content=\"2021-11-12T13:17:51+00:00\" \/>\n<meta property=\"og:image\" content=\"https:\/\/pagina10.com\/web\/wp-content\/uploads\/2021\/11\/Captura-de-Pantalla-2021-11-12-a-las-8.17.15-a.-m..png\" \/>\n\t<meta property=\"og:image:width\" content=\"623\" \/>\n\t<meta property=\"og:image:height\" content=\"504\" \/>\n\t<meta property=\"og:image:type\" content=\"image\/png\" \/>\n<meta name=\"author\" content=\"P\u00e1gina 10\" \/>\n<meta name=\"twitter:card\" content=\"summary_large_image\" \/>\n<meta name=\"twitter:creator\" content=\"@Pag10com\" \/>\n<meta name=\"twitter:site\" content=\"@Pag10com\" \/>\n<meta name=\"twitter:label1\" content=\"Escrito por\" \/>\n\t<meta name=\"twitter:data1\" content=\"P\u00e1gina 10\" \/>\n\t<meta name=\"twitter:label2\" content=\"Tiempo de lectura\" \/>\n\t<meta name=\"twitter:data2\" content=\"3 minutos\" \/>\n<script type=\"application\/ld+json\" class=\"yoast-schema-graph\">{\"@context\":\"https:\/\/schema.org\",\"@graph\":[{\"@type\":\"Article\",\"@id\":\"https:\/\/pagina10.com\/web\/corredores-nacionales-e-internacionales-participaran-en-la-carrera-atletica-san-juan-de-pasto-10k-y-21k\/#article\",\"isPartOf\":{\"@id\":\"https:\/\/pagina10.com\/web\/corredores-nacionales-e-internacionales-participaran-en-la-carrera-atletica-san-juan-de-pasto-10k-y-21k\/\"},\"author\":{\"name\":\"P\u00e1gina 10\",\"@id\":\"https:\/\/pagina10.com\/web\/#\/schema\/person\/2efc4a090d25b667d3bc796798a3a81b\"},\"headline\":\"Corredores nacionales e internacionales participar\u00e1n en la Carrera Atl\u00e9tica San Juan de Pasto 10K y 21K\",\"datePublished\":\"2021-11-12T13:17:51+00:00\",\"mainEntityOfPage\":{\"@id\":\"https:\/\/pagina10.com\/web\/corredores-nacionales-e-internacionales-participaran-en-la-carrera-atletica-san-juan-de-pasto-10k-y-21k\/\"},\"wordCount\":593,\"commentCount\":0,\"publisher\":{\"@id\":\"https:\/\/pagina10.com\/web\/#organization\"},\"image\":{\"@id\":\"https:\/\/pagina10.com\/web\/corredores-nacionales-e-internacionales-participaran-en-la-carrera-atletica-san-juan-de-pasto-10k-y-21k\/#primaryimage\"},\"thumbnailUrl\":\"https:\/\/pagina10.com\/web\/wp-content\/uploads\/2021\/11\/Captura-de-Pantalla-2021-11-12-a-las-8.17.15-a.-m..png\",\"articleSection\":[\"Deportes\"],\"inLanguage\":\"es\",\"potentialAction\":[{\"@type\":\"CommentAction\",\"name\":\"Comment\",\"target\":[\"https:\/\/pagina10.com\/web\/corredores-nacionales-e-internacionales-participaran-en-la-carrera-atletica-san-juan-de-pasto-10k-y-21k\/#respond\"]}]},{\"@type\":\"WebPage\",\"@id\":\"https:\/\/pagina10.com\/web\/corredores-nacionales-e-internacionales-participaran-en-la-carrera-atletica-san-juan-de-pasto-10k-y-21k\/\",\"url\":\"https:\/\/pagina10.com\/web\/corredores-nacionales-e-internacionales-participaran-en-la-carrera-atletica-san-juan-de-pasto-10k-y-21k\/\",\"name\":\"Corredores nacionales e internacionales participar\u00e1n en la Carrera Atl\u00e9tica San Juan de Pasto 10K y 21K | P\u00e1gina10\",\"isPartOf\":{\"@id\":\"https:\/\/pagina10.com\/web\/#website\"},\"primaryImageOfPage\":{\"@id\":\"https:\/\/pagina10.com\/web\/corredores-nacionales-e-internacionales-participaran-en-la-carrera-atletica-san-juan-de-pasto-10k-y-21k\/#primaryimage\"},\"image\":{\"@id\":\"https:\/\/pagina10.com\/web\/corredores-nacionales-e-internacionales-participaran-en-la-carrera-atletica-san-juan-de-pasto-10k-y-21k\/#primaryimage\"},\"thumbnailUrl\":\"https:\/\/pagina10.com\/web\/wp-content\/uploads\/2021\/11\/Captura-de-Pantalla-2021-11-12-a-las-8.17.15-a.-m..png\",\"datePublished\":\"2021-11-12T13:17:51+00:00\",\"breadcrumb\":{\"@id\":\"https:\/\/pagina10.com\/web\/corredores-nacionales-e-internacionales-participaran-en-la-carrera-atletica-san-juan-de-pasto-10k-y-21k\/#breadcrumb\"},\"inLanguage\":\"es\",\"potentialAction\":[{\"@type\":\"ReadAction\",\"target\":[\"https:\/\/pagina10.com\/web\/corredores-nacionales-e-internacionales-participaran-en-la-carrera-atletica-san-juan-de-pasto-10k-y-21k\/\"]}]},{\"@type\":\"ImageObject\",\"inLanguage\":\"es\",\"@id\":\"https:\/\/pagina10.com\/web\/corredores-nacionales-e-internacionales-participaran-en-la-carrera-atletica-san-juan-de-pasto-10k-y-21k\/#primaryimage\",\"url\":\"https:\/\/pagina10.com\/web\/wp-content\/uploads\/2021\/11\/Captura-de-Pantalla-2021-11-12-a-las-8.17.15-a.-m..png\",\"contentUrl\":\"https:\/\/pagina10.com\/web\/wp-content\/uploads\/2021\/11\/Captura-de-Pantalla-2021-11-12-a-las-8.17.15-a.-m..png\",\"width\":623,\"height\":504},{\"@type\":\"BreadcrumbList\",\"@id\":\"https:\/\/pagina10.com\/web\/corredores-nacionales-e-internacionales-participaran-en-la-carrera-atletica-san-juan-de-pasto-10k-y-21k\/#breadcrumb\",\"itemListElement\":[{\"@type\":\"ListItem\",\"position\":1,\"name\":\"Portada\",\"item\":\"https:\/\/pagina10.com\/web\/\"},{\"@type\":\"ListItem\",\"position\":2,\"name\":\"Corredores nacionales e internacionales participar\u00e1n en la Carrera Atl\u00e9tica San Juan de Pasto 10K y 21K\"}]},{\"@type\":\"WebSite\",\"@id\":\"https:\/\/pagina10.com\/web\/#website\",\"url\":\"https:\/\/pagina10.com\/web\/\",\"name\":\"P\u00e1gina10\",\"description\":\"Peri\u00f3dico Regional\",\"publisher\":{\"@id\":\"https:\/\/pagina10.com\/web\/#organization\"},\"alternateName\":\"P\u00e1gina10 Peri\u00f3dico Regional\",\"potentialAction\":[{\"@type\":\"SearchAction\",\"target\":{\"@type\":\"EntryPoint\",\"urlTemplate\":\"https:\/\/pagina10.com\/web\/?s={search_term_string}\"},\"query-input\":{\"@type\":\"PropertyValueSpecification\",\"valueRequired\":true,\"valueName\":\"search_term_string\"}}],\"inLanguage\":\"es\"},{\"@type\":\"Organization\",\"@id\":\"https:\/\/pagina10.com\/web\/#organization\",\"name\":\"P\u00e1gina10\",\"alternateName\":\"P\u00e1gina10 Peri\u00f3dico Regional\",\"url\":\"https:\/\/pagina10.com\/web\/\",\"logo\":{\"@type\":\"ImageObject\",\"inLanguage\":\"es\",\"@id\":\"https:\/\/pagina10.com\/web\/#\/schema\/logo\/image\/\",\"url\":\"https:\/\/pagina10.com\/web\/wp-content\/uploads\/2024\/01\/40-pagina-10-periodico-regional-pasto.jpg\",\"contentUrl\":\"https:\/\/pagina10.com\/web\/wp-content\/uploads\/2024\/01\/40-pagina-10-periodico-regional-pasto.jpg\",\"width\":1280,\"height\":720,\"caption\":\"P\u00e1gina10\"},\"image\":{\"@id\":\"https:\/\/pagina10.com\/web\/#\/schema\/logo\/image\/\"},\"sameAs\":[\"https:\/\/www.facebook.com\/pag10com\",\"https:\/\/x.com\/Pag10com\",\"https:\/\/www.instagram.com\/pagina10col\/\",\"https:\/\/youtube.com\/channel\/pag10\",\"https:\/\/www.tiktok.com\/@p10col\"]},{\"@type\":\"Person\",\"@id\":\"https:\/\/pagina10.com\/web\/#\/schema\/person\/2efc4a090d25b667d3bc796798a3a81b\",\"name\":\"P\u00e1gina 10\",\"description\":\"P\u00e1gina 10 es un peri\u00f3dico regional que nace en Colombia, en el departamento de Nari\u00f1o, con un enfoque global, fundamentado en cuatro pilares esenciales: la libertad, el pluralismo, la inclusi\u00f3n y la independencia. P\u00e1gina 10 hace referencia a Nari\u00f1o como el d\u00e9cimo departamento creado en Colombia, despu\u00e9s de un proceso pol\u00edtico liderado por actores y actrices regionales con el fin de obtener la independencia y autonom\u00eda de nuestros territorios. Con la creaci\u00f3n de P\u00e1gina 10 se pretende abrir un escenario para el dialogo, la reflexi\u00f3n y el debate que se extienda a otras geograf\u00edas de Am\u00e9rica Latina y del planeta, en una apuesta por transformar colectivamente los desaf\u00edos de un mundo contempor\u00e1neo, m\u00e1s all\u00e1 de las fronteras impuestas.\",\"url\":\"https:\/\/pagina10.com\/web\/author\/pdiezadmin\/\"}]}<\/script>\n<!-- \/ Yoast SEO plugin. -->","yoast_head_json":{"title":"Corredores nacionales e internacionales participar\u00e1n en la Carrera Atl\u00e9tica San Juan de Pasto 10K y 21K | P\u00e1gina10","robots":{"index":"index","follow":"follow","max-snippet":"max-snippet:-1","max-image-preview":"max-image-preview:large","max-video-preview":"max-video-preview:-1"},"canonical":"https:\/\/pagina10.com\/web\/corredores-nacionales-e-internacionales-participaran-en-la-carrera-atletica-san-juan-de-pasto-10k-y-21k\/","og_locale":"es_ES","og_type":"article","og_title":"Corredores nacionales e internacionales participar\u00e1n en la Carrera Atl\u00e9tica San Juan de Pasto 10K y 21K | P\u00e1gina10","og_description":"El evento se cumplir\u00e1 este domingo 14 de noviembre, por lo cual se suspenden las actividades de la Ciclov\u00eda. Se competir\u00e1 en 13 categor\u00edas. Para este s\u00e1bado est\u00e1 programada la rueda de prensa y la entrega de kits en la C\u00e1mara de Comercio. La capital de Nari\u00f1o vivir\u00e1 este 14 de noviembre la Carrera Atl\u00e9tica [&hellip;]","og_url":"https:\/\/pagina10.com\/web\/corredores-nacionales-e-internacionales-participaran-en-la-carrera-atletica-san-juan-de-pasto-10k-y-21k\/","og_site_name":"P\u00e1gina10","article_publisher":"https:\/\/www.facebook.com\/pag10com","article_published_time":"2021-11-12T13:17:51+00:00","og_image":[{"width":623,"height":504,"url":"https:\/\/pagina10.com\/web\/wp-content\/uploads\/2021\/11\/Captura-de-Pantalla-2021-11-12-a-las-8.17.15-a.-m..png","type":"image\/png"}],"author":"P\u00e1gina 10","twitter_card":"summary_large_image","twitter_creator":"@Pag10com","twitter_site":"@Pag10com","twitter_misc":{"Escrito por":"P\u00e1gina 10","Tiempo de lectura":"3 minutos"},"schema":{"@context":"https:\/\/schema.org","@graph":[{"@type":"Article","@id":"https:\/\/pagina10.com\/web\/corredores-nacionales-e-internacionales-participaran-en-la-carrera-atletica-san-juan-de-pasto-10k-y-21k\/#article","isPartOf":{"@id":"https:\/\/pagina10.com\/web\/corredores-nacionales-e-internacionales-participaran-en-la-carrera-atletica-san-juan-de-pasto-10k-y-21k\/"},"author":{"name":"P\u00e1gina 10","@id":"https:\/\/pagina10.com\/web\/#\/schema\/person\/2efc4a090d25b667d3bc796798a3a81b"},"headline":"Corredores nacionales e internacionales participar\u00e1n en la Carrera Atl\u00e9tica San Juan de Pasto 10K y 21K","datePublished":"2021-11-12T13:17:51+00:00","mainEntityOfPage":{"@id":"https:\/\/pagina10.com\/web\/corredores-nacionales-e-internacionales-participaran-en-la-carrera-atletica-san-juan-de-pasto-10k-y-21k\/"},"wordCount":593,"commentCount":0,"publisher":{"@id":"https:\/\/pagina10.com\/web\/#organization"},"image":{"@id":"https:\/\/pagina10.com\/web\/corredores-nacionales-e-internacionales-participaran-en-la-carrera-atletica-san-juan-de-pasto-10k-y-21k\/#primaryimage"},"thumbnailUrl":"https:\/\/pagina10.com\/web\/wp-content\/uploads\/2021\/11\/Captura-de-Pantalla-2021-11-12-a-las-8.17.15-a.-m..png","articleSection":["Deportes"],"inLanguage":"es","potentialAction":[{"@type":"CommentAction","name":"Comment","target":["https:\/\/pagina10.com\/web\/corredores-nacionales-e-internacionales-participaran-en-la-carrera-atletica-san-juan-de-pasto-10k-y-21k\/#respond"]}]},{"@type":"WebPage","@id":"https:\/\/pagina10.com\/web\/corredores-nacionales-e-internacionales-participaran-en-la-carrera-atletica-san-juan-de-pasto-10k-y-21k\/","url":"https:\/\/pagina10.com\/web\/corredores-nacionales-e-internacionales-participaran-en-la-carrera-atletica-san-juan-de-pasto-10k-y-21k\/","name":"Corredores nacionales e internacionales participar\u00e1n en la Carrera Atl\u00e9tica San Juan de Pasto 10K y 21K | P\u00e1gina10","isPartOf":{"@id":"https:\/\/pagina10.com\/web\/#website"},"primaryImageOfPage":{"@id":"https:\/\/pagina10.com\/web\/corredores-nacionales-e-internacionales-participaran-en-la-carrera-atletica-san-juan-de-pasto-10k-y-21k\/#primaryimage"},"image":{"@id":"https:\/\/pagina10.com\/web\/corredores-nacionales-e-internacionales-participaran-en-la-carrera-atletica-san-juan-de-pasto-10k-y-21k\/#primaryimage"},"thumbnailUrl":"https:\/\/pagina10.com\/web\/wp-content\/uploads\/2021\/11\/Captura-de-Pantalla-2021-11-12-a-las-8.17.15-a.-m..png","datePublished":"2021-11-12T13:17:51+00:00","breadcrumb":{"@id":"https:\/\/pagina10.com\/web\/corredores-nacionales-e-internacionales-participaran-en-la-carrera-atletica-san-juan-de-pasto-10k-y-21k\/#breadcrumb"},"inLanguage":"es","potentialAction":[{"@type":"ReadAction","target":["https:\/\/pagina10.com\/web\/corredores-nacionales-e-internacionales-participaran-en-la-carrera-atletica-san-juan-de-pasto-10k-y-21k\/"]}]},{"@type":"ImageObject","inLanguage":"es","@id":"https:\/\/pagina10.com\/web\/corredores-nacionales-e-internacionales-participaran-en-la-carrera-atletica-san-juan-de-pasto-10k-y-21k\/#primaryimage","url":"https:\/\/pagina10.com\/web\/wp-content\/uploads\/2021\/11\/Captura-de-Pantalla-2021-11-12-a-las-8.17.15-a.-m..png","contentUrl":"https:\/\/pagina10.com\/web\/wp-content\/uploads\/2021\/11\/Captura-de-Pantalla-2021-11-12-a-las-8.17.15-a.-m..png","width":623,"height":504},{"@type":"BreadcrumbList","@id":"https:\/\/pagina10.com\/web\/corredores-nacionales-e-internacionales-participaran-en-la-carrera-atletica-san-juan-de-pasto-10k-y-21k\/#breadcrumb","itemListElement":[{"@type":"ListItem","position":1,"name":"Portada","item":"https:\/\/pagina10.com\/web\/"},{"@type":"ListItem","position":2,"name":"Corredores nacionales e internacionales participar\u00e1n en la Carrera Atl\u00e9tica San Juan de Pasto 10K y 21K"}]},{"@type":"WebSite","@id":"https:\/\/pagina10.com\/web\/#website","url":"https:\/\/pagina10.com\/web\/","name":"P\u00e1gina10","description":"Peri\u00f3dico Regional","publisher":{"@id":"https:\/\/pagina10.com\/web\/#organization"},"alternateName":"P\u00e1gina10 Peri\u00f3dico Regional","potentialAction":[{"@type":"SearchAction","target":{"@type":"EntryPoint","urlTemplate":"https:\/\/pagina10.com\/web\/?s={search_term_string}"},"query-input":{"@type":"PropertyValueSpecification","valueRequired":true,"valueName":"search_term_string"}}],"inLanguage":"es"},{"@type":"Organization","@id":"https:\/\/pagina10.com\/web\/#organization","name":"P\u00e1gina10","alternateName":"P\u00e1gina10 Peri\u00f3dico Regional","url":"https:\/\/pagina10.com\/web\/","logo":{"@type":"ImageObject","inLanguage":"es","@id":"https:\/\/pagina10.com\/web\/#\/schema\/logo\/image\/","url":"https:\/\/pagina10.com\/web\/wp-content\/uploads\/2024\/01\/40-pagina-10-periodico-regional-pasto.jpg","contentUrl":"https:\/\/pagina10.com\/web\/wp-content\/uploads\/2024\/01\/40-pagina-10-periodico-regional-pasto.jpg","width":1280,"height":720,"caption":"P\u00e1gina10"},"image":{"@id":"https:\/\/pagina10.com\/web\/#\/schema\/logo\/image\/"},"sameAs":["https:\/\/www.facebook.com\/pag10com","https:\/\/x.com\/Pag10com","https:\/\/www.instagram.com\/pagina10col\/","https:\/\/youtube.com\/channel\/pag10","https:\/\/www.tiktok.com\/@p10col"]},{"@type":"Person","@id":"https:\/\/pagina10.com\/web\/#\/schema\/person\/2efc4a090d25b667d3bc796798a3a81b","name":"P\u00e1gina 10","description":"P\u00e1gina 10 es un peri\u00f3dico regional que nace en Colombia, en el departamento de Nari\u00f1o, con un enfoque global, fundamentado en cuatro pilares esenciales: la libertad, el pluralismo, la inclusi\u00f3n y la independencia. P\u00e1gina 10 hace referencia a Nari\u00f1o como el d\u00e9cimo departamento creado en Colombia, despu\u00e9s de un proceso pol\u00edtico liderado por actores y actrices regionales con el fin de obtener la independencia y autonom\u00eda de nuestros territorios. Con la creaci\u00f3n de P\u00e1gina 10 se pretende abrir un escenario para el dialogo, la reflexi\u00f3n y el debate que se extienda a otras geograf\u00edas de Am\u00e9rica Latina y del planeta, en una apuesta por transformar colectivamente los desaf\u00edos de un mundo contempor\u00e1neo, m\u00e1s all\u00e1 de las fronteras impuestas.","url":"https:\/\/pagina10.com\/web\/author\/pdiezadmin\/"}]}},"_links":{"self":[{"href":"https:\/\/pagina10.com\/web\/wp-json\/wp\/v2\/posts\/56665","targetHints":{"allow":["GET"]}}],"collection":[{"href":"https:\/\/pagina10.com\/web\/wp-json\/wp\/v2\/posts"}],"about":[{"href":"https:\/\/pagina10.com\/web\/wp-json\/wp\/v2\/types\/post"}],"author":[{"embeddable":true,"href":"https:\/\/pagina10.com\/web\/wp-json\/wp\/v2\/users\/1"}],"replies":[{"embeddable":true,"href":"https:\/\/pagina10.com\/web\/wp-json\/wp\/v2\/comments?post=56665"}],"version-history":[{"count":1,"href":"https:\/\/pagina10.com\/web\/wp-json\/wp\/v2\/posts\/56665\/revisions"}],"predecessor-version":[{"id":56667,"href":"https:\/\/pagina10.com\/web\/wp-json\/wp\/v2\/posts\/56665\/revisions\/56667"}],"wp:featuredmedia":[{"embeddable":true,"href":"https:\/\/pagina10.com\/web\/wp-json\/wp\/v2\/media\/56666"}],"wp:attachment":[{"href":"https:\/\/pagina10.com\/web\/wp-json\/wp\/v2\/media?parent=56665"}],"wp:term":[{"taxonomy":"category","embeddable":true,"href":"https:\/\/pagina10.com\/web\/wp-json\/wp\/v2\/categories?post=56665"},{"taxonomy":"post_tag","embeddable":true,"href":"https:\/\/pagina10.com\/web\/wp-json\/wp\/v2\/tags?post=56665"}],"curies":[{"name":"wp","href":"https:\/\/api.w.org\/{rel}","templated":true}]}}