{"id":56674,"date":"2021-11-12T19:54:26","date_gmt":"2021-11-13T00:54:26","guid":{"rendered":"https:\/\/pagina10.com\/web\/?p=56674"},"modified":"2021-11-13T21:55:48","modified_gmt":"2021-11-14T02:55:48","slug":"renuncia-del-concejal-de-pasto-erick-velasco","status":"publish","type":"post","link":"https:\/\/pagina10.com\/web\/renuncia-del-concejal-de-pasto-erick-velasco\/","title":{"rendered":"Renuncia del concejal de Pasto, Erick Velasco."},"content":{"rendered":"<p>De cara a el inicio de campa\u00f1as electorales para el congreso de la Rep\u00fablica, el concejal del polo democr\u00e1tico, Erick Velasco present\u00f3 su renuncia irrevocable a la curul como en la corporaci\u00f3n del concejo de Pasto.<\/p>\n<p>La raz\u00f3n principal de la renuncia es su inter\u00e9s de postularse \u00a0a la c\u00e1mara de representantes por Nari\u00f1o.<\/p>\n<p>&nbsp;<\/p>\n<p><img fetchpriority=\"high\" decoding=\"async\" class=\"aligncenter wp-image-56675\" src=\"https:\/\/pagina10.com\/web\/wp-content\/uploads\/2021\/11\/IMG_20211112_195340.jpg\" alt=\"\" width=\"607\" height=\"619\" srcset=\"https:\/\/pagina10.com\/web\/wp-content\/uploads\/2021\/11\/IMG_20211112_195340.jpg 960w, https:\/\/pagina10.com\/web\/wp-content\/uploads\/2021\/11\/IMG_20211112_195340-294x300.jpg 294w, https:\/\/pagina10.com\/web\/wp-content\/uploads\/2021\/11\/IMG_20211112_195340-768x782.jpg 768w\" sizes=\"(max-width: 607px) 100vw, 607px\" \/><\/p>\n","protected":false},"excerpt":{"rendered":"<p>De cara a el inicio de campa\u00f1as electorales para el congreso de la Rep\u00fablica, el concejal del polo democr\u00e1tico, Erick Velasco present\u00f3 su renuncia irrevocable a la curul como en la corporaci\u00f3n del concejo de Pasto. La raz\u00f3n principal de la renuncia es su inter\u00e9s de postularse \u00a0a la c\u00e1mara de representantes por Nari\u00f1o. &nbsp;<\/p>\n","protected":false},"author":1,"featured_media":26441,"comment_status":"open","ping_status":"open","sticky":false,"template":"","format":"standard","meta":{"footnotes":""},"categories":[56],"tags":[],"class_list":["post-56674","post","type-post","status-publish","format-standard","has-post-thumbnail","hentry","category-local"],"yoast_head":"<!-- This site is optimized with the Yoast SEO plugin v27.1.1 - https:\/\/yoast.com\/product\/yoast-seo-wordpress\/ -->\n<title>Renuncia del concejal de Pasto, Erick Velasco. | P\u00e1gina10<\/title>\n<meta name=\"robots\" content=\"index, follow, max-snippet:-1, max-image-preview:large, max-video-preview:-1\" \/>\n<link rel=\"canonical\" href=\"https:\/\/pagina10.com\/web\/renuncia-del-concejal-de-pasto-erick-velasco\/\" \/>\n<meta property=\"og:locale\" content=\"es_ES\" \/>\n<meta property=\"og:type\" content=\"article\" \/>\n<meta property=\"og:title\" content=\"Renuncia del concejal de Pasto, Erick Velasco. | P\u00e1gina10\" \/>\n<meta property=\"og:description\" content=\"De cara a el inicio de campa\u00f1as electorales para el congreso de la Rep\u00fablica, el concejal del polo democr\u00e1tico, Erick Velasco present\u00f3 su renuncia irrevocable a la curul como en la corporaci\u00f3n del concejo de Pasto. La raz\u00f3n principal de la renuncia es su inter\u00e9s de postularse a la c\u00e1mara de representantes por Nari\u00f1o. &nbsp;\" \/>\n<meta property=\"og:url\" content=\"https:\/\/pagina10.com\/web\/renuncia-del-concejal-de-pasto-erick-velasco\/\" \/>\n<meta property=\"og:site_name\" content=\"P\u00e1gina10\" \/>\n<meta property=\"article:publisher\" content=\"https:\/\/www.facebook.com\/pag10com\" \/>\n<meta property=\"article:published_time\" content=\"2021-11-13T00:54:26+00:00\" \/>\n<meta property=\"article:modified_time\" content=\"2021-11-14T02:55:48+00:00\" \/>\n<meta property=\"og:image\" content=\"https:\/\/pagina10.com\/web\/wp-content\/uploads\/2017\/10\/jornada-unica-erick.png\" \/>\n\t<meta property=\"og:image:width\" content=\"197\" \/>\n\t<meta property=\"og:image:height\" content=\"208\" \/>\n\t<meta property=\"og:image:type\" content=\"image\/png\" \/>\n<meta name=\"author\" content=\"P\u00e1gina 10\" \/>\n<meta name=\"twitter:card\" content=\"summary_large_image\" \/>\n<meta name=\"twitter:creator\" content=\"@Pag10com\" \/>\n<meta name=\"twitter:site\" content=\"@Pag10com\" \/>\n<meta name=\"twitter:label1\" content=\"Escrito por\" \/>\n\t<meta name=\"twitter:data1\" content=\"P\u00e1gina 10\" \/>\n<script type=\"application\/ld+json\" class=\"yoast-schema-graph\">{\"@context\":\"https:\/\/schema.org\",\"@graph\":[{\"@type\":\"Article\",\"@id\":\"https:\/\/pagina10.com\/web\/renuncia-del-concejal-de-pasto-erick-velasco\/#article\",\"isPartOf\":{\"@id\":\"https:\/\/pagina10.com\/web\/renuncia-del-concejal-de-pasto-erick-velasco\/\"},\"author\":{\"name\":\"P\u00e1gina 10\",\"@id\":\"https:\/\/pagina10.com\/web\/#\/schema\/person\/2efc4a090d25b667d3bc796798a3a81b\"},\"headline\":\"Renuncia del concejal de Pasto, Erick Velasco.\",\"datePublished\":\"2021-11-13T00:54:26+00:00\",\"dateModified\":\"2021-11-14T02:55:48+00:00\",\"mainEntityOfPage\":{\"@id\":\"https:\/\/pagina10.com\/web\/renuncia-del-concejal-de-pasto-erick-velasco\/\"},\"wordCount\":70,\"commentCount\":0,\"publisher\":{\"@id\":\"https:\/\/pagina10.com\/web\/#organization\"},\"image\":{\"@id\":\"https:\/\/pagina10.com\/web\/renuncia-del-concejal-de-pasto-erick-velasco\/#primaryimage\"},\"thumbnailUrl\":\"https:\/\/pagina10.com\/web\/wp-content\/uploads\/2017\/10\/jornada-unica-erick.png\",\"articleSection\":[\"Local\"],\"inLanguage\":\"es\",\"potentialAction\":[{\"@type\":\"CommentAction\",\"name\":\"Comment\",\"target\":[\"https:\/\/pagina10.com\/web\/renuncia-del-concejal-de-pasto-erick-velasco\/#respond\"]}]},{\"@type\":\"WebPage\",\"@id\":\"https:\/\/pagina10.com\/web\/renuncia-del-concejal-de-pasto-erick-velasco\/\",\"url\":\"https:\/\/pagina10.com\/web\/renuncia-del-concejal-de-pasto-erick-velasco\/\",\"name\":\"Renuncia del concejal de Pasto, Erick Velasco. | P\u00e1gina10\",\"isPartOf\":{\"@id\":\"https:\/\/pagina10.com\/web\/#website\"},\"primaryImageOfPage\":{\"@id\":\"https:\/\/pagina10.com\/web\/renuncia-del-concejal-de-pasto-erick-velasco\/#primaryimage\"},\"image\":{\"@id\":\"https:\/\/pagina10.com\/web\/renuncia-del-concejal-de-pasto-erick-velasco\/#primaryimage\"},\"thumbnailUrl\":\"https:\/\/pagina10.com\/web\/wp-content\/uploads\/2017\/10\/jornada-unica-erick.png\",\"datePublished\":\"2021-11-13T00:54:26+00:00\",\"dateModified\":\"2021-11-14T02:55:48+00:00\",\"breadcrumb\":{\"@id\":\"https:\/\/pagina10.com\/web\/renuncia-del-concejal-de-pasto-erick-velasco\/#breadcrumb\"},\"inLanguage\":\"es\",\"potentialAction\":[{\"@type\":\"ReadAction\",\"target\":[\"https:\/\/pagina10.com\/web\/renuncia-del-concejal-de-pasto-erick-velasco\/\"]}]},{\"@type\":\"ImageObject\",\"inLanguage\":\"es\",\"@id\":\"https:\/\/pagina10.com\/web\/renuncia-del-concejal-de-pasto-erick-velasco\/#primaryimage\",\"url\":\"https:\/\/pagina10.com\/web\/wp-content\/uploads\/2017\/10\/jornada-unica-erick.png\",\"contentUrl\":\"https:\/\/pagina10.com\/web\/wp-content\/uploads\/2017\/10\/jornada-unica-erick.png\",\"width\":197,\"height\":208},{\"@type\":\"BreadcrumbList\",\"@id\":\"https:\/\/pagina10.com\/web\/renuncia-del-concejal-de-pasto-erick-velasco\/#breadcrumb\",\"itemListElement\":[{\"@type\":\"ListItem\",\"position\":1,\"name\":\"Portada\",\"item\":\"https:\/\/pagina10.com\/web\/\"},{\"@type\":\"ListItem\",\"position\":2,\"name\":\"Renuncia del concejal de Pasto, Erick Velasco.\"}]},{\"@type\":\"WebSite\",\"@id\":\"https:\/\/pagina10.com\/web\/#website\",\"url\":\"https:\/\/pagina10.com\/web\/\",\"name\":\"P\u00e1gina10\",\"description\":\"Peri\u00f3dico Regional\",\"publisher\":{\"@id\":\"https:\/\/pagina10.com\/web\/#organization\"},\"alternateName\":\"P\u00e1gina10 Peri\u00f3dico Regional\",\"potentialAction\":[{\"@type\":\"SearchAction\",\"target\":{\"@type\":\"EntryPoint\",\"urlTemplate\":\"https:\/\/pagina10.com\/web\/?s={search_term_string}\"},\"query-input\":{\"@type\":\"PropertyValueSpecification\",\"valueRequired\":true,\"valueName\":\"search_term_string\"}}],\"inLanguage\":\"es\"},{\"@type\":\"Organization\",\"@id\":\"https:\/\/pagina10.com\/web\/#organization\",\"name\":\"P\u00e1gina10\",\"alternateName\":\"P\u00e1gina10 Peri\u00f3dico Regional\",\"url\":\"https:\/\/pagina10.com\/web\/\",\"logo\":{\"@type\":\"ImageObject\",\"inLanguage\":\"es\",\"@id\":\"https:\/\/pagina10.com\/web\/#\/schema\/logo\/image\/\",\"url\":\"https:\/\/pagina10.com\/web\/wp-content\/uploads\/2024\/01\/40-pagina-10-periodico-regional-pasto.jpg\",\"contentUrl\":\"https:\/\/pagina10.com\/web\/wp-content\/uploads\/2024\/01\/40-pagina-10-periodico-regional-pasto.jpg\",\"width\":1280,\"height\":720,\"caption\":\"P\u00e1gina10\"},\"image\":{\"@id\":\"https:\/\/pagina10.com\/web\/#\/schema\/logo\/image\/\"},\"sameAs\":[\"https:\/\/www.facebook.com\/pag10com\",\"https:\/\/x.com\/Pag10com\",\"https:\/\/www.instagram.com\/pagina10col\/\",\"https:\/\/youtube.com\/channel\/pag10\",\"https:\/\/www.tiktok.com\/@p10col\"]},{\"@type\":\"Person\",\"@id\":\"https:\/\/pagina10.com\/web\/#\/schema\/person\/2efc4a090d25b667d3bc796798a3a81b\",\"name\":\"P\u00e1gina 10\",\"description\":\"P\u00e1gina 10 es un peri\u00f3dico regional que nace en Colombia, en el departamento de Nari\u00f1o, con un enfoque global, fundamentado en cuatro pilares esenciales: la libertad, el pluralismo, la inclusi\u00f3n y la independencia. P\u00e1gina 10 hace referencia a Nari\u00f1o como el d\u00e9cimo departamento creado en Colombia, despu\u00e9s de un proceso pol\u00edtico liderado por actores y actrices regionales con el fin de obtener la independencia y autonom\u00eda de nuestros territorios. Con la creaci\u00f3n de P\u00e1gina 10 se pretende abrir un escenario para el dialogo, la reflexi\u00f3n y el debate que se extienda a otras geograf\u00edas de Am\u00e9rica Latina y del planeta, en una apuesta por transformar colectivamente los desaf\u00edos de un mundo contempor\u00e1neo, m\u00e1s all\u00e1 de las fronteras impuestas.\",\"url\":\"https:\/\/pagina10.com\/web\/author\/pdiezadmin\/\"}]}<\/script>\n<!-- \/ Yoast SEO plugin. -->","yoast_head_json":{"title":"Renuncia del concejal de Pasto, Erick Velasco. | P\u00e1gina10","robots":{"index":"index","follow":"follow","max-snippet":"max-snippet:-1","max-image-preview":"max-image-preview:large","max-video-preview":"max-video-preview:-1"},"canonical":"https:\/\/pagina10.com\/web\/renuncia-del-concejal-de-pasto-erick-velasco\/","og_locale":"es_ES","og_type":"article","og_title":"Renuncia del concejal de Pasto, Erick Velasco. | P\u00e1gina10","og_description":"De cara a el inicio de campa\u00f1as electorales para el congreso de la Rep\u00fablica, el concejal del polo democr\u00e1tico, Erick Velasco present\u00f3 su renuncia irrevocable a la curul como en la corporaci\u00f3n del concejo de Pasto. La raz\u00f3n principal de la renuncia es su inter\u00e9s de postularse a la c\u00e1mara de representantes por Nari\u00f1o. &nbsp;","og_url":"https:\/\/pagina10.com\/web\/renuncia-del-concejal-de-pasto-erick-velasco\/","og_site_name":"P\u00e1gina10","article_publisher":"https:\/\/www.facebook.com\/pag10com","article_published_time":"2021-11-13T00:54:26+00:00","article_modified_time":"2021-11-14T02:55:48+00:00","og_image":[{"width":197,"height":208,"url":"https:\/\/pagina10.com\/web\/wp-content\/uploads\/2017\/10\/jornada-unica-erick.png","type":"image\/png"}],"author":"P\u00e1gina 10","twitter_card":"summary_large_image","twitter_creator":"@Pag10com","twitter_site":"@Pag10com","twitter_misc":{"Escrito por":"P\u00e1gina 10"},"schema":{"@context":"https:\/\/schema.org","@graph":[{"@type":"Article","@id":"https:\/\/pagina10.com\/web\/renuncia-del-concejal-de-pasto-erick-velasco\/#article","isPartOf":{"@id":"https:\/\/pagina10.com\/web\/renuncia-del-concejal-de-pasto-erick-velasco\/"},"author":{"name":"P\u00e1gina 10","@id":"https:\/\/pagina10.com\/web\/#\/schema\/person\/2efc4a090d25b667d3bc796798a3a81b"},"headline":"Renuncia del concejal de Pasto, Erick Velasco.","datePublished":"2021-11-13T00:54:26+00:00","dateModified":"2021-11-14T02:55:48+00:00","mainEntityOfPage":{"@id":"https:\/\/pagina10.com\/web\/renuncia-del-concejal-de-pasto-erick-velasco\/"},"wordCount":70,"commentCount":0,"publisher":{"@id":"https:\/\/pagina10.com\/web\/#organization"},"image":{"@id":"https:\/\/pagina10.com\/web\/renuncia-del-concejal-de-pasto-erick-velasco\/#primaryimage"},"thumbnailUrl":"https:\/\/pagina10.com\/web\/wp-content\/uploads\/2017\/10\/jornada-unica-erick.png","articleSection":["Local"],"inLanguage":"es","potentialAction":[{"@type":"CommentAction","name":"Comment","target":["https:\/\/pagina10.com\/web\/renuncia-del-concejal-de-pasto-erick-velasco\/#respond"]}]},{"@type":"WebPage","@id":"https:\/\/pagina10.com\/web\/renuncia-del-concejal-de-pasto-erick-velasco\/","url":"https:\/\/pagina10.com\/web\/renuncia-del-concejal-de-pasto-erick-velasco\/","name":"Renuncia del concejal de Pasto, Erick Velasco. | P\u00e1gina10","isPartOf":{"@id":"https:\/\/pagina10.com\/web\/#website"},"primaryImageOfPage":{"@id":"https:\/\/pagina10.com\/web\/renuncia-del-concejal-de-pasto-erick-velasco\/#primaryimage"},"image":{"@id":"https:\/\/pagina10.com\/web\/renuncia-del-concejal-de-pasto-erick-velasco\/#primaryimage"},"thumbnailUrl":"https:\/\/pagina10.com\/web\/wp-content\/uploads\/2017\/10\/jornada-unica-erick.png","datePublished":"2021-11-13T00:54:26+00:00","dateModified":"2021-11-14T02:55:48+00:00","breadcrumb":{"@id":"https:\/\/pagina10.com\/web\/renuncia-del-concejal-de-pasto-erick-velasco\/#breadcrumb"},"inLanguage":"es","potentialAction":[{"@type":"ReadAction","target":["https:\/\/pagina10.com\/web\/renuncia-del-concejal-de-pasto-erick-velasco\/"]}]},{"@type":"ImageObject","inLanguage":"es","@id":"https:\/\/pagina10.com\/web\/renuncia-del-concejal-de-pasto-erick-velasco\/#primaryimage","url":"https:\/\/pagina10.com\/web\/wp-content\/uploads\/2017\/10\/jornada-unica-erick.png","contentUrl":"https:\/\/pagina10.com\/web\/wp-content\/uploads\/2017\/10\/jornada-unica-erick.png","width":197,"height":208},{"@type":"BreadcrumbList","@id":"https:\/\/pagina10.com\/web\/renuncia-del-concejal-de-pasto-erick-velasco\/#breadcrumb","itemListElement":[{"@type":"ListItem","position":1,"name":"Portada","item":"https:\/\/pagina10.com\/web\/"},{"@type":"ListItem","position":2,"name":"Renuncia del concejal de Pasto, Erick Velasco."}]},{"@type":"WebSite","@id":"https:\/\/pagina10.com\/web\/#website","url":"https:\/\/pagina10.com\/web\/","name":"P\u00e1gina10","description":"Peri\u00f3dico Regional","publisher":{"@id":"https:\/\/pagina10.com\/web\/#organization"},"alternateName":"P\u00e1gina10 Peri\u00f3dico Regional","potentialAction":[{"@type":"SearchAction","target":{"@type":"EntryPoint","urlTemplate":"https:\/\/pagina10.com\/web\/?s={search_term_string}"},"query-input":{"@type":"PropertyValueSpecification","valueRequired":true,"valueName":"search_term_string"}}],"inLanguage":"es"},{"@type":"Organization","@id":"https:\/\/pagina10.com\/web\/#organization","name":"P\u00e1gina10","alternateName":"P\u00e1gina10 Peri\u00f3dico Regional","url":"https:\/\/pagina10.com\/web\/","logo":{"@type":"ImageObject","inLanguage":"es","@id":"https:\/\/pagina10.com\/web\/#\/schema\/logo\/image\/","url":"https:\/\/pagina10.com\/web\/wp-content\/uploads\/2024\/01\/40-pagina-10-periodico-regional-pasto.jpg","contentUrl":"https:\/\/pagina10.com\/web\/wp-content\/uploads\/2024\/01\/40-pagina-10-periodico-regional-pasto.jpg","width":1280,"height":720,"caption":"P\u00e1gina10"},"image":{"@id":"https:\/\/pagina10.com\/web\/#\/schema\/logo\/image\/"},"sameAs":["https:\/\/www.facebook.com\/pag10com","https:\/\/x.com\/Pag10com","https:\/\/www.instagram.com\/pagina10col\/","https:\/\/youtube.com\/channel\/pag10","https:\/\/www.tiktok.com\/@p10col"]},{"@type":"Person","@id":"https:\/\/pagina10.com\/web\/#\/schema\/person\/2efc4a090d25b667d3bc796798a3a81b","name":"P\u00e1gina 10","description":"P\u00e1gina 10 es un peri\u00f3dico regional que nace en Colombia, en el departamento de Nari\u00f1o, con un enfoque global, fundamentado en cuatro pilares esenciales: la libertad, el pluralismo, la inclusi\u00f3n y la independencia. P\u00e1gina 10 hace referencia a Nari\u00f1o como el d\u00e9cimo departamento creado en Colombia, despu\u00e9s de un proceso pol\u00edtico liderado por actores y actrices regionales con el fin de obtener la independencia y autonom\u00eda de nuestros territorios. Con la creaci\u00f3n de P\u00e1gina 10 se pretende abrir un escenario para el dialogo, la reflexi\u00f3n y el debate que se extienda a otras geograf\u00edas de Am\u00e9rica Latina y del planeta, en una apuesta por transformar colectivamente los desaf\u00edos de un mundo contempor\u00e1neo, m\u00e1s all\u00e1 de las fronteras impuestas.","url":"https:\/\/pagina10.com\/web\/author\/pdiezadmin\/"}]}},"_links":{"self":[{"href":"https:\/\/pagina10.com\/web\/wp-json\/wp\/v2\/posts\/56674","targetHints":{"allow":["GET"]}}],"collection":[{"href":"https:\/\/pagina10.com\/web\/wp-json\/wp\/v2\/posts"}],"about":[{"href":"https:\/\/pagina10.com\/web\/wp-json\/wp\/v2\/types\/post"}],"author":[{"embeddable":true,"href":"https:\/\/pagina10.com\/web\/wp-json\/wp\/v2\/users\/1"}],"replies":[{"embeddable":true,"href":"https:\/\/pagina10.com\/web\/wp-json\/wp\/v2\/comments?post=56674"}],"version-history":[{"count":5,"href":"https:\/\/pagina10.com\/web\/wp-json\/wp\/v2\/posts\/56674\/revisions"}],"predecessor-version":[{"id":56725,"href":"https:\/\/pagina10.com\/web\/wp-json\/wp\/v2\/posts\/56674\/revisions\/56725"}],"wp:featuredmedia":[{"embeddable":true,"href":"https:\/\/pagina10.com\/web\/wp-json\/wp\/v2\/media\/26441"}],"wp:attachment":[{"href":"https:\/\/pagina10.com\/web\/wp-json\/wp\/v2\/media?parent=56674"}],"wp:term":[{"taxonomy":"category","embeddable":true,"href":"https:\/\/pagina10.com\/web\/wp-json\/wp\/v2\/categories?post=56674"},{"taxonomy":"post_tag","embeddable":true,"href":"https:\/\/pagina10.com\/web\/wp-json\/wp\/v2\/tags?post=56674"}],"curies":[{"name":"wp","href":"https:\/\/api.w.org\/{rel}","templated":true}]}}