{"id":56736,"date":"2021-11-15T20:24:34","date_gmt":"2021-11-16T01:24:34","guid":{"rendered":"https:\/\/pagina10.com\/web\/?p=56736"},"modified":"2021-11-15T22:49:32","modified_gmt":"2021-11-16T03:49:32","slug":"laboratorio-que-contenia-una-tonelada-y-media-de-droga-fue-destruido-en-la-costa-de-narino","status":"publish","type":"post","link":"https:\/\/pagina10.com\/web\/laboratorio-que-contenia-una-tonelada-y-media-de-droga-fue-destruido-en-la-costa-de-narino\/","title":{"rendered":"Laboratorio que conten\u00eda una tonelada y media de droga fue destruido en la costa de Nari\u00f1o"},"content":{"rendered":"<p style=\"text-align: justify;\">Mediante un trabajo entre la Armada, el Ej\u00e9rcito, La Polic\u00eda Nacional y la Fiscal\u00eda, se logr\u00f3 la ubicaci\u00f3n y\u00a0 posterior destrucci\u00f3n de un laboratorio ilegal empleado para la producci\u00f3n de clorhidrato de coca\u00edna ubicado en la vereda El Negrital, en el municipio de Francisco Pizarro.<\/p>\n<p style=\"text-align: justify;\">Dentro del laboratorio fueron hallados 1555 kilogramos de clorhidrato de coca\u00edna, 1375 kilos de insumos s\u00f3lidos, 1000 galones de hidrocarburos, 79 000 000 COP en efectivo, una lancha tipo \u201cMetrera\u201d con motor, equipos de comunicaci\u00f3n y material utilizado para la fabricaci\u00f3n del narc\u00f3tico.<\/p>\n<p style=\"text-align: justify;\">Adem\u00e1s de la destrucci\u00f3n de este laboratorio, tambi\u00e9n se propicio la captura de dos personas; y la recuperaci\u00f3n de dos menores de edad dedicados a actividades propias del procesamiento de base de coca.<\/p>\n<p style=\"text-align: justify;\">Recalcaron que esta organizaci\u00f3n delinque bajo el mando criminal de alias \u201cAllende\u201d, responsable de actos delictivos y enfrentamientos con otras estructuras dedicadas al narcotr\u00e1fico.<\/p>\n<p style=\"text-align: justify;\">Adem\u00e1s, las autoridades a\u00f1adieron que es importante resaltar que los residuos de estas sustancias son arrojados a vertientes de agua, generando as\u00ed una contaminaci\u00f3n considerable para el medio ambiente.<\/p>\n","protected":false},"excerpt":{"rendered":"<p>Mediante un trabajo entre la Armada, el Ej\u00e9rcito, La Polic\u00eda Nacional y la Fiscal\u00eda, se logr\u00f3 la ubicaci\u00f3n y\u00a0 posterior destrucci\u00f3n de un laboratorio ilegal empleado para la producci\u00f3n de clorhidrato de coca\u00edna ubicado en la vereda El Negrital, en el municipio de Francisco Pizarro. Dentro del laboratorio fueron hallados 1555 kilogramos de clorhidrato de [&hellip;]<\/p>\n","protected":false},"author":1,"featured_media":56737,"comment_status":"open","ping_status":"open","sticky":false,"template":"","format":"standard","meta":{"footnotes":""},"categories":[61],"tags":[],"class_list":["post-56736","post","type-post","status-publish","format-standard","has-post-thumbnail","hentry","category-judicial"],"yoast_head":"<!-- This site is optimized with the Yoast SEO plugin v27.1.1 - https:\/\/yoast.com\/product\/yoast-seo-wordpress\/ -->\n<title>Laboratorio que conten\u00eda una tonelada y media de droga fue destruido en la costa de Nari\u00f1o | P\u00e1gina10<\/title>\n<meta name=\"robots\" content=\"index, follow, max-snippet:-1, max-image-preview:large, max-video-preview:-1\" \/>\n<link rel=\"canonical\" href=\"https:\/\/pagina10.com\/web\/laboratorio-que-contenia-una-tonelada-y-media-de-droga-fue-destruido-en-la-costa-de-narino\/\" \/>\n<meta property=\"og:locale\" content=\"es_ES\" \/>\n<meta property=\"og:type\" content=\"article\" \/>\n<meta property=\"og:title\" content=\"Laboratorio que conten\u00eda una tonelada y media de droga fue destruido en la costa de Nari\u00f1o | P\u00e1gina10\" \/>\n<meta property=\"og:description\" content=\"Mediante un trabajo entre la Armada, el Ej\u00e9rcito, La Polic\u00eda Nacional y la Fiscal\u00eda, se logr\u00f3 la ubicaci\u00f3n y posterior destrucci\u00f3n de un laboratorio ilegal empleado para la producci\u00f3n de clorhidrato de coca\u00edna ubicado en la vereda El Negrital, en el municipio de Francisco Pizarro. Dentro del laboratorio fueron hallados 1555 kilogramos de clorhidrato de [&hellip;]\" \/>\n<meta property=\"og:url\" content=\"https:\/\/pagina10.com\/web\/laboratorio-que-contenia-una-tonelada-y-media-de-droga-fue-destruido-en-la-costa-de-narino\/\" \/>\n<meta property=\"og:site_name\" content=\"P\u00e1gina10\" \/>\n<meta property=\"article:publisher\" content=\"https:\/\/www.facebook.com\/pag10com\" \/>\n<meta property=\"article:published_time\" content=\"2021-11-16T01:24:34+00:00\" \/>\n<meta property=\"article:modified_time\" content=\"2021-11-16T03:49:32+00:00\" \/>\n<meta property=\"og:image\" content=\"https:\/\/pagina10.com\/web\/wp-content\/uploads\/2021\/11\/1453f3e0-1fd6-43c6-9012-c28c939823e8.jpg\" \/>\n\t<meta property=\"og:image:width\" content=\"600\" \/>\n\t<meta property=\"og:image:height\" content=\"450\" \/>\n\t<meta property=\"og:image:type\" content=\"image\/jpeg\" \/>\n<meta name=\"author\" content=\"P\u00e1gina 10\" \/>\n<meta name=\"twitter:card\" content=\"summary_large_image\" \/>\n<meta name=\"twitter:creator\" content=\"@Pag10com\" \/>\n<meta name=\"twitter:site\" content=\"@Pag10com\" \/>\n<meta name=\"twitter:label1\" content=\"Escrito por\" \/>\n\t<meta name=\"twitter:data1\" content=\"P\u00e1gina 10\" \/>\n\t<meta name=\"twitter:label2\" content=\"Tiempo de lectura\" \/>\n\t<meta name=\"twitter:data2\" content=\"1 minuto\" \/>\n<script type=\"application\/ld+json\" class=\"yoast-schema-graph\">{\"@context\":\"https:\/\/schema.org\",\"@graph\":[{\"@type\":\"Article\",\"@id\":\"https:\/\/pagina10.com\/web\/laboratorio-que-contenia-una-tonelada-y-media-de-droga-fue-destruido-en-la-costa-de-narino\/#article\",\"isPartOf\":{\"@id\":\"https:\/\/pagina10.com\/web\/laboratorio-que-contenia-una-tonelada-y-media-de-droga-fue-destruido-en-la-costa-de-narino\/\"},\"author\":{\"name\":\"P\u00e1gina 10\",\"@id\":\"https:\/\/pagina10.com\/web\/#\/schema\/person\/2efc4a090d25b667d3bc796798a3a81b\"},\"headline\":\"Laboratorio que conten\u00eda una tonelada y media de droga fue destruido en la costa de Nari\u00f1o\",\"datePublished\":\"2021-11-16T01:24:34+00:00\",\"dateModified\":\"2021-11-16T03:49:32+00:00\",\"mainEntityOfPage\":{\"@id\":\"https:\/\/pagina10.com\/web\/laboratorio-que-contenia-una-tonelada-y-media-de-droga-fue-destruido-en-la-costa-de-narino\/\"},\"wordCount\":207,\"commentCount\":0,\"publisher\":{\"@id\":\"https:\/\/pagina10.com\/web\/#organization\"},\"image\":{\"@id\":\"https:\/\/pagina10.com\/web\/laboratorio-que-contenia-una-tonelada-y-media-de-droga-fue-destruido-en-la-costa-de-narino\/#primaryimage\"},\"thumbnailUrl\":\"https:\/\/pagina10.com\/web\/wp-content\/uploads\/2021\/11\/1453f3e0-1fd6-43c6-9012-c28c939823e8.jpg\",\"articleSection\":[\"Judicial\"],\"inLanguage\":\"es\",\"potentialAction\":[{\"@type\":\"CommentAction\",\"name\":\"Comment\",\"target\":[\"https:\/\/pagina10.com\/web\/laboratorio-que-contenia-una-tonelada-y-media-de-droga-fue-destruido-en-la-costa-de-narino\/#respond\"]}]},{\"@type\":\"WebPage\",\"@id\":\"https:\/\/pagina10.com\/web\/laboratorio-que-contenia-una-tonelada-y-media-de-droga-fue-destruido-en-la-costa-de-narino\/\",\"url\":\"https:\/\/pagina10.com\/web\/laboratorio-que-contenia-una-tonelada-y-media-de-droga-fue-destruido-en-la-costa-de-narino\/\",\"name\":\"Laboratorio que conten\u00eda una tonelada y media de droga fue destruido en la costa de Nari\u00f1o | P\u00e1gina10\",\"isPartOf\":{\"@id\":\"https:\/\/pagina10.com\/web\/#website\"},\"primaryImageOfPage\":{\"@id\":\"https:\/\/pagina10.com\/web\/laboratorio-que-contenia-una-tonelada-y-media-de-droga-fue-destruido-en-la-costa-de-narino\/#primaryimage\"},\"image\":{\"@id\":\"https:\/\/pagina10.com\/web\/laboratorio-que-contenia-una-tonelada-y-media-de-droga-fue-destruido-en-la-costa-de-narino\/#primaryimage\"},\"thumbnailUrl\":\"https:\/\/pagina10.com\/web\/wp-content\/uploads\/2021\/11\/1453f3e0-1fd6-43c6-9012-c28c939823e8.jpg\",\"datePublished\":\"2021-11-16T01:24:34+00:00\",\"dateModified\":\"2021-11-16T03:49:32+00:00\",\"breadcrumb\":{\"@id\":\"https:\/\/pagina10.com\/web\/laboratorio-que-contenia-una-tonelada-y-media-de-droga-fue-destruido-en-la-costa-de-narino\/#breadcrumb\"},\"inLanguage\":\"es\",\"potentialAction\":[{\"@type\":\"ReadAction\",\"target\":[\"https:\/\/pagina10.com\/web\/laboratorio-que-contenia-una-tonelada-y-media-de-droga-fue-destruido-en-la-costa-de-narino\/\"]}]},{\"@type\":\"ImageObject\",\"inLanguage\":\"es\",\"@id\":\"https:\/\/pagina10.com\/web\/laboratorio-que-contenia-una-tonelada-y-media-de-droga-fue-destruido-en-la-costa-de-narino\/#primaryimage\",\"url\":\"https:\/\/pagina10.com\/web\/wp-content\/uploads\/2021\/11\/1453f3e0-1fd6-43c6-9012-c28c939823e8.jpg\",\"contentUrl\":\"https:\/\/pagina10.com\/web\/wp-content\/uploads\/2021\/11\/1453f3e0-1fd6-43c6-9012-c28c939823e8.jpg\",\"width\":600,\"height\":450},{\"@type\":\"BreadcrumbList\",\"@id\":\"https:\/\/pagina10.com\/web\/laboratorio-que-contenia-una-tonelada-y-media-de-droga-fue-destruido-en-la-costa-de-narino\/#breadcrumb\",\"itemListElement\":[{\"@type\":\"ListItem\",\"position\":1,\"name\":\"Portada\",\"item\":\"https:\/\/pagina10.com\/web\/\"},{\"@type\":\"ListItem\",\"position\":2,\"name\":\"Laboratorio que conten\u00eda una tonelada y media de droga fue destruido en la costa de Nari\u00f1o\"}]},{\"@type\":\"WebSite\",\"@id\":\"https:\/\/pagina10.com\/web\/#website\",\"url\":\"https:\/\/pagina10.com\/web\/\",\"name\":\"P\u00e1gina10\",\"description\":\"Peri\u00f3dico Regional\",\"publisher\":{\"@id\":\"https:\/\/pagina10.com\/web\/#organization\"},\"alternateName\":\"P\u00e1gina10 Peri\u00f3dico Regional\",\"potentialAction\":[{\"@type\":\"SearchAction\",\"target\":{\"@type\":\"EntryPoint\",\"urlTemplate\":\"https:\/\/pagina10.com\/web\/?s={search_term_string}\"},\"query-input\":{\"@type\":\"PropertyValueSpecification\",\"valueRequired\":true,\"valueName\":\"search_term_string\"}}],\"inLanguage\":\"es\"},{\"@type\":\"Organization\",\"@id\":\"https:\/\/pagina10.com\/web\/#organization\",\"name\":\"P\u00e1gina10\",\"alternateName\":\"P\u00e1gina10 Peri\u00f3dico Regional\",\"url\":\"https:\/\/pagina10.com\/web\/\",\"logo\":{\"@type\":\"ImageObject\",\"inLanguage\":\"es\",\"@id\":\"https:\/\/pagina10.com\/web\/#\/schema\/logo\/image\/\",\"url\":\"https:\/\/pagina10.com\/web\/wp-content\/uploads\/2024\/01\/40-pagina-10-periodico-regional-pasto.jpg\",\"contentUrl\":\"https:\/\/pagina10.com\/web\/wp-content\/uploads\/2024\/01\/40-pagina-10-periodico-regional-pasto.jpg\",\"width\":1280,\"height\":720,\"caption\":\"P\u00e1gina10\"},\"image\":{\"@id\":\"https:\/\/pagina10.com\/web\/#\/schema\/logo\/image\/\"},\"sameAs\":[\"https:\/\/www.facebook.com\/pag10com\",\"https:\/\/x.com\/Pag10com\",\"https:\/\/www.instagram.com\/pagina10col\/\",\"https:\/\/youtube.com\/channel\/pag10\",\"https:\/\/www.tiktok.com\/@p10col\"]},{\"@type\":\"Person\",\"@id\":\"https:\/\/pagina10.com\/web\/#\/schema\/person\/2efc4a090d25b667d3bc796798a3a81b\",\"name\":\"P\u00e1gina 10\",\"description\":\"P\u00e1gina 10 es un peri\u00f3dico regional que nace en Colombia, en el departamento de Nari\u00f1o, con un enfoque global, fundamentado en cuatro pilares esenciales: la libertad, el pluralismo, la inclusi\u00f3n y la independencia. P\u00e1gina 10 hace referencia a Nari\u00f1o como el d\u00e9cimo departamento creado en Colombia, despu\u00e9s de un proceso pol\u00edtico liderado por actores y actrices regionales con el fin de obtener la independencia y autonom\u00eda de nuestros territorios. Con la creaci\u00f3n de P\u00e1gina 10 se pretende abrir un escenario para el dialogo, la reflexi\u00f3n y el debate que se extienda a otras geograf\u00edas de Am\u00e9rica Latina y del planeta, en una apuesta por transformar colectivamente los desaf\u00edos de un mundo contempor\u00e1neo, m\u00e1s all\u00e1 de las fronteras impuestas.\",\"url\":\"https:\/\/pagina10.com\/web\/author\/pdiezadmin\/\"}]}<\/script>\n<!-- \/ Yoast SEO plugin. -->","yoast_head_json":{"title":"Laboratorio que conten\u00eda una tonelada y media de droga fue destruido en la costa de Nari\u00f1o | P\u00e1gina10","robots":{"index":"index","follow":"follow","max-snippet":"max-snippet:-1","max-image-preview":"max-image-preview:large","max-video-preview":"max-video-preview:-1"},"canonical":"https:\/\/pagina10.com\/web\/laboratorio-que-contenia-una-tonelada-y-media-de-droga-fue-destruido-en-la-costa-de-narino\/","og_locale":"es_ES","og_type":"article","og_title":"Laboratorio que conten\u00eda una tonelada y media de droga fue destruido en la costa de Nari\u00f1o | P\u00e1gina10","og_description":"Mediante un trabajo entre la Armada, el Ej\u00e9rcito, La Polic\u00eda Nacional y la Fiscal\u00eda, se logr\u00f3 la ubicaci\u00f3n y posterior destrucci\u00f3n de un laboratorio ilegal empleado para la producci\u00f3n de clorhidrato de coca\u00edna ubicado en la vereda El Negrital, en el municipio de Francisco Pizarro. Dentro del laboratorio fueron hallados 1555 kilogramos de clorhidrato de [&hellip;]","og_url":"https:\/\/pagina10.com\/web\/laboratorio-que-contenia-una-tonelada-y-media-de-droga-fue-destruido-en-la-costa-de-narino\/","og_site_name":"P\u00e1gina10","article_publisher":"https:\/\/www.facebook.com\/pag10com","article_published_time":"2021-11-16T01:24:34+00:00","article_modified_time":"2021-11-16T03:49:32+00:00","og_image":[{"width":600,"height":450,"url":"https:\/\/pagina10.com\/web\/wp-content\/uploads\/2021\/11\/1453f3e0-1fd6-43c6-9012-c28c939823e8.jpg","type":"image\/jpeg"}],"author":"P\u00e1gina 10","twitter_card":"summary_large_image","twitter_creator":"@Pag10com","twitter_site":"@Pag10com","twitter_misc":{"Escrito por":"P\u00e1gina 10","Tiempo de lectura":"1 minuto"},"schema":{"@context":"https:\/\/schema.org","@graph":[{"@type":"Article","@id":"https:\/\/pagina10.com\/web\/laboratorio-que-contenia-una-tonelada-y-media-de-droga-fue-destruido-en-la-costa-de-narino\/#article","isPartOf":{"@id":"https:\/\/pagina10.com\/web\/laboratorio-que-contenia-una-tonelada-y-media-de-droga-fue-destruido-en-la-costa-de-narino\/"},"author":{"name":"P\u00e1gina 10","@id":"https:\/\/pagina10.com\/web\/#\/schema\/person\/2efc4a090d25b667d3bc796798a3a81b"},"headline":"Laboratorio que conten\u00eda una tonelada y media de droga fue destruido en la costa de Nari\u00f1o","datePublished":"2021-11-16T01:24:34+00:00","dateModified":"2021-11-16T03:49:32+00:00","mainEntityOfPage":{"@id":"https:\/\/pagina10.com\/web\/laboratorio-que-contenia-una-tonelada-y-media-de-droga-fue-destruido-en-la-costa-de-narino\/"},"wordCount":207,"commentCount":0,"publisher":{"@id":"https:\/\/pagina10.com\/web\/#organization"},"image":{"@id":"https:\/\/pagina10.com\/web\/laboratorio-que-contenia-una-tonelada-y-media-de-droga-fue-destruido-en-la-costa-de-narino\/#primaryimage"},"thumbnailUrl":"https:\/\/pagina10.com\/web\/wp-content\/uploads\/2021\/11\/1453f3e0-1fd6-43c6-9012-c28c939823e8.jpg","articleSection":["Judicial"],"inLanguage":"es","potentialAction":[{"@type":"CommentAction","name":"Comment","target":["https:\/\/pagina10.com\/web\/laboratorio-que-contenia-una-tonelada-y-media-de-droga-fue-destruido-en-la-costa-de-narino\/#respond"]}]},{"@type":"WebPage","@id":"https:\/\/pagina10.com\/web\/laboratorio-que-contenia-una-tonelada-y-media-de-droga-fue-destruido-en-la-costa-de-narino\/","url":"https:\/\/pagina10.com\/web\/laboratorio-que-contenia-una-tonelada-y-media-de-droga-fue-destruido-en-la-costa-de-narino\/","name":"Laboratorio que conten\u00eda una tonelada y media de droga fue destruido en la costa de Nari\u00f1o | P\u00e1gina10","isPartOf":{"@id":"https:\/\/pagina10.com\/web\/#website"},"primaryImageOfPage":{"@id":"https:\/\/pagina10.com\/web\/laboratorio-que-contenia-una-tonelada-y-media-de-droga-fue-destruido-en-la-costa-de-narino\/#primaryimage"},"image":{"@id":"https:\/\/pagina10.com\/web\/laboratorio-que-contenia-una-tonelada-y-media-de-droga-fue-destruido-en-la-costa-de-narino\/#primaryimage"},"thumbnailUrl":"https:\/\/pagina10.com\/web\/wp-content\/uploads\/2021\/11\/1453f3e0-1fd6-43c6-9012-c28c939823e8.jpg","datePublished":"2021-11-16T01:24:34+00:00","dateModified":"2021-11-16T03:49:32+00:00","breadcrumb":{"@id":"https:\/\/pagina10.com\/web\/laboratorio-que-contenia-una-tonelada-y-media-de-droga-fue-destruido-en-la-costa-de-narino\/#breadcrumb"},"inLanguage":"es","potentialAction":[{"@type":"ReadAction","target":["https:\/\/pagina10.com\/web\/laboratorio-que-contenia-una-tonelada-y-media-de-droga-fue-destruido-en-la-costa-de-narino\/"]}]},{"@type":"ImageObject","inLanguage":"es","@id":"https:\/\/pagina10.com\/web\/laboratorio-que-contenia-una-tonelada-y-media-de-droga-fue-destruido-en-la-costa-de-narino\/#primaryimage","url":"https:\/\/pagina10.com\/web\/wp-content\/uploads\/2021\/11\/1453f3e0-1fd6-43c6-9012-c28c939823e8.jpg","contentUrl":"https:\/\/pagina10.com\/web\/wp-content\/uploads\/2021\/11\/1453f3e0-1fd6-43c6-9012-c28c939823e8.jpg","width":600,"height":450},{"@type":"BreadcrumbList","@id":"https:\/\/pagina10.com\/web\/laboratorio-que-contenia-una-tonelada-y-media-de-droga-fue-destruido-en-la-costa-de-narino\/#breadcrumb","itemListElement":[{"@type":"ListItem","position":1,"name":"Portada","item":"https:\/\/pagina10.com\/web\/"},{"@type":"ListItem","position":2,"name":"Laboratorio que conten\u00eda una tonelada y media de droga fue destruido en la costa de Nari\u00f1o"}]},{"@type":"WebSite","@id":"https:\/\/pagina10.com\/web\/#website","url":"https:\/\/pagina10.com\/web\/","name":"P\u00e1gina10","description":"Peri\u00f3dico Regional","publisher":{"@id":"https:\/\/pagina10.com\/web\/#organization"},"alternateName":"P\u00e1gina10 Peri\u00f3dico Regional","potentialAction":[{"@type":"SearchAction","target":{"@type":"EntryPoint","urlTemplate":"https:\/\/pagina10.com\/web\/?s={search_term_string}"},"query-input":{"@type":"PropertyValueSpecification","valueRequired":true,"valueName":"search_term_string"}}],"inLanguage":"es"},{"@type":"Organization","@id":"https:\/\/pagina10.com\/web\/#organization","name":"P\u00e1gina10","alternateName":"P\u00e1gina10 Peri\u00f3dico Regional","url":"https:\/\/pagina10.com\/web\/","logo":{"@type":"ImageObject","inLanguage":"es","@id":"https:\/\/pagina10.com\/web\/#\/schema\/logo\/image\/","url":"https:\/\/pagina10.com\/web\/wp-content\/uploads\/2024\/01\/40-pagina-10-periodico-regional-pasto.jpg","contentUrl":"https:\/\/pagina10.com\/web\/wp-content\/uploads\/2024\/01\/40-pagina-10-periodico-regional-pasto.jpg","width":1280,"height":720,"caption":"P\u00e1gina10"},"image":{"@id":"https:\/\/pagina10.com\/web\/#\/schema\/logo\/image\/"},"sameAs":["https:\/\/www.facebook.com\/pag10com","https:\/\/x.com\/Pag10com","https:\/\/www.instagram.com\/pagina10col\/","https:\/\/youtube.com\/channel\/pag10","https:\/\/www.tiktok.com\/@p10col"]},{"@type":"Person","@id":"https:\/\/pagina10.com\/web\/#\/schema\/person\/2efc4a090d25b667d3bc796798a3a81b","name":"P\u00e1gina 10","description":"P\u00e1gina 10 es un peri\u00f3dico regional que nace en Colombia, en el departamento de Nari\u00f1o, con un enfoque global, fundamentado en cuatro pilares esenciales: la libertad, el pluralismo, la inclusi\u00f3n y la independencia. P\u00e1gina 10 hace referencia a Nari\u00f1o como el d\u00e9cimo departamento creado en Colombia, despu\u00e9s de un proceso pol\u00edtico liderado por actores y actrices regionales con el fin de obtener la independencia y autonom\u00eda de nuestros territorios. Con la creaci\u00f3n de P\u00e1gina 10 se pretende abrir un escenario para el dialogo, la reflexi\u00f3n y el debate que se extienda a otras geograf\u00edas de Am\u00e9rica Latina y del planeta, en una apuesta por transformar colectivamente los desaf\u00edos de un mundo contempor\u00e1neo, m\u00e1s all\u00e1 de las fronteras impuestas.","url":"https:\/\/pagina10.com\/web\/author\/pdiezadmin\/"}]}},"_links":{"self":[{"href":"https:\/\/pagina10.com\/web\/wp-json\/wp\/v2\/posts\/56736","targetHints":{"allow":["GET"]}}],"collection":[{"href":"https:\/\/pagina10.com\/web\/wp-json\/wp\/v2\/posts"}],"about":[{"href":"https:\/\/pagina10.com\/web\/wp-json\/wp\/v2\/types\/post"}],"author":[{"embeddable":true,"href":"https:\/\/pagina10.com\/web\/wp-json\/wp\/v2\/users\/1"}],"replies":[{"embeddable":true,"href":"https:\/\/pagina10.com\/web\/wp-json\/wp\/v2\/comments?post=56736"}],"version-history":[{"count":5,"href":"https:\/\/pagina10.com\/web\/wp-json\/wp\/v2\/posts\/56736\/revisions"}],"predecessor-version":[{"id":56784,"href":"https:\/\/pagina10.com\/web\/wp-json\/wp\/v2\/posts\/56736\/revisions\/56784"}],"wp:featuredmedia":[{"embeddable":true,"href":"https:\/\/pagina10.com\/web\/wp-json\/wp\/v2\/media\/56737"}],"wp:attachment":[{"href":"https:\/\/pagina10.com\/web\/wp-json\/wp\/v2\/media?parent=56736"}],"wp:term":[{"taxonomy":"category","embeddable":true,"href":"https:\/\/pagina10.com\/web\/wp-json\/wp\/v2\/categories?post=56736"},{"taxonomy":"post_tag","embeddable":true,"href":"https:\/\/pagina10.com\/web\/wp-json\/wp\/v2\/tags?post=56736"}],"curies":[{"name":"wp","href":"https:\/\/api.w.org\/{rel}","templated":true}]}}