{"id":56749,"date":"2021-11-16T06:08:32","date_gmt":"2021-11-16T11:08:32","guid":{"rendered":"https:\/\/pagina10.com\/web\/?p=56749"},"modified":"2021-11-15T21:13:22","modified_gmt":"2021-11-16T02:13:22","slug":"se-lanza-la-campana-narino-brilla-sin-polvora","status":"publish","type":"post","link":"https:\/\/pagina10.com\/web\/se-lanza-la-campana-narino-brilla-sin-polvora\/","title":{"rendered":"Se lanza la campa\u00f1a &#8220;\u2018Nari\u00f1o brilla sin p\u00f3lvora&#8221;"},"content":{"rendered":"<p style=\"text-align: justify;\">Con la llegada de fin de a\u00f1o, comienzan a aparecer las cifras mas altas de quemados con p\u00f3lvora en el departamento de Nari\u00f1o es por eso que hoy se lanza la campa\u00f1a<strong> \u2018Nari\u00f1o brilla sin p\u00f3lvora. Guardianes de la vida\u2019,<\/strong> campa\u00f1a institucional generada desde el Comit\u00e9 Departamental de Prevenci\u00f3n de Lesionados por P\u00f3lvora, con el objetivo de concientizar a los nari\u00f1enses del no uso de la p\u00f3lvora en estas fiestas de fin de a\u00f1o. Esta estrategia fue el resultado de una co-creaci\u00f3n entre varios grupos poblacionales y la institucionalidad para generar una campa\u00f1a cercana y que genere un verdadero impacto.<\/p>\n<p style=\"text-align: justify;\">La estrategia contiene un componente comunicativo, que en articulaci\u00f3n con el operativo \u00a0que busca minimizar al m\u00e1ximo el uso, venta y compra de p\u00f3lvora en el Departamento de Nari\u00f1o, concientizando a las comunidades en la prevenci\u00f3n y protecci\u00f3n de la vida. \u201cEsperamos que en estas fiestas de fin de a\u00f1o no se presenten casos en nuestro territorio que empa\u00f1en estas fechas de encuentro familiar\u201d, indic\u00f3 el Secretario de Gobierno, Sergio Mu\u00f1oz.<\/p>\n<p style=\"text-align: justify;\">Pasto, Tumaco ,Ipiales , Olaya Herrera y Samaniego, fueron los municipios en donde se\u00a0 present\u00f3\u00a0 mayor\u00a0 n\u00famero\u00a0 de casos registrados de lesionados con p\u00f3lvora, con corte a 16 de enero de 2021, 77 lesionados de los cuales 17 tuvieron amputaciones de consideraci\u00f3n.<\/p>\n","protected":false},"excerpt":{"rendered":"<p>Con la llegada de fin de a\u00f1o, comienzan a aparecer las cifras mas altas de quemados con p\u00f3lvora en el departamento de Nari\u00f1o es por eso que hoy se lanza la campa\u00f1a \u2018Nari\u00f1o brilla sin p\u00f3lvora. Guardianes de la vida\u2019, campa\u00f1a institucional generada desde el Comit\u00e9 Departamental de Prevenci\u00f3n de Lesionados por P\u00f3lvora, con el [&hellip;]<\/p>\n","protected":false},"author":1,"featured_media":56750,"comment_status":"open","ping_status":"open","sticky":false,"template":"","format":"standard","meta":{"footnotes":""},"categories":[56],"tags":[],"class_list":["post-56749","post","type-post","status-publish","format-standard","has-post-thumbnail","hentry","category-local"],"yoast_head":"<!-- This site is optimized with the Yoast SEO plugin v27.1.1 - https:\/\/yoast.com\/product\/yoast-seo-wordpress\/ -->\n<title>Se lanza la campa\u00f1a &quot;\u2018Nari\u00f1o brilla sin p\u00f3lvora&quot; | P\u00e1gina10<\/title>\n<meta name=\"robots\" content=\"index, follow, max-snippet:-1, max-image-preview:large, max-video-preview:-1\" \/>\n<link rel=\"canonical\" href=\"https:\/\/pagina10.com\/web\/se-lanza-la-campana-narino-brilla-sin-polvora\/\" \/>\n<meta property=\"og:locale\" content=\"es_ES\" \/>\n<meta property=\"og:type\" content=\"article\" \/>\n<meta property=\"og:title\" content=\"Se lanza la campa\u00f1a &quot;\u2018Nari\u00f1o brilla sin p\u00f3lvora&quot; | P\u00e1gina10\" \/>\n<meta property=\"og:description\" content=\"Con la llegada de fin de a\u00f1o, comienzan a aparecer las cifras mas altas de quemados con p\u00f3lvora en el departamento de Nari\u00f1o es por eso que hoy se lanza la campa\u00f1a \u2018Nari\u00f1o brilla sin p\u00f3lvora. Guardianes de la vida\u2019, campa\u00f1a institucional generada desde el Comit\u00e9 Departamental de Prevenci\u00f3n de Lesionados por P\u00f3lvora, con el [&hellip;]\" \/>\n<meta property=\"og:url\" content=\"https:\/\/pagina10.com\/web\/se-lanza-la-campana-narino-brilla-sin-polvora\/\" \/>\n<meta property=\"og:site_name\" content=\"P\u00e1gina10\" \/>\n<meta property=\"article:publisher\" content=\"https:\/\/www.facebook.com\/pag10com\" \/>\n<meta property=\"article:published_time\" content=\"2021-11-16T11:08:32+00:00\" \/>\n<meta property=\"og:image\" content=\"https:\/\/pagina10.com\/web\/wp-content\/uploads\/2021\/11\/Aumentan-las-quejas-por-quema-de-polvora-en-Envigado-1280x720-1.jpg\" \/>\n\t<meta property=\"og:image:width\" content=\"1280\" \/>\n\t<meta property=\"og:image:height\" content=\"720\" \/>\n\t<meta property=\"og:image:type\" content=\"image\/jpeg\" \/>\n<meta name=\"author\" content=\"P\u00e1gina 10\" \/>\n<meta name=\"twitter:card\" content=\"summary_large_image\" \/>\n<meta name=\"twitter:creator\" content=\"@Pag10com\" \/>\n<meta name=\"twitter:site\" content=\"@Pag10com\" \/>\n<meta name=\"twitter:label1\" content=\"Escrito por\" \/>\n\t<meta name=\"twitter:data1\" content=\"P\u00e1gina 10\" \/>\n\t<meta name=\"twitter:label2\" content=\"Tiempo de lectura\" \/>\n\t<meta name=\"twitter:data2\" content=\"1 minuto\" \/>\n<script type=\"application\/ld+json\" class=\"yoast-schema-graph\">{\"@context\":\"https:\/\/schema.org\",\"@graph\":[{\"@type\":\"Article\",\"@id\":\"https:\/\/pagina10.com\/web\/se-lanza-la-campana-narino-brilla-sin-polvora\/#article\",\"isPartOf\":{\"@id\":\"https:\/\/pagina10.com\/web\/se-lanza-la-campana-narino-brilla-sin-polvora\/\"},\"author\":{\"name\":\"P\u00e1gina 10\",\"@id\":\"https:\/\/pagina10.com\/web\/#\/schema\/person\/2efc4a090d25b667d3bc796798a3a81b\"},\"headline\":\"Se lanza la campa\u00f1a &#8220;\u2018Nari\u00f1o brilla sin p\u00f3lvora&#8221;\",\"datePublished\":\"2021-11-16T11:08:32+00:00\",\"mainEntityOfPage\":{\"@id\":\"https:\/\/pagina10.com\/web\/se-lanza-la-campana-narino-brilla-sin-polvora\/\"},\"wordCount\":245,\"commentCount\":0,\"publisher\":{\"@id\":\"https:\/\/pagina10.com\/web\/#organization\"},\"image\":{\"@id\":\"https:\/\/pagina10.com\/web\/se-lanza-la-campana-narino-brilla-sin-polvora\/#primaryimage\"},\"thumbnailUrl\":\"https:\/\/pagina10.com\/web\/wp-content\/uploads\/2021\/11\/Aumentan-las-quejas-por-quema-de-polvora-en-Envigado-1280x720-1.jpg\",\"articleSection\":[\"Local\"],\"inLanguage\":\"es\",\"potentialAction\":[{\"@type\":\"CommentAction\",\"name\":\"Comment\",\"target\":[\"https:\/\/pagina10.com\/web\/se-lanza-la-campana-narino-brilla-sin-polvora\/#respond\"]}]},{\"@type\":\"WebPage\",\"@id\":\"https:\/\/pagina10.com\/web\/se-lanza-la-campana-narino-brilla-sin-polvora\/\",\"url\":\"https:\/\/pagina10.com\/web\/se-lanza-la-campana-narino-brilla-sin-polvora\/\",\"name\":\"Se lanza la campa\u00f1a \\\"\u2018Nari\u00f1o brilla sin p\u00f3lvora\\\" | P\u00e1gina10\",\"isPartOf\":{\"@id\":\"https:\/\/pagina10.com\/web\/#website\"},\"primaryImageOfPage\":{\"@id\":\"https:\/\/pagina10.com\/web\/se-lanza-la-campana-narino-brilla-sin-polvora\/#primaryimage\"},\"image\":{\"@id\":\"https:\/\/pagina10.com\/web\/se-lanza-la-campana-narino-brilla-sin-polvora\/#primaryimage\"},\"thumbnailUrl\":\"https:\/\/pagina10.com\/web\/wp-content\/uploads\/2021\/11\/Aumentan-las-quejas-por-quema-de-polvora-en-Envigado-1280x720-1.jpg\",\"datePublished\":\"2021-11-16T11:08:32+00:00\",\"breadcrumb\":{\"@id\":\"https:\/\/pagina10.com\/web\/se-lanza-la-campana-narino-brilla-sin-polvora\/#breadcrumb\"},\"inLanguage\":\"es\",\"potentialAction\":[{\"@type\":\"ReadAction\",\"target\":[\"https:\/\/pagina10.com\/web\/se-lanza-la-campana-narino-brilla-sin-polvora\/\"]}]},{\"@type\":\"ImageObject\",\"inLanguage\":\"es\",\"@id\":\"https:\/\/pagina10.com\/web\/se-lanza-la-campana-narino-brilla-sin-polvora\/#primaryimage\",\"url\":\"https:\/\/pagina10.com\/web\/wp-content\/uploads\/2021\/11\/Aumentan-las-quejas-por-quema-de-polvora-en-Envigado-1280x720-1.jpg\",\"contentUrl\":\"https:\/\/pagina10.com\/web\/wp-content\/uploads\/2021\/11\/Aumentan-las-quejas-por-quema-de-polvora-en-Envigado-1280x720-1.jpg\",\"width\":1280,\"height\":720},{\"@type\":\"BreadcrumbList\",\"@id\":\"https:\/\/pagina10.com\/web\/se-lanza-la-campana-narino-brilla-sin-polvora\/#breadcrumb\",\"itemListElement\":[{\"@type\":\"ListItem\",\"position\":1,\"name\":\"Portada\",\"item\":\"https:\/\/pagina10.com\/web\/\"},{\"@type\":\"ListItem\",\"position\":2,\"name\":\"Se lanza la campa\u00f1a &#8220;\u2018Nari\u00f1o brilla sin p\u00f3lvora&#8221;\"}]},{\"@type\":\"WebSite\",\"@id\":\"https:\/\/pagina10.com\/web\/#website\",\"url\":\"https:\/\/pagina10.com\/web\/\",\"name\":\"P\u00e1gina10\",\"description\":\"Peri\u00f3dico Regional\",\"publisher\":{\"@id\":\"https:\/\/pagina10.com\/web\/#organization\"},\"alternateName\":\"P\u00e1gina10 Peri\u00f3dico Regional\",\"potentialAction\":[{\"@type\":\"SearchAction\",\"target\":{\"@type\":\"EntryPoint\",\"urlTemplate\":\"https:\/\/pagina10.com\/web\/?s={search_term_string}\"},\"query-input\":{\"@type\":\"PropertyValueSpecification\",\"valueRequired\":true,\"valueName\":\"search_term_string\"}}],\"inLanguage\":\"es\"},{\"@type\":\"Organization\",\"@id\":\"https:\/\/pagina10.com\/web\/#organization\",\"name\":\"P\u00e1gina10\",\"alternateName\":\"P\u00e1gina10 Peri\u00f3dico Regional\",\"url\":\"https:\/\/pagina10.com\/web\/\",\"logo\":{\"@type\":\"ImageObject\",\"inLanguage\":\"es\",\"@id\":\"https:\/\/pagina10.com\/web\/#\/schema\/logo\/image\/\",\"url\":\"https:\/\/pagina10.com\/web\/wp-content\/uploads\/2024\/01\/40-pagina-10-periodico-regional-pasto.jpg\",\"contentUrl\":\"https:\/\/pagina10.com\/web\/wp-content\/uploads\/2024\/01\/40-pagina-10-periodico-regional-pasto.jpg\",\"width\":1280,\"height\":720,\"caption\":\"P\u00e1gina10\"},\"image\":{\"@id\":\"https:\/\/pagina10.com\/web\/#\/schema\/logo\/image\/\"},\"sameAs\":[\"https:\/\/www.facebook.com\/pag10com\",\"https:\/\/x.com\/Pag10com\",\"https:\/\/www.instagram.com\/pagina10col\/\",\"https:\/\/youtube.com\/channel\/pag10\",\"https:\/\/www.tiktok.com\/@p10col\"]},{\"@type\":\"Person\",\"@id\":\"https:\/\/pagina10.com\/web\/#\/schema\/person\/2efc4a090d25b667d3bc796798a3a81b\",\"name\":\"P\u00e1gina 10\",\"description\":\"P\u00e1gina 10 es un peri\u00f3dico regional que nace en Colombia, en el departamento de Nari\u00f1o, con un enfoque global, fundamentado en cuatro pilares esenciales: la libertad, el pluralismo, la inclusi\u00f3n y la independencia. P\u00e1gina 10 hace referencia a Nari\u00f1o como el d\u00e9cimo departamento creado en Colombia, despu\u00e9s de un proceso pol\u00edtico liderado por actores y actrices regionales con el fin de obtener la independencia y autonom\u00eda de nuestros territorios. Con la creaci\u00f3n de P\u00e1gina 10 se pretende abrir un escenario para el dialogo, la reflexi\u00f3n y el debate que se extienda a otras geograf\u00edas de Am\u00e9rica Latina y del planeta, en una apuesta por transformar colectivamente los desaf\u00edos de un mundo contempor\u00e1neo, m\u00e1s all\u00e1 de las fronteras impuestas.\",\"url\":\"https:\/\/pagina10.com\/web\/author\/pdiezadmin\/\"}]}<\/script>\n<!-- \/ Yoast SEO plugin. -->","yoast_head_json":{"title":"Se lanza la campa\u00f1a \"\u2018Nari\u00f1o brilla sin p\u00f3lvora\" | P\u00e1gina10","robots":{"index":"index","follow":"follow","max-snippet":"max-snippet:-1","max-image-preview":"max-image-preview:large","max-video-preview":"max-video-preview:-1"},"canonical":"https:\/\/pagina10.com\/web\/se-lanza-la-campana-narino-brilla-sin-polvora\/","og_locale":"es_ES","og_type":"article","og_title":"Se lanza la campa\u00f1a \"\u2018Nari\u00f1o brilla sin p\u00f3lvora\" | P\u00e1gina10","og_description":"Con la llegada de fin de a\u00f1o, comienzan a aparecer las cifras mas altas de quemados con p\u00f3lvora en el departamento de Nari\u00f1o es por eso que hoy se lanza la campa\u00f1a \u2018Nari\u00f1o brilla sin p\u00f3lvora. Guardianes de la vida\u2019, campa\u00f1a institucional generada desde el Comit\u00e9 Departamental de Prevenci\u00f3n de Lesionados por P\u00f3lvora, con el [&hellip;]","og_url":"https:\/\/pagina10.com\/web\/se-lanza-la-campana-narino-brilla-sin-polvora\/","og_site_name":"P\u00e1gina10","article_publisher":"https:\/\/www.facebook.com\/pag10com","article_published_time":"2021-11-16T11:08:32+00:00","og_image":[{"width":1280,"height":720,"url":"https:\/\/pagina10.com\/web\/wp-content\/uploads\/2021\/11\/Aumentan-las-quejas-por-quema-de-polvora-en-Envigado-1280x720-1.jpg","type":"image\/jpeg"}],"author":"P\u00e1gina 10","twitter_card":"summary_large_image","twitter_creator":"@Pag10com","twitter_site":"@Pag10com","twitter_misc":{"Escrito por":"P\u00e1gina 10","Tiempo de lectura":"1 minuto"},"schema":{"@context":"https:\/\/schema.org","@graph":[{"@type":"Article","@id":"https:\/\/pagina10.com\/web\/se-lanza-la-campana-narino-brilla-sin-polvora\/#article","isPartOf":{"@id":"https:\/\/pagina10.com\/web\/se-lanza-la-campana-narino-brilla-sin-polvora\/"},"author":{"name":"P\u00e1gina 10","@id":"https:\/\/pagina10.com\/web\/#\/schema\/person\/2efc4a090d25b667d3bc796798a3a81b"},"headline":"Se lanza la campa\u00f1a &#8220;\u2018Nari\u00f1o brilla sin p\u00f3lvora&#8221;","datePublished":"2021-11-16T11:08:32+00:00","mainEntityOfPage":{"@id":"https:\/\/pagina10.com\/web\/se-lanza-la-campana-narino-brilla-sin-polvora\/"},"wordCount":245,"commentCount":0,"publisher":{"@id":"https:\/\/pagina10.com\/web\/#organization"},"image":{"@id":"https:\/\/pagina10.com\/web\/se-lanza-la-campana-narino-brilla-sin-polvora\/#primaryimage"},"thumbnailUrl":"https:\/\/pagina10.com\/web\/wp-content\/uploads\/2021\/11\/Aumentan-las-quejas-por-quema-de-polvora-en-Envigado-1280x720-1.jpg","articleSection":["Local"],"inLanguage":"es","potentialAction":[{"@type":"CommentAction","name":"Comment","target":["https:\/\/pagina10.com\/web\/se-lanza-la-campana-narino-brilla-sin-polvora\/#respond"]}]},{"@type":"WebPage","@id":"https:\/\/pagina10.com\/web\/se-lanza-la-campana-narino-brilla-sin-polvora\/","url":"https:\/\/pagina10.com\/web\/se-lanza-la-campana-narino-brilla-sin-polvora\/","name":"Se lanza la campa\u00f1a \"\u2018Nari\u00f1o brilla sin p\u00f3lvora\" | P\u00e1gina10","isPartOf":{"@id":"https:\/\/pagina10.com\/web\/#website"},"primaryImageOfPage":{"@id":"https:\/\/pagina10.com\/web\/se-lanza-la-campana-narino-brilla-sin-polvora\/#primaryimage"},"image":{"@id":"https:\/\/pagina10.com\/web\/se-lanza-la-campana-narino-brilla-sin-polvora\/#primaryimage"},"thumbnailUrl":"https:\/\/pagina10.com\/web\/wp-content\/uploads\/2021\/11\/Aumentan-las-quejas-por-quema-de-polvora-en-Envigado-1280x720-1.jpg","datePublished":"2021-11-16T11:08:32+00:00","breadcrumb":{"@id":"https:\/\/pagina10.com\/web\/se-lanza-la-campana-narino-brilla-sin-polvora\/#breadcrumb"},"inLanguage":"es","potentialAction":[{"@type":"ReadAction","target":["https:\/\/pagina10.com\/web\/se-lanza-la-campana-narino-brilla-sin-polvora\/"]}]},{"@type":"ImageObject","inLanguage":"es","@id":"https:\/\/pagina10.com\/web\/se-lanza-la-campana-narino-brilla-sin-polvora\/#primaryimage","url":"https:\/\/pagina10.com\/web\/wp-content\/uploads\/2021\/11\/Aumentan-las-quejas-por-quema-de-polvora-en-Envigado-1280x720-1.jpg","contentUrl":"https:\/\/pagina10.com\/web\/wp-content\/uploads\/2021\/11\/Aumentan-las-quejas-por-quema-de-polvora-en-Envigado-1280x720-1.jpg","width":1280,"height":720},{"@type":"BreadcrumbList","@id":"https:\/\/pagina10.com\/web\/se-lanza-la-campana-narino-brilla-sin-polvora\/#breadcrumb","itemListElement":[{"@type":"ListItem","position":1,"name":"Portada","item":"https:\/\/pagina10.com\/web\/"},{"@type":"ListItem","position":2,"name":"Se lanza la campa\u00f1a &#8220;\u2018Nari\u00f1o brilla sin p\u00f3lvora&#8221;"}]},{"@type":"WebSite","@id":"https:\/\/pagina10.com\/web\/#website","url":"https:\/\/pagina10.com\/web\/","name":"P\u00e1gina10","description":"Peri\u00f3dico Regional","publisher":{"@id":"https:\/\/pagina10.com\/web\/#organization"},"alternateName":"P\u00e1gina10 Peri\u00f3dico Regional","potentialAction":[{"@type":"SearchAction","target":{"@type":"EntryPoint","urlTemplate":"https:\/\/pagina10.com\/web\/?s={search_term_string}"},"query-input":{"@type":"PropertyValueSpecification","valueRequired":true,"valueName":"search_term_string"}}],"inLanguage":"es"},{"@type":"Organization","@id":"https:\/\/pagina10.com\/web\/#organization","name":"P\u00e1gina10","alternateName":"P\u00e1gina10 Peri\u00f3dico Regional","url":"https:\/\/pagina10.com\/web\/","logo":{"@type":"ImageObject","inLanguage":"es","@id":"https:\/\/pagina10.com\/web\/#\/schema\/logo\/image\/","url":"https:\/\/pagina10.com\/web\/wp-content\/uploads\/2024\/01\/40-pagina-10-periodico-regional-pasto.jpg","contentUrl":"https:\/\/pagina10.com\/web\/wp-content\/uploads\/2024\/01\/40-pagina-10-periodico-regional-pasto.jpg","width":1280,"height":720,"caption":"P\u00e1gina10"},"image":{"@id":"https:\/\/pagina10.com\/web\/#\/schema\/logo\/image\/"},"sameAs":["https:\/\/www.facebook.com\/pag10com","https:\/\/x.com\/Pag10com","https:\/\/www.instagram.com\/pagina10col\/","https:\/\/youtube.com\/channel\/pag10","https:\/\/www.tiktok.com\/@p10col"]},{"@type":"Person","@id":"https:\/\/pagina10.com\/web\/#\/schema\/person\/2efc4a090d25b667d3bc796798a3a81b","name":"P\u00e1gina 10","description":"P\u00e1gina 10 es un peri\u00f3dico regional que nace en Colombia, en el departamento de Nari\u00f1o, con un enfoque global, fundamentado en cuatro pilares esenciales: la libertad, el pluralismo, la inclusi\u00f3n y la independencia. P\u00e1gina 10 hace referencia a Nari\u00f1o como el d\u00e9cimo departamento creado en Colombia, despu\u00e9s de un proceso pol\u00edtico liderado por actores y actrices regionales con el fin de obtener la independencia y autonom\u00eda de nuestros territorios. Con la creaci\u00f3n de P\u00e1gina 10 se pretende abrir un escenario para el dialogo, la reflexi\u00f3n y el debate que se extienda a otras geograf\u00edas de Am\u00e9rica Latina y del planeta, en una apuesta por transformar colectivamente los desaf\u00edos de un mundo contempor\u00e1neo, m\u00e1s all\u00e1 de las fronteras impuestas.","url":"https:\/\/pagina10.com\/web\/author\/pdiezadmin\/"}]}},"_links":{"self":[{"href":"https:\/\/pagina10.com\/web\/wp-json\/wp\/v2\/posts\/56749","targetHints":{"allow":["GET"]}}],"collection":[{"href":"https:\/\/pagina10.com\/web\/wp-json\/wp\/v2\/posts"}],"about":[{"href":"https:\/\/pagina10.com\/web\/wp-json\/wp\/v2\/types\/post"}],"author":[{"embeddable":true,"href":"https:\/\/pagina10.com\/web\/wp-json\/wp\/v2\/users\/1"}],"replies":[{"embeddable":true,"href":"https:\/\/pagina10.com\/web\/wp-json\/wp\/v2\/comments?post=56749"}],"version-history":[{"count":1,"href":"https:\/\/pagina10.com\/web\/wp-json\/wp\/v2\/posts\/56749\/revisions"}],"predecessor-version":[{"id":56751,"href":"https:\/\/pagina10.com\/web\/wp-json\/wp\/v2\/posts\/56749\/revisions\/56751"}],"wp:featuredmedia":[{"embeddable":true,"href":"https:\/\/pagina10.com\/web\/wp-json\/wp\/v2\/media\/56750"}],"wp:attachment":[{"href":"https:\/\/pagina10.com\/web\/wp-json\/wp\/v2\/media?parent=56749"}],"wp:term":[{"taxonomy":"category","embeddable":true,"href":"https:\/\/pagina10.com\/web\/wp-json\/wp\/v2\/categories?post=56749"},{"taxonomy":"post_tag","embeddable":true,"href":"https:\/\/pagina10.com\/web\/wp-json\/wp\/v2\/tags?post=56749"}],"curies":[{"name":"wp","href":"https:\/\/api.w.org\/{rel}","templated":true}]}}