{"id":56765,"date":"2021-11-15T22:03:22","date_gmt":"2021-11-16T03:03:22","guid":{"rendered":"https:\/\/pagina10.com\/web\/?p=56765"},"modified":"2021-11-15T22:03:22","modified_gmt":"2021-11-16T03:03:22","slug":"en-la-zona-de-amenaza-volcanica-alta-autoridades-socializan-estudios-detallados-de-riesgo","status":"publish","type":"post","link":"https:\/\/pagina10.com\/web\/en-la-zona-de-amenaza-volcanica-alta-autoridades-socializan-estudios-detallados-de-riesgo\/","title":{"rendered":"En la zona de amenaza volc\u00e1nica alta, autoridades socializan estudios detallados de riesgo"},"content":{"rendered":"<p style=\"text-align: justify;\">Con el objetivo de mantener informados a los habitantes de la Zona de Amenaza Volc\u00e1nica Alta del Volc\u00e1n Galeras, la Direcci\u00f3n para la Gesti\u00f3n del Riesgo de Desastres (DGRD) acompa\u00f1\u00f3 a los habitantes de los corregimientos de Genoy y Mapachico en la socializaci\u00f3n de los estudios detallados de riesgo realizados por la Unidad Nacional para la Gesti\u00f3n del Riesgo de Desastres (UNGRD) y la firma consultora, Ingeniar.<\/p>\n<p style=\"text-align: justify;\">El gobernador del Cabildo Ind\u00edgena de Jenoy, Jos\u00e9 Henry Criollo Rivadeneira, se refiri\u00f3 respecto a la importancia que la comunidad participe activamente tanto de estos estudios como de las decisiones que se tomen con los resultados de los mismos. \u201cComo comunidad ind\u00edgena queremos que haya concertaci\u00f3n y consentimiento, al igual que respeto por nuestra cosmovisi\u00f3n sobre el territorio como sagrado\u201d, asegur\u00f3.<\/p>\n<p style=\"text-align: justify;\">Por su parte, el director para la Gesti\u00f3n del Riesgo de Desastres, Dar\u00edo G\u00f3mez, explic\u00f3 la importancia que estos estudios representan para la Administraci\u00f3n Municipal, pues son una herramienta fundamental para la toma de decisiones en cuanto al ordenamiento territorial del municipio.<\/p>\n<p style=\"text-align: justify;\">\u201cGracias a la gesti\u00f3n del Alcalde Germ\u00e1n Chamorro De La Rosa, logramos materializar estos estudios que, junto a otros que est\u00e1n casi terminados, ser\u00e1n socializados con toda la rigurosidad t\u00e9cnica, pero traducidos a un lenguaje que la comunidad entienda para, posteriormente, incorporarlos al POT\u201d, manifest\u00f3 el funcionario.<\/p>\n<p style=\"text-align: justify;\">Durante la socializaci\u00f3n del avance de estos estudios, la firma consultora resolvi\u00f3 inquietudes y expuso la metodolog\u00eda a abordar. La UNGRD supervisa t\u00e9cnica, administrativa y financieramente el desarrollo de este contrato, tal como afirm\u00f3 la subdirectora para el Conocimiento del Riesgo, Lina Dorado Gonz\u00e1lez.<\/p>\n<p style=\"text-align: justify;\">\u201cLos resultados de estos estudios les permitir\u00e1n a las autoridades locales, con participaci\u00f3n de la comunidad y acompa\u00f1amiento del Gobierno Nacional, tomar decisiones para que, en los sitios que representen un riesgo algo, no est\u00e9n ubicados asentamientos humanos y, de esta manera, no se ponga en riesgo la vida de las personas\u201d, agreg\u00f3 el gerente de la firma consultora Ingeniar, Omar Dar\u00edo Cardona.<\/p>\n","protected":false},"excerpt":{"rendered":"<p>Con el objetivo de mantener informados a los habitantes de la Zona de Amenaza Volc\u00e1nica Alta del Volc\u00e1n Galeras, la Direcci\u00f3n para la Gesti\u00f3n del Riesgo de Desastres (DGRD) acompa\u00f1\u00f3 a los habitantes de los corregimientos de Genoy y Mapachico en la socializaci\u00f3n de los estudios detallados de riesgo realizados por la Unidad Nacional para [&hellip;]<\/p>\n","protected":false},"author":1,"featured_media":56766,"comment_status":"open","ping_status":"open","sticky":false,"template":"","format":"standard","meta":{"footnotes":""},"categories":[82],"tags":[],"class_list":["post-56765","post","type-post","status-publish","format-standard","has-post-thumbnail","hentry","category-ciudad-2"],"yoast_head":"<!-- This site is optimized with the Yoast SEO plugin v27.1.1 - https:\/\/yoast.com\/product\/yoast-seo-wordpress\/ -->\n<title>En la zona de amenaza volc\u00e1nica alta, autoridades socializan estudios detallados de riesgo | P\u00e1gina10<\/title>\n<meta name=\"robots\" content=\"index, follow, max-snippet:-1, max-image-preview:large, max-video-preview:-1\" \/>\n<link rel=\"canonical\" href=\"https:\/\/pagina10.com\/web\/en-la-zona-de-amenaza-volcanica-alta-autoridades-socializan-estudios-detallados-de-riesgo\/\" \/>\n<meta property=\"og:locale\" content=\"es_ES\" \/>\n<meta property=\"og:type\" content=\"article\" \/>\n<meta property=\"og:title\" content=\"En la zona de amenaza volc\u00e1nica alta, autoridades socializan estudios detallados de riesgo | P\u00e1gina10\" \/>\n<meta property=\"og:description\" content=\"Con el objetivo de mantener informados a los habitantes de la Zona de Amenaza Volc\u00e1nica Alta del Volc\u00e1n Galeras, la Direcci\u00f3n para la Gesti\u00f3n del Riesgo de Desastres (DGRD) acompa\u00f1\u00f3 a los habitantes de los corregimientos de Genoy y Mapachico en la socializaci\u00f3n de los estudios detallados de riesgo realizados por la Unidad Nacional para [&hellip;]\" \/>\n<meta property=\"og:url\" content=\"https:\/\/pagina10.com\/web\/en-la-zona-de-amenaza-volcanica-alta-autoridades-socializan-estudios-detallados-de-riesgo\/\" \/>\n<meta property=\"og:site_name\" content=\"P\u00e1gina10\" \/>\n<meta property=\"article:publisher\" content=\"https:\/\/www.facebook.com\/pag10com\" \/>\n<meta property=\"article:published_time\" content=\"2021-11-16T03:03:22+00:00\" \/>\n<meta property=\"og:image\" content=\"https:\/\/pagina10.com\/web\/wp-content\/uploads\/2021\/11\/WhatsApp-Image-2021-11-10-at-12.49.49-PM.jpeg\" \/>\n\t<meta property=\"og:image:width\" content=\"1280\" \/>\n\t<meta property=\"og:image:height\" content=\"855\" \/>\n\t<meta property=\"og:image:type\" content=\"image\/jpeg\" \/>\n<meta name=\"author\" content=\"P\u00e1gina 10\" \/>\n<meta name=\"twitter:card\" content=\"summary_large_image\" \/>\n<meta name=\"twitter:creator\" content=\"@Pag10com\" \/>\n<meta name=\"twitter:site\" content=\"@Pag10com\" \/>\n<meta name=\"twitter:label1\" content=\"Escrito por\" \/>\n\t<meta name=\"twitter:data1\" content=\"P\u00e1gina 10\" \/>\n\t<meta name=\"twitter:label2\" content=\"Tiempo de lectura\" \/>\n\t<meta name=\"twitter:data2\" content=\"2 minutos\" \/>\n<script type=\"application\/ld+json\" class=\"yoast-schema-graph\">{\"@context\":\"https:\/\/schema.org\",\"@graph\":[{\"@type\":\"Article\",\"@id\":\"https:\/\/pagina10.com\/web\/en-la-zona-de-amenaza-volcanica-alta-autoridades-socializan-estudios-detallados-de-riesgo\/#article\",\"isPartOf\":{\"@id\":\"https:\/\/pagina10.com\/web\/en-la-zona-de-amenaza-volcanica-alta-autoridades-socializan-estudios-detallados-de-riesgo\/\"},\"author\":{\"name\":\"P\u00e1gina 10\",\"@id\":\"https:\/\/pagina10.com\/web\/#\/schema\/person\/2efc4a090d25b667d3bc796798a3a81b\"},\"headline\":\"En la zona de amenaza volc\u00e1nica alta, autoridades socializan estudios detallados de riesgo\",\"datePublished\":\"2021-11-16T03:03:22+00:00\",\"mainEntityOfPage\":{\"@id\":\"https:\/\/pagina10.com\/web\/en-la-zona-de-amenaza-volcanica-alta-autoridades-socializan-estudios-detallados-de-riesgo\/\"},\"wordCount\":366,\"commentCount\":0,\"publisher\":{\"@id\":\"https:\/\/pagina10.com\/web\/#organization\"},\"image\":{\"@id\":\"https:\/\/pagina10.com\/web\/en-la-zona-de-amenaza-volcanica-alta-autoridades-socializan-estudios-detallados-de-riesgo\/#primaryimage\"},\"thumbnailUrl\":\"https:\/\/pagina10.com\/web\/wp-content\/uploads\/2021\/11\/WhatsApp-Image-2021-11-10-at-12.49.49-PM.jpeg\",\"articleSection\":[\"Ciudad\"],\"inLanguage\":\"es\",\"potentialAction\":[{\"@type\":\"CommentAction\",\"name\":\"Comment\",\"target\":[\"https:\/\/pagina10.com\/web\/en-la-zona-de-amenaza-volcanica-alta-autoridades-socializan-estudios-detallados-de-riesgo\/#respond\"]}]},{\"@type\":\"WebPage\",\"@id\":\"https:\/\/pagina10.com\/web\/en-la-zona-de-amenaza-volcanica-alta-autoridades-socializan-estudios-detallados-de-riesgo\/\",\"url\":\"https:\/\/pagina10.com\/web\/en-la-zona-de-amenaza-volcanica-alta-autoridades-socializan-estudios-detallados-de-riesgo\/\",\"name\":\"En la zona de amenaza volc\u00e1nica alta, autoridades socializan estudios detallados de riesgo | P\u00e1gina10\",\"isPartOf\":{\"@id\":\"https:\/\/pagina10.com\/web\/#website\"},\"primaryImageOfPage\":{\"@id\":\"https:\/\/pagina10.com\/web\/en-la-zona-de-amenaza-volcanica-alta-autoridades-socializan-estudios-detallados-de-riesgo\/#primaryimage\"},\"image\":{\"@id\":\"https:\/\/pagina10.com\/web\/en-la-zona-de-amenaza-volcanica-alta-autoridades-socializan-estudios-detallados-de-riesgo\/#primaryimage\"},\"thumbnailUrl\":\"https:\/\/pagina10.com\/web\/wp-content\/uploads\/2021\/11\/WhatsApp-Image-2021-11-10-at-12.49.49-PM.jpeg\",\"datePublished\":\"2021-11-16T03:03:22+00:00\",\"breadcrumb\":{\"@id\":\"https:\/\/pagina10.com\/web\/en-la-zona-de-amenaza-volcanica-alta-autoridades-socializan-estudios-detallados-de-riesgo\/#breadcrumb\"},\"inLanguage\":\"es\",\"potentialAction\":[{\"@type\":\"ReadAction\",\"target\":[\"https:\/\/pagina10.com\/web\/en-la-zona-de-amenaza-volcanica-alta-autoridades-socializan-estudios-detallados-de-riesgo\/\"]}]},{\"@type\":\"ImageObject\",\"inLanguage\":\"es\",\"@id\":\"https:\/\/pagina10.com\/web\/en-la-zona-de-amenaza-volcanica-alta-autoridades-socializan-estudios-detallados-de-riesgo\/#primaryimage\",\"url\":\"https:\/\/pagina10.com\/web\/wp-content\/uploads\/2021\/11\/WhatsApp-Image-2021-11-10-at-12.49.49-PM.jpeg\",\"contentUrl\":\"https:\/\/pagina10.com\/web\/wp-content\/uploads\/2021\/11\/WhatsApp-Image-2021-11-10-at-12.49.49-PM.jpeg\",\"width\":1280,\"height\":855},{\"@type\":\"BreadcrumbList\",\"@id\":\"https:\/\/pagina10.com\/web\/en-la-zona-de-amenaza-volcanica-alta-autoridades-socializan-estudios-detallados-de-riesgo\/#breadcrumb\",\"itemListElement\":[{\"@type\":\"ListItem\",\"position\":1,\"name\":\"Portada\",\"item\":\"https:\/\/pagina10.com\/web\/\"},{\"@type\":\"ListItem\",\"position\":2,\"name\":\"En la zona de amenaza volc\u00e1nica alta, autoridades socializan estudios detallados de riesgo\"}]},{\"@type\":\"WebSite\",\"@id\":\"https:\/\/pagina10.com\/web\/#website\",\"url\":\"https:\/\/pagina10.com\/web\/\",\"name\":\"P\u00e1gina10\",\"description\":\"Peri\u00f3dico Regional\",\"publisher\":{\"@id\":\"https:\/\/pagina10.com\/web\/#organization\"},\"alternateName\":\"P\u00e1gina10 Peri\u00f3dico Regional\",\"potentialAction\":[{\"@type\":\"SearchAction\",\"target\":{\"@type\":\"EntryPoint\",\"urlTemplate\":\"https:\/\/pagina10.com\/web\/?s={search_term_string}\"},\"query-input\":{\"@type\":\"PropertyValueSpecification\",\"valueRequired\":true,\"valueName\":\"search_term_string\"}}],\"inLanguage\":\"es\"},{\"@type\":\"Organization\",\"@id\":\"https:\/\/pagina10.com\/web\/#organization\",\"name\":\"P\u00e1gina10\",\"alternateName\":\"P\u00e1gina10 Peri\u00f3dico Regional\",\"url\":\"https:\/\/pagina10.com\/web\/\",\"logo\":{\"@type\":\"ImageObject\",\"inLanguage\":\"es\",\"@id\":\"https:\/\/pagina10.com\/web\/#\/schema\/logo\/image\/\",\"url\":\"https:\/\/pagina10.com\/web\/wp-content\/uploads\/2024\/01\/40-pagina-10-periodico-regional-pasto.jpg\",\"contentUrl\":\"https:\/\/pagina10.com\/web\/wp-content\/uploads\/2024\/01\/40-pagina-10-periodico-regional-pasto.jpg\",\"width\":1280,\"height\":720,\"caption\":\"P\u00e1gina10\"},\"image\":{\"@id\":\"https:\/\/pagina10.com\/web\/#\/schema\/logo\/image\/\"},\"sameAs\":[\"https:\/\/www.facebook.com\/pag10com\",\"https:\/\/x.com\/Pag10com\",\"https:\/\/www.instagram.com\/pagina10col\/\",\"https:\/\/youtube.com\/channel\/pag10\",\"https:\/\/www.tiktok.com\/@p10col\"]},{\"@type\":\"Person\",\"@id\":\"https:\/\/pagina10.com\/web\/#\/schema\/person\/2efc4a090d25b667d3bc796798a3a81b\",\"name\":\"P\u00e1gina 10\",\"description\":\"P\u00e1gina 10 es un peri\u00f3dico regional que nace en Colombia, en el departamento de Nari\u00f1o, con un enfoque global, fundamentado en cuatro pilares esenciales: la libertad, el pluralismo, la inclusi\u00f3n y la independencia. P\u00e1gina 10 hace referencia a Nari\u00f1o como el d\u00e9cimo departamento creado en Colombia, despu\u00e9s de un proceso pol\u00edtico liderado por actores y actrices regionales con el fin de obtener la independencia y autonom\u00eda de nuestros territorios. Con la creaci\u00f3n de P\u00e1gina 10 se pretende abrir un escenario para el dialogo, la reflexi\u00f3n y el debate que se extienda a otras geograf\u00edas de Am\u00e9rica Latina y del planeta, en una apuesta por transformar colectivamente los desaf\u00edos de un mundo contempor\u00e1neo, m\u00e1s all\u00e1 de las fronteras impuestas.\",\"url\":\"https:\/\/pagina10.com\/web\/author\/pdiezadmin\/\"}]}<\/script>\n<!-- \/ Yoast SEO plugin. -->","yoast_head_json":{"title":"En la zona de amenaza volc\u00e1nica alta, autoridades socializan estudios detallados de riesgo | P\u00e1gina10","robots":{"index":"index","follow":"follow","max-snippet":"max-snippet:-1","max-image-preview":"max-image-preview:large","max-video-preview":"max-video-preview:-1"},"canonical":"https:\/\/pagina10.com\/web\/en-la-zona-de-amenaza-volcanica-alta-autoridades-socializan-estudios-detallados-de-riesgo\/","og_locale":"es_ES","og_type":"article","og_title":"En la zona de amenaza volc\u00e1nica alta, autoridades socializan estudios detallados de riesgo | P\u00e1gina10","og_description":"Con el objetivo de mantener informados a los habitantes de la Zona de Amenaza Volc\u00e1nica Alta del Volc\u00e1n Galeras, la Direcci\u00f3n para la Gesti\u00f3n del Riesgo de Desastres (DGRD) acompa\u00f1\u00f3 a los habitantes de los corregimientos de Genoy y Mapachico en la socializaci\u00f3n de los estudios detallados de riesgo realizados por la Unidad Nacional para [&hellip;]","og_url":"https:\/\/pagina10.com\/web\/en-la-zona-de-amenaza-volcanica-alta-autoridades-socializan-estudios-detallados-de-riesgo\/","og_site_name":"P\u00e1gina10","article_publisher":"https:\/\/www.facebook.com\/pag10com","article_published_time":"2021-11-16T03:03:22+00:00","og_image":[{"width":1280,"height":855,"url":"https:\/\/pagina10.com\/web\/wp-content\/uploads\/2021\/11\/WhatsApp-Image-2021-11-10-at-12.49.49-PM.jpeg","type":"image\/jpeg"}],"author":"P\u00e1gina 10","twitter_card":"summary_large_image","twitter_creator":"@Pag10com","twitter_site":"@Pag10com","twitter_misc":{"Escrito por":"P\u00e1gina 10","Tiempo de lectura":"2 minutos"},"schema":{"@context":"https:\/\/schema.org","@graph":[{"@type":"Article","@id":"https:\/\/pagina10.com\/web\/en-la-zona-de-amenaza-volcanica-alta-autoridades-socializan-estudios-detallados-de-riesgo\/#article","isPartOf":{"@id":"https:\/\/pagina10.com\/web\/en-la-zona-de-amenaza-volcanica-alta-autoridades-socializan-estudios-detallados-de-riesgo\/"},"author":{"name":"P\u00e1gina 10","@id":"https:\/\/pagina10.com\/web\/#\/schema\/person\/2efc4a090d25b667d3bc796798a3a81b"},"headline":"En la zona de amenaza volc\u00e1nica alta, autoridades socializan estudios detallados de riesgo","datePublished":"2021-11-16T03:03:22+00:00","mainEntityOfPage":{"@id":"https:\/\/pagina10.com\/web\/en-la-zona-de-amenaza-volcanica-alta-autoridades-socializan-estudios-detallados-de-riesgo\/"},"wordCount":366,"commentCount":0,"publisher":{"@id":"https:\/\/pagina10.com\/web\/#organization"},"image":{"@id":"https:\/\/pagina10.com\/web\/en-la-zona-de-amenaza-volcanica-alta-autoridades-socializan-estudios-detallados-de-riesgo\/#primaryimage"},"thumbnailUrl":"https:\/\/pagina10.com\/web\/wp-content\/uploads\/2021\/11\/WhatsApp-Image-2021-11-10-at-12.49.49-PM.jpeg","articleSection":["Ciudad"],"inLanguage":"es","potentialAction":[{"@type":"CommentAction","name":"Comment","target":["https:\/\/pagina10.com\/web\/en-la-zona-de-amenaza-volcanica-alta-autoridades-socializan-estudios-detallados-de-riesgo\/#respond"]}]},{"@type":"WebPage","@id":"https:\/\/pagina10.com\/web\/en-la-zona-de-amenaza-volcanica-alta-autoridades-socializan-estudios-detallados-de-riesgo\/","url":"https:\/\/pagina10.com\/web\/en-la-zona-de-amenaza-volcanica-alta-autoridades-socializan-estudios-detallados-de-riesgo\/","name":"En la zona de amenaza volc\u00e1nica alta, autoridades socializan estudios detallados de riesgo | P\u00e1gina10","isPartOf":{"@id":"https:\/\/pagina10.com\/web\/#website"},"primaryImageOfPage":{"@id":"https:\/\/pagina10.com\/web\/en-la-zona-de-amenaza-volcanica-alta-autoridades-socializan-estudios-detallados-de-riesgo\/#primaryimage"},"image":{"@id":"https:\/\/pagina10.com\/web\/en-la-zona-de-amenaza-volcanica-alta-autoridades-socializan-estudios-detallados-de-riesgo\/#primaryimage"},"thumbnailUrl":"https:\/\/pagina10.com\/web\/wp-content\/uploads\/2021\/11\/WhatsApp-Image-2021-11-10-at-12.49.49-PM.jpeg","datePublished":"2021-11-16T03:03:22+00:00","breadcrumb":{"@id":"https:\/\/pagina10.com\/web\/en-la-zona-de-amenaza-volcanica-alta-autoridades-socializan-estudios-detallados-de-riesgo\/#breadcrumb"},"inLanguage":"es","potentialAction":[{"@type":"ReadAction","target":["https:\/\/pagina10.com\/web\/en-la-zona-de-amenaza-volcanica-alta-autoridades-socializan-estudios-detallados-de-riesgo\/"]}]},{"@type":"ImageObject","inLanguage":"es","@id":"https:\/\/pagina10.com\/web\/en-la-zona-de-amenaza-volcanica-alta-autoridades-socializan-estudios-detallados-de-riesgo\/#primaryimage","url":"https:\/\/pagina10.com\/web\/wp-content\/uploads\/2021\/11\/WhatsApp-Image-2021-11-10-at-12.49.49-PM.jpeg","contentUrl":"https:\/\/pagina10.com\/web\/wp-content\/uploads\/2021\/11\/WhatsApp-Image-2021-11-10-at-12.49.49-PM.jpeg","width":1280,"height":855},{"@type":"BreadcrumbList","@id":"https:\/\/pagina10.com\/web\/en-la-zona-de-amenaza-volcanica-alta-autoridades-socializan-estudios-detallados-de-riesgo\/#breadcrumb","itemListElement":[{"@type":"ListItem","position":1,"name":"Portada","item":"https:\/\/pagina10.com\/web\/"},{"@type":"ListItem","position":2,"name":"En la zona de amenaza volc\u00e1nica alta, autoridades socializan estudios detallados de riesgo"}]},{"@type":"WebSite","@id":"https:\/\/pagina10.com\/web\/#website","url":"https:\/\/pagina10.com\/web\/","name":"P\u00e1gina10","description":"Peri\u00f3dico Regional","publisher":{"@id":"https:\/\/pagina10.com\/web\/#organization"},"alternateName":"P\u00e1gina10 Peri\u00f3dico Regional","potentialAction":[{"@type":"SearchAction","target":{"@type":"EntryPoint","urlTemplate":"https:\/\/pagina10.com\/web\/?s={search_term_string}"},"query-input":{"@type":"PropertyValueSpecification","valueRequired":true,"valueName":"search_term_string"}}],"inLanguage":"es"},{"@type":"Organization","@id":"https:\/\/pagina10.com\/web\/#organization","name":"P\u00e1gina10","alternateName":"P\u00e1gina10 Peri\u00f3dico Regional","url":"https:\/\/pagina10.com\/web\/","logo":{"@type":"ImageObject","inLanguage":"es","@id":"https:\/\/pagina10.com\/web\/#\/schema\/logo\/image\/","url":"https:\/\/pagina10.com\/web\/wp-content\/uploads\/2024\/01\/40-pagina-10-periodico-regional-pasto.jpg","contentUrl":"https:\/\/pagina10.com\/web\/wp-content\/uploads\/2024\/01\/40-pagina-10-periodico-regional-pasto.jpg","width":1280,"height":720,"caption":"P\u00e1gina10"},"image":{"@id":"https:\/\/pagina10.com\/web\/#\/schema\/logo\/image\/"},"sameAs":["https:\/\/www.facebook.com\/pag10com","https:\/\/x.com\/Pag10com","https:\/\/www.instagram.com\/pagina10col\/","https:\/\/youtube.com\/channel\/pag10","https:\/\/www.tiktok.com\/@p10col"]},{"@type":"Person","@id":"https:\/\/pagina10.com\/web\/#\/schema\/person\/2efc4a090d25b667d3bc796798a3a81b","name":"P\u00e1gina 10","description":"P\u00e1gina 10 es un peri\u00f3dico regional que nace en Colombia, en el departamento de Nari\u00f1o, con un enfoque global, fundamentado en cuatro pilares esenciales: la libertad, el pluralismo, la inclusi\u00f3n y la independencia. P\u00e1gina 10 hace referencia a Nari\u00f1o como el d\u00e9cimo departamento creado en Colombia, despu\u00e9s de un proceso pol\u00edtico liderado por actores y actrices regionales con el fin de obtener la independencia y autonom\u00eda de nuestros territorios. Con la creaci\u00f3n de P\u00e1gina 10 se pretende abrir un escenario para el dialogo, la reflexi\u00f3n y el debate que se extienda a otras geograf\u00edas de Am\u00e9rica Latina y del planeta, en una apuesta por transformar colectivamente los desaf\u00edos de un mundo contempor\u00e1neo, m\u00e1s all\u00e1 de las fronteras impuestas.","url":"https:\/\/pagina10.com\/web\/author\/pdiezadmin\/"}]}},"_links":{"self":[{"href":"https:\/\/pagina10.com\/web\/wp-json\/wp\/v2\/posts\/56765","targetHints":{"allow":["GET"]}}],"collection":[{"href":"https:\/\/pagina10.com\/web\/wp-json\/wp\/v2\/posts"}],"about":[{"href":"https:\/\/pagina10.com\/web\/wp-json\/wp\/v2\/types\/post"}],"author":[{"embeddable":true,"href":"https:\/\/pagina10.com\/web\/wp-json\/wp\/v2\/users\/1"}],"replies":[{"embeddable":true,"href":"https:\/\/pagina10.com\/web\/wp-json\/wp\/v2\/comments?post=56765"}],"version-history":[{"count":1,"href":"https:\/\/pagina10.com\/web\/wp-json\/wp\/v2\/posts\/56765\/revisions"}],"predecessor-version":[{"id":56767,"href":"https:\/\/pagina10.com\/web\/wp-json\/wp\/v2\/posts\/56765\/revisions\/56767"}],"wp:featuredmedia":[{"embeddable":true,"href":"https:\/\/pagina10.com\/web\/wp-json\/wp\/v2\/media\/56766"}],"wp:attachment":[{"href":"https:\/\/pagina10.com\/web\/wp-json\/wp\/v2\/media?parent=56765"}],"wp:term":[{"taxonomy":"category","embeddable":true,"href":"https:\/\/pagina10.com\/web\/wp-json\/wp\/v2\/categories?post=56765"},{"taxonomy":"post_tag","embeddable":true,"href":"https:\/\/pagina10.com\/web\/wp-json\/wp\/v2\/tags?post=56765"}],"curies":[{"name":"wp","href":"https:\/\/api.w.org\/{rel}","templated":true}]}}