{"id":56809,"date":"2021-11-16T20:36:00","date_gmt":"2021-11-17T01:36:00","guid":{"rendered":"https:\/\/pagina10.com\/web\/?p=56809"},"modified":"2021-11-16T20:36:19","modified_gmt":"2021-11-17T01:36:19","slug":"empate-con-sabor-a-derrota","status":"publish","type":"post","link":"https:\/\/pagina10.com\/web\/empate-con-sabor-a-derrota\/","title":{"rendered":"Empate con sabor a derrota!"},"content":{"rendered":"<p style=\"text-align: justify;\">Hoy en el metropolitano, la selecci\u00f3n Colombia sumo su quinto partido sin\u00a0 avistar un gol frente a paraguay, por lo que los hinchas de la selecci\u00f3n se tuvieron que conformar con un punto en casa.<\/p>\n<p style=\"text-align: justify;\">Al momento la hinchada de la selecci\u00f3n se cuestiona las decisiones tomadas por el Director T\u00e9cnico Reinaldo Rueda en el campo de juego ya que despu\u00e9s de 5 partidos contra: Uruguay, Brasil, Ecuador, Paraguay, al momento no hay un buen ritmo de juego, ni dominio en el campo.<\/p>\n<p style=\"text-align: justify;\">Con el cierre de esta fecha, la selecci\u00f3n Colombia solo ha logrado sumar 4 de los \u00faltimos 15 puntos disputados, dejando en veremos la clasificaci\u00f3n al mundial de Catar.<\/p>\n","protected":false},"excerpt":{"rendered":"<p>Hoy en el metropolitano, la selecci\u00f3n Colombia sumo su quinto partido sin\u00a0 avistar un gol frente a paraguay, por lo que los hinchas de la selecci\u00f3n se tuvieron que conformar con un punto en casa. Al momento la hinchada de la selecci\u00f3n se cuestiona las decisiones tomadas por el Director T\u00e9cnico Reinaldo Rueda en el [&hellip;]<\/p>\n","protected":false},"author":1,"featured_media":56810,"comment_status":"open","ping_status":"open","sticky":false,"template":"","format":"standard","meta":{"footnotes":""},"categories":[86],"tags":[],"class_list":["post-56809","post","type-post","status-publish","format-standard","has-post-thumbnail","hentry","category-deportes-2"],"yoast_head":"<!-- This site is optimized with the Yoast SEO plugin v27.1.1 - https:\/\/yoast.com\/product\/yoast-seo-wordpress\/ -->\n<title>Empate con sabor a derrota! | P\u00e1gina10<\/title>\n<meta name=\"robots\" content=\"index, follow, max-snippet:-1, max-image-preview:large, max-video-preview:-1\" \/>\n<link rel=\"canonical\" href=\"https:\/\/pagina10.com\/web\/empate-con-sabor-a-derrota\/\" \/>\n<meta property=\"og:locale\" content=\"es_ES\" \/>\n<meta property=\"og:type\" content=\"article\" \/>\n<meta property=\"og:title\" content=\"Empate con sabor a derrota! | P\u00e1gina10\" \/>\n<meta property=\"og:description\" content=\"Hoy en el metropolitano, la selecci\u00f3n Colombia sumo su quinto partido sin avistar un gol frente a paraguay, por lo que los hinchas de la selecci\u00f3n se tuvieron que conformar con un punto en casa. Al momento la hinchada de la selecci\u00f3n se cuestiona las decisiones tomadas por el Director T\u00e9cnico Reinaldo Rueda en el [&hellip;]\" \/>\n<meta property=\"og:url\" content=\"https:\/\/pagina10.com\/web\/empate-con-sabor-a-derrota\/\" \/>\n<meta property=\"og:site_name\" content=\"P\u00e1gina10\" \/>\n<meta property=\"article:publisher\" content=\"https:\/\/www.facebook.com\/pag10com\" \/>\n<meta property=\"article:published_time\" content=\"2021-11-17T01:36:00+00:00\" \/>\n<meta property=\"article:modified_time\" content=\"2021-11-17T01:36:19+00:00\" \/>\n<meta property=\"og:image\" content=\"https:\/\/pagina10.com\/web\/wp-content\/uploads\/2021\/11\/16369422520633.jpg\" \/>\n\t<meta property=\"og:image:width\" content=\"1980\" \/>\n\t<meta property=\"og:image:height\" content=\"1114\" \/>\n\t<meta property=\"og:image:type\" content=\"image\/jpeg\" \/>\n<meta name=\"author\" content=\"P\u00e1gina 10\" \/>\n<meta name=\"twitter:card\" content=\"summary_large_image\" \/>\n<meta name=\"twitter:creator\" content=\"@Pag10com\" \/>\n<meta name=\"twitter:site\" content=\"@Pag10com\" \/>\n<meta name=\"twitter:label1\" content=\"Escrito por\" \/>\n\t<meta name=\"twitter:data1\" content=\"P\u00e1gina 10\" \/>\n\t<meta name=\"twitter:label2\" content=\"Tiempo de lectura\" \/>\n\t<meta name=\"twitter:data2\" content=\"1 minuto\" \/>\n<script type=\"application\/ld+json\" class=\"yoast-schema-graph\">{\"@context\":\"https:\/\/schema.org\",\"@graph\":[{\"@type\":\"Article\",\"@id\":\"https:\/\/pagina10.com\/web\/empate-con-sabor-a-derrota\/#article\",\"isPartOf\":{\"@id\":\"https:\/\/pagina10.com\/web\/empate-con-sabor-a-derrota\/\"},\"author\":{\"name\":\"P\u00e1gina 10\",\"@id\":\"https:\/\/pagina10.com\/web\/#\/schema\/person\/2efc4a090d25b667d3bc796798a3a81b\"},\"headline\":\"Empate con sabor a derrota!\",\"datePublished\":\"2021-11-17T01:36:00+00:00\",\"dateModified\":\"2021-11-17T01:36:19+00:00\",\"mainEntityOfPage\":{\"@id\":\"https:\/\/pagina10.com\/web\/empate-con-sabor-a-derrota\/\"},\"wordCount\":121,\"commentCount\":0,\"publisher\":{\"@id\":\"https:\/\/pagina10.com\/web\/#organization\"},\"image\":{\"@id\":\"https:\/\/pagina10.com\/web\/empate-con-sabor-a-derrota\/#primaryimage\"},\"thumbnailUrl\":\"https:\/\/pagina10.com\/web\/wp-content\/uploads\/2021\/11\/16369422520633.jpg\",\"articleSection\":[\"Deportes\"],\"inLanguage\":\"es\",\"potentialAction\":[{\"@type\":\"CommentAction\",\"name\":\"Comment\",\"target\":[\"https:\/\/pagina10.com\/web\/empate-con-sabor-a-derrota\/#respond\"]}]},{\"@type\":\"WebPage\",\"@id\":\"https:\/\/pagina10.com\/web\/empate-con-sabor-a-derrota\/\",\"url\":\"https:\/\/pagina10.com\/web\/empate-con-sabor-a-derrota\/\",\"name\":\"Empate con sabor a derrota! | P\u00e1gina10\",\"isPartOf\":{\"@id\":\"https:\/\/pagina10.com\/web\/#website\"},\"primaryImageOfPage\":{\"@id\":\"https:\/\/pagina10.com\/web\/empate-con-sabor-a-derrota\/#primaryimage\"},\"image\":{\"@id\":\"https:\/\/pagina10.com\/web\/empate-con-sabor-a-derrota\/#primaryimage\"},\"thumbnailUrl\":\"https:\/\/pagina10.com\/web\/wp-content\/uploads\/2021\/11\/16369422520633.jpg\",\"datePublished\":\"2021-11-17T01:36:00+00:00\",\"dateModified\":\"2021-11-17T01:36:19+00:00\",\"breadcrumb\":{\"@id\":\"https:\/\/pagina10.com\/web\/empate-con-sabor-a-derrota\/#breadcrumb\"},\"inLanguage\":\"es\",\"potentialAction\":[{\"@type\":\"ReadAction\",\"target\":[\"https:\/\/pagina10.com\/web\/empate-con-sabor-a-derrota\/\"]}]},{\"@type\":\"ImageObject\",\"inLanguage\":\"es\",\"@id\":\"https:\/\/pagina10.com\/web\/empate-con-sabor-a-derrota\/#primaryimage\",\"url\":\"https:\/\/pagina10.com\/web\/wp-content\/uploads\/2021\/11\/16369422520633.jpg\",\"contentUrl\":\"https:\/\/pagina10.com\/web\/wp-content\/uploads\/2021\/11\/16369422520633.jpg\",\"width\":1980,\"height\":1114},{\"@type\":\"BreadcrumbList\",\"@id\":\"https:\/\/pagina10.com\/web\/empate-con-sabor-a-derrota\/#breadcrumb\",\"itemListElement\":[{\"@type\":\"ListItem\",\"position\":1,\"name\":\"Portada\",\"item\":\"https:\/\/pagina10.com\/web\/\"},{\"@type\":\"ListItem\",\"position\":2,\"name\":\"Empate con sabor a derrota!\"}]},{\"@type\":\"WebSite\",\"@id\":\"https:\/\/pagina10.com\/web\/#website\",\"url\":\"https:\/\/pagina10.com\/web\/\",\"name\":\"P\u00e1gina10\",\"description\":\"Peri\u00f3dico Regional\",\"publisher\":{\"@id\":\"https:\/\/pagina10.com\/web\/#organization\"},\"alternateName\":\"P\u00e1gina10 Peri\u00f3dico Regional\",\"potentialAction\":[{\"@type\":\"SearchAction\",\"target\":{\"@type\":\"EntryPoint\",\"urlTemplate\":\"https:\/\/pagina10.com\/web\/?s={search_term_string}\"},\"query-input\":{\"@type\":\"PropertyValueSpecification\",\"valueRequired\":true,\"valueName\":\"search_term_string\"}}],\"inLanguage\":\"es\"},{\"@type\":\"Organization\",\"@id\":\"https:\/\/pagina10.com\/web\/#organization\",\"name\":\"P\u00e1gina10\",\"alternateName\":\"P\u00e1gina10 Peri\u00f3dico Regional\",\"url\":\"https:\/\/pagina10.com\/web\/\",\"logo\":{\"@type\":\"ImageObject\",\"inLanguage\":\"es\",\"@id\":\"https:\/\/pagina10.com\/web\/#\/schema\/logo\/image\/\",\"url\":\"https:\/\/pagina10.com\/web\/wp-content\/uploads\/2024\/01\/40-pagina-10-periodico-regional-pasto.jpg\",\"contentUrl\":\"https:\/\/pagina10.com\/web\/wp-content\/uploads\/2024\/01\/40-pagina-10-periodico-regional-pasto.jpg\",\"width\":1280,\"height\":720,\"caption\":\"P\u00e1gina10\"},\"image\":{\"@id\":\"https:\/\/pagina10.com\/web\/#\/schema\/logo\/image\/\"},\"sameAs\":[\"https:\/\/www.facebook.com\/pag10com\",\"https:\/\/x.com\/Pag10com\",\"https:\/\/www.instagram.com\/pagina10col\/\",\"https:\/\/youtube.com\/channel\/pag10\",\"https:\/\/www.tiktok.com\/@p10col\"]},{\"@type\":\"Person\",\"@id\":\"https:\/\/pagina10.com\/web\/#\/schema\/person\/2efc4a090d25b667d3bc796798a3a81b\",\"name\":\"P\u00e1gina 10\",\"description\":\"P\u00e1gina 10 es un peri\u00f3dico regional que nace en Colombia, en el departamento de Nari\u00f1o, con un enfoque global, fundamentado en cuatro pilares esenciales: la libertad, el pluralismo, la inclusi\u00f3n y la independencia. P\u00e1gina 10 hace referencia a Nari\u00f1o como el d\u00e9cimo departamento creado en Colombia, despu\u00e9s de un proceso pol\u00edtico liderado por actores y actrices regionales con el fin de obtener la independencia y autonom\u00eda de nuestros territorios. Con la creaci\u00f3n de P\u00e1gina 10 se pretende abrir un escenario para el dialogo, la reflexi\u00f3n y el debate que se extienda a otras geograf\u00edas de Am\u00e9rica Latina y del planeta, en una apuesta por transformar colectivamente los desaf\u00edos de un mundo contempor\u00e1neo, m\u00e1s all\u00e1 de las fronteras impuestas.\",\"url\":\"https:\/\/pagina10.com\/web\/author\/pdiezadmin\/\"}]}<\/script>\n<!-- \/ Yoast SEO plugin. -->","yoast_head_json":{"title":"Empate con sabor a derrota! | P\u00e1gina10","robots":{"index":"index","follow":"follow","max-snippet":"max-snippet:-1","max-image-preview":"max-image-preview:large","max-video-preview":"max-video-preview:-1"},"canonical":"https:\/\/pagina10.com\/web\/empate-con-sabor-a-derrota\/","og_locale":"es_ES","og_type":"article","og_title":"Empate con sabor a derrota! | P\u00e1gina10","og_description":"Hoy en el metropolitano, la selecci\u00f3n Colombia sumo su quinto partido sin avistar un gol frente a paraguay, por lo que los hinchas de la selecci\u00f3n se tuvieron que conformar con un punto en casa. Al momento la hinchada de la selecci\u00f3n se cuestiona las decisiones tomadas por el Director T\u00e9cnico Reinaldo Rueda en el [&hellip;]","og_url":"https:\/\/pagina10.com\/web\/empate-con-sabor-a-derrota\/","og_site_name":"P\u00e1gina10","article_publisher":"https:\/\/www.facebook.com\/pag10com","article_published_time":"2021-11-17T01:36:00+00:00","article_modified_time":"2021-11-17T01:36:19+00:00","og_image":[{"width":1980,"height":1114,"url":"https:\/\/pagina10.com\/web\/wp-content\/uploads\/2021\/11\/16369422520633.jpg","type":"image\/jpeg"}],"author":"P\u00e1gina 10","twitter_card":"summary_large_image","twitter_creator":"@Pag10com","twitter_site":"@Pag10com","twitter_misc":{"Escrito por":"P\u00e1gina 10","Tiempo de lectura":"1 minuto"},"schema":{"@context":"https:\/\/schema.org","@graph":[{"@type":"Article","@id":"https:\/\/pagina10.com\/web\/empate-con-sabor-a-derrota\/#article","isPartOf":{"@id":"https:\/\/pagina10.com\/web\/empate-con-sabor-a-derrota\/"},"author":{"name":"P\u00e1gina 10","@id":"https:\/\/pagina10.com\/web\/#\/schema\/person\/2efc4a090d25b667d3bc796798a3a81b"},"headline":"Empate con sabor a derrota!","datePublished":"2021-11-17T01:36:00+00:00","dateModified":"2021-11-17T01:36:19+00:00","mainEntityOfPage":{"@id":"https:\/\/pagina10.com\/web\/empate-con-sabor-a-derrota\/"},"wordCount":121,"commentCount":0,"publisher":{"@id":"https:\/\/pagina10.com\/web\/#organization"},"image":{"@id":"https:\/\/pagina10.com\/web\/empate-con-sabor-a-derrota\/#primaryimage"},"thumbnailUrl":"https:\/\/pagina10.com\/web\/wp-content\/uploads\/2021\/11\/16369422520633.jpg","articleSection":["Deportes"],"inLanguage":"es","potentialAction":[{"@type":"CommentAction","name":"Comment","target":["https:\/\/pagina10.com\/web\/empate-con-sabor-a-derrota\/#respond"]}]},{"@type":"WebPage","@id":"https:\/\/pagina10.com\/web\/empate-con-sabor-a-derrota\/","url":"https:\/\/pagina10.com\/web\/empate-con-sabor-a-derrota\/","name":"Empate con sabor a derrota! | P\u00e1gina10","isPartOf":{"@id":"https:\/\/pagina10.com\/web\/#website"},"primaryImageOfPage":{"@id":"https:\/\/pagina10.com\/web\/empate-con-sabor-a-derrota\/#primaryimage"},"image":{"@id":"https:\/\/pagina10.com\/web\/empate-con-sabor-a-derrota\/#primaryimage"},"thumbnailUrl":"https:\/\/pagina10.com\/web\/wp-content\/uploads\/2021\/11\/16369422520633.jpg","datePublished":"2021-11-17T01:36:00+00:00","dateModified":"2021-11-17T01:36:19+00:00","breadcrumb":{"@id":"https:\/\/pagina10.com\/web\/empate-con-sabor-a-derrota\/#breadcrumb"},"inLanguage":"es","potentialAction":[{"@type":"ReadAction","target":["https:\/\/pagina10.com\/web\/empate-con-sabor-a-derrota\/"]}]},{"@type":"ImageObject","inLanguage":"es","@id":"https:\/\/pagina10.com\/web\/empate-con-sabor-a-derrota\/#primaryimage","url":"https:\/\/pagina10.com\/web\/wp-content\/uploads\/2021\/11\/16369422520633.jpg","contentUrl":"https:\/\/pagina10.com\/web\/wp-content\/uploads\/2021\/11\/16369422520633.jpg","width":1980,"height":1114},{"@type":"BreadcrumbList","@id":"https:\/\/pagina10.com\/web\/empate-con-sabor-a-derrota\/#breadcrumb","itemListElement":[{"@type":"ListItem","position":1,"name":"Portada","item":"https:\/\/pagina10.com\/web\/"},{"@type":"ListItem","position":2,"name":"Empate con sabor a derrota!"}]},{"@type":"WebSite","@id":"https:\/\/pagina10.com\/web\/#website","url":"https:\/\/pagina10.com\/web\/","name":"P\u00e1gina10","description":"Peri\u00f3dico Regional","publisher":{"@id":"https:\/\/pagina10.com\/web\/#organization"},"alternateName":"P\u00e1gina10 Peri\u00f3dico Regional","potentialAction":[{"@type":"SearchAction","target":{"@type":"EntryPoint","urlTemplate":"https:\/\/pagina10.com\/web\/?s={search_term_string}"},"query-input":{"@type":"PropertyValueSpecification","valueRequired":true,"valueName":"search_term_string"}}],"inLanguage":"es"},{"@type":"Organization","@id":"https:\/\/pagina10.com\/web\/#organization","name":"P\u00e1gina10","alternateName":"P\u00e1gina10 Peri\u00f3dico Regional","url":"https:\/\/pagina10.com\/web\/","logo":{"@type":"ImageObject","inLanguage":"es","@id":"https:\/\/pagina10.com\/web\/#\/schema\/logo\/image\/","url":"https:\/\/pagina10.com\/web\/wp-content\/uploads\/2024\/01\/40-pagina-10-periodico-regional-pasto.jpg","contentUrl":"https:\/\/pagina10.com\/web\/wp-content\/uploads\/2024\/01\/40-pagina-10-periodico-regional-pasto.jpg","width":1280,"height":720,"caption":"P\u00e1gina10"},"image":{"@id":"https:\/\/pagina10.com\/web\/#\/schema\/logo\/image\/"},"sameAs":["https:\/\/www.facebook.com\/pag10com","https:\/\/x.com\/Pag10com","https:\/\/www.instagram.com\/pagina10col\/","https:\/\/youtube.com\/channel\/pag10","https:\/\/www.tiktok.com\/@p10col"]},{"@type":"Person","@id":"https:\/\/pagina10.com\/web\/#\/schema\/person\/2efc4a090d25b667d3bc796798a3a81b","name":"P\u00e1gina 10","description":"P\u00e1gina 10 es un peri\u00f3dico regional que nace en Colombia, en el departamento de Nari\u00f1o, con un enfoque global, fundamentado en cuatro pilares esenciales: la libertad, el pluralismo, la inclusi\u00f3n y la independencia. P\u00e1gina 10 hace referencia a Nari\u00f1o como el d\u00e9cimo departamento creado en Colombia, despu\u00e9s de un proceso pol\u00edtico liderado por actores y actrices regionales con el fin de obtener la independencia y autonom\u00eda de nuestros territorios. Con la creaci\u00f3n de P\u00e1gina 10 se pretende abrir un escenario para el dialogo, la reflexi\u00f3n y el debate que se extienda a otras geograf\u00edas de Am\u00e9rica Latina y del planeta, en una apuesta por transformar colectivamente los desaf\u00edos de un mundo contempor\u00e1neo, m\u00e1s all\u00e1 de las fronteras impuestas.","url":"https:\/\/pagina10.com\/web\/author\/pdiezadmin\/"}]}},"_links":{"self":[{"href":"https:\/\/pagina10.com\/web\/wp-json\/wp\/v2\/posts\/56809","targetHints":{"allow":["GET"]}}],"collection":[{"href":"https:\/\/pagina10.com\/web\/wp-json\/wp\/v2\/posts"}],"about":[{"href":"https:\/\/pagina10.com\/web\/wp-json\/wp\/v2\/types\/post"}],"author":[{"embeddable":true,"href":"https:\/\/pagina10.com\/web\/wp-json\/wp\/v2\/users\/1"}],"replies":[{"embeddable":true,"href":"https:\/\/pagina10.com\/web\/wp-json\/wp\/v2\/comments?post=56809"}],"version-history":[{"count":2,"href":"https:\/\/pagina10.com\/web\/wp-json\/wp\/v2\/posts\/56809\/revisions"}],"predecessor-version":[{"id":56812,"href":"https:\/\/pagina10.com\/web\/wp-json\/wp\/v2\/posts\/56809\/revisions\/56812"}],"wp:featuredmedia":[{"embeddable":true,"href":"https:\/\/pagina10.com\/web\/wp-json\/wp\/v2\/media\/56810"}],"wp:attachment":[{"href":"https:\/\/pagina10.com\/web\/wp-json\/wp\/v2\/media?parent=56809"}],"wp:term":[{"taxonomy":"category","embeddable":true,"href":"https:\/\/pagina10.com\/web\/wp-json\/wp\/v2\/categories?post=56809"},{"taxonomy":"post_tag","embeddable":true,"href":"https:\/\/pagina10.com\/web\/wp-json\/wp\/v2\/tags?post=56809"}],"curies":[{"name":"wp","href":"https:\/\/api.w.org\/{rel}","templated":true}]}}