{"id":56813,"date":"2021-11-17T17:44:26","date_gmt":"2021-11-17T22:44:26","guid":{"rendered":"https:\/\/pagina10.com\/web\/?p=56813"},"modified":"2021-11-18T03:00:15","modified_gmt":"2021-11-18T08:00:15","slug":"expresidente-samper-llega-a-pasto-con-su-nuevo-libro","status":"publish","type":"post","link":"https:\/\/pagina10.com\/web\/expresidente-samper-llega-a-pasto-con-su-nuevo-libro\/","title":{"rendered":"Expresidente Samper llega a Pasto con su nuevo libro"},"content":{"rendered":"<p style=\"text-align: justify;\">Despu\u00e9s de un exitoso viaje por Europa donde el expresidente Ernesto Samper Pizano present\u00f3 su libro, Grito Latinoamericano, llega a Pasto el 17 de noviembre para compartir con los nari\u00f1enses su nueva obra donde analiza la actualidad de la regi\u00f3n.<\/p>\n<p style=\"text-align: justify;\">En el sal\u00f3n Tescual del hotel Morasurco de Pasto el expresidente Samper, junto a sus amigos, l\u00edderes, pol\u00edticos y seguidores hablar\u00e1 sobre los textos donde hace un llamado de atenci\u00f3n en torno a las reivindicaciones sociales y culturales que cuestionan los sistemas pol\u00edticos y su capacidad para realizar los cambios que necesita Am\u00e9rica Latina.<\/p>\n<p style=\"text-align: justify;\">El expresidente Samper en su \u00faltimo libro realiza reflexiones sobre gobernabilidad en Am\u00e9rica Latina. Habla sobre la crisis de gobernabilidad y poderes f\u00e1cticos. \u201c\u00bfSe han preguntado qu\u00e9 pasa con los partidos pol\u00edticos? \u00bfQui\u00e9nes tienen el poder? \u00bfLos medios, las redes o los grupos econ\u00f3micos?\u201d, esas y otras preguntas se hace se desarrollan en Grito Latinoamericano.<\/p>\n<p style=\"text-align: justify;\">Ernesto Samper quien fue adem\u00e1s exsecretario general de UNASUR invita a todos los nari\u00f1enses a asistir a la presentaci\u00f3n de su m\u00e1s reciente libro, GRITO LATINOAMERICANO, en el sal\u00f3n Tescual del hotel Morasurco, a las 6:30 p.m.<\/p>\n<p style=\"text-align: justify;\">Este espacio, ser\u00e1 sin duda una oportunidad para escuchar del mismo autor, las principales reflexiones sobre el contexto actual de la regi\u00f3n y conocer de primera mano las inferencias alrededor del libro.<\/p>\n<p>&nbsp;<\/p>\n","protected":false},"excerpt":{"rendered":"<p>Despu\u00e9s de un exitoso viaje por Europa donde el expresidente Ernesto Samper Pizano present\u00f3 su libro, Grito Latinoamericano, llega a Pasto el 17 de noviembre para compartir con los nari\u00f1enses su nueva obra donde analiza la actualidad de la regi\u00f3n. En el sal\u00f3n Tescual del hotel Morasurco de Pasto el expresidente Samper, junto a sus [&hellip;]<\/p>\n","protected":false},"author":1,"featured_media":56816,"comment_status":"open","ping_status":"open","sticky":false,"template":"","format":"standard","meta":{"footnotes":""},"categories":[82],"tags":[],"class_list":["post-56813","post","type-post","status-publish","format-standard","has-post-thumbnail","hentry","category-ciudad-2"],"yoast_head":"<!-- This site is optimized with the Yoast SEO plugin v27.1.1 - https:\/\/yoast.com\/product\/yoast-seo-wordpress\/ -->\n<title>Expresidente Samper llega a Pasto con su nuevo libro | P\u00e1gina10<\/title>\n<meta name=\"robots\" content=\"index, follow, max-snippet:-1, max-image-preview:large, max-video-preview:-1\" \/>\n<link rel=\"canonical\" href=\"https:\/\/pagina10.com\/web\/expresidente-samper-llega-a-pasto-con-su-nuevo-libro\/\" \/>\n<meta property=\"og:locale\" content=\"es_ES\" \/>\n<meta property=\"og:type\" content=\"article\" \/>\n<meta property=\"og:title\" content=\"Expresidente Samper llega a Pasto con su nuevo libro | P\u00e1gina10\" \/>\n<meta property=\"og:description\" content=\"Despu\u00e9s de un exitoso viaje por Europa donde el expresidente Ernesto Samper Pizano present\u00f3 su libro, Grito Latinoamericano, llega a Pasto el 17 de noviembre para compartir con los nari\u00f1enses su nueva obra donde analiza la actualidad de la regi\u00f3n. En el sal\u00f3n Tescual del hotel Morasurco de Pasto el expresidente Samper, junto a sus [&hellip;]\" \/>\n<meta property=\"og:url\" content=\"https:\/\/pagina10.com\/web\/expresidente-samper-llega-a-pasto-con-su-nuevo-libro\/\" \/>\n<meta property=\"og:site_name\" content=\"P\u00e1gina10\" \/>\n<meta property=\"article:publisher\" content=\"https:\/\/www.facebook.com\/pag10com\" \/>\n<meta property=\"article:published_time\" content=\"2021-11-17T22:44:26+00:00\" \/>\n<meta property=\"article:modified_time\" content=\"2021-11-18T08:00:15+00:00\" \/>\n<meta property=\"og:image\" content=\"https:\/\/pagina10.com\/web\/wp-content\/uploads\/2021\/11\/E_c-mhiWYAA-a2b-1.jpg\" \/>\n\t<meta property=\"og:image:width\" content=\"880\" \/>\n\t<meta property=\"og:image:height\" content=\"550\" \/>\n\t<meta property=\"og:image:type\" content=\"image\/jpeg\" \/>\n<meta name=\"author\" content=\"P\u00e1gina 10\" \/>\n<meta name=\"twitter:card\" content=\"summary_large_image\" \/>\n<meta name=\"twitter:creator\" content=\"@Pag10com\" \/>\n<meta name=\"twitter:site\" content=\"@Pag10com\" \/>\n<meta name=\"twitter:label1\" content=\"Escrito por\" \/>\n\t<meta name=\"twitter:data1\" content=\"P\u00e1gina 10\" \/>\n\t<meta name=\"twitter:label2\" content=\"Tiempo de lectura\" \/>\n\t<meta name=\"twitter:data2\" content=\"1 minuto\" \/>\n<script type=\"application\/ld+json\" class=\"yoast-schema-graph\">{\"@context\":\"https:\/\/schema.org\",\"@graph\":[{\"@type\":\"Article\",\"@id\":\"https:\/\/pagina10.com\/web\/expresidente-samper-llega-a-pasto-con-su-nuevo-libro\/#article\",\"isPartOf\":{\"@id\":\"https:\/\/pagina10.com\/web\/expresidente-samper-llega-a-pasto-con-su-nuevo-libro\/\"},\"author\":{\"name\":\"P\u00e1gina 10\",\"@id\":\"https:\/\/pagina10.com\/web\/#\/schema\/person\/2efc4a090d25b667d3bc796798a3a81b\"},\"headline\":\"Expresidente Samper llega a Pasto con su nuevo libro\",\"datePublished\":\"2021-11-17T22:44:26+00:00\",\"dateModified\":\"2021-11-18T08:00:15+00:00\",\"mainEntityOfPage\":{\"@id\":\"https:\/\/pagina10.com\/web\/expresidente-samper-llega-a-pasto-con-su-nuevo-libro\/\"},\"wordCount\":247,\"commentCount\":0,\"publisher\":{\"@id\":\"https:\/\/pagina10.com\/web\/#organization\"},\"image\":{\"@id\":\"https:\/\/pagina10.com\/web\/expresidente-samper-llega-a-pasto-con-su-nuevo-libro\/#primaryimage\"},\"thumbnailUrl\":\"https:\/\/pagina10.com\/web\/wp-content\/uploads\/2021\/11\/E_c-mhiWYAA-a2b-1.jpg\",\"articleSection\":[\"Ciudad\"],\"inLanguage\":\"es\",\"potentialAction\":[{\"@type\":\"CommentAction\",\"name\":\"Comment\",\"target\":[\"https:\/\/pagina10.com\/web\/expresidente-samper-llega-a-pasto-con-su-nuevo-libro\/#respond\"]}]},{\"@type\":\"WebPage\",\"@id\":\"https:\/\/pagina10.com\/web\/expresidente-samper-llega-a-pasto-con-su-nuevo-libro\/\",\"url\":\"https:\/\/pagina10.com\/web\/expresidente-samper-llega-a-pasto-con-su-nuevo-libro\/\",\"name\":\"Expresidente Samper llega a Pasto con su nuevo libro | P\u00e1gina10\",\"isPartOf\":{\"@id\":\"https:\/\/pagina10.com\/web\/#website\"},\"primaryImageOfPage\":{\"@id\":\"https:\/\/pagina10.com\/web\/expresidente-samper-llega-a-pasto-con-su-nuevo-libro\/#primaryimage\"},\"image\":{\"@id\":\"https:\/\/pagina10.com\/web\/expresidente-samper-llega-a-pasto-con-su-nuevo-libro\/#primaryimage\"},\"thumbnailUrl\":\"https:\/\/pagina10.com\/web\/wp-content\/uploads\/2021\/11\/E_c-mhiWYAA-a2b-1.jpg\",\"datePublished\":\"2021-11-17T22:44:26+00:00\",\"dateModified\":\"2021-11-18T08:00:15+00:00\",\"breadcrumb\":{\"@id\":\"https:\/\/pagina10.com\/web\/expresidente-samper-llega-a-pasto-con-su-nuevo-libro\/#breadcrumb\"},\"inLanguage\":\"es\",\"potentialAction\":[{\"@type\":\"ReadAction\",\"target\":[\"https:\/\/pagina10.com\/web\/expresidente-samper-llega-a-pasto-con-su-nuevo-libro\/\"]}]},{\"@type\":\"ImageObject\",\"inLanguage\":\"es\",\"@id\":\"https:\/\/pagina10.com\/web\/expresidente-samper-llega-a-pasto-con-su-nuevo-libro\/#primaryimage\",\"url\":\"https:\/\/pagina10.com\/web\/wp-content\/uploads\/2021\/11\/E_c-mhiWYAA-a2b-1.jpg\",\"contentUrl\":\"https:\/\/pagina10.com\/web\/wp-content\/uploads\/2021\/11\/E_c-mhiWYAA-a2b-1.jpg\",\"width\":880,\"height\":550},{\"@type\":\"BreadcrumbList\",\"@id\":\"https:\/\/pagina10.com\/web\/expresidente-samper-llega-a-pasto-con-su-nuevo-libro\/#breadcrumb\",\"itemListElement\":[{\"@type\":\"ListItem\",\"position\":1,\"name\":\"Portada\",\"item\":\"https:\/\/pagina10.com\/web\/\"},{\"@type\":\"ListItem\",\"position\":2,\"name\":\"Expresidente Samper llega a Pasto con su nuevo libro\"}]},{\"@type\":\"WebSite\",\"@id\":\"https:\/\/pagina10.com\/web\/#website\",\"url\":\"https:\/\/pagina10.com\/web\/\",\"name\":\"P\u00e1gina10\",\"description\":\"Peri\u00f3dico Regional\",\"publisher\":{\"@id\":\"https:\/\/pagina10.com\/web\/#organization\"},\"alternateName\":\"P\u00e1gina10 Peri\u00f3dico Regional\",\"potentialAction\":[{\"@type\":\"SearchAction\",\"target\":{\"@type\":\"EntryPoint\",\"urlTemplate\":\"https:\/\/pagina10.com\/web\/?s={search_term_string}\"},\"query-input\":{\"@type\":\"PropertyValueSpecification\",\"valueRequired\":true,\"valueName\":\"search_term_string\"}}],\"inLanguage\":\"es\"},{\"@type\":\"Organization\",\"@id\":\"https:\/\/pagina10.com\/web\/#organization\",\"name\":\"P\u00e1gina10\",\"alternateName\":\"P\u00e1gina10 Peri\u00f3dico Regional\",\"url\":\"https:\/\/pagina10.com\/web\/\",\"logo\":{\"@type\":\"ImageObject\",\"inLanguage\":\"es\",\"@id\":\"https:\/\/pagina10.com\/web\/#\/schema\/logo\/image\/\",\"url\":\"https:\/\/pagina10.com\/web\/wp-content\/uploads\/2024\/01\/40-pagina-10-periodico-regional-pasto.jpg\",\"contentUrl\":\"https:\/\/pagina10.com\/web\/wp-content\/uploads\/2024\/01\/40-pagina-10-periodico-regional-pasto.jpg\",\"width\":1280,\"height\":720,\"caption\":\"P\u00e1gina10\"},\"image\":{\"@id\":\"https:\/\/pagina10.com\/web\/#\/schema\/logo\/image\/\"},\"sameAs\":[\"https:\/\/www.facebook.com\/pag10com\",\"https:\/\/x.com\/Pag10com\",\"https:\/\/www.instagram.com\/pagina10col\/\",\"https:\/\/youtube.com\/channel\/pag10\",\"https:\/\/www.tiktok.com\/@p10col\"]},{\"@type\":\"Person\",\"@id\":\"https:\/\/pagina10.com\/web\/#\/schema\/person\/2efc4a090d25b667d3bc796798a3a81b\",\"name\":\"P\u00e1gina 10\",\"description\":\"P\u00e1gina 10 es un peri\u00f3dico regional que nace en Colombia, en el departamento de Nari\u00f1o, con un enfoque global, fundamentado en cuatro pilares esenciales: la libertad, el pluralismo, la inclusi\u00f3n y la independencia. P\u00e1gina 10 hace referencia a Nari\u00f1o como el d\u00e9cimo departamento creado en Colombia, despu\u00e9s de un proceso pol\u00edtico liderado por actores y actrices regionales con el fin de obtener la independencia y autonom\u00eda de nuestros territorios. Con la creaci\u00f3n de P\u00e1gina 10 se pretende abrir un escenario para el dialogo, la reflexi\u00f3n y el debate que se extienda a otras geograf\u00edas de Am\u00e9rica Latina y del planeta, en una apuesta por transformar colectivamente los desaf\u00edos de un mundo contempor\u00e1neo, m\u00e1s all\u00e1 de las fronteras impuestas.\",\"url\":\"https:\/\/pagina10.com\/web\/author\/pdiezadmin\/\"}]}<\/script>\n<!-- \/ Yoast SEO plugin. -->","yoast_head_json":{"title":"Expresidente Samper llega a Pasto con su nuevo libro | P\u00e1gina10","robots":{"index":"index","follow":"follow","max-snippet":"max-snippet:-1","max-image-preview":"max-image-preview:large","max-video-preview":"max-video-preview:-1"},"canonical":"https:\/\/pagina10.com\/web\/expresidente-samper-llega-a-pasto-con-su-nuevo-libro\/","og_locale":"es_ES","og_type":"article","og_title":"Expresidente Samper llega a Pasto con su nuevo libro | P\u00e1gina10","og_description":"Despu\u00e9s de un exitoso viaje por Europa donde el expresidente Ernesto Samper Pizano present\u00f3 su libro, Grito Latinoamericano, llega a Pasto el 17 de noviembre para compartir con los nari\u00f1enses su nueva obra donde analiza la actualidad de la regi\u00f3n. En el sal\u00f3n Tescual del hotel Morasurco de Pasto el expresidente Samper, junto a sus [&hellip;]","og_url":"https:\/\/pagina10.com\/web\/expresidente-samper-llega-a-pasto-con-su-nuevo-libro\/","og_site_name":"P\u00e1gina10","article_publisher":"https:\/\/www.facebook.com\/pag10com","article_published_time":"2021-11-17T22:44:26+00:00","article_modified_time":"2021-11-18T08:00:15+00:00","og_image":[{"width":880,"height":550,"url":"https:\/\/pagina10.com\/web\/wp-content\/uploads\/2021\/11\/E_c-mhiWYAA-a2b-1.jpg","type":"image\/jpeg"}],"author":"P\u00e1gina 10","twitter_card":"summary_large_image","twitter_creator":"@Pag10com","twitter_site":"@Pag10com","twitter_misc":{"Escrito por":"P\u00e1gina 10","Tiempo de lectura":"1 minuto"},"schema":{"@context":"https:\/\/schema.org","@graph":[{"@type":"Article","@id":"https:\/\/pagina10.com\/web\/expresidente-samper-llega-a-pasto-con-su-nuevo-libro\/#article","isPartOf":{"@id":"https:\/\/pagina10.com\/web\/expresidente-samper-llega-a-pasto-con-su-nuevo-libro\/"},"author":{"name":"P\u00e1gina 10","@id":"https:\/\/pagina10.com\/web\/#\/schema\/person\/2efc4a090d25b667d3bc796798a3a81b"},"headline":"Expresidente Samper llega a Pasto con su nuevo libro","datePublished":"2021-11-17T22:44:26+00:00","dateModified":"2021-11-18T08:00:15+00:00","mainEntityOfPage":{"@id":"https:\/\/pagina10.com\/web\/expresidente-samper-llega-a-pasto-con-su-nuevo-libro\/"},"wordCount":247,"commentCount":0,"publisher":{"@id":"https:\/\/pagina10.com\/web\/#organization"},"image":{"@id":"https:\/\/pagina10.com\/web\/expresidente-samper-llega-a-pasto-con-su-nuevo-libro\/#primaryimage"},"thumbnailUrl":"https:\/\/pagina10.com\/web\/wp-content\/uploads\/2021\/11\/E_c-mhiWYAA-a2b-1.jpg","articleSection":["Ciudad"],"inLanguage":"es","potentialAction":[{"@type":"CommentAction","name":"Comment","target":["https:\/\/pagina10.com\/web\/expresidente-samper-llega-a-pasto-con-su-nuevo-libro\/#respond"]}]},{"@type":"WebPage","@id":"https:\/\/pagina10.com\/web\/expresidente-samper-llega-a-pasto-con-su-nuevo-libro\/","url":"https:\/\/pagina10.com\/web\/expresidente-samper-llega-a-pasto-con-su-nuevo-libro\/","name":"Expresidente Samper llega a Pasto con su nuevo libro | P\u00e1gina10","isPartOf":{"@id":"https:\/\/pagina10.com\/web\/#website"},"primaryImageOfPage":{"@id":"https:\/\/pagina10.com\/web\/expresidente-samper-llega-a-pasto-con-su-nuevo-libro\/#primaryimage"},"image":{"@id":"https:\/\/pagina10.com\/web\/expresidente-samper-llega-a-pasto-con-su-nuevo-libro\/#primaryimage"},"thumbnailUrl":"https:\/\/pagina10.com\/web\/wp-content\/uploads\/2021\/11\/E_c-mhiWYAA-a2b-1.jpg","datePublished":"2021-11-17T22:44:26+00:00","dateModified":"2021-11-18T08:00:15+00:00","breadcrumb":{"@id":"https:\/\/pagina10.com\/web\/expresidente-samper-llega-a-pasto-con-su-nuevo-libro\/#breadcrumb"},"inLanguage":"es","potentialAction":[{"@type":"ReadAction","target":["https:\/\/pagina10.com\/web\/expresidente-samper-llega-a-pasto-con-su-nuevo-libro\/"]}]},{"@type":"ImageObject","inLanguage":"es","@id":"https:\/\/pagina10.com\/web\/expresidente-samper-llega-a-pasto-con-su-nuevo-libro\/#primaryimage","url":"https:\/\/pagina10.com\/web\/wp-content\/uploads\/2021\/11\/E_c-mhiWYAA-a2b-1.jpg","contentUrl":"https:\/\/pagina10.com\/web\/wp-content\/uploads\/2021\/11\/E_c-mhiWYAA-a2b-1.jpg","width":880,"height":550},{"@type":"BreadcrumbList","@id":"https:\/\/pagina10.com\/web\/expresidente-samper-llega-a-pasto-con-su-nuevo-libro\/#breadcrumb","itemListElement":[{"@type":"ListItem","position":1,"name":"Portada","item":"https:\/\/pagina10.com\/web\/"},{"@type":"ListItem","position":2,"name":"Expresidente Samper llega a Pasto con su nuevo libro"}]},{"@type":"WebSite","@id":"https:\/\/pagina10.com\/web\/#website","url":"https:\/\/pagina10.com\/web\/","name":"P\u00e1gina10","description":"Peri\u00f3dico Regional","publisher":{"@id":"https:\/\/pagina10.com\/web\/#organization"},"alternateName":"P\u00e1gina10 Peri\u00f3dico Regional","potentialAction":[{"@type":"SearchAction","target":{"@type":"EntryPoint","urlTemplate":"https:\/\/pagina10.com\/web\/?s={search_term_string}"},"query-input":{"@type":"PropertyValueSpecification","valueRequired":true,"valueName":"search_term_string"}}],"inLanguage":"es"},{"@type":"Organization","@id":"https:\/\/pagina10.com\/web\/#organization","name":"P\u00e1gina10","alternateName":"P\u00e1gina10 Peri\u00f3dico Regional","url":"https:\/\/pagina10.com\/web\/","logo":{"@type":"ImageObject","inLanguage":"es","@id":"https:\/\/pagina10.com\/web\/#\/schema\/logo\/image\/","url":"https:\/\/pagina10.com\/web\/wp-content\/uploads\/2024\/01\/40-pagina-10-periodico-regional-pasto.jpg","contentUrl":"https:\/\/pagina10.com\/web\/wp-content\/uploads\/2024\/01\/40-pagina-10-periodico-regional-pasto.jpg","width":1280,"height":720,"caption":"P\u00e1gina10"},"image":{"@id":"https:\/\/pagina10.com\/web\/#\/schema\/logo\/image\/"},"sameAs":["https:\/\/www.facebook.com\/pag10com","https:\/\/x.com\/Pag10com","https:\/\/www.instagram.com\/pagina10col\/","https:\/\/youtube.com\/channel\/pag10","https:\/\/www.tiktok.com\/@p10col"]},{"@type":"Person","@id":"https:\/\/pagina10.com\/web\/#\/schema\/person\/2efc4a090d25b667d3bc796798a3a81b","name":"P\u00e1gina 10","description":"P\u00e1gina 10 es un peri\u00f3dico regional que nace en Colombia, en el departamento de Nari\u00f1o, con un enfoque global, fundamentado en cuatro pilares esenciales: la libertad, el pluralismo, la inclusi\u00f3n y la independencia. P\u00e1gina 10 hace referencia a Nari\u00f1o como el d\u00e9cimo departamento creado en Colombia, despu\u00e9s de un proceso pol\u00edtico liderado por actores y actrices regionales con el fin de obtener la independencia y autonom\u00eda de nuestros territorios. Con la creaci\u00f3n de P\u00e1gina 10 se pretende abrir un escenario para el dialogo, la reflexi\u00f3n y el debate que se extienda a otras geograf\u00edas de Am\u00e9rica Latina y del planeta, en una apuesta por transformar colectivamente los desaf\u00edos de un mundo contempor\u00e1neo, m\u00e1s all\u00e1 de las fronteras impuestas.","url":"https:\/\/pagina10.com\/web\/author\/pdiezadmin\/"}]}},"_links":{"self":[{"href":"https:\/\/pagina10.com\/web\/wp-json\/wp\/v2\/posts\/56813","targetHints":{"allow":["GET"]}}],"collection":[{"href":"https:\/\/pagina10.com\/web\/wp-json\/wp\/v2\/posts"}],"about":[{"href":"https:\/\/pagina10.com\/web\/wp-json\/wp\/v2\/types\/post"}],"author":[{"embeddable":true,"href":"https:\/\/pagina10.com\/web\/wp-json\/wp\/v2\/users\/1"}],"replies":[{"embeddable":true,"href":"https:\/\/pagina10.com\/web\/wp-json\/wp\/v2\/comments?post=56813"}],"version-history":[{"count":3,"href":"https:\/\/pagina10.com\/web\/wp-json\/wp\/v2\/posts\/56813\/revisions"}],"predecessor-version":[{"id":56818,"href":"https:\/\/pagina10.com\/web\/wp-json\/wp\/v2\/posts\/56813\/revisions\/56818"}],"wp:featuredmedia":[{"embeddable":true,"href":"https:\/\/pagina10.com\/web\/wp-json\/wp\/v2\/media\/56816"}],"wp:attachment":[{"href":"https:\/\/pagina10.com\/web\/wp-json\/wp\/v2\/media?parent=56813"}],"wp:term":[{"taxonomy":"category","embeddable":true,"href":"https:\/\/pagina10.com\/web\/wp-json\/wp\/v2\/categories?post=56813"},{"taxonomy":"post_tag","embeddable":true,"href":"https:\/\/pagina10.com\/web\/wp-json\/wp\/v2\/tags?post=56813"}],"curies":[{"name":"wp","href":"https:\/\/api.w.org\/{rel}","templated":true}]}}