{"id":56838,"date":"2021-11-18T12:39:12","date_gmt":"2021-11-18T17:39:12","guid":{"rendered":"https:\/\/pagina10.com\/web\/?p=56838"},"modified":"2021-11-18T12:44:35","modified_gmt":"2021-11-18T17:44:35","slug":"3-policias-iran-a-la-carcel-por-muerte-de-joven-indigena","status":"publish","type":"post","link":"https:\/\/pagina10.com\/web\/3-policias-iran-a-la-carcel-por-muerte-de-joven-indigena\/","title":{"rendered":"3 Polic\u00edas ir\u00e1n a la carcel por muerte de joven ind\u00edgena."},"content":{"rendered":"<p style=\"text-align: justify;\">El Cap. <strong>Carlos Jos\u00e9 Salcedo Pe\u00f1alosa y los Patrulleros Jaime Alberto Alba Zuleta y Omar Eduardo Gal\u00edndez Cortes, <\/strong>son los miembros de la polic\u00eda nacional que fueron enviados a la c\u00e1rcel por estar involucrados en la muerte del joven de 23 a\u00f1os \u00c1ngel Daniel Revelo, oriundo del municipio de Cumbal y padre de un menor de 4 a\u00f1os, asesinado en junio de 2020.<\/p>\n<p style=\"text-align: justify;\">La v\u00edctima perdi\u00f3 la vida tras haber estado en la Estaci\u00f3n de Polic\u00eda de Cumbal, por no portar su documento de identificaci\u00f3n, raz\u00f3n por la cual los polic\u00edas mencionados le habr\u00edan propinado una golpiza.<\/p>\n<p style=\"text-align: justify;\">Al parecer, luego de la golpiza que recibi\u00f3, \u00c1ngel Daniel Revelo empez\u00f3 a presentar dolor de cabeza muy fuerte y nauseas, sin embargo, inicialmente los uniformados hicieron caso omiso. Cuando fue trasladado a un centro asistencial le encontraron hematomas y edemas a nivel cerebral graves, ademas de fuertes golpes en el cuerpo, que acabaron con su vida; raz\u00f3n por la que un juez de control de garant\u00edas dict\u00f3 c\u00e1rcel para ellos.<\/p>\n<p style=\"text-align: justify;\">En la audiencia, la Fiscal\u00eda tuvo en cuenta los testimonios que rindieron varios de los testigos del lamentable hecho en el que \u00c1ngel Daniel muri\u00f3 y en donde se asegura que el joven fue detenido en un calabozo de la estaci\u00f3n de Polic\u00eda de Cumbal donde lo golpearon e insultaron, a pesar de que el habr\u00eda pedido ayuda a gritos durante la golpiza que los polic\u00edas le propinaban, los funcionarios no pararon y continuaron con las afrentas en su contra por lo cual lo dejaron <strong>varios d\u00edas hospitalizado en Ipiales, Nari\u00f1o, donde despu\u00e9s muri\u00f3<\/strong>.<\/p>\n<p>&nbsp;<\/p>\n","protected":false},"excerpt":{"rendered":"<p>El Cap. Carlos Jos\u00e9 Salcedo Pe\u00f1alosa y los Patrulleros Jaime Alberto Alba Zuleta y Omar Eduardo Gal\u00edndez Cortes, son los miembros de la polic\u00eda nacional que fueron enviados a la c\u00e1rcel por estar involucrados en la muerte del joven de 23 a\u00f1os \u00c1ngel Daniel Revelo, oriundo del municipio de Cumbal y padre de un menor [&hellip;]<\/p>\n","protected":false},"author":1,"featured_media":56839,"comment_status":"open","ping_status":"open","sticky":false,"template":"","format":"standard","meta":{"footnotes":""},"categories":[61],"tags":[],"class_list":["post-56838","post","type-post","status-publish","format-standard","has-post-thumbnail","hentry","category-judicial"],"yoast_head":"<!-- This site is optimized with the Yoast SEO plugin v27.1.1 - https:\/\/yoast.com\/product\/yoast-seo-wordpress\/ -->\n<title>3 Polic\u00edas ir\u00e1n a la carcel por muerte de joven ind\u00edgena. | P\u00e1gina10<\/title>\n<meta name=\"robots\" content=\"index, follow, max-snippet:-1, max-image-preview:large, max-video-preview:-1\" \/>\n<link rel=\"canonical\" href=\"https:\/\/pagina10.com\/web\/3-policias-iran-a-la-carcel-por-muerte-de-joven-indigena\/\" \/>\n<meta property=\"og:locale\" content=\"es_ES\" \/>\n<meta property=\"og:type\" content=\"article\" \/>\n<meta property=\"og:title\" content=\"3 Polic\u00edas ir\u00e1n a la carcel por muerte de joven ind\u00edgena. | P\u00e1gina10\" \/>\n<meta property=\"og:description\" content=\"El Cap. Carlos Jos\u00e9 Salcedo Pe\u00f1alosa y los Patrulleros Jaime Alberto Alba Zuleta y Omar Eduardo Gal\u00edndez Cortes, son los miembros de la polic\u00eda nacional que fueron enviados a la c\u00e1rcel por estar involucrados en la muerte del joven de 23 a\u00f1os \u00c1ngel Daniel Revelo, oriundo del municipio de Cumbal y padre de un menor [&hellip;]\" \/>\n<meta property=\"og:url\" content=\"https:\/\/pagina10.com\/web\/3-policias-iran-a-la-carcel-por-muerte-de-joven-indigena\/\" \/>\n<meta property=\"og:site_name\" content=\"P\u00e1gina10\" \/>\n<meta property=\"article:publisher\" content=\"https:\/\/www.facebook.com\/pag10com\" \/>\n<meta property=\"article:published_time\" content=\"2021-11-18T17:39:12+00:00\" \/>\n<meta property=\"article:modified_time\" content=\"2021-11-18T17:44:35+00:00\" \/>\n<meta property=\"og:image\" content=\"https:\/\/pagina10.com\/web\/wp-content\/uploads\/2021\/11\/JOVENOKOK.png\" \/>\n\t<meta property=\"og:image:width\" content=\"600\" \/>\n\t<meta property=\"og:image:height\" content=\"450\" \/>\n\t<meta property=\"og:image:type\" content=\"image\/png\" \/>\n<meta name=\"author\" content=\"P\u00e1gina 10\" \/>\n<meta name=\"twitter:card\" content=\"summary_large_image\" \/>\n<meta name=\"twitter:creator\" content=\"@Pag10com\" \/>\n<meta name=\"twitter:site\" content=\"@Pag10com\" \/>\n<meta name=\"twitter:label1\" content=\"Escrito por\" \/>\n\t<meta name=\"twitter:data1\" content=\"P\u00e1gina 10\" \/>\n\t<meta name=\"twitter:label2\" content=\"Tiempo de lectura\" \/>\n\t<meta name=\"twitter:data2\" content=\"1 minuto\" \/>\n<script type=\"application\/ld+json\" class=\"yoast-schema-graph\">{\"@context\":\"https:\/\/schema.org\",\"@graph\":[{\"@type\":\"Article\",\"@id\":\"https:\/\/pagina10.com\/web\/3-policias-iran-a-la-carcel-por-muerte-de-joven-indigena\/#article\",\"isPartOf\":{\"@id\":\"https:\/\/pagina10.com\/web\/3-policias-iran-a-la-carcel-por-muerte-de-joven-indigena\/\"},\"author\":{\"name\":\"P\u00e1gina 10\",\"@id\":\"https:\/\/pagina10.com\/web\/#\/schema\/person\/2efc4a090d25b667d3bc796798a3a81b\"},\"headline\":\"3 Polic\u00edas ir\u00e1n a la carcel por muerte de joven ind\u00edgena.\",\"datePublished\":\"2021-11-18T17:39:12+00:00\",\"dateModified\":\"2021-11-18T17:44:35+00:00\",\"mainEntityOfPage\":{\"@id\":\"https:\/\/pagina10.com\/web\/3-policias-iran-a-la-carcel-por-muerte-de-joven-indigena\/\"},\"wordCount\":297,\"commentCount\":0,\"publisher\":{\"@id\":\"https:\/\/pagina10.com\/web\/#organization\"},\"image\":{\"@id\":\"https:\/\/pagina10.com\/web\/3-policias-iran-a-la-carcel-por-muerte-de-joven-indigena\/#primaryimage\"},\"thumbnailUrl\":\"https:\/\/pagina10.com\/web\/wp-content\/uploads\/2021\/11\/JOVENOKOK.png\",\"articleSection\":[\"Judicial\"],\"inLanguage\":\"es\",\"potentialAction\":[{\"@type\":\"CommentAction\",\"name\":\"Comment\",\"target\":[\"https:\/\/pagina10.com\/web\/3-policias-iran-a-la-carcel-por-muerte-de-joven-indigena\/#respond\"]}]},{\"@type\":\"WebPage\",\"@id\":\"https:\/\/pagina10.com\/web\/3-policias-iran-a-la-carcel-por-muerte-de-joven-indigena\/\",\"url\":\"https:\/\/pagina10.com\/web\/3-policias-iran-a-la-carcel-por-muerte-de-joven-indigena\/\",\"name\":\"3 Polic\u00edas ir\u00e1n a la carcel por muerte de joven ind\u00edgena. | P\u00e1gina10\",\"isPartOf\":{\"@id\":\"https:\/\/pagina10.com\/web\/#website\"},\"primaryImageOfPage\":{\"@id\":\"https:\/\/pagina10.com\/web\/3-policias-iran-a-la-carcel-por-muerte-de-joven-indigena\/#primaryimage\"},\"image\":{\"@id\":\"https:\/\/pagina10.com\/web\/3-policias-iran-a-la-carcel-por-muerte-de-joven-indigena\/#primaryimage\"},\"thumbnailUrl\":\"https:\/\/pagina10.com\/web\/wp-content\/uploads\/2021\/11\/JOVENOKOK.png\",\"datePublished\":\"2021-11-18T17:39:12+00:00\",\"dateModified\":\"2021-11-18T17:44:35+00:00\",\"breadcrumb\":{\"@id\":\"https:\/\/pagina10.com\/web\/3-policias-iran-a-la-carcel-por-muerte-de-joven-indigena\/#breadcrumb\"},\"inLanguage\":\"es\",\"potentialAction\":[{\"@type\":\"ReadAction\",\"target\":[\"https:\/\/pagina10.com\/web\/3-policias-iran-a-la-carcel-por-muerte-de-joven-indigena\/\"]}]},{\"@type\":\"ImageObject\",\"inLanguage\":\"es\",\"@id\":\"https:\/\/pagina10.com\/web\/3-policias-iran-a-la-carcel-por-muerte-de-joven-indigena\/#primaryimage\",\"url\":\"https:\/\/pagina10.com\/web\/wp-content\/uploads\/2021\/11\/JOVENOKOK.png\",\"contentUrl\":\"https:\/\/pagina10.com\/web\/wp-content\/uploads\/2021\/11\/JOVENOKOK.png\",\"width\":600,\"height\":450},{\"@type\":\"BreadcrumbList\",\"@id\":\"https:\/\/pagina10.com\/web\/3-policias-iran-a-la-carcel-por-muerte-de-joven-indigena\/#breadcrumb\",\"itemListElement\":[{\"@type\":\"ListItem\",\"position\":1,\"name\":\"Portada\",\"item\":\"https:\/\/pagina10.com\/web\/\"},{\"@type\":\"ListItem\",\"position\":2,\"name\":\"3 Polic\u00edas ir\u00e1n a la carcel por muerte de joven ind\u00edgena.\"}]},{\"@type\":\"WebSite\",\"@id\":\"https:\/\/pagina10.com\/web\/#website\",\"url\":\"https:\/\/pagina10.com\/web\/\",\"name\":\"P\u00e1gina10\",\"description\":\"Peri\u00f3dico Regional\",\"publisher\":{\"@id\":\"https:\/\/pagina10.com\/web\/#organization\"},\"alternateName\":\"P\u00e1gina10 Peri\u00f3dico Regional\",\"potentialAction\":[{\"@type\":\"SearchAction\",\"target\":{\"@type\":\"EntryPoint\",\"urlTemplate\":\"https:\/\/pagina10.com\/web\/?s={search_term_string}\"},\"query-input\":{\"@type\":\"PropertyValueSpecification\",\"valueRequired\":true,\"valueName\":\"search_term_string\"}}],\"inLanguage\":\"es\"},{\"@type\":\"Organization\",\"@id\":\"https:\/\/pagina10.com\/web\/#organization\",\"name\":\"P\u00e1gina10\",\"alternateName\":\"P\u00e1gina10 Peri\u00f3dico Regional\",\"url\":\"https:\/\/pagina10.com\/web\/\",\"logo\":{\"@type\":\"ImageObject\",\"inLanguage\":\"es\",\"@id\":\"https:\/\/pagina10.com\/web\/#\/schema\/logo\/image\/\",\"url\":\"https:\/\/pagina10.com\/web\/wp-content\/uploads\/2024\/01\/40-pagina-10-periodico-regional-pasto.jpg\",\"contentUrl\":\"https:\/\/pagina10.com\/web\/wp-content\/uploads\/2024\/01\/40-pagina-10-periodico-regional-pasto.jpg\",\"width\":1280,\"height\":720,\"caption\":\"P\u00e1gina10\"},\"image\":{\"@id\":\"https:\/\/pagina10.com\/web\/#\/schema\/logo\/image\/\"},\"sameAs\":[\"https:\/\/www.facebook.com\/pag10com\",\"https:\/\/x.com\/Pag10com\",\"https:\/\/www.instagram.com\/pagina10col\/\",\"https:\/\/youtube.com\/channel\/pag10\",\"https:\/\/www.tiktok.com\/@p10col\"]},{\"@type\":\"Person\",\"@id\":\"https:\/\/pagina10.com\/web\/#\/schema\/person\/2efc4a090d25b667d3bc796798a3a81b\",\"name\":\"P\u00e1gina 10\",\"description\":\"P\u00e1gina 10 es un peri\u00f3dico regional que nace en Colombia, en el departamento de Nari\u00f1o, con un enfoque global, fundamentado en cuatro pilares esenciales: la libertad, el pluralismo, la inclusi\u00f3n y la independencia. P\u00e1gina 10 hace referencia a Nari\u00f1o como el d\u00e9cimo departamento creado en Colombia, despu\u00e9s de un proceso pol\u00edtico liderado por actores y actrices regionales con el fin de obtener la independencia y autonom\u00eda de nuestros territorios. Con la creaci\u00f3n de P\u00e1gina 10 se pretende abrir un escenario para el dialogo, la reflexi\u00f3n y el debate que se extienda a otras geograf\u00edas de Am\u00e9rica Latina y del planeta, en una apuesta por transformar colectivamente los desaf\u00edos de un mundo contempor\u00e1neo, m\u00e1s all\u00e1 de las fronteras impuestas.\",\"url\":\"https:\/\/pagina10.com\/web\/author\/pdiezadmin\/\"}]}<\/script>\n<!-- \/ Yoast SEO plugin. -->","yoast_head_json":{"title":"3 Polic\u00edas ir\u00e1n a la carcel por muerte de joven ind\u00edgena. | P\u00e1gina10","robots":{"index":"index","follow":"follow","max-snippet":"max-snippet:-1","max-image-preview":"max-image-preview:large","max-video-preview":"max-video-preview:-1"},"canonical":"https:\/\/pagina10.com\/web\/3-policias-iran-a-la-carcel-por-muerte-de-joven-indigena\/","og_locale":"es_ES","og_type":"article","og_title":"3 Polic\u00edas ir\u00e1n a la carcel por muerte de joven ind\u00edgena. | P\u00e1gina10","og_description":"El Cap. Carlos Jos\u00e9 Salcedo Pe\u00f1alosa y los Patrulleros Jaime Alberto Alba Zuleta y Omar Eduardo Gal\u00edndez Cortes, son los miembros de la polic\u00eda nacional que fueron enviados a la c\u00e1rcel por estar involucrados en la muerte del joven de 23 a\u00f1os \u00c1ngel Daniel Revelo, oriundo del municipio de Cumbal y padre de un menor [&hellip;]","og_url":"https:\/\/pagina10.com\/web\/3-policias-iran-a-la-carcel-por-muerte-de-joven-indigena\/","og_site_name":"P\u00e1gina10","article_publisher":"https:\/\/www.facebook.com\/pag10com","article_published_time":"2021-11-18T17:39:12+00:00","article_modified_time":"2021-11-18T17:44:35+00:00","og_image":[{"width":600,"height":450,"url":"https:\/\/pagina10.com\/web\/wp-content\/uploads\/2021\/11\/JOVENOKOK.png","type":"image\/png"}],"author":"P\u00e1gina 10","twitter_card":"summary_large_image","twitter_creator":"@Pag10com","twitter_site":"@Pag10com","twitter_misc":{"Escrito por":"P\u00e1gina 10","Tiempo de lectura":"1 minuto"},"schema":{"@context":"https:\/\/schema.org","@graph":[{"@type":"Article","@id":"https:\/\/pagina10.com\/web\/3-policias-iran-a-la-carcel-por-muerte-de-joven-indigena\/#article","isPartOf":{"@id":"https:\/\/pagina10.com\/web\/3-policias-iran-a-la-carcel-por-muerte-de-joven-indigena\/"},"author":{"name":"P\u00e1gina 10","@id":"https:\/\/pagina10.com\/web\/#\/schema\/person\/2efc4a090d25b667d3bc796798a3a81b"},"headline":"3 Polic\u00edas ir\u00e1n a la carcel por muerte de joven ind\u00edgena.","datePublished":"2021-11-18T17:39:12+00:00","dateModified":"2021-11-18T17:44:35+00:00","mainEntityOfPage":{"@id":"https:\/\/pagina10.com\/web\/3-policias-iran-a-la-carcel-por-muerte-de-joven-indigena\/"},"wordCount":297,"commentCount":0,"publisher":{"@id":"https:\/\/pagina10.com\/web\/#organization"},"image":{"@id":"https:\/\/pagina10.com\/web\/3-policias-iran-a-la-carcel-por-muerte-de-joven-indigena\/#primaryimage"},"thumbnailUrl":"https:\/\/pagina10.com\/web\/wp-content\/uploads\/2021\/11\/JOVENOKOK.png","articleSection":["Judicial"],"inLanguage":"es","potentialAction":[{"@type":"CommentAction","name":"Comment","target":["https:\/\/pagina10.com\/web\/3-policias-iran-a-la-carcel-por-muerte-de-joven-indigena\/#respond"]}]},{"@type":"WebPage","@id":"https:\/\/pagina10.com\/web\/3-policias-iran-a-la-carcel-por-muerte-de-joven-indigena\/","url":"https:\/\/pagina10.com\/web\/3-policias-iran-a-la-carcel-por-muerte-de-joven-indigena\/","name":"3 Polic\u00edas ir\u00e1n a la carcel por muerte de joven ind\u00edgena. | P\u00e1gina10","isPartOf":{"@id":"https:\/\/pagina10.com\/web\/#website"},"primaryImageOfPage":{"@id":"https:\/\/pagina10.com\/web\/3-policias-iran-a-la-carcel-por-muerte-de-joven-indigena\/#primaryimage"},"image":{"@id":"https:\/\/pagina10.com\/web\/3-policias-iran-a-la-carcel-por-muerte-de-joven-indigena\/#primaryimage"},"thumbnailUrl":"https:\/\/pagina10.com\/web\/wp-content\/uploads\/2021\/11\/JOVENOKOK.png","datePublished":"2021-11-18T17:39:12+00:00","dateModified":"2021-11-18T17:44:35+00:00","breadcrumb":{"@id":"https:\/\/pagina10.com\/web\/3-policias-iran-a-la-carcel-por-muerte-de-joven-indigena\/#breadcrumb"},"inLanguage":"es","potentialAction":[{"@type":"ReadAction","target":["https:\/\/pagina10.com\/web\/3-policias-iran-a-la-carcel-por-muerte-de-joven-indigena\/"]}]},{"@type":"ImageObject","inLanguage":"es","@id":"https:\/\/pagina10.com\/web\/3-policias-iran-a-la-carcel-por-muerte-de-joven-indigena\/#primaryimage","url":"https:\/\/pagina10.com\/web\/wp-content\/uploads\/2021\/11\/JOVENOKOK.png","contentUrl":"https:\/\/pagina10.com\/web\/wp-content\/uploads\/2021\/11\/JOVENOKOK.png","width":600,"height":450},{"@type":"BreadcrumbList","@id":"https:\/\/pagina10.com\/web\/3-policias-iran-a-la-carcel-por-muerte-de-joven-indigena\/#breadcrumb","itemListElement":[{"@type":"ListItem","position":1,"name":"Portada","item":"https:\/\/pagina10.com\/web\/"},{"@type":"ListItem","position":2,"name":"3 Polic\u00edas ir\u00e1n a la carcel por muerte de joven ind\u00edgena."}]},{"@type":"WebSite","@id":"https:\/\/pagina10.com\/web\/#website","url":"https:\/\/pagina10.com\/web\/","name":"P\u00e1gina10","description":"Peri\u00f3dico Regional","publisher":{"@id":"https:\/\/pagina10.com\/web\/#organization"},"alternateName":"P\u00e1gina10 Peri\u00f3dico Regional","potentialAction":[{"@type":"SearchAction","target":{"@type":"EntryPoint","urlTemplate":"https:\/\/pagina10.com\/web\/?s={search_term_string}"},"query-input":{"@type":"PropertyValueSpecification","valueRequired":true,"valueName":"search_term_string"}}],"inLanguage":"es"},{"@type":"Organization","@id":"https:\/\/pagina10.com\/web\/#organization","name":"P\u00e1gina10","alternateName":"P\u00e1gina10 Peri\u00f3dico Regional","url":"https:\/\/pagina10.com\/web\/","logo":{"@type":"ImageObject","inLanguage":"es","@id":"https:\/\/pagina10.com\/web\/#\/schema\/logo\/image\/","url":"https:\/\/pagina10.com\/web\/wp-content\/uploads\/2024\/01\/40-pagina-10-periodico-regional-pasto.jpg","contentUrl":"https:\/\/pagina10.com\/web\/wp-content\/uploads\/2024\/01\/40-pagina-10-periodico-regional-pasto.jpg","width":1280,"height":720,"caption":"P\u00e1gina10"},"image":{"@id":"https:\/\/pagina10.com\/web\/#\/schema\/logo\/image\/"},"sameAs":["https:\/\/www.facebook.com\/pag10com","https:\/\/x.com\/Pag10com","https:\/\/www.instagram.com\/pagina10col\/","https:\/\/youtube.com\/channel\/pag10","https:\/\/www.tiktok.com\/@p10col"]},{"@type":"Person","@id":"https:\/\/pagina10.com\/web\/#\/schema\/person\/2efc4a090d25b667d3bc796798a3a81b","name":"P\u00e1gina 10","description":"P\u00e1gina 10 es un peri\u00f3dico regional que nace en Colombia, en el departamento de Nari\u00f1o, con un enfoque global, fundamentado en cuatro pilares esenciales: la libertad, el pluralismo, la inclusi\u00f3n y la independencia. P\u00e1gina 10 hace referencia a Nari\u00f1o como el d\u00e9cimo departamento creado en Colombia, despu\u00e9s de un proceso pol\u00edtico liderado por actores y actrices regionales con el fin de obtener la independencia y autonom\u00eda de nuestros territorios. Con la creaci\u00f3n de P\u00e1gina 10 se pretende abrir un escenario para el dialogo, la reflexi\u00f3n y el debate que se extienda a otras geograf\u00edas de Am\u00e9rica Latina y del planeta, en una apuesta por transformar colectivamente los desaf\u00edos de un mundo contempor\u00e1neo, m\u00e1s all\u00e1 de las fronteras impuestas.","url":"https:\/\/pagina10.com\/web\/author\/pdiezadmin\/"}]}},"_links":{"self":[{"href":"https:\/\/pagina10.com\/web\/wp-json\/wp\/v2\/posts\/56838","targetHints":{"allow":["GET"]}}],"collection":[{"href":"https:\/\/pagina10.com\/web\/wp-json\/wp\/v2\/posts"}],"about":[{"href":"https:\/\/pagina10.com\/web\/wp-json\/wp\/v2\/types\/post"}],"author":[{"embeddable":true,"href":"https:\/\/pagina10.com\/web\/wp-json\/wp\/v2\/users\/1"}],"replies":[{"embeddable":true,"href":"https:\/\/pagina10.com\/web\/wp-json\/wp\/v2\/comments?post=56838"}],"version-history":[{"count":2,"href":"https:\/\/pagina10.com\/web\/wp-json\/wp\/v2\/posts\/56838\/revisions"}],"predecessor-version":[{"id":56842,"href":"https:\/\/pagina10.com\/web\/wp-json\/wp\/v2\/posts\/56838\/revisions\/56842"}],"wp:featuredmedia":[{"embeddable":true,"href":"https:\/\/pagina10.com\/web\/wp-json\/wp\/v2\/media\/56839"}],"wp:attachment":[{"href":"https:\/\/pagina10.com\/web\/wp-json\/wp\/v2\/media?parent=56838"}],"wp:term":[{"taxonomy":"category","embeddable":true,"href":"https:\/\/pagina10.com\/web\/wp-json\/wp\/v2\/categories?post=56838"},{"taxonomy":"post_tag","embeddable":true,"href":"https:\/\/pagina10.com\/web\/wp-json\/wp\/v2\/tags?post=56838"}],"curies":[{"name":"wp","href":"https:\/\/api.w.org\/{rel}","templated":true}]}}