{"id":56845,"date":"2021-11-18T13:01:50","date_gmt":"2021-11-18T18:01:50","guid":{"rendered":"https:\/\/pagina10.com\/web\/?p=56845"},"modified":"2021-11-18T13:01:50","modified_gmt":"2021-11-18T18:01:50","slug":"24-municipios-afectados-por-intensas-lluvias","status":"publish","type":"post","link":"https:\/\/pagina10.com\/web\/24-municipios-afectados-por-intensas-lluvias\/","title":{"rendered":"24 municipios afectados por intensas lluvias"},"content":{"rendered":"<p style=\"text-align: justify;\">La Direcci\u00f3n Administrativa de Gesti\u00f3n de Riesgo de Desastres del Departamento de Nari\u00f1o, reporta que a la fecha se encuentran afectados: 24 municipios debido a las intensas lluvias producto de la segunda ola invernal que se presenta en la regi\u00f3n.<\/p>\n<p style=\"text-align: justify;\">Este viernes 19 de noviembre se ha convocado al comit\u00e9 departamental de gesti\u00f3n del riesgo para continuar la coordinaci\u00f3n de acciones para afrontar la temporada de lluvias que se prolongar\u00e1 hasta el primer trimestre del pr\u00f3ximo a\u00f1o.<\/p>\n<p style=\"text-align: justify;\">Jader Gaviria, director Administrativo de Gesti\u00f3n del Riesgo de Desastres en Nari\u00f1o, manifest\u00f3 que con corte al 18 de noviembre, se han presentado 37 eventos, 7 inundaciones, 25 deslizamientos, 3 avenidas torrenciales, 2 granizadas, 1 movimiento en masa, 12 viviendas destruidas, 71 viviendas averiadas, 60 viviendas en riesgo, 35 v\u00edas afectadas y140 familias afectadas.<\/p>\n<p style=\"text-align: justify;\">Desde la Direcci\u00f3n Administrativa de Gesti\u00f3n del Riesgo de desastres se vienen coordinando las acciones con los comit\u00e9s municipales de gesti\u00f3n de riesgo, las entidades del orden departamental y nacional adem\u00e1s de las alcald\u00edas municipales para atender las emergencias suscitadas.<\/p>\n<p style=\"text-align: justify;\">Gaviria pidi\u00f3 a las familias que se ubican en zonas de riesgo atender los llamados de evacuaci\u00f3n preventiva a fin de salvaguardar la vida, manifest\u00f3 que desde la institucionalidad se han dispuesto todos los recursos humanos y t\u00e9cnicos para atender las emergencias, evacuar a las familias en riesgo, habilitar las v\u00edas afectadas y proveer ayuda humanitaria y subsidios de arrendamiento para quienes evacuan las zonas de riesgo.<\/p>\n","protected":false},"excerpt":{"rendered":"<p>La Direcci\u00f3n Administrativa de Gesti\u00f3n de Riesgo de Desastres del Departamento de Nari\u00f1o, reporta que a la fecha se encuentran afectados: 24 municipios debido a las intensas lluvias producto de la segunda ola invernal que se presenta en la regi\u00f3n. Este viernes 19 de noviembre se ha convocado al comit\u00e9 departamental de gesti\u00f3n del riesgo [&hellip;]<\/p>\n","protected":false},"author":1,"featured_media":56846,"comment_status":"open","ping_status":"open","sticky":false,"template":"","format":"standard","meta":{"footnotes":""},"categories":[82],"tags":[],"class_list":["post-56845","post","type-post","status-publish","format-standard","has-post-thumbnail","hentry","category-ciudad-2"],"yoast_head":"<!-- This site is optimized with the Yoast SEO plugin v27.1.1 - https:\/\/yoast.com\/product\/yoast-seo-wordpress\/ -->\n<title>24 municipios afectados por intensas lluvias | P\u00e1gina10<\/title>\n<meta name=\"robots\" content=\"index, follow, max-snippet:-1, max-image-preview:large, max-video-preview:-1\" \/>\n<link rel=\"canonical\" href=\"https:\/\/pagina10.com\/web\/24-municipios-afectados-por-intensas-lluvias\/\" \/>\n<meta property=\"og:locale\" content=\"es_ES\" \/>\n<meta property=\"og:type\" content=\"article\" \/>\n<meta property=\"og:title\" content=\"24 municipios afectados por intensas lluvias | P\u00e1gina10\" \/>\n<meta property=\"og:description\" content=\"La Direcci\u00f3n Administrativa de Gesti\u00f3n de Riesgo de Desastres del Departamento de Nari\u00f1o, reporta que a la fecha se encuentran afectados: 24 municipios debido a las intensas lluvias producto de la segunda ola invernal que se presenta en la regi\u00f3n. Este viernes 19 de noviembre se ha convocado al comit\u00e9 departamental de gesti\u00f3n del riesgo [&hellip;]\" \/>\n<meta property=\"og:url\" content=\"https:\/\/pagina10.com\/web\/24-municipios-afectados-por-intensas-lluvias\/\" \/>\n<meta property=\"og:site_name\" content=\"P\u00e1gina10\" \/>\n<meta property=\"article:publisher\" content=\"https:\/\/www.facebook.com\/pag10com\" \/>\n<meta property=\"article:published_time\" content=\"2021-11-18T18:01:50+00:00\" \/>\n<meta property=\"og:image\" content=\"https:\/\/pagina10.com\/web\/wp-content\/uploads\/2021\/11\/efectos_lluvia_2_0.jpeg\" \/>\n\t<meta property=\"og:image:width\" content=\"680\" \/>\n\t<meta property=\"og:image:height\" content=\"464\" \/>\n\t<meta property=\"og:image:type\" content=\"image\/jpeg\" \/>\n<meta name=\"author\" content=\"P\u00e1gina 10\" \/>\n<meta name=\"twitter:card\" content=\"summary_large_image\" \/>\n<meta name=\"twitter:creator\" content=\"@Pag10com\" \/>\n<meta name=\"twitter:site\" content=\"@Pag10com\" \/>\n<meta name=\"twitter:label1\" content=\"Escrito por\" \/>\n\t<meta name=\"twitter:data1\" content=\"P\u00e1gina 10\" \/>\n\t<meta name=\"twitter:label2\" content=\"Tiempo de lectura\" \/>\n\t<meta name=\"twitter:data2\" content=\"1 minuto\" \/>\n<script type=\"application\/ld+json\" class=\"yoast-schema-graph\">{\"@context\":\"https:\/\/schema.org\",\"@graph\":[{\"@type\":\"Article\",\"@id\":\"https:\/\/pagina10.com\/web\/24-municipios-afectados-por-intensas-lluvias\/#article\",\"isPartOf\":{\"@id\":\"https:\/\/pagina10.com\/web\/24-municipios-afectados-por-intensas-lluvias\/\"},\"author\":{\"name\":\"P\u00e1gina 10\",\"@id\":\"https:\/\/pagina10.com\/web\/#\/schema\/person\/2efc4a090d25b667d3bc796798a3a81b\"},\"headline\":\"24 municipios afectados por intensas lluvias\",\"datePublished\":\"2021-11-18T18:01:50+00:00\",\"mainEntityOfPage\":{\"@id\":\"https:\/\/pagina10.com\/web\/24-municipios-afectados-por-intensas-lluvias\/\"},\"wordCount\":250,\"commentCount\":0,\"publisher\":{\"@id\":\"https:\/\/pagina10.com\/web\/#organization\"},\"image\":{\"@id\":\"https:\/\/pagina10.com\/web\/24-municipios-afectados-por-intensas-lluvias\/#primaryimage\"},\"thumbnailUrl\":\"https:\/\/pagina10.com\/web\/wp-content\/uploads\/2021\/11\/efectos_lluvia_2_0.jpeg\",\"articleSection\":[\"Ciudad\"],\"inLanguage\":\"es\",\"potentialAction\":[{\"@type\":\"CommentAction\",\"name\":\"Comment\",\"target\":[\"https:\/\/pagina10.com\/web\/24-municipios-afectados-por-intensas-lluvias\/#respond\"]}]},{\"@type\":\"WebPage\",\"@id\":\"https:\/\/pagina10.com\/web\/24-municipios-afectados-por-intensas-lluvias\/\",\"url\":\"https:\/\/pagina10.com\/web\/24-municipios-afectados-por-intensas-lluvias\/\",\"name\":\"24 municipios afectados por intensas lluvias | P\u00e1gina10\",\"isPartOf\":{\"@id\":\"https:\/\/pagina10.com\/web\/#website\"},\"primaryImageOfPage\":{\"@id\":\"https:\/\/pagina10.com\/web\/24-municipios-afectados-por-intensas-lluvias\/#primaryimage\"},\"image\":{\"@id\":\"https:\/\/pagina10.com\/web\/24-municipios-afectados-por-intensas-lluvias\/#primaryimage\"},\"thumbnailUrl\":\"https:\/\/pagina10.com\/web\/wp-content\/uploads\/2021\/11\/efectos_lluvia_2_0.jpeg\",\"datePublished\":\"2021-11-18T18:01:50+00:00\",\"breadcrumb\":{\"@id\":\"https:\/\/pagina10.com\/web\/24-municipios-afectados-por-intensas-lluvias\/#breadcrumb\"},\"inLanguage\":\"es\",\"potentialAction\":[{\"@type\":\"ReadAction\",\"target\":[\"https:\/\/pagina10.com\/web\/24-municipios-afectados-por-intensas-lluvias\/\"]}]},{\"@type\":\"ImageObject\",\"inLanguage\":\"es\",\"@id\":\"https:\/\/pagina10.com\/web\/24-municipios-afectados-por-intensas-lluvias\/#primaryimage\",\"url\":\"https:\/\/pagina10.com\/web\/wp-content\/uploads\/2021\/11\/efectos_lluvia_2_0.jpeg\",\"contentUrl\":\"https:\/\/pagina10.com\/web\/wp-content\/uploads\/2021\/11\/efectos_lluvia_2_0.jpeg\",\"width\":680,\"height\":464},{\"@type\":\"BreadcrumbList\",\"@id\":\"https:\/\/pagina10.com\/web\/24-municipios-afectados-por-intensas-lluvias\/#breadcrumb\",\"itemListElement\":[{\"@type\":\"ListItem\",\"position\":1,\"name\":\"Portada\",\"item\":\"https:\/\/pagina10.com\/web\/\"},{\"@type\":\"ListItem\",\"position\":2,\"name\":\"24 municipios afectados por intensas lluvias\"}]},{\"@type\":\"WebSite\",\"@id\":\"https:\/\/pagina10.com\/web\/#website\",\"url\":\"https:\/\/pagina10.com\/web\/\",\"name\":\"P\u00e1gina10\",\"description\":\"Peri\u00f3dico Regional\",\"publisher\":{\"@id\":\"https:\/\/pagina10.com\/web\/#organization\"},\"alternateName\":\"P\u00e1gina10 Peri\u00f3dico Regional\",\"potentialAction\":[{\"@type\":\"SearchAction\",\"target\":{\"@type\":\"EntryPoint\",\"urlTemplate\":\"https:\/\/pagina10.com\/web\/?s={search_term_string}\"},\"query-input\":{\"@type\":\"PropertyValueSpecification\",\"valueRequired\":true,\"valueName\":\"search_term_string\"}}],\"inLanguage\":\"es\"},{\"@type\":\"Organization\",\"@id\":\"https:\/\/pagina10.com\/web\/#organization\",\"name\":\"P\u00e1gina10\",\"alternateName\":\"P\u00e1gina10 Peri\u00f3dico Regional\",\"url\":\"https:\/\/pagina10.com\/web\/\",\"logo\":{\"@type\":\"ImageObject\",\"inLanguage\":\"es\",\"@id\":\"https:\/\/pagina10.com\/web\/#\/schema\/logo\/image\/\",\"url\":\"https:\/\/pagina10.com\/web\/wp-content\/uploads\/2024\/01\/40-pagina-10-periodico-regional-pasto.jpg\",\"contentUrl\":\"https:\/\/pagina10.com\/web\/wp-content\/uploads\/2024\/01\/40-pagina-10-periodico-regional-pasto.jpg\",\"width\":1280,\"height\":720,\"caption\":\"P\u00e1gina10\"},\"image\":{\"@id\":\"https:\/\/pagina10.com\/web\/#\/schema\/logo\/image\/\"},\"sameAs\":[\"https:\/\/www.facebook.com\/pag10com\",\"https:\/\/x.com\/Pag10com\",\"https:\/\/www.instagram.com\/pagina10col\/\",\"https:\/\/youtube.com\/channel\/pag10\",\"https:\/\/www.tiktok.com\/@p10col\"]},{\"@type\":\"Person\",\"@id\":\"https:\/\/pagina10.com\/web\/#\/schema\/person\/2efc4a090d25b667d3bc796798a3a81b\",\"name\":\"P\u00e1gina 10\",\"description\":\"P\u00e1gina 10 es un peri\u00f3dico regional que nace en Colombia, en el departamento de Nari\u00f1o, con un enfoque global, fundamentado en cuatro pilares esenciales: la libertad, el pluralismo, la inclusi\u00f3n y la independencia. P\u00e1gina 10 hace referencia a Nari\u00f1o como el d\u00e9cimo departamento creado en Colombia, despu\u00e9s de un proceso pol\u00edtico liderado por actores y actrices regionales con el fin de obtener la independencia y autonom\u00eda de nuestros territorios. Con la creaci\u00f3n de P\u00e1gina 10 se pretende abrir un escenario para el dialogo, la reflexi\u00f3n y el debate que se extienda a otras geograf\u00edas de Am\u00e9rica Latina y del planeta, en una apuesta por transformar colectivamente los desaf\u00edos de un mundo contempor\u00e1neo, m\u00e1s all\u00e1 de las fronteras impuestas.\",\"url\":\"https:\/\/pagina10.com\/web\/author\/pdiezadmin\/\"}]}<\/script>\n<!-- \/ Yoast SEO plugin. -->","yoast_head_json":{"title":"24 municipios afectados por intensas lluvias | P\u00e1gina10","robots":{"index":"index","follow":"follow","max-snippet":"max-snippet:-1","max-image-preview":"max-image-preview:large","max-video-preview":"max-video-preview:-1"},"canonical":"https:\/\/pagina10.com\/web\/24-municipios-afectados-por-intensas-lluvias\/","og_locale":"es_ES","og_type":"article","og_title":"24 municipios afectados por intensas lluvias | P\u00e1gina10","og_description":"La Direcci\u00f3n Administrativa de Gesti\u00f3n de Riesgo de Desastres del Departamento de Nari\u00f1o, reporta que a la fecha se encuentran afectados: 24 municipios debido a las intensas lluvias producto de la segunda ola invernal que se presenta en la regi\u00f3n. Este viernes 19 de noviembre se ha convocado al comit\u00e9 departamental de gesti\u00f3n del riesgo [&hellip;]","og_url":"https:\/\/pagina10.com\/web\/24-municipios-afectados-por-intensas-lluvias\/","og_site_name":"P\u00e1gina10","article_publisher":"https:\/\/www.facebook.com\/pag10com","article_published_time":"2021-11-18T18:01:50+00:00","og_image":[{"width":680,"height":464,"url":"https:\/\/pagina10.com\/web\/wp-content\/uploads\/2021\/11\/efectos_lluvia_2_0.jpeg","type":"image\/jpeg"}],"author":"P\u00e1gina 10","twitter_card":"summary_large_image","twitter_creator":"@Pag10com","twitter_site":"@Pag10com","twitter_misc":{"Escrito por":"P\u00e1gina 10","Tiempo de lectura":"1 minuto"},"schema":{"@context":"https:\/\/schema.org","@graph":[{"@type":"Article","@id":"https:\/\/pagina10.com\/web\/24-municipios-afectados-por-intensas-lluvias\/#article","isPartOf":{"@id":"https:\/\/pagina10.com\/web\/24-municipios-afectados-por-intensas-lluvias\/"},"author":{"name":"P\u00e1gina 10","@id":"https:\/\/pagina10.com\/web\/#\/schema\/person\/2efc4a090d25b667d3bc796798a3a81b"},"headline":"24 municipios afectados por intensas lluvias","datePublished":"2021-11-18T18:01:50+00:00","mainEntityOfPage":{"@id":"https:\/\/pagina10.com\/web\/24-municipios-afectados-por-intensas-lluvias\/"},"wordCount":250,"commentCount":0,"publisher":{"@id":"https:\/\/pagina10.com\/web\/#organization"},"image":{"@id":"https:\/\/pagina10.com\/web\/24-municipios-afectados-por-intensas-lluvias\/#primaryimage"},"thumbnailUrl":"https:\/\/pagina10.com\/web\/wp-content\/uploads\/2021\/11\/efectos_lluvia_2_0.jpeg","articleSection":["Ciudad"],"inLanguage":"es","potentialAction":[{"@type":"CommentAction","name":"Comment","target":["https:\/\/pagina10.com\/web\/24-municipios-afectados-por-intensas-lluvias\/#respond"]}]},{"@type":"WebPage","@id":"https:\/\/pagina10.com\/web\/24-municipios-afectados-por-intensas-lluvias\/","url":"https:\/\/pagina10.com\/web\/24-municipios-afectados-por-intensas-lluvias\/","name":"24 municipios afectados por intensas lluvias | P\u00e1gina10","isPartOf":{"@id":"https:\/\/pagina10.com\/web\/#website"},"primaryImageOfPage":{"@id":"https:\/\/pagina10.com\/web\/24-municipios-afectados-por-intensas-lluvias\/#primaryimage"},"image":{"@id":"https:\/\/pagina10.com\/web\/24-municipios-afectados-por-intensas-lluvias\/#primaryimage"},"thumbnailUrl":"https:\/\/pagina10.com\/web\/wp-content\/uploads\/2021\/11\/efectos_lluvia_2_0.jpeg","datePublished":"2021-11-18T18:01:50+00:00","breadcrumb":{"@id":"https:\/\/pagina10.com\/web\/24-municipios-afectados-por-intensas-lluvias\/#breadcrumb"},"inLanguage":"es","potentialAction":[{"@type":"ReadAction","target":["https:\/\/pagina10.com\/web\/24-municipios-afectados-por-intensas-lluvias\/"]}]},{"@type":"ImageObject","inLanguage":"es","@id":"https:\/\/pagina10.com\/web\/24-municipios-afectados-por-intensas-lluvias\/#primaryimage","url":"https:\/\/pagina10.com\/web\/wp-content\/uploads\/2021\/11\/efectos_lluvia_2_0.jpeg","contentUrl":"https:\/\/pagina10.com\/web\/wp-content\/uploads\/2021\/11\/efectos_lluvia_2_0.jpeg","width":680,"height":464},{"@type":"BreadcrumbList","@id":"https:\/\/pagina10.com\/web\/24-municipios-afectados-por-intensas-lluvias\/#breadcrumb","itemListElement":[{"@type":"ListItem","position":1,"name":"Portada","item":"https:\/\/pagina10.com\/web\/"},{"@type":"ListItem","position":2,"name":"24 municipios afectados por intensas lluvias"}]},{"@type":"WebSite","@id":"https:\/\/pagina10.com\/web\/#website","url":"https:\/\/pagina10.com\/web\/","name":"P\u00e1gina10","description":"Peri\u00f3dico Regional","publisher":{"@id":"https:\/\/pagina10.com\/web\/#organization"},"alternateName":"P\u00e1gina10 Peri\u00f3dico Regional","potentialAction":[{"@type":"SearchAction","target":{"@type":"EntryPoint","urlTemplate":"https:\/\/pagina10.com\/web\/?s={search_term_string}"},"query-input":{"@type":"PropertyValueSpecification","valueRequired":true,"valueName":"search_term_string"}}],"inLanguage":"es"},{"@type":"Organization","@id":"https:\/\/pagina10.com\/web\/#organization","name":"P\u00e1gina10","alternateName":"P\u00e1gina10 Peri\u00f3dico Regional","url":"https:\/\/pagina10.com\/web\/","logo":{"@type":"ImageObject","inLanguage":"es","@id":"https:\/\/pagina10.com\/web\/#\/schema\/logo\/image\/","url":"https:\/\/pagina10.com\/web\/wp-content\/uploads\/2024\/01\/40-pagina-10-periodico-regional-pasto.jpg","contentUrl":"https:\/\/pagina10.com\/web\/wp-content\/uploads\/2024\/01\/40-pagina-10-periodico-regional-pasto.jpg","width":1280,"height":720,"caption":"P\u00e1gina10"},"image":{"@id":"https:\/\/pagina10.com\/web\/#\/schema\/logo\/image\/"},"sameAs":["https:\/\/www.facebook.com\/pag10com","https:\/\/x.com\/Pag10com","https:\/\/www.instagram.com\/pagina10col\/","https:\/\/youtube.com\/channel\/pag10","https:\/\/www.tiktok.com\/@p10col"]},{"@type":"Person","@id":"https:\/\/pagina10.com\/web\/#\/schema\/person\/2efc4a090d25b667d3bc796798a3a81b","name":"P\u00e1gina 10","description":"P\u00e1gina 10 es un peri\u00f3dico regional que nace en Colombia, en el departamento de Nari\u00f1o, con un enfoque global, fundamentado en cuatro pilares esenciales: la libertad, el pluralismo, la inclusi\u00f3n y la independencia. P\u00e1gina 10 hace referencia a Nari\u00f1o como el d\u00e9cimo departamento creado en Colombia, despu\u00e9s de un proceso pol\u00edtico liderado por actores y actrices regionales con el fin de obtener la independencia y autonom\u00eda de nuestros territorios. Con la creaci\u00f3n de P\u00e1gina 10 se pretende abrir un escenario para el dialogo, la reflexi\u00f3n y el debate que se extienda a otras geograf\u00edas de Am\u00e9rica Latina y del planeta, en una apuesta por transformar colectivamente los desaf\u00edos de un mundo contempor\u00e1neo, m\u00e1s all\u00e1 de las fronteras impuestas.","url":"https:\/\/pagina10.com\/web\/author\/pdiezadmin\/"}]}},"_links":{"self":[{"href":"https:\/\/pagina10.com\/web\/wp-json\/wp\/v2\/posts\/56845","targetHints":{"allow":["GET"]}}],"collection":[{"href":"https:\/\/pagina10.com\/web\/wp-json\/wp\/v2\/posts"}],"about":[{"href":"https:\/\/pagina10.com\/web\/wp-json\/wp\/v2\/types\/post"}],"author":[{"embeddable":true,"href":"https:\/\/pagina10.com\/web\/wp-json\/wp\/v2\/users\/1"}],"replies":[{"embeddable":true,"href":"https:\/\/pagina10.com\/web\/wp-json\/wp\/v2\/comments?post=56845"}],"version-history":[{"count":1,"href":"https:\/\/pagina10.com\/web\/wp-json\/wp\/v2\/posts\/56845\/revisions"}],"predecessor-version":[{"id":56847,"href":"https:\/\/pagina10.com\/web\/wp-json\/wp\/v2\/posts\/56845\/revisions\/56847"}],"wp:featuredmedia":[{"embeddable":true,"href":"https:\/\/pagina10.com\/web\/wp-json\/wp\/v2\/media\/56846"}],"wp:attachment":[{"href":"https:\/\/pagina10.com\/web\/wp-json\/wp\/v2\/media?parent=56845"}],"wp:term":[{"taxonomy":"category","embeddable":true,"href":"https:\/\/pagina10.com\/web\/wp-json\/wp\/v2\/categories?post=56845"},{"taxonomy":"post_tag","embeddable":true,"href":"https:\/\/pagina10.com\/web\/wp-json\/wp\/v2\/tags?post=56845"}],"curies":[{"name":"wp","href":"https:\/\/api.w.org\/{rel}","templated":true}]}}