{"id":56871,"date":"2021-11-19T14:41:29","date_gmt":"2021-11-19T19:41:29","guid":{"rendered":"https:\/\/pagina10.com\/web\/?p=56871"},"modified":"2021-11-19T14:41:49","modified_gmt":"2021-11-19T19:41:49","slug":"uniformados-tendran-que-responder-por-el-delito-de-homicidio","status":"publish","type":"post","link":"https:\/\/pagina10.com\/web\/uniformados-tendran-que-responder-por-el-delito-de-homicidio\/","title":{"rendered":"Uniformados tendr\u00e1n que responder por el delito de homicidio durante las manifestaciones ."},"content":{"rendered":"<p style=\"text-align: justify;\">Oficialmente la Fiscal\u00eda tiene el reporte de 24 muertes en medio de las manifestaciones sucedidas durante el paro nacional. De ellas ya se estableci\u00f3 que 11 estar\u00edan relacionadas con la protesta, se est\u00e1n verificando otras 7 muertes y se descart\u00f3 que 6 estuvieran vinculadas con las jornadas de movilizaci\u00f3n.<br \/>\nEl fiscal Francisco Barbosa no detall\u00f3 los casos puntuales o las ciudades en las que se registraron los hechos que ya ser\u00e1n judicializados;\u00a0El anunci\u00f3 lo hizo tras una reuni\u00f3n con el Defensor del Pueblo Carlos Camargo.<\/p>\n<p style=\"text-align: justify;\">Barbosa Delgado y el Defensor del Pueblo, Carlos Camargo As\u00eds, instauraron la Mesa interinstitucional de informaci\u00f3n en el marco de la protesta social, &#8220;con el prop\u00f3sito de informar de manera oportuna y transparente sobre los casos de homicidios y presuntos desaparecidos que se han presentado durante las manifestaciones&#8221;.<\/p>\n<p style=\"text-align: justify;\">La competencia de la Fiscal\u00eda en el caso de los desaparecidos llevar\u00e1 a activar los mecanismos de b\u00fasqueda urgente con la finalidad de ubicar a las personas de manera inmediata de los casos reportados por las diferentes entidades.<\/p>\n<p style=\"text-align: justify;\">Igualmente, se anunci\u00f3 que se contar\u00e1 con un delegado del Instituto Nacional de Medicina Legal y Ciencias Forenses, para que se encargue de que las personas reportadas como desaparecidas queden en el registro nacional. Adem\u00e1s, apoyar\u00e1 en la ubicaci\u00f3n de las personas a partir de la identificaci\u00f3n plena de cad\u00e1veres.<\/p>\n","protected":false},"excerpt":{"rendered":"<p>Oficialmente la Fiscal\u00eda tiene el reporte de 24 muertes en medio de las manifestaciones sucedidas durante el paro nacional. De ellas ya se estableci\u00f3 que 11 estar\u00edan relacionadas con la protesta, se est\u00e1n verificando otras 7 muertes y se descart\u00f3 que 6 estuvieran vinculadas con las jornadas de movilizaci\u00f3n. El fiscal Francisco Barbosa no detall\u00f3 [&hellip;]<\/p>\n","protected":false},"author":1,"featured_media":56872,"comment_status":"open","ping_status":"open","sticky":false,"template":"","format":"standard","meta":{"footnotes":""},"categories":[24],"tags":[],"class_list":["post-56871","post","type-post","status-publish","format-standard","has-post-thumbnail","hentry","category-nacional"],"yoast_head":"<!-- This site is optimized with the Yoast SEO plugin v27.1.1 - https:\/\/yoast.com\/product\/yoast-seo-wordpress\/ -->\n<title>Uniformados tendr\u00e1n que responder por el delito de homicidio durante las manifestaciones . | P\u00e1gina10<\/title>\n<meta name=\"robots\" content=\"index, follow, max-snippet:-1, max-image-preview:large, max-video-preview:-1\" \/>\n<link rel=\"canonical\" href=\"https:\/\/pagina10.com\/web\/uniformados-tendran-que-responder-por-el-delito-de-homicidio\/\" \/>\n<meta property=\"og:locale\" content=\"es_ES\" \/>\n<meta property=\"og:type\" content=\"article\" \/>\n<meta property=\"og:title\" content=\"Uniformados tendr\u00e1n que responder por el delito de homicidio durante las manifestaciones . | P\u00e1gina10\" \/>\n<meta property=\"og:description\" content=\"Oficialmente la Fiscal\u00eda tiene el reporte de 24 muertes en medio de las manifestaciones sucedidas durante el paro nacional. De ellas ya se estableci\u00f3 que 11 estar\u00edan relacionadas con la protesta, se est\u00e1n verificando otras 7 muertes y se descart\u00f3 que 6 estuvieran vinculadas con las jornadas de movilizaci\u00f3n. El fiscal Francisco Barbosa no detall\u00f3 [&hellip;]\" \/>\n<meta property=\"og:url\" content=\"https:\/\/pagina10.com\/web\/uniformados-tendran-que-responder-por-el-delito-de-homicidio\/\" \/>\n<meta property=\"og:site_name\" content=\"P\u00e1gina10\" \/>\n<meta property=\"article:publisher\" content=\"https:\/\/www.facebook.com\/pag10com\" \/>\n<meta property=\"article:published_time\" content=\"2021-11-19T19:41:29+00:00\" \/>\n<meta property=\"article:modified_time\" content=\"2021-11-19T19:41:49+00:00\" \/>\n<meta property=\"og:image\" content=\"https:\/\/pagina10.com\/web\/wp-content\/uploads\/2021\/11\/Policia-Capturado.jpg\" \/>\n\t<meta property=\"og:image:width\" content=\"1087\" \/>\n\t<meta property=\"og:image:height\" content=\"562\" \/>\n\t<meta property=\"og:image:type\" content=\"image\/jpeg\" \/>\n<meta name=\"author\" content=\"P\u00e1gina 10\" \/>\n<meta name=\"twitter:card\" content=\"summary_large_image\" \/>\n<meta name=\"twitter:creator\" content=\"@Pag10com\" \/>\n<meta name=\"twitter:site\" content=\"@Pag10com\" \/>\n<meta name=\"twitter:label1\" content=\"Escrito por\" \/>\n\t<meta name=\"twitter:data1\" content=\"P\u00e1gina 10\" \/>\n\t<meta name=\"twitter:label2\" content=\"Tiempo de lectura\" \/>\n\t<meta name=\"twitter:data2\" content=\"1 minuto\" \/>\n<script type=\"application\/ld+json\" class=\"yoast-schema-graph\">{\"@context\":\"https:\/\/schema.org\",\"@graph\":[{\"@type\":\"Article\",\"@id\":\"https:\/\/pagina10.com\/web\/uniformados-tendran-que-responder-por-el-delito-de-homicidio\/#article\",\"isPartOf\":{\"@id\":\"https:\/\/pagina10.com\/web\/uniformados-tendran-que-responder-por-el-delito-de-homicidio\/\"},\"author\":{\"name\":\"P\u00e1gina 10\",\"@id\":\"https:\/\/pagina10.com\/web\/#\/schema\/person\/2efc4a090d25b667d3bc796798a3a81b\"},\"headline\":\"Uniformados tendr\u00e1n que responder por el delito de homicidio durante las manifestaciones .\",\"datePublished\":\"2021-11-19T19:41:29+00:00\",\"dateModified\":\"2021-11-19T19:41:49+00:00\",\"mainEntityOfPage\":{\"@id\":\"https:\/\/pagina10.com\/web\/uniformados-tendran-que-responder-por-el-delito-de-homicidio\/\"},\"wordCount\":246,\"commentCount\":0,\"publisher\":{\"@id\":\"https:\/\/pagina10.com\/web\/#organization\"},\"image\":{\"@id\":\"https:\/\/pagina10.com\/web\/uniformados-tendran-que-responder-por-el-delito-de-homicidio\/#primaryimage\"},\"thumbnailUrl\":\"https:\/\/pagina10.com\/web\/wp-content\/uploads\/2021\/11\/Policia-Capturado.jpg\",\"articleSection\":[\"Nacional\"],\"inLanguage\":\"es\",\"potentialAction\":[{\"@type\":\"CommentAction\",\"name\":\"Comment\",\"target\":[\"https:\/\/pagina10.com\/web\/uniformados-tendran-que-responder-por-el-delito-de-homicidio\/#respond\"]}]},{\"@type\":\"WebPage\",\"@id\":\"https:\/\/pagina10.com\/web\/uniformados-tendran-que-responder-por-el-delito-de-homicidio\/\",\"url\":\"https:\/\/pagina10.com\/web\/uniformados-tendran-que-responder-por-el-delito-de-homicidio\/\",\"name\":\"Uniformados tendr\u00e1n que responder por el delito de homicidio durante las manifestaciones . | P\u00e1gina10\",\"isPartOf\":{\"@id\":\"https:\/\/pagina10.com\/web\/#website\"},\"primaryImageOfPage\":{\"@id\":\"https:\/\/pagina10.com\/web\/uniformados-tendran-que-responder-por-el-delito-de-homicidio\/#primaryimage\"},\"image\":{\"@id\":\"https:\/\/pagina10.com\/web\/uniformados-tendran-que-responder-por-el-delito-de-homicidio\/#primaryimage\"},\"thumbnailUrl\":\"https:\/\/pagina10.com\/web\/wp-content\/uploads\/2021\/11\/Policia-Capturado.jpg\",\"datePublished\":\"2021-11-19T19:41:29+00:00\",\"dateModified\":\"2021-11-19T19:41:49+00:00\",\"breadcrumb\":{\"@id\":\"https:\/\/pagina10.com\/web\/uniformados-tendran-que-responder-por-el-delito-de-homicidio\/#breadcrumb\"},\"inLanguage\":\"es\",\"potentialAction\":[{\"@type\":\"ReadAction\",\"target\":[\"https:\/\/pagina10.com\/web\/uniformados-tendran-que-responder-por-el-delito-de-homicidio\/\"]}]},{\"@type\":\"ImageObject\",\"inLanguage\":\"es\",\"@id\":\"https:\/\/pagina10.com\/web\/uniformados-tendran-que-responder-por-el-delito-de-homicidio\/#primaryimage\",\"url\":\"https:\/\/pagina10.com\/web\/wp-content\/uploads\/2021\/11\/Policia-Capturado.jpg\",\"contentUrl\":\"https:\/\/pagina10.com\/web\/wp-content\/uploads\/2021\/11\/Policia-Capturado.jpg\",\"width\":1087,\"height\":562},{\"@type\":\"BreadcrumbList\",\"@id\":\"https:\/\/pagina10.com\/web\/uniformados-tendran-que-responder-por-el-delito-de-homicidio\/#breadcrumb\",\"itemListElement\":[{\"@type\":\"ListItem\",\"position\":1,\"name\":\"Portada\",\"item\":\"https:\/\/pagina10.com\/web\/\"},{\"@type\":\"ListItem\",\"position\":2,\"name\":\"Uniformados tendr\u00e1n que responder por el delito de homicidio durante las manifestaciones .\"}]},{\"@type\":\"WebSite\",\"@id\":\"https:\/\/pagina10.com\/web\/#website\",\"url\":\"https:\/\/pagina10.com\/web\/\",\"name\":\"P\u00e1gina10\",\"description\":\"Peri\u00f3dico Regional\",\"publisher\":{\"@id\":\"https:\/\/pagina10.com\/web\/#organization\"},\"alternateName\":\"P\u00e1gina10 Peri\u00f3dico Regional\",\"potentialAction\":[{\"@type\":\"SearchAction\",\"target\":{\"@type\":\"EntryPoint\",\"urlTemplate\":\"https:\/\/pagina10.com\/web\/?s={search_term_string}\"},\"query-input\":{\"@type\":\"PropertyValueSpecification\",\"valueRequired\":true,\"valueName\":\"search_term_string\"}}],\"inLanguage\":\"es\"},{\"@type\":\"Organization\",\"@id\":\"https:\/\/pagina10.com\/web\/#organization\",\"name\":\"P\u00e1gina10\",\"alternateName\":\"P\u00e1gina10 Peri\u00f3dico Regional\",\"url\":\"https:\/\/pagina10.com\/web\/\",\"logo\":{\"@type\":\"ImageObject\",\"inLanguage\":\"es\",\"@id\":\"https:\/\/pagina10.com\/web\/#\/schema\/logo\/image\/\",\"url\":\"https:\/\/pagina10.com\/web\/wp-content\/uploads\/2024\/01\/40-pagina-10-periodico-regional-pasto.jpg\",\"contentUrl\":\"https:\/\/pagina10.com\/web\/wp-content\/uploads\/2024\/01\/40-pagina-10-periodico-regional-pasto.jpg\",\"width\":1280,\"height\":720,\"caption\":\"P\u00e1gina10\"},\"image\":{\"@id\":\"https:\/\/pagina10.com\/web\/#\/schema\/logo\/image\/\"},\"sameAs\":[\"https:\/\/www.facebook.com\/pag10com\",\"https:\/\/x.com\/Pag10com\",\"https:\/\/www.instagram.com\/pagina10col\/\",\"https:\/\/youtube.com\/channel\/pag10\",\"https:\/\/www.tiktok.com\/@p10col\"]},{\"@type\":\"Person\",\"@id\":\"https:\/\/pagina10.com\/web\/#\/schema\/person\/2efc4a090d25b667d3bc796798a3a81b\",\"name\":\"P\u00e1gina 10\",\"description\":\"P\u00e1gina 10 es un peri\u00f3dico regional que nace en Colombia, en el departamento de Nari\u00f1o, con un enfoque global, fundamentado en cuatro pilares esenciales: la libertad, el pluralismo, la inclusi\u00f3n y la independencia. P\u00e1gina 10 hace referencia a Nari\u00f1o como el d\u00e9cimo departamento creado en Colombia, despu\u00e9s de un proceso pol\u00edtico liderado por actores y actrices regionales con el fin de obtener la independencia y autonom\u00eda de nuestros territorios. Con la creaci\u00f3n de P\u00e1gina 10 se pretende abrir un escenario para el dialogo, la reflexi\u00f3n y el debate que se extienda a otras geograf\u00edas de Am\u00e9rica Latina y del planeta, en una apuesta por transformar colectivamente los desaf\u00edos de un mundo contempor\u00e1neo, m\u00e1s all\u00e1 de las fronteras impuestas.\",\"url\":\"https:\/\/pagina10.com\/web\/author\/pdiezadmin\/\"}]}<\/script>\n<!-- \/ Yoast SEO plugin. -->","yoast_head_json":{"title":"Uniformados tendr\u00e1n que responder por el delito de homicidio durante las manifestaciones . | P\u00e1gina10","robots":{"index":"index","follow":"follow","max-snippet":"max-snippet:-1","max-image-preview":"max-image-preview:large","max-video-preview":"max-video-preview:-1"},"canonical":"https:\/\/pagina10.com\/web\/uniformados-tendran-que-responder-por-el-delito-de-homicidio\/","og_locale":"es_ES","og_type":"article","og_title":"Uniformados tendr\u00e1n que responder por el delito de homicidio durante las manifestaciones . | P\u00e1gina10","og_description":"Oficialmente la Fiscal\u00eda tiene el reporte de 24 muertes en medio de las manifestaciones sucedidas durante el paro nacional. De ellas ya se estableci\u00f3 que 11 estar\u00edan relacionadas con la protesta, se est\u00e1n verificando otras 7 muertes y se descart\u00f3 que 6 estuvieran vinculadas con las jornadas de movilizaci\u00f3n. El fiscal Francisco Barbosa no detall\u00f3 [&hellip;]","og_url":"https:\/\/pagina10.com\/web\/uniformados-tendran-que-responder-por-el-delito-de-homicidio\/","og_site_name":"P\u00e1gina10","article_publisher":"https:\/\/www.facebook.com\/pag10com","article_published_time":"2021-11-19T19:41:29+00:00","article_modified_time":"2021-11-19T19:41:49+00:00","og_image":[{"width":1087,"height":562,"url":"https:\/\/pagina10.com\/web\/wp-content\/uploads\/2021\/11\/Policia-Capturado.jpg","type":"image\/jpeg"}],"author":"P\u00e1gina 10","twitter_card":"summary_large_image","twitter_creator":"@Pag10com","twitter_site":"@Pag10com","twitter_misc":{"Escrito por":"P\u00e1gina 10","Tiempo de lectura":"1 minuto"},"schema":{"@context":"https:\/\/schema.org","@graph":[{"@type":"Article","@id":"https:\/\/pagina10.com\/web\/uniformados-tendran-que-responder-por-el-delito-de-homicidio\/#article","isPartOf":{"@id":"https:\/\/pagina10.com\/web\/uniformados-tendran-que-responder-por-el-delito-de-homicidio\/"},"author":{"name":"P\u00e1gina 10","@id":"https:\/\/pagina10.com\/web\/#\/schema\/person\/2efc4a090d25b667d3bc796798a3a81b"},"headline":"Uniformados tendr\u00e1n que responder por el delito de homicidio durante las manifestaciones .","datePublished":"2021-11-19T19:41:29+00:00","dateModified":"2021-11-19T19:41:49+00:00","mainEntityOfPage":{"@id":"https:\/\/pagina10.com\/web\/uniformados-tendran-que-responder-por-el-delito-de-homicidio\/"},"wordCount":246,"commentCount":0,"publisher":{"@id":"https:\/\/pagina10.com\/web\/#organization"},"image":{"@id":"https:\/\/pagina10.com\/web\/uniformados-tendran-que-responder-por-el-delito-de-homicidio\/#primaryimage"},"thumbnailUrl":"https:\/\/pagina10.com\/web\/wp-content\/uploads\/2021\/11\/Policia-Capturado.jpg","articleSection":["Nacional"],"inLanguage":"es","potentialAction":[{"@type":"CommentAction","name":"Comment","target":["https:\/\/pagina10.com\/web\/uniformados-tendran-que-responder-por-el-delito-de-homicidio\/#respond"]}]},{"@type":"WebPage","@id":"https:\/\/pagina10.com\/web\/uniformados-tendran-que-responder-por-el-delito-de-homicidio\/","url":"https:\/\/pagina10.com\/web\/uniformados-tendran-que-responder-por-el-delito-de-homicidio\/","name":"Uniformados tendr\u00e1n que responder por el delito de homicidio durante las manifestaciones . | P\u00e1gina10","isPartOf":{"@id":"https:\/\/pagina10.com\/web\/#website"},"primaryImageOfPage":{"@id":"https:\/\/pagina10.com\/web\/uniformados-tendran-que-responder-por-el-delito-de-homicidio\/#primaryimage"},"image":{"@id":"https:\/\/pagina10.com\/web\/uniformados-tendran-que-responder-por-el-delito-de-homicidio\/#primaryimage"},"thumbnailUrl":"https:\/\/pagina10.com\/web\/wp-content\/uploads\/2021\/11\/Policia-Capturado.jpg","datePublished":"2021-11-19T19:41:29+00:00","dateModified":"2021-11-19T19:41:49+00:00","breadcrumb":{"@id":"https:\/\/pagina10.com\/web\/uniformados-tendran-que-responder-por-el-delito-de-homicidio\/#breadcrumb"},"inLanguage":"es","potentialAction":[{"@type":"ReadAction","target":["https:\/\/pagina10.com\/web\/uniformados-tendran-que-responder-por-el-delito-de-homicidio\/"]}]},{"@type":"ImageObject","inLanguage":"es","@id":"https:\/\/pagina10.com\/web\/uniformados-tendran-que-responder-por-el-delito-de-homicidio\/#primaryimage","url":"https:\/\/pagina10.com\/web\/wp-content\/uploads\/2021\/11\/Policia-Capturado.jpg","contentUrl":"https:\/\/pagina10.com\/web\/wp-content\/uploads\/2021\/11\/Policia-Capturado.jpg","width":1087,"height":562},{"@type":"BreadcrumbList","@id":"https:\/\/pagina10.com\/web\/uniformados-tendran-que-responder-por-el-delito-de-homicidio\/#breadcrumb","itemListElement":[{"@type":"ListItem","position":1,"name":"Portada","item":"https:\/\/pagina10.com\/web\/"},{"@type":"ListItem","position":2,"name":"Uniformados tendr\u00e1n que responder por el delito de homicidio durante las manifestaciones ."}]},{"@type":"WebSite","@id":"https:\/\/pagina10.com\/web\/#website","url":"https:\/\/pagina10.com\/web\/","name":"P\u00e1gina10","description":"Peri\u00f3dico Regional","publisher":{"@id":"https:\/\/pagina10.com\/web\/#organization"},"alternateName":"P\u00e1gina10 Peri\u00f3dico Regional","potentialAction":[{"@type":"SearchAction","target":{"@type":"EntryPoint","urlTemplate":"https:\/\/pagina10.com\/web\/?s={search_term_string}"},"query-input":{"@type":"PropertyValueSpecification","valueRequired":true,"valueName":"search_term_string"}}],"inLanguage":"es"},{"@type":"Organization","@id":"https:\/\/pagina10.com\/web\/#organization","name":"P\u00e1gina10","alternateName":"P\u00e1gina10 Peri\u00f3dico Regional","url":"https:\/\/pagina10.com\/web\/","logo":{"@type":"ImageObject","inLanguage":"es","@id":"https:\/\/pagina10.com\/web\/#\/schema\/logo\/image\/","url":"https:\/\/pagina10.com\/web\/wp-content\/uploads\/2024\/01\/40-pagina-10-periodico-regional-pasto.jpg","contentUrl":"https:\/\/pagina10.com\/web\/wp-content\/uploads\/2024\/01\/40-pagina-10-periodico-regional-pasto.jpg","width":1280,"height":720,"caption":"P\u00e1gina10"},"image":{"@id":"https:\/\/pagina10.com\/web\/#\/schema\/logo\/image\/"},"sameAs":["https:\/\/www.facebook.com\/pag10com","https:\/\/x.com\/Pag10com","https:\/\/www.instagram.com\/pagina10col\/","https:\/\/youtube.com\/channel\/pag10","https:\/\/www.tiktok.com\/@p10col"]},{"@type":"Person","@id":"https:\/\/pagina10.com\/web\/#\/schema\/person\/2efc4a090d25b667d3bc796798a3a81b","name":"P\u00e1gina 10","description":"P\u00e1gina 10 es un peri\u00f3dico regional que nace en Colombia, en el departamento de Nari\u00f1o, con un enfoque global, fundamentado en cuatro pilares esenciales: la libertad, el pluralismo, la inclusi\u00f3n y la independencia. P\u00e1gina 10 hace referencia a Nari\u00f1o como el d\u00e9cimo departamento creado en Colombia, despu\u00e9s de un proceso pol\u00edtico liderado por actores y actrices regionales con el fin de obtener la independencia y autonom\u00eda de nuestros territorios. Con la creaci\u00f3n de P\u00e1gina 10 se pretende abrir un escenario para el dialogo, la reflexi\u00f3n y el debate que se extienda a otras geograf\u00edas de Am\u00e9rica Latina y del planeta, en una apuesta por transformar colectivamente los desaf\u00edos de un mundo contempor\u00e1neo, m\u00e1s all\u00e1 de las fronteras impuestas.","url":"https:\/\/pagina10.com\/web\/author\/pdiezadmin\/"}]}},"_links":{"self":[{"href":"https:\/\/pagina10.com\/web\/wp-json\/wp\/v2\/posts\/56871","targetHints":{"allow":["GET"]}}],"collection":[{"href":"https:\/\/pagina10.com\/web\/wp-json\/wp\/v2\/posts"}],"about":[{"href":"https:\/\/pagina10.com\/web\/wp-json\/wp\/v2\/types\/post"}],"author":[{"embeddable":true,"href":"https:\/\/pagina10.com\/web\/wp-json\/wp\/v2\/users\/1"}],"replies":[{"embeddable":true,"href":"https:\/\/pagina10.com\/web\/wp-json\/wp\/v2\/comments?post=56871"}],"version-history":[{"count":2,"href":"https:\/\/pagina10.com\/web\/wp-json\/wp\/v2\/posts\/56871\/revisions"}],"predecessor-version":[{"id":56874,"href":"https:\/\/pagina10.com\/web\/wp-json\/wp\/v2\/posts\/56871\/revisions\/56874"}],"wp:featuredmedia":[{"embeddable":true,"href":"https:\/\/pagina10.com\/web\/wp-json\/wp\/v2\/media\/56872"}],"wp:attachment":[{"href":"https:\/\/pagina10.com\/web\/wp-json\/wp\/v2\/media?parent=56871"}],"wp:term":[{"taxonomy":"category","embeddable":true,"href":"https:\/\/pagina10.com\/web\/wp-json\/wp\/v2\/categories?post=56871"},{"taxonomy":"post_tag","embeddable":true,"href":"https:\/\/pagina10.com\/web\/wp-json\/wp\/v2\/tags?post=56871"}],"curies":[{"name":"wp","href":"https:\/\/api.w.org\/{rel}","templated":true}]}}