{"id":56925,"date":"2021-11-20T23:56:53","date_gmt":"2021-11-21T04:56:53","guid":{"rendered":"https:\/\/pagina10.com\/web\/?p=56925"},"modified":"2021-11-21T18:43:34","modified_gmt":"2021-11-21T23:43:34","slug":"inseguridad-en-pasto-robo-en-el-hospital-infantil","status":"publish","type":"post","link":"https:\/\/pagina10.com\/web\/inseguridad-en-pasto-robo-en-el-hospital-infantil\/","title":{"rendered":"Inseguridad en Pasto, Robo en el hospital infantil"},"content":{"rendered":"<p style=\"text-align: justify;\">Gracias a un v\u00eddeo difundido en horas de la ma\u00f1ana, se pudo conocer el rostro del hombre que esper\u00f3 pacientemente en uno de los \u00a0consultorios del Hospital infantil Los \u00c1ngeles en la ciudad de Pasto,\u00a0el momento en que sale la m\u00e9dico que estaba de turno, para el hombre aprovechar para hurtar un celular de alta gama, hecho que s\u00f3lo pudo ser registrado y verificado gracias a las c\u00e1maras de seguridad<\/p>\n<p>&nbsp;<\/p>\n<p style=\"text-align: justify;\">Lo que ha generado m\u00e1s indignaci\u00f3n, es que el sujeto estuvo posiblemente durante varios minutos, evaluando c\u00f3mo llevar a cabo su plan, sin que personal del centro m\u00e9dico se le acercara.<\/p>\n<p>&nbsp;<\/p>\n<p style=\"text-align: justify;\">El v\u00eddeo fue subido a redes sociales, donde las personas adem\u00e1s de indignarse por el robo, rechazaron la negligencia del Hospital Infantil de Pasto, en la vigilancia de quienes ingresan\u00a0 a sus instalaciones.<\/p>\n","protected":false},"excerpt":{"rendered":"<p>Gracias a un v\u00eddeo difundido en horas de la ma\u00f1ana, se pudo conocer el rostro del hombre que esper\u00f3 pacientemente en uno de los \u00a0consultorios del Hospital infantil Los \u00c1ngeles en la ciudad de Pasto,\u00a0el momento en que sale la m\u00e9dico que estaba de turno, para el hombre aprovechar para hurtar un celular de alta [&hellip;]<\/p>\n","protected":false},"author":1,"featured_media":56898,"comment_status":"open","ping_status":"open","sticky":false,"template":"","format":"standard","meta":{"footnotes":""},"categories":[61],"tags":[],"class_list":["post-56925","post","type-post","status-publish","format-standard","has-post-thumbnail","hentry","category-judicial"],"yoast_head":"<!-- This site is optimized with the Yoast SEO plugin v27.1.1 - https:\/\/yoast.com\/product\/yoast-seo-wordpress\/ -->\n<title>Inseguridad en Pasto, Robo en el hospital infantil | P\u00e1gina10<\/title>\n<meta name=\"robots\" content=\"index, follow, max-snippet:-1, max-image-preview:large, max-video-preview:-1\" \/>\n<link rel=\"canonical\" href=\"https:\/\/pagina10.com\/web\/inseguridad-en-pasto-robo-en-el-hospital-infantil\/\" \/>\n<meta property=\"og:locale\" content=\"es_ES\" \/>\n<meta property=\"og:type\" content=\"article\" \/>\n<meta property=\"og:title\" content=\"Inseguridad en Pasto, Robo en el hospital infantil | P\u00e1gina10\" \/>\n<meta property=\"og:description\" content=\"Gracias a un v\u00eddeo difundido en horas de la ma\u00f1ana, se pudo conocer el rostro del hombre que esper\u00f3 pacientemente en uno de los consultorios del Hospital infantil Los \u00c1ngeles en la ciudad de Pasto,\u00a0el momento en que sale la m\u00e9dico que estaba de turno, para el hombre aprovechar para hurtar un celular de alta [&hellip;]\" \/>\n<meta property=\"og:url\" content=\"https:\/\/pagina10.com\/web\/inseguridad-en-pasto-robo-en-el-hospital-infantil\/\" \/>\n<meta property=\"og:site_name\" content=\"P\u00e1gina10\" \/>\n<meta property=\"article:publisher\" content=\"https:\/\/www.facebook.com\/pag10com\" \/>\n<meta property=\"article:published_time\" content=\"2021-11-21T04:56:53+00:00\" \/>\n<meta property=\"article:modified_time\" content=\"2021-11-21T23:43:34+00:00\" \/>\n<meta property=\"og:image\" content=\"https:\/\/pagina10.com\/web\/wp-content\/uploads\/2021\/11\/F5842B10-7E39-427E-A05A-E51AA39015FD.jpeg\" \/>\n\t<meta property=\"og:image:width\" content=\"696\" \/>\n\t<meta property=\"og:image:height\" content=\"557\" \/>\n\t<meta property=\"og:image:type\" content=\"image\/jpeg\" \/>\n<meta name=\"author\" content=\"P\u00e1gina 10\" \/>\n<meta name=\"twitter:card\" content=\"summary_large_image\" \/>\n<meta name=\"twitter:creator\" content=\"@Pag10com\" \/>\n<meta name=\"twitter:site\" content=\"@Pag10com\" \/>\n<meta name=\"twitter:label1\" content=\"Escrito por\" \/>\n\t<meta name=\"twitter:data1\" content=\"P\u00e1gina 10\" \/>\n\t<meta name=\"twitter:label2\" content=\"Tiempo de lectura\" \/>\n\t<meta name=\"twitter:data2\" content=\"1 minuto\" \/>\n<script type=\"application\/ld+json\" class=\"yoast-schema-graph\">{\"@context\":\"https:\/\/schema.org\",\"@graph\":[{\"@type\":\"Article\",\"@id\":\"https:\/\/pagina10.com\/web\/inseguridad-en-pasto-robo-en-el-hospital-infantil\/#article\",\"isPartOf\":{\"@id\":\"https:\/\/pagina10.com\/web\/inseguridad-en-pasto-robo-en-el-hospital-infantil\/\"},\"author\":{\"name\":\"P\u00e1gina 10\",\"@id\":\"https:\/\/pagina10.com\/web\/#\/schema\/person\/2efc4a090d25b667d3bc796798a3a81b\"},\"headline\":\"Inseguridad en Pasto, Robo en el hospital infantil\",\"datePublished\":\"2021-11-21T04:56:53+00:00\",\"dateModified\":\"2021-11-21T23:43:34+00:00\",\"mainEntityOfPage\":{\"@id\":\"https:\/\/pagina10.com\/web\/inseguridad-en-pasto-robo-en-el-hospital-infantil\/\"},\"wordCount\":156,\"commentCount\":0,\"publisher\":{\"@id\":\"https:\/\/pagina10.com\/web\/#organization\"},\"image\":{\"@id\":\"https:\/\/pagina10.com\/web\/inseguridad-en-pasto-robo-en-el-hospital-infantil\/#primaryimage\"},\"thumbnailUrl\":\"https:\/\/pagina10.com\/web\/wp-content\/uploads\/2021\/11\/F5842B10-7E39-427E-A05A-E51AA39015FD.jpeg\",\"articleSection\":[\"Judicial\"],\"inLanguage\":\"es\",\"potentialAction\":[{\"@type\":\"CommentAction\",\"name\":\"Comment\",\"target\":[\"https:\/\/pagina10.com\/web\/inseguridad-en-pasto-robo-en-el-hospital-infantil\/#respond\"]}]},{\"@type\":\"WebPage\",\"@id\":\"https:\/\/pagina10.com\/web\/inseguridad-en-pasto-robo-en-el-hospital-infantil\/\",\"url\":\"https:\/\/pagina10.com\/web\/inseguridad-en-pasto-robo-en-el-hospital-infantil\/\",\"name\":\"Inseguridad en Pasto, Robo en el hospital infantil | P\u00e1gina10\",\"isPartOf\":{\"@id\":\"https:\/\/pagina10.com\/web\/#website\"},\"primaryImageOfPage\":{\"@id\":\"https:\/\/pagina10.com\/web\/inseguridad-en-pasto-robo-en-el-hospital-infantil\/#primaryimage\"},\"image\":{\"@id\":\"https:\/\/pagina10.com\/web\/inseguridad-en-pasto-robo-en-el-hospital-infantil\/#primaryimage\"},\"thumbnailUrl\":\"https:\/\/pagina10.com\/web\/wp-content\/uploads\/2021\/11\/F5842B10-7E39-427E-A05A-E51AA39015FD.jpeg\",\"datePublished\":\"2021-11-21T04:56:53+00:00\",\"dateModified\":\"2021-11-21T23:43:34+00:00\",\"breadcrumb\":{\"@id\":\"https:\/\/pagina10.com\/web\/inseguridad-en-pasto-robo-en-el-hospital-infantil\/#breadcrumb\"},\"inLanguage\":\"es\",\"potentialAction\":[{\"@type\":\"ReadAction\",\"target\":[\"https:\/\/pagina10.com\/web\/inseguridad-en-pasto-robo-en-el-hospital-infantil\/\"]}]},{\"@type\":\"ImageObject\",\"inLanguage\":\"es\",\"@id\":\"https:\/\/pagina10.com\/web\/inseguridad-en-pasto-robo-en-el-hospital-infantil\/#primaryimage\",\"url\":\"https:\/\/pagina10.com\/web\/wp-content\/uploads\/2021\/11\/F5842B10-7E39-427E-A05A-E51AA39015FD.jpeg\",\"contentUrl\":\"https:\/\/pagina10.com\/web\/wp-content\/uploads\/2021\/11\/F5842B10-7E39-427E-A05A-E51AA39015FD.jpeg\",\"width\":696,\"height\":557},{\"@type\":\"BreadcrumbList\",\"@id\":\"https:\/\/pagina10.com\/web\/inseguridad-en-pasto-robo-en-el-hospital-infantil\/#breadcrumb\",\"itemListElement\":[{\"@type\":\"ListItem\",\"position\":1,\"name\":\"Portada\",\"item\":\"https:\/\/pagina10.com\/web\/\"},{\"@type\":\"ListItem\",\"position\":2,\"name\":\"Inseguridad en Pasto, Robo en el hospital infantil\"}]},{\"@type\":\"WebSite\",\"@id\":\"https:\/\/pagina10.com\/web\/#website\",\"url\":\"https:\/\/pagina10.com\/web\/\",\"name\":\"P\u00e1gina10\",\"description\":\"Peri\u00f3dico Regional\",\"publisher\":{\"@id\":\"https:\/\/pagina10.com\/web\/#organization\"},\"alternateName\":\"P\u00e1gina10 Peri\u00f3dico Regional\",\"potentialAction\":[{\"@type\":\"SearchAction\",\"target\":{\"@type\":\"EntryPoint\",\"urlTemplate\":\"https:\/\/pagina10.com\/web\/?s={search_term_string}\"},\"query-input\":{\"@type\":\"PropertyValueSpecification\",\"valueRequired\":true,\"valueName\":\"search_term_string\"}}],\"inLanguage\":\"es\"},{\"@type\":\"Organization\",\"@id\":\"https:\/\/pagina10.com\/web\/#organization\",\"name\":\"P\u00e1gina10\",\"alternateName\":\"P\u00e1gina10 Peri\u00f3dico Regional\",\"url\":\"https:\/\/pagina10.com\/web\/\",\"logo\":{\"@type\":\"ImageObject\",\"inLanguage\":\"es\",\"@id\":\"https:\/\/pagina10.com\/web\/#\/schema\/logo\/image\/\",\"url\":\"https:\/\/pagina10.com\/web\/wp-content\/uploads\/2024\/01\/40-pagina-10-periodico-regional-pasto.jpg\",\"contentUrl\":\"https:\/\/pagina10.com\/web\/wp-content\/uploads\/2024\/01\/40-pagina-10-periodico-regional-pasto.jpg\",\"width\":1280,\"height\":720,\"caption\":\"P\u00e1gina10\"},\"image\":{\"@id\":\"https:\/\/pagina10.com\/web\/#\/schema\/logo\/image\/\"},\"sameAs\":[\"https:\/\/www.facebook.com\/pag10com\",\"https:\/\/x.com\/Pag10com\",\"https:\/\/www.instagram.com\/pagina10col\/\",\"https:\/\/youtube.com\/channel\/pag10\",\"https:\/\/www.tiktok.com\/@p10col\"]},{\"@type\":\"Person\",\"@id\":\"https:\/\/pagina10.com\/web\/#\/schema\/person\/2efc4a090d25b667d3bc796798a3a81b\",\"name\":\"P\u00e1gina 10\",\"description\":\"P\u00e1gina 10 es un peri\u00f3dico regional que nace en Colombia, en el departamento de Nari\u00f1o, con un enfoque global, fundamentado en cuatro pilares esenciales: la libertad, el pluralismo, la inclusi\u00f3n y la independencia. P\u00e1gina 10 hace referencia a Nari\u00f1o como el d\u00e9cimo departamento creado en Colombia, despu\u00e9s de un proceso pol\u00edtico liderado por actores y actrices regionales con el fin de obtener la independencia y autonom\u00eda de nuestros territorios. Con la creaci\u00f3n de P\u00e1gina 10 se pretende abrir un escenario para el dialogo, la reflexi\u00f3n y el debate que se extienda a otras geograf\u00edas de Am\u00e9rica Latina y del planeta, en una apuesta por transformar colectivamente los desaf\u00edos de un mundo contempor\u00e1neo, m\u00e1s all\u00e1 de las fronteras impuestas.\",\"url\":\"https:\/\/pagina10.com\/web\/author\/pdiezadmin\/\"}]}<\/script>\n<!-- \/ Yoast SEO plugin. -->","yoast_head_json":{"title":"Inseguridad en Pasto, Robo en el hospital infantil | P\u00e1gina10","robots":{"index":"index","follow":"follow","max-snippet":"max-snippet:-1","max-image-preview":"max-image-preview:large","max-video-preview":"max-video-preview:-1"},"canonical":"https:\/\/pagina10.com\/web\/inseguridad-en-pasto-robo-en-el-hospital-infantil\/","og_locale":"es_ES","og_type":"article","og_title":"Inseguridad en Pasto, Robo en el hospital infantil | P\u00e1gina10","og_description":"Gracias a un v\u00eddeo difundido en horas de la ma\u00f1ana, se pudo conocer el rostro del hombre que esper\u00f3 pacientemente en uno de los consultorios del Hospital infantil Los \u00c1ngeles en la ciudad de Pasto,\u00a0el momento en que sale la m\u00e9dico que estaba de turno, para el hombre aprovechar para hurtar un celular de alta [&hellip;]","og_url":"https:\/\/pagina10.com\/web\/inseguridad-en-pasto-robo-en-el-hospital-infantil\/","og_site_name":"P\u00e1gina10","article_publisher":"https:\/\/www.facebook.com\/pag10com","article_published_time":"2021-11-21T04:56:53+00:00","article_modified_time":"2021-11-21T23:43:34+00:00","og_image":[{"width":696,"height":557,"url":"https:\/\/pagina10.com\/web\/wp-content\/uploads\/2021\/11\/F5842B10-7E39-427E-A05A-E51AA39015FD.jpeg","type":"image\/jpeg"}],"author":"P\u00e1gina 10","twitter_card":"summary_large_image","twitter_creator":"@Pag10com","twitter_site":"@Pag10com","twitter_misc":{"Escrito por":"P\u00e1gina 10","Tiempo de lectura":"1 minuto"},"schema":{"@context":"https:\/\/schema.org","@graph":[{"@type":"Article","@id":"https:\/\/pagina10.com\/web\/inseguridad-en-pasto-robo-en-el-hospital-infantil\/#article","isPartOf":{"@id":"https:\/\/pagina10.com\/web\/inseguridad-en-pasto-robo-en-el-hospital-infantil\/"},"author":{"name":"P\u00e1gina 10","@id":"https:\/\/pagina10.com\/web\/#\/schema\/person\/2efc4a090d25b667d3bc796798a3a81b"},"headline":"Inseguridad en Pasto, Robo en el hospital infantil","datePublished":"2021-11-21T04:56:53+00:00","dateModified":"2021-11-21T23:43:34+00:00","mainEntityOfPage":{"@id":"https:\/\/pagina10.com\/web\/inseguridad-en-pasto-robo-en-el-hospital-infantil\/"},"wordCount":156,"commentCount":0,"publisher":{"@id":"https:\/\/pagina10.com\/web\/#organization"},"image":{"@id":"https:\/\/pagina10.com\/web\/inseguridad-en-pasto-robo-en-el-hospital-infantil\/#primaryimage"},"thumbnailUrl":"https:\/\/pagina10.com\/web\/wp-content\/uploads\/2021\/11\/F5842B10-7E39-427E-A05A-E51AA39015FD.jpeg","articleSection":["Judicial"],"inLanguage":"es","potentialAction":[{"@type":"CommentAction","name":"Comment","target":["https:\/\/pagina10.com\/web\/inseguridad-en-pasto-robo-en-el-hospital-infantil\/#respond"]}]},{"@type":"WebPage","@id":"https:\/\/pagina10.com\/web\/inseguridad-en-pasto-robo-en-el-hospital-infantil\/","url":"https:\/\/pagina10.com\/web\/inseguridad-en-pasto-robo-en-el-hospital-infantil\/","name":"Inseguridad en Pasto, Robo en el hospital infantil | P\u00e1gina10","isPartOf":{"@id":"https:\/\/pagina10.com\/web\/#website"},"primaryImageOfPage":{"@id":"https:\/\/pagina10.com\/web\/inseguridad-en-pasto-robo-en-el-hospital-infantil\/#primaryimage"},"image":{"@id":"https:\/\/pagina10.com\/web\/inseguridad-en-pasto-robo-en-el-hospital-infantil\/#primaryimage"},"thumbnailUrl":"https:\/\/pagina10.com\/web\/wp-content\/uploads\/2021\/11\/F5842B10-7E39-427E-A05A-E51AA39015FD.jpeg","datePublished":"2021-11-21T04:56:53+00:00","dateModified":"2021-11-21T23:43:34+00:00","breadcrumb":{"@id":"https:\/\/pagina10.com\/web\/inseguridad-en-pasto-robo-en-el-hospital-infantil\/#breadcrumb"},"inLanguage":"es","potentialAction":[{"@type":"ReadAction","target":["https:\/\/pagina10.com\/web\/inseguridad-en-pasto-robo-en-el-hospital-infantil\/"]}]},{"@type":"ImageObject","inLanguage":"es","@id":"https:\/\/pagina10.com\/web\/inseguridad-en-pasto-robo-en-el-hospital-infantil\/#primaryimage","url":"https:\/\/pagina10.com\/web\/wp-content\/uploads\/2021\/11\/F5842B10-7E39-427E-A05A-E51AA39015FD.jpeg","contentUrl":"https:\/\/pagina10.com\/web\/wp-content\/uploads\/2021\/11\/F5842B10-7E39-427E-A05A-E51AA39015FD.jpeg","width":696,"height":557},{"@type":"BreadcrumbList","@id":"https:\/\/pagina10.com\/web\/inseguridad-en-pasto-robo-en-el-hospital-infantil\/#breadcrumb","itemListElement":[{"@type":"ListItem","position":1,"name":"Portada","item":"https:\/\/pagina10.com\/web\/"},{"@type":"ListItem","position":2,"name":"Inseguridad en Pasto, Robo en el hospital infantil"}]},{"@type":"WebSite","@id":"https:\/\/pagina10.com\/web\/#website","url":"https:\/\/pagina10.com\/web\/","name":"P\u00e1gina10","description":"Peri\u00f3dico Regional","publisher":{"@id":"https:\/\/pagina10.com\/web\/#organization"},"alternateName":"P\u00e1gina10 Peri\u00f3dico Regional","potentialAction":[{"@type":"SearchAction","target":{"@type":"EntryPoint","urlTemplate":"https:\/\/pagina10.com\/web\/?s={search_term_string}"},"query-input":{"@type":"PropertyValueSpecification","valueRequired":true,"valueName":"search_term_string"}}],"inLanguage":"es"},{"@type":"Organization","@id":"https:\/\/pagina10.com\/web\/#organization","name":"P\u00e1gina10","alternateName":"P\u00e1gina10 Peri\u00f3dico Regional","url":"https:\/\/pagina10.com\/web\/","logo":{"@type":"ImageObject","inLanguage":"es","@id":"https:\/\/pagina10.com\/web\/#\/schema\/logo\/image\/","url":"https:\/\/pagina10.com\/web\/wp-content\/uploads\/2024\/01\/40-pagina-10-periodico-regional-pasto.jpg","contentUrl":"https:\/\/pagina10.com\/web\/wp-content\/uploads\/2024\/01\/40-pagina-10-periodico-regional-pasto.jpg","width":1280,"height":720,"caption":"P\u00e1gina10"},"image":{"@id":"https:\/\/pagina10.com\/web\/#\/schema\/logo\/image\/"},"sameAs":["https:\/\/www.facebook.com\/pag10com","https:\/\/x.com\/Pag10com","https:\/\/www.instagram.com\/pagina10col\/","https:\/\/youtube.com\/channel\/pag10","https:\/\/www.tiktok.com\/@p10col"]},{"@type":"Person","@id":"https:\/\/pagina10.com\/web\/#\/schema\/person\/2efc4a090d25b667d3bc796798a3a81b","name":"P\u00e1gina 10","description":"P\u00e1gina 10 es un peri\u00f3dico regional que nace en Colombia, en el departamento de Nari\u00f1o, con un enfoque global, fundamentado en cuatro pilares esenciales: la libertad, el pluralismo, la inclusi\u00f3n y la independencia. P\u00e1gina 10 hace referencia a Nari\u00f1o como el d\u00e9cimo departamento creado en Colombia, despu\u00e9s de un proceso pol\u00edtico liderado por actores y actrices regionales con el fin de obtener la independencia y autonom\u00eda de nuestros territorios. Con la creaci\u00f3n de P\u00e1gina 10 se pretende abrir un escenario para el dialogo, la reflexi\u00f3n y el debate que se extienda a otras geograf\u00edas de Am\u00e9rica Latina y del planeta, en una apuesta por transformar colectivamente los desaf\u00edos de un mundo contempor\u00e1neo, m\u00e1s all\u00e1 de las fronteras impuestas.","url":"https:\/\/pagina10.com\/web\/author\/pdiezadmin\/"}]}},"_links":{"self":[{"href":"https:\/\/pagina10.com\/web\/wp-json\/wp\/v2\/posts\/56925","targetHints":{"allow":["GET"]}}],"collection":[{"href":"https:\/\/pagina10.com\/web\/wp-json\/wp\/v2\/posts"}],"about":[{"href":"https:\/\/pagina10.com\/web\/wp-json\/wp\/v2\/types\/post"}],"author":[{"embeddable":true,"href":"https:\/\/pagina10.com\/web\/wp-json\/wp\/v2\/users\/1"}],"replies":[{"embeddable":true,"href":"https:\/\/pagina10.com\/web\/wp-json\/wp\/v2\/comments?post=56925"}],"version-history":[{"count":3,"href":"https:\/\/pagina10.com\/web\/wp-json\/wp\/v2\/posts\/56925\/revisions"}],"predecessor-version":[{"id":56936,"href":"https:\/\/pagina10.com\/web\/wp-json\/wp\/v2\/posts\/56925\/revisions\/56936"}],"wp:featuredmedia":[{"embeddable":true,"href":"https:\/\/pagina10.com\/web\/wp-json\/wp\/v2\/media\/56898"}],"wp:attachment":[{"href":"https:\/\/pagina10.com\/web\/wp-json\/wp\/v2\/media?parent=56925"}],"wp:term":[{"taxonomy":"category","embeddable":true,"href":"https:\/\/pagina10.com\/web\/wp-json\/wp\/v2\/categories?post=56925"},{"taxonomy":"post_tag","embeddable":true,"href":"https:\/\/pagina10.com\/web\/wp-json\/wp\/v2\/tags?post=56925"}],"curies":[{"name":"wp","href":"https:\/\/api.w.org\/{rel}","templated":true}]}}