{"id":56939,"date":"2021-11-21T19:05:21","date_gmt":"2021-11-22T00:05:21","guid":{"rendered":"https:\/\/pagina10.com\/web\/?p=56939"},"modified":"2021-11-21T19:06:10","modified_gmt":"2021-11-22T00:06:10","slug":"bienvenida-a-la-nueva-aerolinea-sarpa-con-ruta-pasto-medellin","status":"publish","type":"post","link":"https:\/\/pagina10.com\/web\/bienvenida-a-la-nueva-aerolinea-sarpa-con-ruta-pasto-medellin\/","title":{"rendered":"Bienvenida a la nueva aerol\u00ednea Sarpa con ruta Pasto- Medell\u00edn."},"content":{"rendered":"<p style=\"text-align: justify;\">El Gobernador de Nari\u00f1o, John Rojas, destac\u00f3 que la entrada en operaci\u00f3n de la nueva aerol\u00ednea Sarpa con ruta Pasto- Medell\u00edn fortalecer\u00e1 la econom\u00eda y aspectos como el turismo en el departamento de Nari\u00f1o.<\/p>\n<div>Mejorar la oferta en transporte a\u00e9reo en Nari\u00f1o beneficia a la regi\u00f3n, genera competitividad y mejora el servicio. As\u00ed lo expres\u00f3 el mandatario departamental qui\u00e9n se reuni\u00f3 en las \u00faltimas horas con el gerente de una nueva aerol\u00ednea comercial que iniciar\u00e1 operaci\u00f3n desde Pasto hacia Medell\u00edn a partir del pr\u00f3ximo 16 de diciembre.<\/p>\n<div style=\"text-align: justify;\">El Gobernador indic\u00f3 que el incremento de la oferta en transporte a\u00e9reo permitir\u00e1 a los nari\u00f1enses contar con mayores alternativas en cuanto a costos, frecuencias y ofertas de las empresas y asegur\u00f3 que esto ofrece facilidades para el intercambio con la capital antioque\u00f1a y contribuye a generar relaciones econ\u00f3micas, fortalecimiento del turismo y otras cadenas de valor; adem\u00e1s, de fomentar una reactivaci\u00f3n econ\u00f3mica segura.<\/div>\n<div style=\"text-align: justify;\">El Gerente de la empresa Sarpa, Carlos Andr\u00e9s Mesa, confirm\u00f3 que la aerol\u00ednea busca ofrecer un modelo de negocio que incrementa la conectividad del pa\u00eds, en este caso, la ruta directa Pasto &#8211; Medell\u00edn y manifest\u00f3 que la nueva ruta genera mayor competitividad a las regiones<\/div>\n<\/div>\n","protected":false},"excerpt":{"rendered":"<p>El Gobernador de Nari\u00f1o, John Rojas, destac\u00f3 que la entrada en operaci\u00f3n de la nueva aerol\u00ednea Sarpa con ruta Pasto- Medell\u00edn fortalecer\u00e1 la econom\u00eda y aspectos como el turismo en el departamento de Nari\u00f1o. Mejorar la oferta en transporte a\u00e9reo en Nari\u00f1o beneficia a la regi\u00f3n, genera competitividad y mejora el servicio. As\u00ed lo expres\u00f3 [&hellip;]<\/p>\n","protected":false},"author":1,"featured_media":56940,"comment_status":"open","ping_status":"open","sticky":false,"template":"","format":"standard","meta":{"footnotes":""},"categories":[13],"tags":[],"class_list":["post-56939","post","type-post","status-publish","format-standard","has-post-thumbnail","hentry","category-economia"],"yoast_head":"<!-- This site is optimized with the Yoast SEO plugin v27.1.1 - https:\/\/yoast.com\/product\/yoast-seo-wordpress\/ -->\n<title>Bienvenida a la nueva aerol\u00ednea Sarpa con ruta Pasto- Medell\u00edn. | P\u00e1gina10<\/title>\n<meta name=\"robots\" content=\"index, follow, max-snippet:-1, max-image-preview:large, max-video-preview:-1\" \/>\n<link rel=\"canonical\" href=\"https:\/\/pagina10.com\/web\/bienvenida-a-la-nueva-aerolinea-sarpa-con-ruta-pasto-medellin\/\" \/>\n<meta property=\"og:locale\" content=\"es_ES\" \/>\n<meta property=\"og:type\" content=\"article\" \/>\n<meta property=\"og:title\" content=\"Bienvenida a la nueva aerol\u00ednea Sarpa con ruta Pasto- Medell\u00edn. | P\u00e1gina10\" \/>\n<meta property=\"og:description\" content=\"El Gobernador de Nari\u00f1o, John Rojas, destac\u00f3 que la entrada en operaci\u00f3n de la nueva aerol\u00ednea Sarpa con ruta Pasto- Medell\u00edn fortalecer\u00e1 la econom\u00eda y aspectos como el turismo en el departamento de Nari\u00f1o. Mejorar la oferta en transporte a\u00e9reo en Nari\u00f1o beneficia a la regi\u00f3n, genera competitividad y mejora el servicio. As\u00ed lo expres\u00f3 [&hellip;]\" \/>\n<meta property=\"og:url\" content=\"https:\/\/pagina10.com\/web\/bienvenida-a-la-nueva-aerolinea-sarpa-con-ruta-pasto-medellin\/\" \/>\n<meta property=\"og:site_name\" content=\"P\u00e1gina10\" \/>\n<meta property=\"article:publisher\" content=\"https:\/\/www.facebook.com\/pag10com\" \/>\n<meta property=\"article:published_time\" content=\"2021-11-22T00:05:21+00:00\" \/>\n<meta property=\"article:modified_time\" content=\"2021-11-22T00:06:10+00:00\" \/>\n<meta property=\"og:image\" content=\"https:\/\/pagina10.com\/web\/wp-content\/uploads\/2021\/11\/Captura-de-Pantalla-2021-11-21-a-las-7.04.17-p.-m..png\" \/>\n\t<meta property=\"og:image:width\" content=\"826\" \/>\n\t<meta property=\"og:image:height\" content=\"389\" \/>\n\t<meta property=\"og:image:type\" content=\"image\/png\" \/>\n<meta name=\"author\" content=\"P\u00e1gina 10\" \/>\n<meta name=\"twitter:card\" content=\"summary_large_image\" \/>\n<meta name=\"twitter:creator\" content=\"@Pag10com\" \/>\n<meta name=\"twitter:site\" content=\"@Pag10com\" \/>\n<meta name=\"twitter:label1\" content=\"Escrito por\" \/>\n\t<meta name=\"twitter:data1\" content=\"P\u00e1gina 10\" \/>\n\t<meta name=\"twitter:label2\" content=\"Tiempo de lectura\" \/>\n\t<meta name=\"twitter:data2\" content=\"1 minuto\" \/>\n<script type=\"application\/ld+json\" class=\"yoast-schema-graph\">{\"@context\":\"https:\/\/schema.org\",\"@graph\":[{\"@type\":\"Article\",\"@id\":\"https:\/\/pagina10.com\/web\/bienvenida-a-la-nueva-aerolinea-sarpa-con-ruta-pasto-medellin\/#article\",\"isPartOf\":{\"@id\":\"https:\/\/pagina10.com\/web\/bienvenida-a-la-nueva-aerolinea-sarpa-con-ruta-pasto-medellin\/\"},\"author\":{\"name\":\"P\u00e1gina 10\",\"@id\":\"https:\/\/pagina10.com\/web\/#\/schema\/person\/2efc4a090d25b667d3bc796798a3a81b\"},\"headline\":\"Bienvenida a la nueva aerol\u00ednea Sarpa con ruta Pasto- Medell\u00edn.\",\"datePublished\":\"2021-11-22T00:05:21+00:00\",\"dateModified\":\"2021-11-22T00:06:10+00:00\",\"mainEntityOfPage\":{\"@id\":\"https:\/\/pagina10.com\/web\/bienvenida-a-la-nueva-aerolinea-sarpa-con-ruta-pasto-medellin\/\"},\"wordCount\":233,\"commentCount\":0,\"publisher\":{\"@id\":\"https:\/\/pagina10.com\/web\/#organization\"},\"image\":{\"@id\":\"https:\/\/pagina10.com\/web\/bienvenida-a-la-nueva-aerolinea-sarpa-con-ruta-pasto-medellin\/#primaryimage\"},\"thumbnailUrl\":\"https:\/\/pagina10.com\/web\/wp-content\/uploads\/2021\/11\/Captura-de-Pantalla-2021-11-21-a-las-7.04.17-p.-m..png\",\"articleSection\":[\"Econom\u00eda\"],\"inLanguage\":\"es\",\"potentialAction\":[{\"@type\":\"CommentAction\",\"name\":\"Comment\",\"target\":[\"https:\/\/pagina10.com\/web\/bienvenida-a-la-nueva-aerolinea-sarpa-con-ruta-pasto-medellin\/#respond\"]}]},{\"@type\":\"WebPage\",\"@id\":\"https:\/\/pagina10.com\/web\/bienvenida-a-la-nueva-aerolinea-sarpa-con-ruta-pasto-medellin\/\",\"url\":\"https:\/\/pagina10.com\/web\/bienvenida-a-la-nueva-aerolinea-sarpa-con-ruta-pasto-medellin\/\",\"name\":\"Bienvenida a la nueva aerol\u00ednea Sarpa con ruta Pasto- Medell\u00edn. | P\u00e1gina10\",\"isPartOf\":{\"@id\":\"https:\/\/pagina10.com\/web\/#website\"},\"primaryImageOfPage\":{\"@id\":\"https:\/\/pagina10.com\/web\/bienvenida-a-la-nueva-aerolinea-sarpa-con-ruta-pasto-medellin\/#primaryimage\"},\"image\":{\"@id\":\"https:\/\/pagina10.com\/web\/bienvenida-a-la-nueva-aerolinea-sarpa-con-ruta-pasto-medellin\/#primaryimage\"},\"thumbnailUrl\":\"https:\/\/pagina10.com\/web\/wp-content\/uploads\/2021\/11\/Captura-de-Pantalla-2021-11-21-a-las-7.04.17-p.-m..png\",\"datePublished\":\"2021-11-22T00:05:21+00:00\",\"dateModified\":\"2021-11-22T00:06:10+00:00\",\"breadcrumb\":{\"@id\":\"https:\/\/pagina10.com\/web\/bienvenida-a-la-nueva-aerolinea-sarpa-con-ruta-pasto-medellin\/#breadcrumb\"},\"inLanguage\":\"es\",\"potentialAction\":[{\"@type\":\"ReadAction\",\"target\":[\"https:\/\/pagina10.com\/web\/bienvenida-a-la-nueva-aerolinea-sarpa-con-ruta-pasto-medellin\/\"]}]},{\"@type\":\"ImageObject\",\"inLanguage\":\"es\",\"@id\":\"https:\/\/pagina10.com\/web\/bienvenida-a-la-nueva-aerolinea-sarpa-con-ruta-pasto-medellin\/#primaryimage\",\"url\":\"https:\/\/pagina10.com\/web\/wp-content\/uploads\/2021\/11\/Captura-de-Pantalla-2021-11-21-a-las-7.04.17-p.-m..png\",\"contentUrl\":\"https:\/\/pagina10.com\/web\/wp-content\/uploads\/2021\/11\/Captura-de-Pantalla-2021-11-21-a-las-7.04.17-p.-m..png\",\"width\":826,\"height\":389,\"caption\":\"Fotograf\u00eda: Forbes\"},{\"@type\":\"BreadcrumbList\",\"@id\":\"https:\/\/pagina10.com\/web\/bienvenida-a-la-nueva-aerolinea-sarpa-con-ruta-pasto-medellin\/#breadcrumb\",\"itemListElement\":[{\"@type\":\"ListItem\",\"position\":1,\"name\":\"Portada\",\"item\":\"https:\/\/pagina10.com\/web\/\"},{\"@type\":\"ListItem\",\"position\":2,\"name\":\"Bienvenida a la nueva aerol\u00ednea Sarpa con ruta Pasto- Medell\u00edn.\"}]},{\"@type\":\"WebSite\",\"@id\":\"https:\/\/pagina10.com\/web\/#website\",\"url\":\"https:\/\/pagina10.com\/web\/\",\"name\":\"P\u00e1gina10\",\"description\":\"Peri\u00f3dico Regional\",\"publisher\":{\"@id\":\"https:\/\/pagina10.com\/web\/#organization\"},\"alternateName\":\"P\u00e1gina10 Peri\u00f3dico Regional\",\"potentialAction\":[{\"@type\":\"SearchAction\",\"target\":{\"@type\":\"EntryPoint\",\"urlTemplate\":\"https:\/\/pagina10.com\/web\/?s={search_term_string}\"},\"query-input\":{\"@type\":\"PropertyValueSpecification\",\"valueRequired\":true,\"valueName\":\"search_term_string\"}}],\"inLanguage\":\"es\"},{\"@type\":\"Organization\",\"@id\":\"https:\/\/pagina10.com\/web\/#organization\",\"name\":\"P\u00e1gina10\",\"alternateName\":\"P\u00e1gina10 Peri\u00f3dico Regional\",\"url\":\"https:\/\/pagina10.com\/web\/\",\"logo\":{\"@type\":\"ImageObject\",\"inLanguage\":\"es\",\"@id\":\"https:\/\/pagina10.com\/web\/#\/schema\/logo\/image\/\",\"url\":\"https:\/\/pagina10.com\/web\/wp-content\/uploads\/2024\/01\/40-pagina-10-periodico-regional-pasto.jpg\",\"contentUrl\":\"https:\/\/pagina10.com\/web\/wp-content\/uploads\/2024\/01\/40-pagina-10-periodico-regional-pasto.jpg\",\"width\":1280,\"height\":720,\"caption\":\"P\u00e1gina10\"},\"image\":{\"@id\":\"https:\/\/pagina10.com\/web\/#\/schema\/logo\/image\/\"},\"sameAs\":[\"https:\/\/www.facebook.com\/pag10com\",\"https:\/\/x.com\/Pag10com\",\"https:\/\/www.instagram.com\/pagina10col\/\",\"https:\/\/youtube.com\/channel\/pag10\",\"https:\/\/www.tiktok.com\/@p10col\"]},{\"@type\":\"Person\",\"@id\":\"https:\/\/pagina10.com\/web\/#\/schema\/person\/2efc4a090d25b667d3bc796798a3a81b\",\"name\":\"P\u00e1gina 10\",\"description\":\"P\u00e1gina 10 es un peri\u00f3dico regional que nace en Colombia, en el departamento de Nari\u00f1o, con un enfoque global, fundamentado en cuatro pilares esenciales: la libertad, el pluralismo, la inclusi\u00f3n y la independencia. P\u00e1gina 10 hace referencia a Nari\u00f1o como el d\u00e9cimo departamento creado en Colombia, despu\u00e9s de un proceso pol\u00edtico liderado por actores y actrices regionales con el fin de obtener la independencia y autonom\u00eda de nuestros territorios. Con la creaci\u00f3n de P\u00e1gina 10 se pretende abrir un escenario para el dialogo, la reflexi\u00f3n y el debate que se extienda a otras geograf\u00edas de Am\u00e9rica Latina y del planeta, en una apuesta por transformar colectivamente los desaf\u00edos de un mundo contempor\u00e1neo, m\u00e1s all\u00e1 de las fronteras impuestas.\",\"url\":\"https:\/\/pagina10.com\/web\/author\/pdiezadmin\/\"}]}<\/script>\n<!-- \/ Yoast SEO plugin. -->","yoast_head_json":{"title":"Bienvenida a la nueva aerol\u00ednea Sarpa con ruta Pasto- Medell\u00edn. | P\u00e1gina10","robots":{"index":"index","follow":"follow","max-snippet":"max-snippet:-1","max-image-preview":"max-image-preview:large","max-video-preview":"max-video-preview:-1"},"canonical":"https:\/\/pagina10.com\/web\/bienvenida-a-la-nueva-aerolinea-sarpa-con-ruta-pasto-medellin\/","og_locale":"es_ES","og_type":"article","og_title":"Bienvenida a la nueva aerol\u00ednea Sarpa con ruta Pasto- Medell\u00edn. | P\u00e1gina10","og_description":"El Gobernador de Nari\u00f1o, John Rojas, destac\u00f3 que la entrada en operaci\u00f3n de la nueva aerol\u00ednea Sarpa con ruta Pasto- Medell\u00edn fortalecer\u00e1 la econom\u00eda y aspectos como el turismo en el departamento de Nari\u00f1o. Mejorar la oferta en transporte a\u00e9reo en Nari\u00f1o beneficia a la regi\u00f3n, genera competitividad y mejora el servicio. As\u00ed lo expres\u00f3 [&hellip;]","og_url":"https:\/\/pagina10.com\/web\/bienvenida-a-la-nueva-aerolinea-sarpa-con-ruta-pasto-medellin\/","og_site_name":"P\u00e1gina10","article_publisher":"https:\/\/www.facebook.com\/pag10com","article_published_time":"2021-11-22T00:05:21+00:00","article_modified_time":"2021-11-22T00:06:10+00:00","og_image":[{"width":826,"height":389,"url":"https:\/\/pagina10.com\/web\/wp-content\/uploads\/2021\/11\/Captura-de-Pantalla-2021-11-21-a-las-7.04.17-p.-m..png","type":"image\/png"}],"author":"P\u00e1gina 10","twitter_card":"summary_large_image","twitter_creator":"@Pag10com","twitter_site":"@Pag10com","twitter_misc":{"Escrito por":"P\u00e1gina 10","Tiempo de lectura":"1 minuto"},"schema":{"@context":"https:\/\/schema.org","@graph":[{"@type":"Article","@id":"https:\/\/pagina10.com\/web\/bienvenida-a-la-nueva-aerolinea-sarpa-con-ruta-pasto-medellin\/#article","isPartOf":{"@id":"https:\/\/pagina10.com\/web\/bienvenida-a-la-nueva-aerolinea-sarpa-con-ruta-pasto-medellin\/"},"author":{"name":"P\u00e1gina 10","@id":"https:\/\/pagina10.com\/web\/#\/schema\/person\/2efc4a090d25b667d3bc796798a3a81b"},"headline":"Bienvenida a la nueva aerol\u00ednea Sarpa con ruta Pasto- Medell\u00edn.","datePublished":"2021-11-22T00:05:21+00:00","dateModified":"2021-11-22T00:06:10+00:00","mainEntityOfPage":{"@id":"https:\/\/pagina10.com\/web\/bienvenida-a-la-nueva-aerolinea-sarpa-con-ruta-pasto-medellin\/"},"wordCount":233,"commentCount":0,"publisher":{"@id":"https:\/\/pagina10.com\/web\/#organization"},"image":{"@id":"https:\/\/pagina10.com\/web\/bienvenida-a-la-nueva-aerolinea-sarpa-con-ruta-pasto-medellin\/#primaryimage"},"thumbnailUrl":"https:\/\/pagina10.com\/web\/wp-content\/uploads\/2021\/11\/Captura-de-Pantalla-2021-11-21-a-las-7.04.17-p.-m..png","articleSection":["Econom\u00eda"],"inLanguage":"es","potentialAction":[{"@type":"CommentAction","name":"Comment","target":["https:\/\/pagina10.com\/web\/bienvenida-a-la-nueva-aerolinea-sarpa-con-ruta-pasto-medellin\/#respond"]}]},{"@type":"WebPage","@id":"https:\/\/pagina10.com\/web\/bienvenida-a-la-nueva-aerolinea-sarpa-con-ruta-pasto-medellin\/","url":"https:\/\/pagina10.com\/web\/bienvenida-a-la-nueva-aerolinea-sarpa-con-ruta-pasto-medellin\/","name":"Bienvenida a la nueva aerol\u00ednea Sarpa con ruta Pasto- Medell\u00edn. | P\u00e1gina10","isPartOf":{"@id":"https:\/\/pagina10.com\/web\/#website"},"primaryImageOfPage":{"@id":"https:\/\/pagina10.com\/web\/bienvenida-a-la-nueva-aerolinea-sarpa-con-ruta-pasto-medellin\/#primaryimage"},"image":{"@id":"https:\/\/pagina10.com\/web\/bienvenida-a-la-nueva-aerolinea-sarpa-con-ruta-pasto-medellin\/#primaryimage"},"thumbnailUrl":"https:\/\/pagina10.com\/web\/wp-content\/uploads\/2021\/11\/Captura-de-Pantalla-2021-11-21-a-las-7.04.17-p.-m..png","datePublished":"2021-11-22T00:05:21+00:00","dateModified":"2021-11-22T00:06:10+00:00","breadcrumb":{"@id":"https:\/\/pagina10.com\/web\/bienvenida-a-la-nueva-aerolinea-sarpa-con-ruta-pasto-medellin\/#breadcrumb"},"inLanguage":"es","potentialAction":[{"@type":"ReadAction","target":["https:\/\/pagina10.com\/web\/bienvenida-a-la-nueva-aerolinea-sarpa-con-ruta-pasto-medellin\/"]}]},{"@type":"ImageObject","inLanguage":"es","@id":"https:\/\/pagina10.com\/web\/bienvenida-a-la-nueva-aerolinea-sarpa-con-ruta-pasto-medellin\/#primaryimage","url":"https:\/\/pagina10.com\/web\/wp-content\/uploads\/2021\/11\/Captura-de-Pantalla-2021-11-21-a-las-7.04.17-p.-m..png","contentUrl":"https:\/\/pagina10.com\/web\/wp-content\/uploads\/2021\/11\/Captura-de-Pantalla-2021-11-21-a-las-7.04.17-p.-m..png","width":826,"height":389,"caption":"Fotograf\u00eda: Forbes"},{"@type":"BreadcrumbList","@id":"https:\/\/pagina10.com\/web\/bienvenida-a-la-nueva-aerolinea-sarpa-con-ruta-pasto-medellin\/#breadcrumb","itemListElement":[{"@type":"ListItem","position":1,"name":"Portada","item":"https:\/\/pagina10.com\/web\/"},{"@type":"ListItem","position":2,"name":"Bienvenida a la nueva aerol\u00ednea Sarpa con ruta Pasto- Medell\u00edn."}]},{"@type":"WebSite","@id":"https:\/\/pagina10.com\/web\/#website","url":"https:\/\/pagina10.com\/web\/","name":"P\u00e1gina10","description":"Peri\u00f3dico Regional","publisher":{"@id":"https:\/\/pagina10.com\/web\/#organization"},"alternateName":"P\u00e1gina10 Peri\u00f3dico Regional","potentialAction":[{"@type":"SearchAction","target":{"@type":"EntryPoint","urlTemplate":"https:\/\/pagina10.com\/web\/?s={search_term_string}"},"query-input":{"@type":"PropertyValueSpecification","valueRequired":true,"valueName":"search_term_string"}}],"inLanguage":"es"},{"@type":"Organization","@id":"https:\/\/pagina10.com\/web\/#organization","name":"P\u00e1gina10","alternateName":"P\u00e1gina10 Peri\u00f3dico Regional","url":"https:\/\/pagina10.com\/web\/","logo":{"@type":"ImageObject","inLanguage":"es","@id":"https:\/\/pagina10.com\/web\/#\/schema\/logo\/image\/","url":"https:\/\/pagina10.com\/web\/wp-content\/uploads\/2024\/01\/40-pagina-10-periodico-regional-pasto.jpg","contentUrl":"https:\/\/pagina10.com\/web\/wp-content\/uploads\/2024\/01\/40-pagina-10-periodico-regional-pasto.jpg","width":1280,"height":720,"caption":"P\u00e1gina10"},"image":{"@id":"https:\/\/pagina10.com\/web\/#\/schema\/logo\/image\/"},"sameAs":["https:\/\/www.facebook.com\/pag10com","https:\/\/x.com\/Pag10com","https:\/\/www.instagram.com\/pagina10col\/","https:\/\/youtube.com\/channel\/pag10","https:\/\/www.tiktok.com\/@p10col"]},{"@type":"Person","@id":"https:\/\/pagina10.com\/web\/#\/schema\/person\/2efc4a090d25b667d3bc796798a3a81b","name":"P\u00e1gina 10","description":"P\u00e1gina 10 es un peri\u00f3dico regional que nace en Colombia, en el departamento de Nari\u00f1o, con un enfoque global, fundamentado en cuatro pilares esenciales: la libertad, el pluralismo, la inclusi\u00f3n y la independencia. P\u00e1gina 10 hace referencia a Nari\u00f1o como el d\u00e9cimo departamento creado en Colombia, despu\u00e9s de un proceso pol\u00edtico liderado por actores y actrices regionales con el fin de obtener la independencia y autonom\u00eda de nuestros territorios. Con la creaci\u00f3n de P\u00e1gina 10 se pretende abrir un escenario para el dialogo, la reflexi\u00f3n y el debate que se extienda a otras geograf\u00edas de Am\u00e9rica Latina y del planeta, en una apuesta por transformar colectivamente los desaf\u00edos de un mundo contempor\u00e1neo, m\u00e1s all\u00e1 de las fronteras impuestas.","url":"https:\/\/pagina10.com\/web\/author\/pdiezadmin\/"}]}},"_links":{"self":[{"href":"https:\/\/pagina10.com\/web\/wp-json\/wp\/v2\/posts\/56939","targetHints":{"allow":["GET"]}}],"collection":[{"href":"https:\/\/pagina10.com\/web\/wp-json\/wp\/v2\/posts"}],"about":[{"href":"https:\/\/pagina10.com\/web\/wp-json\/wp\/v2\/types\/post"}],"author":[{"embeddable":true,"href":"https:\/\/pagina10.com\/web\/wp-json\/wp\/v2\/users\/1"}],"replies":[{"embeddable":true,"href":"https:\/\/pagina10.com\/web\/wp-json\/wp\/v2\/comments?post=56939"}],"version-history":[{"count":2,"href":"https:\/\/pagina10.com\/web\/wp-json\/wp\/v2\/posts\/56939\/revisions"}],"predecessor-version":[{"id":56942,"href":"https:\/\/pagina10.com\/web\/wp-json\/wp\/v2\/posts\/56939\/revisions\/56942"}],"wp:featuredmedia":[{"embeddable":true,"href":"https:\/\/pagina10.com\/web\/wp-json\/wp\/v2\/media\/56940"}],"wp:attachment":[{"href":"https:\/\/pagina10.com\/web\/wp-json\/wp\/v2\/media?parent=56939"}],"wp:term":[{"taxonomy":"category","embeddable":true,"href":"https:\/\/pagina10.com\/web\/wp-json\/wp\/v2\/categories?post=56939"},{"taxonomy":"post_tag","embeddable":true,"href":"https:\/\/pagina10.com\/web\/wp-json\/wp\/v2\/tags?post=56939"}],"curies":[{"name":"wp","href":"https:\/\/api.w.org\/{rel}","templated":true}]}}