{"id":56976,"date":"2021-11-22T19:24:42","date_gmt":"2021-11-23T00:24:42","guid":{"rendered":"https:\/\/pagina10.com\/web\/?p=56976"},"modified":"2021-11-22T19:42:12","modified_gmt":"2021-11-23T00:42:12","slug":"plagio-de-tesis-dejaria-a-la-presidenta-de-la-camara-de-representantes-anulada-de-su-titulacion","status":"publish","type":"post","link":"https:\/\/pagina10.com\/web\/plagio-de-tesis-dejaria-a-la-presidenta-de-la-camara-de-representantes-anulada-de-su-titulacion\/","title":{"rendered":"Presidenta de la c\u00e1mara de representantes habr\u00eda plagiado su tesis."},"content":{"rendered":"<p style=\"text-align: justify;\">Este lunes, la instituci\u00f3n de educaci\u00f3n superior mostr\u00f3 el resultado de un dictamen pericial en el que un experto en propiedad intelectual le hizo al documento de tesis de la presidenta de la c\u00e1mara de representantes.<\/p>\n<p style=\"text-align: justify;\">La Universidad Externado detall\u00f3 en un comunicado que el an\u00e1lisis incluy\u00f3 el expediente acad\u00e9mico de las autoras de dicha tesis, \u201ccuya versi\u00f3n digital est\u00e1 en poder de la instituci\u00f3n\u201d, y los tr\u00e1mites con los que se les expidi\u00f3 el t\u00edtulo mencionado.<\/p>\n<p style=\"text-align: justify;\">Se trata de la tesis de grado de Mag\u00edster en Gobierno y Pol\u00edticas P\u00fablicas de Jennifer Kristin Arias Falla y Leydy Luc\u00eda Largo Alvarado, que viene siendo cuestionada hace varias semanas.<\/p>\n<p style=\"text-align: justify;\">El experto continuo que para \u00e9l es claro que \u201ces ostensible la cantidad de textos reproducidos literalmente (plagio servil) o deliberadamente parafraseados en donde basta la simple lectura para deducir la forma en que tales fragmentos llegaron al trabajo de grado analizado\u201d.<\/p>\n<p style=\"text-align: justify;\">En ese sentido, concluye, \u201cla \u00fanica explicaci\u00f3n posible para las coincidencias encontradas es la existencia de una reproducci\u00f3n o copia infractora del Derecho de Autor\u201d.<\/p>\n<p style=\"text-align: justify;\">En raz\u00f3n a lo anterior, continua el documento, la universidad decidi\u00f3 apoyarse en la ley para pedir que a la presidenta de la C\u00e1mara de Representantes y a su compa\u00f1era les sea retirada su titulaci\u00f3n.<\/p>\n<p style=\"text-align: justify;\">La instituci\u00f3n explica que como las dos mujeres dejaron de ser estudiantes hace m\u00e1s de 5 a\u00f1os, perdieron competencia para abrirles un proceso disciplinario o revocarles el t\u00edtulo.<\/p>\n<p style=\"text-align: justify;\">Adicionalmente, explic\u00f3 que el profesor que ejerci\u00f3 como director de dicha tesis \u201cya no es docente\u201d de esa instituci\u00f3n, pero no detall\u00f3 si se retir\u00f3 previo a estos hechos o sali\u00f3 como consecuencia de esta denuncia.<\/p>\n<p>&nbsp;<\/p>\n","protected":false},"excerpt":{"rendered":"<p>Este lunes, la instituci\u00f3n de educaci\u00f3n superior mostr\u00f3 el resultado de un dictamen pericial en el que un experto en propiedad intelectual le hizo al documento de tesis de la presidenta de la c\u00e1mara de representantes. La Universidad Externado detall\u00f3 en un comunicado que el an\u00e1lisis incluy\u00f3 el expediente acad\u00e9mico de las autoras de dicha [&hellip;]<\/p>\n","protected":false},"author":1,"featured_media":56977,"comment_status":"open","ping_status":"open","sticky":false,"template":"","format":"standard","meta":{"footnotes":""},"categories":[94],"tags":[],"class_list":["post-56976","post","type-post","status-publish","format-standard","has-post-thumbnail","hentry","category-nacional-global-2"],"yoast_head":"<!-- This site is optimized with the Yoast SEO plugin v27.1.1 - https:\/\/yoast.com\/product\/yoast-seo-wordpress\/ -->\n<title>Presidenta de la c\u00e1mara de representantes habr\u00eda plagiado su tesis. | P\u00e1gina10<\/title>\n<meta name=\"robots\" content=\"index, follow, max-snippet:-1, max-image-preview:large, max-video-preview:-1\" \/>\n<link rel=\"canonical\" href=\"https:\/\/pagina10.com\/web\/plagio-de-tesis-dejaria-a-la-presidenta-de-la-camara-de-representantes-anulada-de-su-titulacion\/\" \/>\n<meta property=\"og:locale\" content=\"es_ES\" \/>\n<meta property=\"og:type\" content=\"article\" \/>\n<meta property=\"og:title\" content=\"Presidenta de la c\u00e1mara de representantes habr\u00eda plagiado su tesis. | P\u00e1gina10\" \/>\n<meta property=\"og:description\" content=\"Este lunes, la instituci\u00f3n de educaci\u00f3n superior mostr\u00f3 el resultado de un dictamen pericial en el que un experto en propiedad intelectual le hizo al documento de tesis de la presidenta de la c\u00e1mara de representantes. La Universidad Externado detall\u00f3 en un comunicado que el an\u00e1lisis incluy\u00f3 el expediente acad\u00e9mico de las autoras de dicha [&hellip;]\" \/>\n<meta property=\"og:url\" content=\"https:\/\/pagina10.com\/web\/plagio-de-tesis-dejaria-a-la-presidenta-de-la-camara-de-representantes-anulada-de-su-titulacion\/\" \/>\n<meta property=\"og:site_name\" content=\"P\u00e1gina10\" \/>\n<meta property=\"article:publisher\" content=\"https:\/\/www.facebook.com\/pag10com\" \/>\n<meta property=\"article:published_time\" content=\"2021-11-23T00:24:42+00:00\" \/>\n<meta property=\"article:modified_time\" content=\"2021-11-23T00:42:12+00:00\" \/>\n<meta property=\"og:image\" content=\"https:\/\/pagina10.com\/web\/wp-content\/uploads\/2021\/11\/colp-251095_6391965_20211122171837.jpg\" \/>\n\t<meta property=\"og:image:width\" content=\"716\" \/>\n\t<meta property=\"og:image:height\" content=\"477\" \/>\n\t<meta property=\"og:image:type\" content=\"image\/jpeg\" \/>\n<meta name=\"author\" content=\"P\u00e1gina 10\" \/>\n<meta name=\"twitter:card\" content=\"summary_large_image\" \/>\n<meta name=\"twitter:creator\" content=\"@Pag10com\" \/>\n<meta name=\"twitter:site\" content=\"@Pag10com\" \/>\n<meta name=\"twitter:label1\" content=\"Escrito por\" \/>\n\t<meta name=\"twitter:data1\" content=\"P\u00e1gina 10\" \/>\n\t<meta name=\"twitter:label2\" content=\"Tiempo de lectura\" \/>\n\t<meta name=\"twitter:data2\" content=\"1 minuto\" \/>\n<script type=\"application\/ld+json\" class=\"yoast-schema-graph\">{\"@context\":\"https:\/\/schema.org\",\"@graph\":[{\"@type\":\"Article\",\"@id\":\"https:\/\/pagina10.com\/web\/plagio-de-tesis-dejaria-a-la-presidenta-de-la-camara-de-representantes-anulada-de-su-titulacion\/#article\",\"isPartOf\":{\"@id\":\"https:\/\/pagina10.com\/web\/plagio-de-tesis-dejaria-a-la-presidenta-de-la-camara-de-representantes-anulada-de-su-titulacion\/\"},\"author\":{\"name\":\"P\u00e1gina 10\",\"@id\":\"https:\/\/pagina10.com\/web\/#\/schema\/person\/2efc4a090d25b667d3bc796798a3a81b\"},\"headline\":\"Presidenta de la c\u00e1mara de representantes habr\u00eda plagiado su tesis.\",\"datePublished\":\"2021-11-23T00:24:42+00:00\",\"dateModified\":\"2021-11-23T00:42:12+00:00\",\"mainEntityOfPage\":{\"@id\":\"https:\/\/pagina10.com\/web\/plagio-de-tesis-dejaria-a-la-presidenta-de-la-camara-de-representantes-anulada-de-su-titulacion\/\"},\"wordCount\":310,\"commentCount\":0,\"publisher\":{\"@id\":\"https:\/\/pagina10.com\/web\/#organization\"},\"image\":{\"@id\":\"https:\/\/pagina10.com\/web\/plagio-de-tesis-dejaria-a-la-presidenta-de-la-camara-de-representantes-anulada-de-su-titulacion\/#primaryimage\"},\"thumbnailUrl\":\"https:\/\/pagina10.com\/web\/wp-content\/uploads\/2021\/11\/colp-251095_6391965_20211122171837.jpg\",\"articleSection\":[\"Nacional\"],\"inLanguage\":\"es\",\"potentialAction\":[{\"@type\":\"CommentAction\",\"name\":\"Comment\",\"target\":[\"https:\/\/pagina10.com\/web\/plagio-de-tesis-dejaria-a-la-presidenta-de-la-camara-de-representantes-anulada-de-su-titulacion\/#respond\"]}]},{\"@type\":\"WebPage\",\"@id\":\"https:\/\/pagina10.com\/web\/plagio-de-tesis-dejaria-a-la-presidenta-de-la-camara-de-representantes-anulada-de-su-titulacion\/\",\"url\":\"https:\/\/pagina10.com\/web\/plagio-de-tesis-dejaria-a-la-presidenta-de-la-camara-de-representantes-anulada-de-su-titulacion\/\",\"name\":\"Presidenta de la c\u00e1mara de representantes habr\u00eda plagiado su tesis. | P\u00e1gina10\",\"isPartOf\":{\"@id\":\"https:\/\/pagina10.com\/web\/#website\"},\"primaryImageOfPage\":{\"@id\":\"https:\/\/pagina10.com\/web\/plagio-de-tesis-dejaria-a-la-presidenta-de-la-camara-de-representantes-anulada-de-su-titulacion\/#primaryimage\"},\"image\":{\"@id\":\"https:\/\/pagina10.com\/web\/plagio-de-tesis-dejaria-a-la-presidenta-de-la-camara-de-representantes-anulada-de-su-titulacion\/#primaryimage\"},\"thumbnailUrl\":\"https:\/\/pagina10.com\/web\/wp-content\/uploads\/2021\/11\/colp-251095_6391965_20211122171837.jpg\",\"datePublished\":\"2021-11-23T00:24:42+00:00\",\"dateModified\":\"2021-11-23T00:42:12+00:00\",\"breadcrumb\":{\"@id\":\"https:\/\/pagina10.com\/web\/plagio-de-tesis-dejaria-a-la-presidenta-de-la-camara-de-representantes-anulada-de-su-titulacion\/#breadcrumb\"},\"inLanguage\":\"es\",\"potentialAction\":[{\"@type\":\"ReadAction\",\"target\":[\"https:\/\/pagina10.com\/web\/plagio-de-tesis-dejaria-a-la-presidenta-de-la-camara-de-representantes-anulada-de-su-titulacion\/\"]}]},{\"@type\":\"ImageObject\",\"inLanguage\":\"es\",\"@id\":\"https:\/\/pagina10.com\/web\/plagio-de-tesis-dejaria-a-la-presidenta-de-la-camara-de-representantes-anulada-de-su-titulacion\/#primaryimage\",\"url\":\"https:\/\/pagina10.com\/web\/wp-content\/uploads\/2021\/11\/colp-251095_6391965_20211122171837.jpg\",\"contentUrl\":\"https:\/\/pagina10.com\/web\/wp-content\/uploads\/2021\/11\/colp-251095_6391965_20211122171837.jpg\",\"width\":716,\"height\":477},{\"@type\":\"BreadcrumbList\",\"@id\":\"https:\/\/pagina10.com\/web\/plagio-de-tesis-dejaria-a-la-presidenta-de-la-camara-de-representantes-anulada-de-su-titulacion\/#breadcrumb\",\"itemListElement\":[{\"@type\":\"ListItem\",\"position\":1,\"name\":\"Portada\",\"item\":\"https:\/\/pagina10.com\/web\/\"},{\"@type\":\"ListItem\",\"position\":2,\"name\":\"Presidenta de la c\u00e1mara de representantes habr\u00eda plagiado su tesis.\"}]},{\"@type\":\"WebSite\",\"@id\":\"https:\/\/pagina10.com\/web\/#website\",\"url\":\"https:\/\/pagina10.com\/web\/\",\"name\":\"P\u00e1gina10\",\"description\":\"Peri\u00f3dico Regional\",\"publisher\":{\"@id\":\"https:\/\/pagina10.com\/web\/#organization\"},\"alternateName\":\"P\u00e1gina10 Peri\u00f3dico Regional\",\"potentialAction\":[{\"@type\":\"SearchAction\",\"target\":{\"@type\":\"EntryPoint\",\"urlTemplate\":\"https:\/\/pagina10.com\/web\/?s={search_term_string}\"},\"query-input\":{\"@type\":\"PropertyValueSpecification\",\"valueRequired\":true,\"valueName\":\"search_term_string\"}}],\"inLanguage\":\"es\"},{\"@type\":\"Organization\",\"@id\":\"https:\/\/pagina10.com\/web\/#organization\",\"name\":\"P\u00e1gina10\",\"alternateName\":\"P\u00e1gina10 Peri\u00f3dico Regional\",\"url\":\"https:\/\/pagina10.com\/web\/\",\"logo\":{\"@type\":\"ImageObject\",\"inLanguage\":\"es\",\"@id\":\"https:\/\/pagina10.com\/web\/#\/schema\/logo\/image\/\",\"url\":\"https:\/\/pagina10.com\/web\/wp-content\/uploads\/2024\/01\/40-pagina-10-periodico-regional-pasto.jpg\",\"contentUrl\":\"https:\/\/pagina10.com\/web\/wp-content\/uploads\/2024\/01\/40-pagina-10-periodico-regional-pasto.jpg\",\"width\":1280,\"height\":720,\"caption\":\"P\u00e1gina10\"},\"image\":{\"@id\":\"https:\/\/pagina10.com\/web\/#\/schema\/logo\/image\/\"},\"sameAs\":[\"https:\/\/www.facebook.com\/pag10com\",\"https:\/\/x.com\/Pag10com\",\"https:\/\/www.instagram.com\/pagina10col\/\",\"https:\/\/youtube.com\/channel\/pag10\",\"https:\/\/www.tiktok.com\/@p10col\"]},{\"@type\":\"Person\",\"@id\":\"https:\/\/pagina10.com\/web\/#\/schema\/person\/2efc4a090d25b667d3bc796798a3a81b\",\"name\":\"P\u00e1gina 10\",\"description\":\"P\u00e1gina 10 es un peri\u00f3dico regional que nace en Colombia, en el departamento de Nari\u00f1o, con un enfoque global, fundamentado en cuatro pilares esenciales: la libertad, el pluralismo, la inclusi\u00f3n y la independencia. P\u00e1gina 10 hace referencia a Nari\u00f1o como el d\u00e9cimo departamento creado en Colombia, despu\u00e9s de un proceso pol\u00edtico liderado por actores y actrices regionales con el fin de obtener la independencia y autonom\u00eda de nuestros territorios. Con la creaci\u00f3n de P\u00e1gina 10 se pretende abrir un escenario para el dialogo, la reflexi\u00f3n y el debate que se extienda a otras geograf\u00edas de Am\u00e9rica Latina y del planeta, en una apuesta por transformar colectivamente los desaf\u00edos de un mundo contempor\u00e1neo, m\u00e1s all\u00e1 de las fronteras impuestas.\",\"url\":\"https:\/\/pagina10.com\/web\/author\/pdiezadmin\/\"}]}<\/script>\n<!-- \/ Yoast SEO plugin. -->","yoast_head_json":{"title":"Presidenta de la c\u00e1mara de representantes habr\u00eda plagiado su tesis. | P\u00e1gina10","robots":{"index":"index","follow":"follow","max-snippet":"max-snippet:-1","max-image-preview":"max-image-preview:large","max-video-preview":"max-video-preview:-1"},"canonical":"https:\/\/pagina10.com\/web\/plagio-de-tesis-dejaria-a-la-presidenta-de-la-camara-de-representantes-anulada-de-su-titulacion\/","og_locale":"es_ES","og_type":"article","og_title":"Presidenta de la c\u00e1mara de representantes habr\u00eda plagiado su tesis. | P\u00e1gina10","og_description":"Este lunes, la instituci\u00f3n de educaci\u00f3n superior mostr\u00f3 el resultado de un dictamen pericial en el que un experto en propiedad intelectual le hizo al documento de tesis de la presidenta de la c\u00e1mara de representantes. La Universidad Externado detall\u00f3 en un comunicado que el an\u00e1lisis incluy\u00f3 el expediente acad\u00e9mico de las autoras de dicha [&hellip;]","og_url":"https:\/\/pagina10.com\/web\/plagio-de-tesis-dejaria-a-la-presidenta-de-la-camara-de-representantes-anulada-de-su-titulacion\/","og_site_name":"P\u00e1gina10","article_publisher":"https:\/\/www.facebook.com\/pag10com","article_published_time":"2021-11-23T00:24:42+00:00","article_modified_time":"2021-11-23T00:42:12+00:00","og_image":[{"width":716,"height":477,"url":"https:\/\/pagina10.com\/web\/wp-content\/uploads\/2021\/11\/colp-251095_6391965_20211122171837.jpg","type":"image\/jpeg"}],"author":"P\u00e1gina 10","twitter_card":"summary_large_image","twitter_creator":"@Pag10com","twitter_site":"@Pag10com","twitter_misc":{"Escrito por":"P\u00e1gina 10","Tiempo de lectura":"1 minuto"},"schema":{"@context":"https:\/\/schema.org","@graph":[{"@type":"Article","@id":"https:\/\/pagina10.com\/web\/plagio-de-tesis-dejaria-a-la-presidenta-de-la-camara-de-representantes-anulada-de-su-titulacion\/#article","isPartOf":{"@id":"https:\/\/pagina10.com\/web\/plagio-de-tesis-dejaria-a-la-presidenta-de-la-camara-de-representantes-anulada-de-su-titulacion\/"},"author":{"name":"P\u00e1gina 10","@id":"https:\/\/pagina10.com\/web\/#\/schema\/person\/2efc4a090d25b667d3bc796798a3a81b"},"headline":"Presidenta de la c\u00e1mara de representantes habr\u00eda plagiado su tesis.","datePublished":"2021-11-23T00:24:42+00:00","dateModified":"2021-11-23T00:42:12+00:00","mainEntityOfPage":{"@id":"https:\/\/pagina10.com\/web\/plagio-de-tesis-dejaria-a-la-presidenta-de-la-camara-de-representantes-anulada-de-su-titulacion\/"},"wordCount":310,"commentCount":0,"publisher":{"@id":"https:\/\/pagina10.com\/web\/#organization"},"image":{"@id":"https:\/\/pagina10.com\/web\/plagio-de-tesis-dejaria-a-la-presidenta-de-la-camara-de-representantes-anulada-de-su-titulacion\/#primaryimage"},"thumbnailUrl":"https:\/\/pagina10.com\/web\/wp-content\/uploads\/2021\/11\/colp-251095_6391965_20211122171837.jpg","articleSection":["Nacional"],"inLanguage":"es","potentialAction":[{"@type":"CommentAction","name":"Comment","target":["https:\/\/pagina10.com\/web\/plagio-de-tesis-dejaria-a-la-presidenta-de-la-camara-de-representantes-anulada-de-su-titulacion\/#respond"]}]},{"@type":"WebPage","@id":"https:\/\/pagina10.com\/web\/plagio-de-tesis-dejaria-a-la-presidenta-de-la-camara-de-representantes-anulada-de-su-titulacion\/","url":"https:\/\/pagina10.com\/web\/plagio-de-tesis-dejaria-a-la-presidenta-de-la-camara-de-representantes-anulada-de-su-titulacion\/","name":"Presidenta de la c\u00e1mara de representantes habr\u00eda plagiado su tesis. | P\u00e1gina10","isPartOf":{"@id":"https:\/\/pagina10.com\/web\/#website"},"primaryImageOfPage":{"@id":"https:\/\/pagina10.com\/web\/plagio-de-tesis-dejaria-a-la-presidenta-de-la-camara-de-representantes-anulada-de-su-titulacion\/#primaryimage"},"image":{"@id":"https:\/\/pagina10.com\/web\/plagio-de-tesis-dejaria-a-la-presidenta-de-la-camara-de-representantes-anulada-de-su-titulacion\/#primaryimage"},"thumbnailUrl":"https:\/\/pagina10.com\/web\/wp-content\/uploads\/2021\/11\/colp-251095_6391965_20211122171837.jpg","datePublished":"2021-11-23T00:24:42+00:00","dateModified":"2021-11-23T00:42:12+00:00","breadcrumb":{"@id":"https:\/\/pagina10.com\/web\/plagio-de-tesis-dejaria-a-la-presidenta-de-la-camara-de-representantes-anulada-de-su-titulacion\/#breadcrumb"},"inLanguage":"es","potentialAction":[{"@type":"ReadAction","target":["https:\/\/pagina10.com\/web\/plagio-de-tesis-dejaria-a-la-presidenta-de-la-camara-de-representantes-anulada-de-su-titulacion\/"]}]},{"@type":"ImageObject","inLanguage":"es","@id":"https:\/\/pagina10.com\/web\/plagio-de-tesis-dejaria-a-la-presidenta-de-la-camara-de-representantes-anulada-de-su-titulacion\/#primaryimage","url":"https:\/\/pagina10.com\/web\/wp-content\/uploads\/2021\/11\/colp-251095_6391965_20211122171837.jpg","contentUrl":"https:\/\/pagina10.com\/web\/wp-content\/uploads\/2021\/11\/colp-251095_6391965_20211122171837.jpg","width":716,"height":477},{"@type":"BreadcrumbList","@id":"https:\/\/pagina10.com\/web\/plagio-de-tesis-dejaria-a-la-presidenta-de-la-camara-de-representantes-anulada-de-su-titulacion\/#breadcrumb","itemListElement":[{"@type":"ListItem","position":1,"name":"Portada","item":"https:\/\/pagina10.com\/web\/"},{"@type":"ListItem","position":2,"name":"Presidenta de la c\u00e1mara de representantes habr\u00eda plagiado su tesis."}]},{"@type":"WebSite","@id":"https:\/\/pagina10.com\/web\/#website","url":"https:\/\/pagina10.com\/web\/","name":"P\u00e1gina10","description":"Peri\u00f3dico Regional","publisher":{"@id":"https:\/\/pagina10.com\/web\/#organization"},"alternateName":"P\u00e1gina10 Peri\u00f3dico Regional","potentialAction":[{"@type":"SearchAction","target":{"@type":"EntryPoint","urlTemplate":"https:\/\/pagina10.com\/web\/?s={search_term_string}"},"query-input":{"@type":"PropertyValueSpecification","valueRequired":true,"valueName":"search_term_string"}}],"inLanguage":"es"},{"@type":"Organization","@id":"https:\/\/pagina10.com\/web\/#organization","name":"P\u00e1gina10","alternateName":"P\u00e1gina10 Peri\u00f3dico Regional","url":"https:\/\/pagina10.com\/web\/","logo":{"@type":"ImageObject","inLanguage":"es","@id":"https:\/\/pagina10.com\/web\/#\/schema\/logo\/image\/","url":"https:\/\/pagina10.com\/web\/wp-content\/uploads\/2024\/01\/40-pagina-10-periodico-regional-pasto.jpg","contentUrl":"https:\/\/pagina10.com\/web\/wp-content\/uploads\/2024\/01\/40-pagina-10-periodico-regional-pasto.jpg","width":1280,"height":720,"caption":"P\u00e1gina10"},"image":{"@id":"https:\/\/pagina10.com\/web\/#\/schema\/logo\/image\/"},"sameAs":["https:\/\/www.facebook.com\/pag10com","https:\/\/x.com\/Pag10com","https:\/\/www.instagram.com\/pagina10col\/","https:\/\/youtube.com\/channel\/pag10","https:\/\/www.tiktok.com\/@p10col"]},{"@type":"Person","@id":"https:\/\/pagina10.com\/web\/#\/schema\/person\/2efc4a090d25b667d3bc796798a3a81b","name":"P\u00e1gina 10","description":"P\u00e1gina 10 es un peri\u00f3dico regional que nace en Colombia, en el departamento de Nari\u00f1o, con un enfoque global, fundamentado en cuatro pilares esenciales: la libertad, el pluralismo, la inclusi\u00f3n y la independencia. P\u00e1gina 10 hace referencia a Nari\u00f1o como el d\u00e9cimo departamento creado en Colombia, despu\u00e9s de un proceso pol\u00edtico liderado por actores y actrices regionales con el fin de obtener la independencia y autonom\u00eda de nuestros territorios. Con la creaci\u00f3n de P\u00e1gina 10 se pretende abrir un escenario para el dialogo, la reflexi\u00f3n y el debate que se extienda a otras geograf\u00edas de Am\u00e9rica Latina y del planeta, en una apuesta por transformar colectivamente los desaf\u00edos de un mundo contempor\u00e1neo, m\u00e1s all\u00e1 de las fronteras impuestas.","url":"https:\/\/pagina10.com\/web\/author\/pdiezadmin\/"}]}},"_links":{"self":[{"href":"https:\/\/pagina10.com\/web\/wp-json\/wp\/v2\/posts\/56976","targetHints":{"allow":["GET"]}}],"collection":[{"href":"https:\/\/pagina10.com\/web\/wp-json\/wp\/v2\/posts"}],"about":[{"href":"https:\/\/pagina10.com\/web\/wp-json\/wp\/v2\/types\/post"}],"author":[{"embeddable":true,"href":"https:\/\/pagina10.com\/web\/wp-json\/wp\/v2\/users\/1"}],"replies":[{"embeddable":true,"href":"https:\/\/pagina10.com\/web\/wp-json\/wp\/v2\/comments?post=56976"}],"version-history":[{"count":3,"href":"https:\/\/pagina10.com\/web\/wp-json\/wp\/v2\/posts\/56976\/revisions"}],"predecessor-version":[{"id":56983,"href":"https:\/\/pagina10.com\/web\/wp-json\/wp\/v2\/posts\/56976\/revisions\/56983"}],"wp:featuredmedia":[{"embeddable":true,"href":"https:\/\/pagina10.com\/web\/wp-json\/wp\/v2\/media\/56977"}],"wp:attachment":[{"href":"https:\/\/pagina10.com\/web\/wp-json\/wp\/v2\/media?parent=56976"}],"wp:term":[{"taxonomy":"category","embeddable":true,"href":"https:\/\/pagina10.com\/web\/wp-json\/wp\/v2\/categories?post=56976"},{"taxonomy":"post_tag","embeddable":true,"href":"https:\/\/pagina10.com\/web\/wp-json\/wp\/v2\/tags?post=56976"}],"curies":[{"name":"wp","href":"https:\/\/api.w.org\/{rel}","templated":true}]}}