{"id":57016,"date":"2021-11-23T22:13:39","date_gmt":"2021-11-24T03:13:39","guid":{"rendered":"https:\/\/pagina10.com\/web\/?p=57016"},"modified":"2021-11-23T22:15:05","modified_gmt":"2021-11-24T03:15:05","slug":"cayo-alias-marlon","status":"publish","type":"post","link":"https:\/\/pagina10.com\/web\/cayo-alias-marlon\/","title":{"rendered":"Cay\u00f3 alias &#8220;Marlon&#8221;"},"content":{"rendered":"<p style=\"text-align: justify;\">En un operativo del Comando Conjunto de Operaciones Especiales de las Fuerzas Militares fue dado de baja Jos\u00e9 Eliecid Ga\u00f1\u00e1n Ba\u00f1ol, alias &#8220;Marlon&#8221; o \u201cShumager\u201d, quien era el segundo al mando del frente Ernesto Che Guevara del Ej\u00e9rcito de liberaci\u00f3n Nacional (ELN).<br \/>\nQuien se encontraba en la vereda Guachal, del municipio de El Litoral de San Juan, en Choc\u00f3, donde tiene injerencia este grupo guerrillero.<\/p>\n<p style=\"text-align: justify;\">Hasta esa zona llegaron comandos del Ej\u00e9rcito y, en un pronunciamiento el ministro de Defensa, Diego Molano, dijo que lo dieron de baja en un combate.<br \/>\nVarias fuentes militares tambi\u00e9n confirmaron, por medio de un comunicado, que \u201cMarlon\u201d muri\u00f3 en la operaci\u00f3n.<br \/>\nSeg\u00fan las autoridades, &#8220;Marlon&#8221; era uno de los hombres de confianza de Ogli \u00c1ngel Padilla Romero, alias \u201cFabi\u00e1n\u201d, jefe del frente de Guerra Occidental del ELN, quien habr\u00eda muerto el pasado 27 de septiembre en un hospital de Cali, luego de que su campamento en la selva chocoana fuera bombardeado dos semanas antes.<br \/>\nPor esta raz\u00f3n, &#8220;Marlon&#8221; era considerado un objetivo de valor por las autoridades, estaba se\u00f1alado como el responsable de m\u00faltiples homicidios, reclutamiento ilegal, secuestros y desplazamientos forzados en el Choc\u00f3. De hecho, en 2019, el presidente Iv\u00e1n Duque habr\u00eda ofrecido una recompensa de $1.000 millones para quien diera informaci\u00f3n sobre su paradero.<\/p>\n","protected":false},"excerpt":{"rendered":"<p>En un operativo del Comando Conjunto de Operaciones Especiales de las Fuerzas Militares fue dado de baja Jos\u00e9 Eliecid Ga\u00f1\u00e1n Ba\u00f1ol, alias &#8220;Marlon&#8221; o \u201cShumager\u201d, quien era el segundo al mando del frente Ernesto Che Guevara del Ej\u00e9rcito de liberaci\u00f3n Nacional (ELN). Quien se encontraba en la vereda Guachal, del municipio de El Litoral de [&hellip;]<\/p>\n","protected":false},"author":1,"featured_media":57017,"comment_status":"open","ping_status":"open","sticky":false,"template":"","format":"standard","meta":{"footnotes":""},"categories":[24],"tags":[],"class_list":["post-57016","post","type-post","status-publish","format-standard","has-post-thumbnail","hentry","category-nacional"],"yoast_head":"<!-- This site is optimized with the Yoast SEO plugin v27.1.1 - https:\/\/yoast.com\/product\/yoast-seo-wordpress\/ -->\n<title>Cay\u00f3 alias &quot;Marlon&quot; | P\u00e1gina10<\/title>\n<meta name=\"robots\" content=\"index, follow, max-snippet:-1, max-image-preview:large, max-video-preview:-1\" \/>\n<link rel=\"canonical\" href=\"https:\/\/pagina10.com\/web\/cayo-alias-marlon\/\" \/>\n<meta property=\"og:locale\" content=\"es_ES\" \/>\n<meta property=\"og:type\" content=\"article\" \/>\n<meta property=\"og:title\" content=\"Cay\u00f3 alias &quot;Marlon&quot; | P\u00e1gina10\" \/>\n<meta property=\"og:description\" content=\"En un operativo del Comando Conjunto de Operaciones Especiales de las Fuerzas Militares fue dado de baja Jos\u00e9 Eliecid Ga\u00f1\u00e1n Ba\u00f1ol, alias &#8220;Marlon&#8221; o \u201cShumager\u201d, quien era el segundo al mando del frente Ernesto Che Guevara del Ej\u00e9rcito de liberaci\u00f3n Nacional (ELN). Quien se encontraba en la vereda Guachal, del municipio de El Litoral de [&hellip;]\" \/>\n<meta property=\"og:url\" content=\"https:\/\/pagina10.com\/web\/cayo-alias-marlon\/\" \/>\n<meta property=\"og:site_name\" content=\"P\u00e1gina10\" \/>\n<meta property=\"article:publisher\" content=\"https:\/\/www.facebook.com\/pag10com\" \/>\n<meta property=\"article:published_time\" content=\"2021-11-24T03:13:39+00:00\" \/>\n<meta property=\"article:modified_time\" content=\"2021-11-24T03:15:05+00:00\" \/>\n<meta property=\"og:image\" content=\"https:\/\/pagina10.com\/web\/wp-content\/uploads\/2021\/11\/guerrrillero_dado_de_baja_en_choco.jpg\" \/>\n\t<meta property=\"og:image:width\" content=\"1260\" \/>\n\t<meta property=\"og:image:height\" content=\"705\" \/>\n\t<meta property=\"og:image:type\" content=\"image\/jpeg\" \/>\n<meta name=\"author\" content=\"P\u00e1gina 10\" \/>\n<meta name=\"twitter:card\" content=\"summary_large_image\" \/>\n<meta name=\"twitter:creator\" content=\"@Pag10com\" \/>\n<meta name=\"twitter:site\" content=\"@Pag10com\" \/>\n<meta name=\"twitter:label1\" content=\"Escrito por\" \/>\n\t<meta name=\"twitter:data1\" content=\"P\u00e1gina 10\" \/>\n\t<meta name=\"twitter:label2\" content=\"Tiempo de lectura\" \/>\n\t<meta name=\"twitter:data2\" content=\"1 minuto\" \/>\n<script type=\"application\/ld+json\" class=\"yoast-schema-graph\">{\"@context\":\"https:\/\/schema.org\",\"@graph\":[{\"@type\":\"Article\",\"@id\":\"https:\/\/pagina10.com\/web\/cayo-alias-marlon\/#article\",\"isPartOf\":{\"@id\":\"https:\/\/pagina10.com\/web\/cayo-alias-marlon\/\"},\"author\":{\"name\":\"P\u00e1gina 10\",\"@id\":\"https:\/\/pagina10.com\/web\/#\/schema\/person\/2efc4a090d25b667d3bc796798a3a81b\"},\"headline\":\"Cay\u00f3 alias &#8220;Marlon&#8221;\",\"datePublished\":\"2021-11-24T03:13:39+00:00\",\"dateModified\":\"2021-11-24T03:15:05+00:00\",\"mainEntityOfPage\":{\"@id\":\"https:\/\/pagina10.com\/web\/cayo-alias-marlon\/\"},\"wordCount\":228,\"commentCount\":0,\"publisher\":{\"@id\":\"https:\/\/pagina10.com\/web\/#organization\"},\"image\":{\"@id\":\"https:\/\/pagina10.com\/web\/cayo-alias-marlon\/#primaryimage\"},\"thumbnailUrl\":\"https:\/\/pagina10.com\/web\/wp-content\/uploads\/2021\/11\/guerrrillero_dado_de_baja_en_choco.jpg\",\"articleSection\":[\"Nacional\"],\"inLanguage\":\"es\",\"potentialAction\":[{\"@type\":\"CommentAction\",\"name\":\"Comment\",\"target\":[\"https:\/\/pagina10.com\/web\/cayo-alias-marlon\/#respond\"]}]},{\"@type\":\"WebPage\",\"@id\":\"https:\/\/pagina10.com\/web\/cayo-alias-marlon\/\",\"url\":\"https:\/\/pagina10.com\/web\/cayo-alias-marlon\/\",\"name\":\"Cay\u00f3 alias \\\"Marlon\\\" | P\u00e1gina10\",\"isPartOf\":{\"@id\":\"https:\/\/pagina10.com\/web\/#website\"},\"primaryImageOfPage\":{\"@id\":\"https:\/\/pagina10.com\/web\/cayo-alias-marlon\/#primaryimage\"},\"image\":{\"@id\":\"https:\/\/pagina10.com\/web\/cayo-alias-marlon\/#primaryimage\"},\"thumbnailUrl\":\"https:\/\/pagina10.com\/web\/wp-content\/uploads\/2021\/11\/guerrrillero_dado_de_baja_en_choco.jpg\",\"datePublished\":\"2021-11-24T03:13:39+00:00\",\"dateModified\":\"2021-11-24T03:15:05+00:00\",\"breadcrumb\":{\"@id\":\"https:\/\/pagina10.com\/web\/cayo-alias-marlon\/#breadcrumb\"},\"inLanguage\":\"es\",\"potentialAction\":[{\"@type\":\"ReadAction\",\"target\":[\"https:\/\/pagina10.com\/web\/cayo-alias-marlon\/\"]}]},{\"@type\":\"ImageObject\",\"inLanguage\":\"es\",\"@id\":\"https:\/\/pagina10.com\/web\/cayo-alias-marlon\/#primaryimage\",\"url\":\"https:\/\/pagina10.com\/web\/wp-content\/uploads\/2021\/11\/guerrrillero_dado_de_baja_en_choco.jpg\",\"contentUrl\":\"https:\/\/pagina10.com\/web\/wp-content\/uploads\/2021\/11\/guerrrillero_dado_de_baja_en_choco.jpg\",\"width\":1260,\"height\":705},{\"@type\":\"BreadcrumbList\",\"@id\":\"https:\/\/pagina10.com\/web\/cayo-alias-marlon\/#breadcrumb\",\"itemListElement\":[{\"@type\":\"ListItem\",\"position\":1,\"name\":\"Portada\",\"item\":\"https:\/\/pagina10.com\/web\/\"},{\"@type\":\"ListItem\",\"position\":2,\"name\":\"Cay\u00f3 alias &#8220;Marlon&#8221;\"}]},{\"@type\":\"WebSite\",\"@id\":\"https:\/\/pagina10.com\/web\/#website\",\"url\":\"https:\/\/pagina10.com\/web\/\",\"name\":\"P\u00e1gina10\",\"description\":\"Peri\u00f3dico Regional\",\"publisher\":{\"@id\":\"https:\/\/pagina10.com\/web\/#organization\"},\"alternateName\":\"P\u00e1gina10 Peri\u00f3dico Regional\",\"potentialAction\":[{\"@type\":\"SearchAction\",\"target\":{\"@type\":\"EntryPoint\",\"urlTemplate\":\"https:\/\/pagina10.com\/web\/?s={search_term_string}\"},\"query-input\":{\"@type\":\"PropertyValueSpecification\",\"valueRequired\":true,\"valueName\":\"search_term_string\"}}],\"inLanguage\":\"es\"},{\"@type\":\"Organization\",\"@id\":\"https:\/\/pagina10.com\/web\/#organization\",\"name\":\"P\u00e1gina10\",\"alternateName\":\"P\u00e1gina10 Peri\u00f3dico Regional\",\"url\":\"https:\/\/pagina10.com\/web\/\",\"logo\":{\"@type\":\"ImageObject\",\"inLanguage\":\"es\",\"@id\":\"https:\/\/pagina10.com\/web\/#\/schema\/logo\/image\/\",\"url\":\"https:\/\/pagina10.com\/web\/wp-content\/uploads\/2024\/01\/40-pagina-10-periodico-regional-pasto.jpg\",\"contentUrl\":\"https:\/\/pagina10.com\/web\/wp-content\/uploads\/2024\/01\/40-pagina-10-periodico-regional-pasto.jpg\",\"width\":1280,\"height\":720,\"caption\":\"P\u00e1gina10\"},\"image\":{\"@id\":\"https:\/\/pagina10.com\/web\/#\/schema\/logo\/image\/\"},\"sameAs\":[\"https:\/\/www.facebook.com\/pag10com\",\"https:\/\/x.com\/Pag10com\",\"https:\/\/www.instagram.com\/pagina10col\/\",\"https:\/\/youtube.com\/channel\/pag10\",\"https:\/\/www.tiktok.com\/@p10col\"]},{\"@type\":\"Person\",\"@id\":\"https:\/\/pagina10.com\/web\/#\/schema\/person\/2efc4a090d25b667d3bc796798a3a81b\",\"name\":\"P\u00e1gina 10\",\"description\":\"P\u00e1gina 10 es un peri\u00f3dico regional que nace en Colombia, en el departamento de Nari\u00f1o, con un enfoque global, fundamentado en cuatro pilares esenciales: la libertad, el pluralismo, la inclusi\u00f3n y la independencia. P\u00e1gina 10 hace referencia a Nari\u00f1o como el d\u00e9cimo departamento creado en Colombia, despu\u00e9s de un proceso pol\u00edtico liderado por actores y actrices regionales con el fin de obtener la independencia y autonom\u00eda de nuestros territorios. Con la creaci\u00f3n de P\u00e1gina 10 se pretende abrir un escenario para el dialogo, la reflexi\u00f3n y el debate que se extienda a otras geograf\u00edas de Am\u00e9rica Latina y del planeta, en una apuesta por transformar colectivamente los desaf\u00edos de un mundo contempor\u00e1neo, m\u00e1s all\u00e1 de las fronteras impuestas.\",\"url\":\"https:\/\/pagina10.com\/web\/author\/pdiezadmin\/\"}]}<\/script>\n<!-- \/ Yoast SEO plugin. -->","yoast_head_json":{"title":"Cay\u00f3 alias \"Marlon\" | P\u00e1gina10","robots":{"index":"index","follow":"follow","max-snippet":"max-snippet:-1","max-image-preview":"max-image-preview:large","max-video-preview":"max-video-preview:-1"},"canonical":"https:\/\/pagina10.com\/web\/cayo-alias-marlon\/","og_locale":"es_ES","og_type":"article","og_title":"Cay\u00f3 alias \"Marlon\" | P\u00e1gina10","og_description":"En un operativo del Comando Conjunto de Operaciones Especiales de las Fuerzas Militares fue dado de baja Jos\u00e9 Eliecid Ga\u00f1\u00e1n Ba\u00f1ol, alias &#8220;Marlon&#8221; o \u201cShumager\u201d, quien era el segundo al mando del frente Ernesto Che Guevara del Ej\u00e9rcito de liberaci\u00f3n Nacional (ELN). Quien se encontraba en la vereda Guachal, del municipio de El Litoral de [&hellip;]","og_url":"https:\/\/pagina10.com\/web\/cayo-alias-marlon\/","og_site_name":"P\u00e1gina10","article_publisher":"https:\/\/www.facebook.com\/pag10com","article_published_time":"2021-11-24T03:13:39+00:00","article_modified_time":"2021-11-24T03:15:05+00:00","og_image":[{"width":1260,"height":705,"url":"https:\/\/pagina10.com\/web\/wp-content\/uploads\/2021\/11\/guerrrillero_dado_de_baja_en_choco.jpg","type":"image\/jpeg"}],"author":"P\u00e1gina 10","twitter_card":"summary_large_image","twitter_creator":"@Pag10com","twitter_site":"@Pag10com","twitter_misc":{"Escrito por":"P\u00e1gina 10","Tiempo de lectura":"1 minuto"},"schema":{"@context":"https:\/\/schema.org","@graph":[{"@type":"Article","@id":"https:\/\/pagina10.com\/web\/cayo-alias-marlon\/#article","isPartOf":{"@id":"https:\/\/pagina10.com\/web\/cayo-alias-marlon\/"},"author":{"name":"P\u00e1gina 10","@id":"https:\/\/pagina10.com\/web\/#\/schema\/person\/2efc4a090d25b667d3bc796798a3a81b"},"headline":"Cay\u00f3 alias &#8220;Marlon&#8221;","datePublished":"2021-11-24T03:13:39+00:00","dateModified":"2021-11-24T03:15:05+00:00","mainEntityOfPage":{"@id":"https:\/\/pagina10.com\/web\/cayo-alias-marlon\/"},"wordCount":228,"commentCount":0,"publisher":{"@id":"https:\/\/pagina10.com\/web\/#organization"},"image":{"@id":"https:\/\/pagina10.com\/web\/cayo-alias-marlon\/#primaryimage"},"thumbnailUrl":"https:\/\/pagina10.com\/web\/wp-content\/uploads\/2021\/11\/guerrrillero_dado_de_baja_en_choco.jpg","articleSection":["Nacional"],"inLanguage":"es","potentialAction":[{"@type":"CommentAction","name":"Comment","target":["https:\/\/pagina10.com\/web\/cayo-alias-marlon\/#respond"]}]},{"@type":"WebPage","@id":"https:\/\/pagina10.com\/web\/cayo-alias-marlon\/","url":"https:\/\/pagina10.com\/web\/cayo-alias-marlon\/","name":"Cay\u00f3 alias \"Marlon\" | P\u00e1gina10","isPartOf":{"@id":"https:\/\/pagina10.com\/web\/#website"},"primaryImageOfPage":{"@id":"https:\/\/pagina10.com\/web\/cayo-alias-marlon\/#primaryimage"},"image":{"@id":"https:\/\/pagina10.com\/web\/cayo-alias-marlon\/#primaryimage"},"thumbnailUrl":"https:\/\/pagina10.com\/web\/wp-content\/uploads\/2021\/11\/guerrrillero_dado_de_baja_en_choco.jpg","datePublished":"2021-11-24T03:13:39+00:00","dateModified":"2021-11-24T03:15:05+00:00","breadcrumb":{"@id":"https:\/\/pagina10.com\/web\/cayo-alias-marlon\/#breadcrumb"},"inLanguage":"es","potentialAction":[{"@type":"ReadAction","target":["https:\/\/pagina10.com\/web\/cayo-alias-marlon\/"]}]},{"@type":"ImageObject","inLanguage":"es","@id":"https:\/\/pagina10.com\/web\/cayo-alias-marlon\/#primaryimage","url":"https:\/\/pagina10.com\/web\/wp-content\/uploads\/2021\/11\/guerrrillero_dado_de_baja_en_choco.jpg","contentUrl":"https:\/\/pagina10.com\/web\/wp-content\/uploads\/2021\/11\/guerrrillero_dado_de_baja_en_choco.jpg","width":1260,"height":705},{"@type":"BreadcrumbList","@id":"https:\/\/pagina10.com\/web\/cayo-alias-marlon\/#breadcrumb","itemListElement":[{"@type":"ListItem","position":1,"name":"Portada","item":"https:\/\/pagina10.com\/web\/"},{"@type":"ListItem","position":2,"name":"Cay\u00f3 alias &#8220;Marlon&#8221;"}]},{"@type":"WebSite","@id":"https:\/\/pagina10.com\/web\/#website","url":"https:\/\/pagina10.com\/web\/","name":"P\u00e1gina10","description":"Peri\u00f3dico Regional","publisher":{"@id":"https:\/\/pagina10.com\/web\/#organization"},"alternateName":"P\u00e1gina10 Peri\u00f3dico Regional","potentialAction":[{"@type":"SearchAction","target":{"@type":"EntryPoint","urlTemplate":"https:\/\/pagina10.com\/web\/?s={search_term_string}"},"query-input":{"@type":"PropertyValueSpecification","valueRequired":true,"valueName":"search_term_string"}}],"inLanguage":"es"},{"@type":"Organization","@id":"https:\/\/pagina10.com\/web\/#organization","name":"P\u00e1gina10","alternateName":"P\u00e1gina10 Peri\u00f3dico Regional","url":"https:\/\/pagina10.com\/web\/","logo":{"@type":"ImageObject","inLanguage":"es","@id":"https:\/\/pagina10.com\/web\/#\/schema\/logo\/image\/","url":"https:\/\/pagina10.com\/web\/wp-content\/uploads\/2024\/01\/40-pagina-10-periodico-regional-pasto.jpg","contentUrl":"https:\/\/pagina10.com\/web\/wp-content\/uploads\/2024\/01\/40-pagina-10-periodico-regional-pasto.jpg","width":1280,"height":720,"caption":"P\u00e1gina10"},"image":{"@id":"https:\/\/pagina10.com\/web\/#\/schema\/logo\/image\/"},"sameAs":["https:\/\/www.facebook.com\/pag10com","https:\/\/x.com\/Pag10com","https:\/\/www.instagram.com\/pagina10col\/","https:\/\/youtube.com\/channel\/pag10","https:\/\/www.tiktok.com\/@p10col"]},{"@type":"Person","@id":"https:\/\/pagina10.com\/web\/#\/schema\/person\/2efc4a090d25b667d3bc796798a3a81b","name":"P\u00e1gina 10","description":"P\u00e1gina 10 es un peri\u00f3dico regional que nace en Colombia, en el departamento de Nari\u00f1o, con un enfoque global, fundamentado en cuatro pilares esenciales: la libertad, el pluralismo, la inclusi\u00f3n y la independencia. P\u00e1gina 10 hace referencia a Nari\u00f1o como el d\u00e9cimo departamento creado en Colombia, despu\u00e9s de un proceso pol\u00edtico liderado por actores y actrices regionales con el fin de obtener la independencia y autonom\u00eda de nuestros territorios. Con la creaci\u00f3n de P\u00e1gina 10 se pretende abrir un escenario para el dialogo, la reflexi\u00f3n y el debate que se extienda a otras geograf\u00edas de Am\u00e9rica Latina y del planeta, en una apuesta por transformar colectivamente los desaf\u00edos de un mundo contempor\u00e1neo, m\u00e1s all\u00e1 de las fronteras impuestas.","url":"https:\/\/pagina10.com\/web\/author\/pdiezadmin\/"}]}},"_links":{"self":[{"href":"https:\/\/pagina10.com\/web\/wp-json\/wp\/v2\/posts\/57016","targetHints":{"allow":["GET"]}}],"collection":[{"href":"https:\/\/pagina10.com\/web\/wp-json\/wp\/v2\/posts"}],"about":[{"href":"https:\/\/pagina10.com\/web\/wp-json\/wp\/v2\/types\/post"}],"author":[{"embeddable":true,"href":"https:\/\/pagina10.com\/web\/wp-json\/wp\/v2\/users\/1"}],"replies":[{"embeddable":true,"href":"https:\/\/pagina10.com\/web\/wp-json\/wp\/v2\/comments?post=57016"}],"version-history":[{"count":3,"href":"https:\/\/pagina10.com\/web\/wp-json\/wp\/v2\/posts\/57016\/revisions"}],"predecessor-version":[{"id":57020,"href":"https:\/\/pagina10.com\/web\/wp-json\/wp\/v2\/posts\/57016\/revisions\/57020"}],"wp:featuredmedia":[{"embeddable":true,"href":"https:\/\/pagina10.com\/web\/wp-json\/wp\/v2\/media\/57017"}],"wp:attachment":[{"href":"https:\/\/pagina10.com\/web\/wp-json\/wp\/v2\/media?parent=57016"}],"wp:term":[{"taxonomy":"category","embeddable":true,"href":"https:\/\/pagina10.com\/web\/wp-json\/wp\/v2\/categories?post=57016"},{"taxonomy":"post_tag","embeddable":true,"href":"https:\/\/pagina10.com\/web\/wp-json\/wp\/v2\/tags?post=57016"}],"curies":[{"name":"wp","href":"https:\/\/api.w.org\/{rel}","templated":true}]}}