{"id":57043,"date":"2021-11-24T20:50:22","date_gmt":"2021-11-25T01:50:22","guid":{"rendered":"https:\/\/pagina10.com\/web\/?p=57043"},"modified":"2021-11-24T20:50:22","modified_gmt":"2021-11-25T01:50:22","slug":"mas-de-100-muertos-por-accidentes-de-transito-en-narino","status":"publish","type":"post","link":"https:\/\/pagina10.com\/web\/mas-de-100-muertos-por-accidentes-de-transito-en-narino\/","title":{"rendered":"M\u00e1s de 100 muertos por accidentes de tr\u00e1nsito en Nari\u00f1o"},"content":{"rendered":"<p>Un joven de 23 a\u00f1os de edad, se suma a la lista de fallecidos en accidentes de tr\u00e1nsito.<\/p>\n<p style=\"text-align: justify;\">El m\u00e1s reciente hecho se registr\u00f3 en la v\u00eda que de Pasto conduce al Encano, en el sector de Santiago. Del m\u00f3vil del siniestro a\u00fan se desconoce los detalles, aparentemente una falla mec\u00e1nica habr\u00eda causado el accidente donde el joven de 23 a\u00f1os se estrell\u00f3 contra el asalto y muri\u00f3 en el sitio.<\/p>\n<p style=\"text-align: justify;\">Las autoridades de tr\u00e1nsito y transporte hacen el llamado a la comunidad a no mezclar el alcohol con las llaves, y advierten que los controles se reforzar\u00e1n en la \u00e9poca de fin de a\u00f1o.<\/p>\n","protected":false},"excerpt":{"rendered":"<p>Un joven de 23 a\u00f1os de edad, se suma a la lista de fallecidos en accidentes de tr\u00e1nsito. El m\u00e1s reciente hecho se registr\u00f3 en la v\u00eda que de Pasto conduce al Encano, en el sector de Santiago. Del m\u00f3vil del siniestro a\u00fan se desconoce los detalles, aparentemente una falla mec\u00e1nica habr\u00eda causado el accidente [&hellip;]<\/p>\n","protected":false},"author":1,"featured_media":57044,"comment_status":"open","ping_status":"open","sticky":false,"template":"","format":"standard","meta":{"footnotes":""},"categories":[61],"tags":[],"class_list":["post-57043","post","type-post","status-publish","format-standard","has-post-thumbnail","hentry","category-judicial"],"yoast_head":"<!-- This site is optimized with the Yoast SEO plugin v27.1.1 - https:\/\/yoast.com\/product\/yoast-seo-wordpress\/ -->\n<title>M\u00e1s de 100 muertos por accidentes de tr\u00e1nsito en Nari\u00f1o | P\u00e1gina10<\/title>\n<meta name=\"robots\" content=\"index, follow, max-snippet:-1, max-image-preview:large, max-video-preview:-1\" \/>\n<link rel=\"canonical\" href=\"https:\/\/pagina10.com\/web\/mas-de-100-muertos-por-accidentes-de-transito-en-narino\/\" \/>\n<meta property=\"og:locale\" content=\"es_ES\" \/>\n<meta property=\"og:type\" content=\"article\" \/>\n<meta property=\"og:title\" content=\"M\u00e1s de 100 muertos por accidentes de tr\u00e1nsito en Nari\u00f1o | P\u00e1gina10\" \/>\n<meta property=\"og:description\" content=\"Un joven de 23 a\u00f1os de edad, se suma a la lista de fallecidos en accidentes de tr\u00e1nsito. El m\u00e1s reciente hecho se registr\u00f3 en la v\u00eda que de Pasto conduce al Encano, en el sector de Santiago. Del m\u00f3vil del siniestro a\u00fan se desconoce los detalles, aparentemente una falla mec\u00e1nica habr\u00eda causado el accidente [&hellip;]\" \/>\n<meta property=\"og:url\" content=\"https:\/\/pagina10.com\/web\/mas-de-100-muertos-por-accidentes-de-transito-en-narino\/\" \/>\n<meta property=\"og:site_name\" content=\"P\u00e1gina10\" \/>\n<meta property=\"article:publisher\" content=\"https:\/\/www.facebook.com\/pag10com\" \/>\n<meta property=\"article:published_time\" content=\"2021-11-25T01:50:22+00:00\" \/>\n<meta property=\"og:image\" content=\"https:\/\/pagina10.com\/web\/wp-content\/uploads\/2021\/11\/WhatsApp-Image-2021-11-23-at-2.21.46-PM-150x150-1.jpeg\" \/>\n\t<meta property=\"og:image:width\" content=\"150\" \/>\n\t<meta property=\"og:image:height\" content=\"150\" \/>\n\t<meta property=\"og:image:type\" content=\"image\/jpeg\" \/>\n<meta name=\"author\" content=\"P\u00e1gina 10\" \/>\n<meta name=\"twitter:card\" content=\"summary_large_image\" \/>\n<meta name=\"twitter:creator\" content=\"@Pag10com\" \/>\n<meta name=\"twitter:site\" content=\"@Pag10com\" \/>\n<meta name=\"twitter:label1\" content=\"Escrito por\" \/>\n\t<meta name=\"twitter:data1\" content=\"P\u00e1gina 10\" \/>\n\t<meta name=\"twitter:label2\" content=\"Tiempo de lectura\" \/>\n\t<meta name=\"twitter:data2\" content=\"1 minuto\" \/>\n<script type=\"application\/ld+json\" class=\"yoast-schema-graph\">{\"@context\":\"https:\/\/schema.org\",\"@graph\":[{\"@type\":\"Article\",\"@id\":\"https:\/\/pagina10.com\/web\/mas-de-100-muertos-por-accidentes-de-transito-en-narino\/#article\",\"isPartOf\":{\"@id\":\"https:\/\/pagina10.com\/web\/mas-de-100-muertos-por-accidentes-de-transito-en-narino\/\"},\"author\":{\"name\":\"P\u00e1gina 10\",\"@id\":\"https:\/\/pagina10.com\/web\/#\/schema\/person\/2efc4a090d25b667d3bc796798a3a81b\"},\"headline\":\"M\u00e1s de 100 muertos por accidentes de tr\u00e1nsito en Nari\u00f1o\",\"datePublished\":\"2021-11-25T01:50:22+00:00\",\"mainEntityOfPage\":{\"@id\":\"https:\/\/pagina10.com\/web\/mas-de-100-muertos-por-accidentes-de-transito-en-narino\/\"},\"wordCount\":127,\"commentCount\":0,\"publisher\":{\"@id\":\"https:\/\/pagina10.com\/web\/#organization\"},\"image\":{\"@id\":\"https:\/\/pagina10.com\/web\/mas-de-100-muertos-por-accidentes-de-transito-en-narino\/#primaryimage\"},\"thumbnailUrl\":\"https:\/\/pagina10.com\/web\/wp-content\/uploads\/2021\/11\/WhatsApp-Image-2021-11-23-at-2.21.46-PM-150x150-1.jpeg\",\"articleSection\":[\"Judicial\"],\"inLanguage\":\"es\",\"potentialAction\":[{\"@type\":\"CommentAction\",\"name\":\"Comment\",\"target\":[\"https:\/\/pagina10.com\/web\/mas-de-100-muertos-por-accidentes-de-transito-en-narino\/#respond\"]}]},{\"@type\":\"WebPage\",\"@id\":\"https:\/\/pagina10.com\/web\/mas-de-100-muertos-por-accidentes-de-transito-en-narino\/\",\"url\":\"https:\/\/pagina10.com\/web\/mas-de-100-muertos-por-accidentes-de-transito-en-narino\/\",\"name\":\"M\u00e1s de 100 muertos por accidentes de tr\u00e1nsito en Nari\u00f1o | P\u00e1gina10\",\"isPartOf\":{\"@id\":\"https:\/\/pagina10.com\/web\/#website\"},\"primaryImageOfPage\":{\"@id\":\"https:\/\/pagina10.com\/web\/mas-de-100-muertos-por-accidentes-de-transito-en-narino\/#primaryimage\"},\"image\":{\"@id\":\"https:\/\/pagina10.com\/web\/mas-de-100-muertos-por-accidentes-de-transito-en-narino\/#primaryimage\"},\"thumbnailUrl\":\"https:\/\/pagina10.com\/web\/wp-content\/uploads\/2021\/11\/WhatsApp-Image-2021-11-23-at-2.21.46-PM-150x150-1.jpeg\",\"datePublished\":\"2021-11-25T01:50:22+00:00\",\"breadcrumb\":{\"@id\":\"https:\/\/pagina10.com\/web\/mas-de-100-muertos-por-accidentes-de-transito-en-narino\/#breadcrumb\"},\"inLanguage\":\"es\",\"potentialAction\":[{\"@type\":\"ReadAction\",\"target\":[\"https:\/\/pagina10.com\/web\/mas-de-100-muertos-por-accidentes-de-transito-en-narino\/\"]}]},{\"@type\":\"ImageObject\",\"inLanguage\":\"es\",\"@id\":\"https:\/\/pagina10.com\/web\/mas-de-100-muertos-por-accidentes-de-transito-en-narino\/#primaryimage\",\"url\":\"https:\/\/pagina10.com\/web\/wp-content\/uploads\/2021\/11\/WhatsApp-Image-2021-11-23-at-2.21.46-PM-150x150-1.jpeg\",\"contentUrl\":\"https:\/\/pagina10.com\/web\/wp-content\/uploads\/2021\/11\/WhatsApp-Image-2021-11-23-at-2.21.46-PM-150x150-1.jpeg\",\"width\":150,\"height\":150},{\"@type\":\"BreadcrumbList\",\"@id\":\"https:\/\/pagina10.com\/web\/mas-de-100-muertos-por-accidentes-de-transito-en-narino\/#breadcrumb\",\"itemListElement\":[{\"@type\":\"ListItem\",\"position\":1,\"name\":\"Portada\",\"item\":\"https:\/\/pagina10.com\/web\/\"},{\"@type\":\"ListItem\",\"position\":2,\"name\":\"M\u00e1s de 100 muertos por accidentes de tr\u00e1nsito en Nari\u00f1o\"}]},{\"@type\":\"WebSite\",\"@id\":\"https:\/\/pagina10.com\/web\/#website\",\"url\":\"https:\/\/pagina10.com\/web\/\",\"name\":\"P\u00e1gina10\",\"description\":\"Peri\u00f3dico Regional\",\"publisher\":{\"@id\":\"https:\/\/pagina10.com\/web\/#organization\"},\"alternateName\":\"P\u00e1gina10 Peri\u00f3dico Regional\",\"potentialAction\":[{\"@type\":\"SearchAction\",\"target\":{\"@type\":\"EntryPoint\",\"urlTemplate\":\"https:\/\/pagina10.com\/web\/?s={search_term_string}\"},\"query-input\":{\"@type\":\"PropertyValueSpecification\",\"valueRequired\":true,\"valueName\":\"search_term_string\"}}],\"inLanguage\":\"es\"},{\"@type\":\"Organization\",\"@id\":\"https:\/\/pagina10.com\/web\/#organization\",\"name\":\"P\u00e1gina10\",\"alternateName\":\"P\u00e1gina10 Peri\u00f3dico Regional\",\"url\":\"https:\/\/pagina10.com\/web\/\",\"logo\":{\"@type\":\"ImageObject\",\"inLanguage\":\"es\",\"@id\":\"https:\/\/pagina10.com\/web\/#\/schema\/logo\/image\/\",\"url\":\"https:\/\/pagina10.com\/web\/wp-content\/uploads\/2024\/01\/40-pagina-10-periodico-regional-pasto.jpg\",\"contentUrl\":\"https:\/\/pagina10.com\/web\/wp-content\/uploads\/2024\/01\/40-pagina-10-periodico-regional-pasto.jpg\",\"width\":1280,\"height\":720,\"caption\":\"P\u00e1gina10\"},\"image\":{\"@id\":\"https:\/\/pagina10.com\/web\/#\/schema\/logo\/image\/\"},\"sameAs\":[\"https:\/\/www.facebook.com\/pag10com\",\"https:\/\/x.com\/Pag10com\",\"https:\/\/www.instagram.com\/pagina10col\/\",\"https:\/\/youtube.com\/channel\/pag10\",\"https:\/\/www.tiktok.com\/@p10col\"]},{\"@type\":\"Person\",\"@id\":\"https:\/\/pagina10.com\/web\/#\/schema\/person\/2efc4a090d25b667d3bc796798a3a81b\",\"name\":\"P\u00e1gina 10\",\"description\":\"P\u00e1gina 10 es un peri\u00f3dico regional que nace en Colombia, en el departamento de Nari\u00f1o, con un enfoque global, fundamentado en cuatro pilares esenciales: la libertad, el pluralismo, la inclusi\u00f3n y la independencia. P\u00e1gina 10 hace referencia a Nari\u00f1o como el d\u00e9cimo departamento creado en Colombia, despu\u00e9s de un proceso pol\u00edtico liderado por actores y actrices regionales con el fin de obtener la independencia y autonom\u00eda de nuestros territorios. Con la creaci\u00f3n de P\u00e1gina 10 se pretende abrir un escenario para el dialogo, la reflexi\u00f3n y el debate que se extienda a otras geograf\u00edas de Am\u00e9rica Latina y del planeta, en una apuesta por transformar colectivamente los desaf\u00edos de un mundo contempor\u00e1neo, m\u00e1s all\u00e1 de las fronteras impuestas.\",\"url\":\"https:\/\/pagina10.com\/web\/author\/pdiezadmin\/\"}]}<\/script>\n<!-- \/ Yoast SEO plugin. -->","yoast_head_json":{"title":"M\u00e1s de 100 muertos por accidentes de tr\u00e1nsito en Nari\u00f1o | P\u00e1gina10","robots":{"index":"index","follow":"follow","max-snippet":"max-snippet:-1","max-image-preview":"max-image-preview:large","max-video-preview":"max-video-preview:-1"},"canonical":"https:\/\/pagina10.com\/web\/mas-de-100-muertos-por-accidentes-de-transito-en-narino\/","og_locale":"es_ES","og_type":"article","og_title":"M\u00e1s de 100 muertos por accidentes de tr\u00e1nsito en Nari\u00f1o | P\u00e1gina10","og_description":"Un joven de 23 a\u00f1os de edad, se suma a la lista de fallecidos en accidentes de tr\u00e1nsito. El m\u00e1s reciente hecho se registr\u00f3 en la v\u00eda que de Pasto conduce al Encano, en el sector de Santiago. Del m\u00f3vil del siniestro a\u00fan se desconoce los detalles, aparentemente una falla mec\u00e1nica habr\u00eda causado el accidente [&hellip;]","og_url":"https:\/\/pagina10.com\/web\/mas-de-100-muertos-por-accidentes-de-transito-en-narino\/","og_site_name":"P\u00e1gina10","article_publisher":"https:\/\/www.facebook.com\/pag10com","article_published_time":"2021-11-25T01:50:22+00:00","og_image":[{"width":150,"height":150,"url":"https:\/\/pagina10.com\/web\/wp-content\/uploads\/2021\/11\/WhatsApp-Image-2021-11-23-at-2.21.46-PM-150x150-1.jpeg","type":"image\/jpeg"}],"author":"P\u00e1gina 10","twitter_card":"summary_large_image","twitter_creator":"@Pag10com","twitter_site":"@Pag10com","twitter_misc":{"Escrito por":"P\u00e1gina 10","Tiempo de lectura":"1 minuto"},"schema":{"@context":"https:\/\/schema.org","@graph":[{"@type":"Article","@id":"https:\/\/pagina10.com\/web\/mas-de-100-muertos-por-accidentes-de-transito-en-narino\/#article","isPartOf":{"@id":"https:\/\/pagina10.com\/web\/mas-de-100-muertos-por-accidentes-de-transito-en-narino\/"},"author":{"name":"P\u00e1gina 10","@id":"https:\/\/pagina10.com\/web\/#\/schema\/person\/2efc4a090d25b667d3bc796798a3a81b"},"headline":"M\u00e1s de 100 muertos por accidentes de tr\u00e1nsito en Nari\u00f1o","datePublished":"2021-11-25T01:50:22+00:00","mainEntityOfPage":{"@id":"https:\/\/pagina10.com\/web\/mas-de-100-muertos-por-accidentes-de-transito-en-narino\/"},"wordCount":127,"commentCount":0,"publisher":{"@id":"https:\/\/pagina10.com\/web\/#organization"},"image":{"@id":"https:\/\/pagina10.com\/web\/mas-de-100-muertos-por-accidentes-de-transito-en-narino\/#primaryimage"},"thumbnailUrl":"https:\/\/pagina10.com\/web\/wp-content\/uploads\/2021\/11\/WhatsApp-Image-2021-11-23-at-2.21.46-PM-150x150-1.jpeg","articleSection":["Judicial"],"inLanguage":"es","potentialAction":[{"@type":"CommentAction","name":"Comment","target":["https:\/\/pagina10.com\/web\/mas-de-100-muertos-por-accidentes-de-transito-en-narino\/#respond"]}]},{"@type":"WebPage","@id":"https:\/\/pagina10.com\/web\/mas-de-100-muertos-por-accidentes-de-transito-en-narino\/","url":"https:\/\/pagina10.com\/web\/mas-de-100-muertos-por-accidentes-de-transito-en-narino\/","name":"M\u00e1s de 100 muertos por accidentes de tr\u00e1nsito en Nari\u00f1o | P\u00e1gina10","isPartOf":{"@id":"https:\/\/pagina10.com\/web\/#website"},"primaryImageOfPage":{"@id":"https:\/\/pagina10.com\/web\/mas-de-100-muertos-por-accidentes-de-transito-en-narino\/#primaryimage"},"image":{"@id":"https:\/\/pagina10.com\/web\/mas-de-100-muertos-por-accidentes-de-transito-en-narino\/#primaryimage"},"thumbnailUrl":"https:\/\/pagina10.com\/web\/wp-content\/uploads\/2021\/11\/WhatsApp-Image-2021-11-23-at-2.21.46-PM-150x150-1.jpeg","datePublished":"2021-11-25T01:50:22+00:00","breadcrumb":{"@id":"https:\/\/pagina10.com\/web\/mas-de-100-muertos-por-accidentes-de-transito-en-narino\/#breadcrumb"},"inLanguage":"es","potentialAction":[{"@type":"ReadAction","target":["https:\/\/pagina10.com\/web\/mas-de-100-muertos-por-accidentes-de-transito-en-narino\/"]}]},{"@type":"ImageObject","inLanguage":"es","@id":"https:\/\/pagina10.com\/web\/mas-de-100-muertos-por-accidentes-de-transito-en-narino\/#primaryimage","url":"https:\/\/pagina10.com\/web\/wp-content\/uploads\/2021\/11\/WhatsApp-Image-2021-11-23-at-2.21.46-PM-150x150-1.jpeg","contentUrl":"https:\/\/pagina10.com\/web\/wp-content\/uploads\/2021\/11\/WhatsApp-Image-2021-11-23-at-2.21.46-PM-150x150-1.jpeg","width":150,"height":150},{"@type":"BreadcrumbList","@id":"https:\/\/pagina10.com\/web\/mas-de-100-muertos-por-accidentes-de-transito-en-narino\/#breadcrumb","itemListElement":[{"@type":"ListItem","position":1,"name":"Portada","item":"https:\/\/pagina10.com\/web\/"},{"@type":"ListItem","position":2,"name":"M\u00e1s de 100 muertos por accidentes de tr\u00e1nsito en Nari\u00f1o"}]},{"@type":"WebSite","@id":"https:\/\/pagina10.com\/web\/#website","url":"https:\/\/pagina10.com\/web\/","name":"P\u00e1gina10","description":"Peri\u00f3dico Regional","publisher":{"@id":"https:\/\/pagina10.com\/web\/#organization"},"alternateName":"P\u00e1gina10 Peri\u00f3dico Regional","potentialAction":[{"@type":"SearchAction","target":{"@type":"EntryPoint","urlTemplate":"https:\/\/pagina10.com\/web\/?s={search_term_string}"},"query-input":{"@type":"PropertyValueSpecification","valueRequired":true,"valueName":"search_term_string"}}],"inLanguage":"es"},{"@type":"Organization","@id":"https:\/\/pagina10.com\/web\/#organization","name":"P\u00e1gina10","alternateName":"P\u00e1gina10 Peri\u00f3dico Regional","url":"https:\/\/pagina10.com\/web\/","logo":{"@type":"ImageObject","inLanguage":"es","@id":"https:\/\/pagina10.com\/web\/#\/schema\/logo\/image\/","url":"https:\/\/pagina10.com\/web\/wp-content\/uploads\/2024\/01\/40-pagina-10-periodico-regional-pasto.jpg","contentUrl":"https:\/\/pagina10.com\/web\/wp-content\/uploads\/2024\/01\/40-pagina-10-periodico-regional-pasto.jpg","width":1280,"height":720,"caption":"P\u00e1gina10"},"image":{"@id":"https:\/\/pagina10.com\/web\/#\/schema\/logo\/image\/"},"sameAs":["https:\/\/www.facebook.com\/pag10com","https:\/\/x.com\/Pag10com","https:\/\/www.instagram.com\/pagina10col\/","https:\/\/youtube.com\/channel\/pag10","https:\/\/www.tiktok.com\/@p10col"]},{"@type":"Person","@id":"https:\/\/pagina10.com\/web\/#\/schema\/person\/2efc4a090d25b667d3bc796798a3a81b","name":"P\u00e1gina 10","description":"P\u00e1gina 10 es un peri\u00f3dico regional que nace en Colombia, en el departamento de Nari\u00f1o, con un enfoque global, fundamentado en cuatro pilares esenciales: la libertad, el pluralismo, la inclusi\u00f3n y la independencia. P\u00e1gina 10 hace referencia a Nari\u00f1o como el d\u00e9cimo departamento creado en Colombia, despu\u00e9s de un proceso pol\u00edtico liderado por actores y actrices regionales con el fin de obtener la independencia y autonom\u00eda de nuestros territorios. Con la creaci\u00f3n de P\u00e1gina 10 se pretende abrir un escenario para el dialogo, la reflexi\u00f3n y el debate que se extienda a otras geograf\u00edas de Am\u00e9rica Latina y del planeta, en una apuesta por transformar colectivamente los desaf\u00edos de un mundo contempor\u00e1neo, m\u00e1s all\u00e1 de las fronteras impuestas.","url":"https:\/\/pagina10.com\/web\/author\/pdiezadmin\/"}]}},"_links":{"self":[{"href":"https:\/\/pagina10.com\/web\/wp-json\/wp\/v2\/posts\/57043","targetHints":{"allow":["GET"]}}],"collection":[{"href":"https:\/\/pagina10.com\/web\/wp-json\/wp\/v2\/posts"}],"about":[{"href":"https:\/\/pagina10.com\/web\/wp-json\/wp\/v2\/types\/post"}],"author":[{"embeddable":true,"href":"https:\/\/pagina10.com\/web\/wp-json\/wp\/v2\/users\/1"}],"replies":[{"embeddable":true,"href":"https:\/\/pagina10.com\/web\/wp-json\/wp\/v2\/comments?post=57043"}],"version-history":[{"count":1,"href":"https:\/\/pagina10.com\/web\/wp-json\/wp\/v2\/posts\/57043\/revisions"}],"predecessor-version":[{"id":57045,"href":"https:\/\/pagina10.com\/web\/wp-json\/wp\/v2\/posts\/57043\/revisions\/57045"}],"wp:featuredmedia":[{"embeddable":true,"href":"https:\/\/pagina10.com\/web\/wp-json\/wp\/v2\/media\/57044"}],"wp:attachment":[{"href":"https:\/\/pagina10.com\/web\/wp-json\/wp\/v2\/media?parent=57043"}],"wp:term":[{"taxonomy":"category","embeddable":true,"href":"https:\/\/pagina10.com\/web\/wp-json\/wp\/v2\/categories?post=57043"},{"taxonomy":"post_tag","embeddable":true,"href":"https:\/\/pagina10.com\/web\/wp-json\/wp\/v2\/tags?post=57043"}],"curies":[{"name":"wp","href":"https:\/\/api.w.org\/{rel}","templated":true}]}}