{"id":57077,"date":"2021-11-25T22:07:28","date_gmt":"2021-11-26T03:07:28","guid":{"rendered":"https:\/\/pagina10.com\/web\/?p=57077"},"modified":"2021-11-25T22:46:16","modified_gmt":"2021-11-26T03:46:16","slug":"secretario-de-las-naciones-unidas-visito-colombia","status":"publish","type":"post","link":"https:\/\/pagina10.com\/web\/secretario-de-las-naciones-unidas-visito-colombia\/","title":{"rendered":"Secretario de las Naciones Unidas visit\u00f3 Colombia"},"content":{"rendered":"<p style=\"text-align: justify;\"><!--more-->El alto funcionario estuvo con el presidente Iv\u00e1n Duque asistiendo a los actos del quinto aniversario de la firma del acuerdo de paz con las Farc y posteriormente habl\u00f3 con Noticias Caracol sobre su percepci\u00f3n de la situaci\u00f3n en el pa\u00eds.<\/p>\n<p style=\"text-align: justify;\">Guti\u00e9rrez dijo que sinti\u00f3 un \u201ccompromiso fuerte para reducir la violencia\u201d por parte del Estado, y asegur\u00f3 que \u201cgrupos armados que est\u00e1n cometiendo cr\u00edmenes horrendos\u201d son \u201clos peores enemigos de la paz en Colombia\u201d.<\/p>\n<p style=\"text-align: justify;\">No obstante, reconoci\u00f3 que tambi\u00e9n \u201chay algunos sectores de la sociedad que, por intereses distintos, no est\u00e1n interesados en la implementaci\u00f3n de los acuerdos de paz \u201c, por lo que pidi\u00f3 \u201chacer todo para terminar la violencia y no dar margen a los grupos armados que est\u00e1n amenazando la paz\u201d.<\/p>\n<p style=\"text-align: justify;\">\u201cLa paz es cada vez m\u00e1s positiva desde el punto de vista pol\u00edtico y desde la posici\u00f3n de los responsables pol\u00edticos\u201d, agreg\u00f3, antes de advertir que \u201csi alguien quisiera destruir el proceso de paz pagar\u00eda un precio pol\u00edtico muy fuerte en la sociedad colombiana\u201d.<\/p>\n<p>Fuente: Tu Barco<\/p>\n","protected":false},"excerpt":{"rendered":"","protected":false},"author":1,"featured_media":57078,"comment_status":"open","ping_status":"open","sticky":false,"template":"","format":"standard","meta":{"footnotes":""},"categories":[94],"tags":[],"class_list":["post-57077","post","type-post","status-publish","format-standard","has-post-thumbnail","hentry","category-nacional-global-2"],"yoast_head":"<!-- This site is optimized with the Yoast SEO plugin v27.1.1 - https:\/\/yoast.com\/product\/yoast-seo-wordpress\/ -->\n<title>Secretario de las Naciones Unidas visit\u00f3 Colombia | P\u00e1gina10<\/title>\n<meta name=\"robots\" content=\"index, follow, max-snippet:-1, max-image-preview:large, max-video-preview:-1\" \/>\n<link rel=\"canonical\" href=\"https:\/\/pagina10.com\/web\/secretario-de-las-naciones-unidas-visito-colombia\/\" \/>\n<meta property=\"og:locale\" content=\"es_ES\" \/>\n<meta property=\"og:type\" content=\"article\" \/>\n<meta property=\"og:title\" content=\"Secretario de las Naciones Unidas visit\u00f3 Colombia | P\u00e1gina10\" \/>\n<meta property=\"og:url\" content=\"https:\/\/pagina10.com\/web\/secretario-de-las-naciones-unidas-visito-colombia\/\" \/>\n<meta property=\"og:site_name\" content=\"P\u00e1gina10\" \/>\n<meta property=\"article:publisher\" content=\"https:\/\/www.facebook.com\/pag10com\" \/>\n<meta property=\"article:published_time\" content=\"2021-11-26T03:07:28+00:00\" \/>\n<meta property=\"article:modified_time\" content=\"2021-11-26T03:46:16+00:00\" \/>\n<meta property=\"og:image\" content=\"https:\/\/pagina10.com\/web\/wp-content\/uploads\/2021\/11\/Antonio-Guterres.jpg\" \/>\n\t<meta property=\"og:image:width\" content=\"1280\" \/>\n\t<meta property=\"og:image:height\" content=\"720\" \/>\n\t<meta property=\"og:image:type\" content=\"image\/jpeg\" \/>\n<meta name=\"author\" content=\"P\u00e1gina 10\" \/>\n<meta name=\"twitter:card\" content=\"summary_large_image\" \/>\n<meta name=\"twitter:creator\" content=\"@Pag10com\" \/>\n<meta name=\"twitter:site\" content=\"@Pag10com\" \/>\n<meta name=\"twitter:label1\" content=\"Escrito por\" \/>\n\t<meta name=\"twitter:data1\" content=\"P\u00e1gina 10\" \/>\n\t<meta name=\"twitter:label2\" content=\"Tiempo de lectura\" \/>\n\t<meta name=\"twitter:data2\" content=\"1 minuto\" \/>\n<script type=\"application\/ld+json\" class=\"yoast-schema-graph\">{\"@context\":\"https:\/\/schema.org\",\"@graph\":[{\"@type\":\"Article\",\"@id\":\"https:\/\/pagina10.com\/web\/secretario-de-las-naciones-unidas-visito-colombia\/#article\",\"isPartOf\":{\"@id\":\"https:\/\/pagina10.com\/web\/secretario-de-las-naciones-unidas-visito-colombia\/\"},\"author\":{\"name\":\"P\u00e1gina 10\",\"@id\":\"https:\/\/pagina10.com\/web\/#\/schema\/person\/2efc4a090d25b667d3bc796798a3a81b\"},\"headline\":\"Secretario de las Naciones Unidas visit\u00f3 Colombia\",\"datePublished\":\"2021-11-26T03:07:28+00:00\",\"dateModified\":\"2021-11-26T03:46:16+00:00\",\"mainEntityOfPage\":{\"@id\":\"https:\/\/pagina10.com\/web\/secretario-de-las-naciones-unidas-visito-colombia\/\"},\"wordCount\":195,\"commentCount\":0,\"publisher\":{\"@id\":\"https:\/\/pagina10.com\/web\/#organization\"},\"image\":{\"@id\":\"https:\/\/pagina10.com\/web\/secretario-de-las-naciones-unidas-visito-colombia\/#primaryimage\"},\"thumbnailUrl\":\"https:\/\/pagina10.com\/web\/wp-content\/uploads\/2021\/11\/Antonio-Guterres.jpg\",\"articleSection\":[\"Nacional\"],\"inLanguage\":\"es\",\"potentialAction\":[{\"@type\":\"CommentAction\",\"name\":\"Comment\",\"target\":[\"https:\/\/pagina10.com\/web\/secretario-de-las-naciones-unidas-visito-colombia\/#respond\"]}]},{\"@type\":\"WebPage\",\"@id\":\"https:\/\/pagina10.com\/web\/secretario-de-las-naciones-unidas-visito-colombia\/\",\"url\":\"https:\/\/pagina10.com\/web\/secretario-de-las-naciones-unidas-visito-colombia\/\",\"name\":\"Secretario de las Naciones Unidas visit\u00f3 Colombia | P\u00e1gina10\",\"isPartOf\":{\"@id\":\"https:\/\/pagina10.com\/web\/#website\"},\"primaryImageOfPage\":{\"@id\":\"https:\/\/pagina10.com\/web\/secretario-de-las-naciones-unidas-visito-colombia\/#primaryimage\"},\"image\":{\"@id\":\"https:\/\/pagina10.com\/web\/secretario-de-las-naciones-unidas-visito-colombia\/#primaryimage\"},\"thumbnailUrl\":\"https:\/\/pagina10.com\/web\/wp-content\/uploads\/2021\/11\/Antonio-Guterres.jpg\",\"datePublished\":\"2021-11-26T03:07:28+00:00\",\"dateModified\":\"2021-11-26T03:46:16+00:00\",\"breadcrumb\":{\"@id\":\"https:\/\/pagina10.com\/web\/secretario-de-las-naciones-unidas-visito-colombia\/#breadcrumb\"},\"inLanguage\":\"es\",\"potentialAction\":[{\"@type\":\"ReadAction\",\"target\":[\"https:\/\/pagina10.com\/web\/secretario-de-las-naciones-unidas-visito-colombia\/\"]}]},{\"@type\":\"ImageObject\",\"inLanguage\":\"es\",\"@id\":\"https:\/\/pagina10.com\/web\/secretario-de-las-naciones-unidas-visito-colombia\/#primaryimage\",\"url\":\"https:\/\/pagina10.com\/web\/wp-content\/uploads\/2021\/11\/Antonio-Guterres.jpg\",\"contentUrl\":\"https:\/\/pagina10.com\/web\/wp-content\/uploads\/2021\/11\/Antonio-Guterres.jpg\",\"width\":1280,\"height\":720},{\"@type\":\"BreadcrumbList\",\"@id\":\"https:\/\/pagina10.com\/web\/secretario-de-las-naciones-unidas-visito-colombia\/#breadcrumb\",\"itemListElement\":[{\"@type\":\"ListItem\",\"position\":1,\"name\":\"Portada\",\"item\":\"https:\/\/pagina10.com\/web\/\"},{\"@type\":\"ListItem\",\"position\":2,\"name\":\"Secretario de las Naciones Unidas visit\u00f3 Colombia\"}]},{\"@type\":\"WebSite\",\"@id\":\"https:\/\/pagina10.com\/web\/#website\",\"url\":\"https:\/\/pagina10.com\/web\/\",\"name\":\"P\u00e1gina10\",\"description\":\"Peri\u00f3dico Regional\",\"publisher\":{\"@id\":\"https:\/\/pagina10.com\/web\/#organization\"},\"alternateName\":\"P\u00e1gina10 Peri\u00f3dico Regional\",\"potentialAction\":[{\"@type\":\"SearchAction\",\"target\":{\"@type\":\"EntryPoint\",\"urlTemplate\":\"https:\/\/pagina10.com\/web\/?s={search_term_string}\"},\"query-input\":{\"@type\":\"PropertyValueSpecification\",\"valueRequired\":true,\"valueName\":\"search_term_string\"}}],\"inLanguage\":\"es\"},{\"@type\":\"Organization\",\"@id\":\"https:\/\/pagina10.com\/web\/#organization\",\"name\":\"P\u00e1gina10\",\"alternateName\":\"P\u00e1gina10 Peri\u00f3dico Regional\",\"url\":\"https:\/\/pagina10.com\/web\/\",\"logo\":{\"@type\":\"ImageObject\",\"inLanguage\":\"es\",\"@id\":\"https:\/\/pagina10.com\/web\/#\/schema\/logo\/image\/\",\"url\":\"https:\/\/pagina10.com\/web\/wp-content\/uploads\/2024\/01\/40-pagina-10-periodico-regional-pasto.jpg\",\"contentUrl\":\"https:\/\/pagina10.com\/web\/wp-content\/uploads\/2024\/01\/40-pagina-10-periodico-regional-pasto.jpg\",\"width\":1280,\"height\":720,\"caption\":\"P\u00e1gina10\"},\"image\":{\"@id\":\"https:\/\/pagina10.com\/web\/#\/schema\/logo\/image\/\"},\"sameAs\":[\"https:\/\/www.facebook.com\/pag10com\",\"https:\/\/x.com\/Pag10com\",\"https:\/\/www.instagram.com\/pagina10col\/\",\"https:\/\/youtube.com\/channel\/pag10\",\"https:\/\/www.tiktok.com\/@p10col\"]},{\"@type\":\"Person\",\"@id\":\"https:\/\/pagina10.com\/web\/#\/schema\/person\/2efc4a090d25b667d3bc796798a3a81b\",\"name\":\"P\u00e1gina 10\",\"description\":\"P\u00e1gina 10 es un peri\u00f3dico regional que nace en Colombia, en el departamento de Nari\u00f1o, con un enfoque global, fundamentado en cuatro pilares esenciales: la libertad, el pluralismo, la inclusi\u00f3n y la independencia. P\u00e1gina 10 hace referencia a Nari\u00f1o como el d\u00e9cimo departamento creado en Colombia, despu\u00e9s de un proceso pol\u00edtico liderado por actores y actrices regionales con el fin de obtener la independencia y autonom\u00eda de nuestros territorios. Con la creaci\u00f3n de P\u00e1gina 10 se pretende abrir un escenario para el dialogo, la reflexi\u00f3n y el debate que se extienda a otras geograf\u00edas de Am\u00e9rica Latina y del planeta, en una apuesta por transformar colectivamente los desaf\u00edos de un mundo contempor\u00e1neo, m\u00e1s all\u00e1 de las fronteras impuestas.\",\"url\":\"https:\/\/pagina10.com\/web\/author\/pdiezadmin\/\"}]}<\/script>\n<!-- \/ Yoast SEO plugin. -->","yoast_head_json":{"title":"Secretario de las Naciones Unidas visit\u00f3 Colombia | P\u00e1gina10","robots":{"index":"index","follow":"follow","max-snippet":"max-snippet:-1","max-image-preview":"max-image-preview:large","max-video-preview":"max-video-preview:-1"},"canonical":"https:\/\/pagina10.com\/web\/secretario-de-las-naciones-unidas-visito-colombia\/","og_locale":"es_ES","og_type":"article","og_title":"Secretario de las Naciones Unidas visit\u00f3 Colombia | P\u00e1gina10","og_url":"https:\/\/pagina10.com\/web\/secretario-de-las-naciones-unidas-visito-colombia\/","og_site_name":"P\u00e1gina10","article_publisher":"https:\/\/www.facebook.com\/pag10com","article_published_time":"2021-11-26T03:07:28+00:00","article_modified_time":"2021-11-26T03:46:16+00:00","og_image":[{"width":1280,"height":720,"url":"https:\/\/pagina10.com\/web\/wp-content\/uploads\/2021\/11\/Antonio-Guterres.jpg","type":"image\/jpeg"}],"author":"P\u00e1gina 10","twitter_card":"summary_large_image","twitter_creator":"@Pag10com","twitter_site":"@Pag10com","twitter_misc":{"Escrito por":"P\u00e1gina 10","Tiempo de lectura":"1 minuto"},"schema":{"@context":"https:\/\/schema.org","@graph":[{"@type":"Article","@id":"https:\/\/pagina10.com\/web\/secretario-de-las-naciones-unidas-visito-colombia\/#article","isPartOf":{"@id":"https:\/\/pagina10.com\/web\/secretario-de-las-naciones-unidas-visito-colombia\/"},"author":{"name":"P\u00e1gina 10","@id":"https:\/\/pagina10.com\/web\/#\/schema\/person\/2efc4a090d25b667d3bc796798a3a81b"},"headline":"Secretario de las Naciones Unidas visit\u00f3 Colombia","datePublished":"2021-11-26T03:07:28+00:00","dateModified":"2021-11-26T03:46:16+00:00","mainEntityOfPage":{"@id":"https:\/\/pagina10.com\/web\/secretario-de-las-naciones-unidas-visito-colombia\/"},"wordCount":195,"commentCount":0,"publisher":{"@id":"https:\/\/pagina10.com\/web\/#organization"},"image":{"@id":"https:\/\/pagina10.com\/web\/secretario-de-las-naciones-unidas-visito-colombia\/#primaryimage"},"thumbnailUrl":"https:\/\/pagina10.com\/web\/wp-content\/uploads\/2021\/11\/Antonio-Guterres.jpg","articleSection":["Nacional"],"inLanguage":"es","potentialAction":[{"@type":"CommentAction","name":"Comment","target":["https:\/\/pagina10.com\/web\/secretario-de-las-naciones-unidas-visito-colombia\/#respond"]}]},{"@type":"WebPage","@id":"https:\/\/pagina10.com\/web\/secretario-de-las-naciones-unidas-visito-colombia\/","url":"https:\/\/pagina10.com\/web\/secretario-de-las-naciones-unidas-visito-colombia\/","name":"Secretario de las Naciones Unidas visit\u00f3 Colombia | P\u00e1gina10","isPartOf":{"@id":"https:\/\/pagina10.com\/web\/#website"},"primaryImageOfPage":{"@id":"https:\/\/pagina10.com\/web\/secretario-de-las-naciones-unidas-visito-colombia\/#primaryimage"},"image":{"@id":"https:\/\/pagina10.com\/web\/secretario-de-las-naciones-unidas-visito-colombia\/#primaryimage"},"thumbnailUrl":"https:\/\/pagina10.com\/web\/wp-content\/uploads\/2021\/11\/Antonio-Guterres.jpg","datePublished":"2021-11-26T03:07:28+00:00","dateModified":"2021-11-26T03:46:16+00:00","breadcrumb":{"@id":"https:\/\/pagina10.com\/web\/secretario-de-las-naciones-unidas-visito-colombia\/#breadcrumb"},"inLanguage":"es","potentialAction":[{"@type":"ReadAction","target":["https:\/\/pagina10.com\/web\/secretario-de-las-naciones-unidas-visito-colombia\/"]}]},{"@type":"ImageObject","inLanguage":"es","@id":"https:\/\/pagina10.com\/web\/secretario-de-las-naciones-unidas-visito-colombia\/#primaryimage","url":"https:\/\/pagina10.com\/web\/wp-content\/uploads\/2021\/11\/Antonio-Guterres.jpg","contentUrl":"https:\/\/pagina10.com\/web\/wp-content\/uploads\/2021\/11\/Antonio-Guterres.jpg","width":1280,"height":720},{"@type":"BreadcrumbList","@id":"https:\/\/pagina10.com\/web\/secretario-de-las-naciones-unidas-visito-colombia\/#breadcrumb","itemListElement":[{"@type":"ListItem","position":1,"name":"Portada","item":"https:\/\/pagina10.com\/web\/"},{"@type":"ListItem","position":2,"name":"Secretario de las Naciones Unidas visit\u00f3 Colombia"}]},{"@type":"WebSite","@id":"https:\/\/pagina10.com\/web\/#website","url":"https:\/\/pagina10.com\/web\/","name":"P\u00e1gina10","description":"Peri\u00f3dico Regional","publisher":{"@id":"https:\/\/pagina10.com\/web\/#organization"},"alternateName":"P\u00e1gina10 Peri\u00f3dico Regional","potentialAction":[{"@type":"SearchAction","target":{"@type":"EntryPoint","urlTemplate":"https:\/\/pagina10.com\/web\/?s={search_term_string}"},"query-input":{"@type":"PropertyValueSpecification","valueRequired":true,"valueName":"search_term_string"}}],"inLanguage":"es"},{"@type":"Organization","@id":"https:\/\/pagina10.com\/web\/#organization","name":"P\u00e1gina10","alternateName":"P\u00e1gina10 Peri\u00f3dico Regional","url":"https:\/\/pagina10.com\/web\/","logo":{"@type":"ImageObject","inLanguage":"es","@id":"https:\/\/pagina10.com\/web\/#\/schema\/logo\/image\/","url":"https:\/\/pagina10.com\/web\/wp-content\/uploads\/2024\/01\/40-pagina-10-periodico-regional-pasto.jpg","contentUrl":"https:\/\/pagina10.com\/web\/wp-content\/uploads\/2024\/01\/40-pagina-10-periodico-regional-pasto.jpg","width":1280,"height":720,"caption":"P\u00e1gina10"},"image":{"@id":"https:\/\/pagina10.com\/web\/#\/schema\/logo\/image\/"},"sameAs":["https:\/\/www.facebook.com\/pag10com","https:\/\/x.com\/Pag10com","https:\/\/www.instagram.com\/pagina10col\/","https:\/\/youtube.com\/channel\/pag10","https:\/\/www.tiktok.com\/@p10col"]},{"@type":"Person","@id":"https:\/\/pagina10.com\/web\/#\/schema\/person\/2efc4a090d25b667d3bc796798a3a81b","name":"P\u00e1gina 10","description":"P\u00e1gina 10 es un peri\u00f3dico regional que nace en Colombia, en el departamento de Nari\u00f1o, con un enfoque global, fundamentado en cuatro pilares esenciales: la libertad, el pluralismo, la inclusi\u00f3n y la independencia. P\u00e1gina 10 hace referencia a Nari\u00f1o como el d\u00e9cimo departamento creado en Colombia, despu\u00e9s de un proceso pol\u00edtico liderado por actores y actrices regionales con el fin de obtener la independencia y autonom\u00eda de nuestros territorios. Con la creaci\u00f3n de P\u00e1gina 10 se pretende abrir un escenario para el dialogo, la reflexi\u00f3n y el debate que se extienda a otras geograf\u00edas de Am\u00e9rica Latina y del planeta, en una apuesta por transformar colectivamente los desaf\u00edos de un mundo contempor\u00e1neo, m\u00e1s all\u00e1 de las fronteras impuestas.","url":"https:\/\/pagina10.com\/web\/author\/pdiezadmin\/"}]}},"_links":{"self":[{"href":"https:\/\/pagina10.com\/web\/wp-json\/wp\/v2\/posts\/57077","targetHints":{"allow":["GET"]}}],"collection":[{"href":"https:\/\/pagina10.com\/web\/wp-json\/wp\/v2\/posts"}],"about":[{"href":"https:\/\/pagina10.com\/web\/wp-json\/wp\/v2\/types\/post"}],"author":[{"embeddable":true,"href":"https:\/\/pagina10.com\/web\/wp-json\/wp\/v2\/users\/1"}],"replies":[{"embeddable":true,"href":"https:\/\/pagina10.com\/web\/wp-json\/wp\/v2\/comments?post=57077"}],"version-history":[{"count":2,"href":"https:\/\/pagina10.com\/web\/wp-json\/wp\/v2\/posts\/57077\/revisions"}],"predecessor-version":[{"id":57080,"href":"https:\/\/pagina10.com\/web\/wp-json\/wp\/v2\/posts\/57077\/revisions\/57080"}],"wp:featuredmedia":[{"embeddable":true,"href":"https:\/\/pagina10.com\/web\/wp-json\/wp\/v2\/media\/57078"}],"wp:attachment":[{"href":"https:\/\/pagina10.com\/web\/wp-json\/wp\/v2\/media?parent=57077"}],"wp:term":[{"taxonomy":"category","embeddable":true,"href":"https:\/\/pagina10.com\/web\/wp-json\/wp\/v2\/categories?post=57077"},{"taxonomy":"post_tag","embeddable":true,"href":"https:\/\/pagina10.com\/web\/wp-json\/wp\/v2\/tags?post=57077"}],"curies":[{"name":"wp","href":"https:\/\/api.w.org\/{rel}","templated":true}]}}