{"id":57091,"date":"2021-11-26T20:55:33","date_gmt":"2021-11-27T01:55:33","guid":{"rendered":"https:\/\/pagina10.com\/web\/?p=57091"},"modified":"2021-11-26T20:58:40","modified_gmt":"2021-11-27T01:58:40","slug":"cafe-por-punto","status":"publish","type":"post","link":"https:\/\/pagina10.com\/web\/cafe-por-punto\/","title":{"rendered":"Caf\u00e9 por Punto"},"content":{"rendered":"<p style=\"text-align: justify;\">La Universidad Cooperativa de Colombia en alianza con la Regi\u00f3n Administrativa y de Planeaci\u00f3n del Pac\u00edfico RAP Pac\u00edfico,\u00a0 PETI\u00a0 soluciones productivas, Asteagro, la\u00a0 Gobernaci\u00f3n de Nari\u00f1o, el Ministerio de Ciencia, Tecnolog\u00eda e Innovaci\u00f3n y el Sistema General de Regal\u00edas realizaron al acto de lanzamiento del proyecto \u201cImplementaci\u00f3n de Agricultura Espec\u00edfica como herramienta de innovaci\u00f3n y transferencia tecnol\u00f3gica para atender las necesidades econ\u00f3micas ocasionadas por el COVID-19 en regiones productoras de caf\u00e9s especiales en el departamento de Nari\u00f1o\u201d, que se denomin\u00f3 &#8220;Caf\u00e9 X Punto&#8221; para mayor recordaci\u00f3n.<\/p>\n<p style=\"text-align: justify;\">Nari\u00f1o cuenta con una gran diversidad de regiones como efecto de estar ubicado en el nudo de los pastos. A poco de tiempo de viaje encontramos gran diversidad de climas, vegetaci\u00f3n, fauna y una diversidad cultural fascinante. Es por esto que en su entorno encontramos muchos productos de gran potencial para el desarrollo econ\u00f3mico y entre ellos el caf\u00e9, que por sus caracter\u00edsticas especiales se ha convertido en un producto de inter\u00e9s comercial muy relevante.<\/p>\n<p style=\"text-align: justify;\">El caf\u00e9 es una de las cadenas productivas m\u00e1s importantes del pa\u00eds, y Nari\u00f1o ha encontrado espacio de participaci\u00f3n por medio de la producci\u00f3n de caf\u00e9s especiales resultantes de la mezcla de condiciones particulares del territorio como los suelos volc\u00e1nicos, variedad de altura en los cultivos del territorio y las mismas practicas agron\u00f3micas de los particulares de los caficultores, ya que en territorio es dominante el minifundio por lo tanto el grado de dedicaci\u00f3n al cultivo es mayor.<\/p>\n<p style=\"text-align: justify;\">De esta forma el caf\u00e9 se ha convertido en\u00a0una gran fuente de progreso y desarrollo econ\u00f3mico para Nari\u00f1o, y aunque su cultivo se ha extendido a 41 de los 64 municipios del departamento, los caficultores no cuentan con la asistencia t\u00e9cnica necesaria para lograr una buena producci\u00f3n, procesamiento y comercializaci\u00f3n, por ello se hace indispensable generar y ejecutar proyectos que permitan apalancar la caficultura como motor del desarrollo y progreso para la regi\u00f3n<\/p>\n<p style=\"text-align: justify;\">Es por esto que, con la capacidad institucional que tenemos, hemos buscado aportar de forma positiva al sector productivo del departamento y Caf\u00e9 por punto es el reflejo de la articulaci\u00f3n regional y nacional para mejorar las condiciones productivas y de vida de los productores de caf\u00e9 de Nari\u00f1o.<\/p>\n<p style=\"text-align: justify;\">Con la ejecuci\u00f3n de este proyecto se beneficiar\u00e1 a 1.500 Productores de caf\u00e9 especial y sus familias, pertenecientes a organizaciones de productores ubicados en los municipios de Buesaco y el Tabl\u00f3n de G\u00f3mez y su objetivo central del ser\u00e1 aumentar el nivel de implementaci\u00f3n de tecnolog\u00edas innovadoras aplicadas a procesos de producci\u00f3n de caf\u00e9s especiales en el departamento de Nari\u00f1o<\/p>\n<p style=\"text-align: justify;\">La ejecuci\u00f3n de este proyecto lograr\u00e1 el Incremento de las capacidades en los productores para garantizar agronegocios sostenibles asociativos a partir de la innovaci\u00f3n y estandarizaci\u00f3n de procesos que garanticen la sostenibilidad del perfil y la calidad de la taza, asimismo de los mercados existentes y la incursi\u00f3n en nuevas oportunidades de negocio<\/p>\n<p style=\"text-align: justify;\">El departamento de Nari\u00f1o ha establecido una serie de demandas territoriales cuya intervenci\u00f3n permitir\u00e1 a la regi\u00f3n, mejorar su competitividad, nuestro compromiso institucional es contribuir en la respuesta a dichas demandas con enfoque social, solidario y de innovaci\u00f3n. Caf\u00e9 por punto empezar\u00e1 su ejecuci\u00f3n en enero del 2022.<\/p>\n<p style=\"text-align: justify;\">\u00a0En el acto de lanzamiento del proyecto que se realiz\u00f3 en el marco del Primer Foro Econ\u00f3mico Regional organizado por la Gobernaci\u00f3n de Nari\u00f1o participaron el Gerente Regi\u00f3n Administrativa y de Planeaci\u00f3n del Pac\u00edfico RAP Pac\u00edfico, Camilo Ernesto Lloreda Becerra, la Rectora de la Universidad Cooperativa de Colombia, Maritza Rond\u00f3n Rangel el Director de la Universidad Cooperativa de Colombia campus Pasto, Victor Hugo Villota Alvarado, el representante de Asteagro H\u00e9ctor Benavides y la representante de PETI soluciones productivas, Luisa Fernanda Rios.<\/p>\n<p>&nbsp;<\/p>\n<blockquote class=\"instagram-media\" style=\"background: #FFF; border: 0; border-radius: 3px; box-shadow: 0 0 1px 0 rgba(0,0,0,0.5),0 1px 10px 0 rgba(0,0,0,0.15); margin: 1px; max-width: 540px; min-width: 326px; padding: 0; width: calc(100% - 2px);\" data-instgrm-captioned=\"\" data-instgrm-permalink=\"https:\/\/www.instagram.com\/tv\/CWt2WDwjjCm\/?utm_source=ig_embed&amp;utm_campaign=loading\" data-instgrm-version=\"14\">\n<div style=\"padding: 16px;\">\n<p>&nbsp;<\/p>\n<div style=\"display: flex; flex-direction: row; align-items: center;\">\n<div style=\"background-color: #f4f4f4; border-radius: 50%; flex-grow: 0; height: 40px; margin-right: 14px; width: 40px;\"><\/div>\n<div style=\"display: flex; flex-direction: column; flex-grow: 1; justify-content: center;\">\n<div style=\"background-color: #f4f4f4; border-radius: 4px; flex-grow: 0; height: 14px; margin-bottom: 6px; width: 100px;\"><\/div>\n<div style=\"background-color: #f4f4f4; border-radius: 4px; flex-grow: 0; height: 14px; width: 60px;\"><\/div>\n<\/div>\n<\/div>\n<div style=\"padding: 19% 0;\"><\/div>\n<div style=\"display: block; height: 50px; margin: 0 auto 12px; width: 50px;\"><\/div>\n<div style=\"padding-top: 8px;\">\n<div style=\"color: #3897f0; font-family: Arial,sans-serif; font-size: 14px; font-style: normal; font-weight: 550; line-height: 18px;\">Ver esta publicaci\u00f3n en Instagram<\/div>\n<\/div>\n<div style=\"padding: 12.5% 0;\"><\/div>\n<div style=\"display: flex; flex-direction: row; margin-bottom: 14px; align-items: center;\">\n<div>\n<div style=\"background-color: #f4f4f4; border-radius: 50%; height: 12.5px; width: 12.5px; transform: translateX(0px) translateY(7px);\"><\/div>\n<div style=\"background-color: #f4f4f4; height: 12.5px; transform: rotate(-45deg) translateX(3px) translateY(1px); width: 12.5px; flex-grow: 0; margin-right: 14px; margin-left: 2px;\"><\/div>\n<div style=\"background-color: #f4f4f4; border-radius: 50%; height: 12.5px; width: 12.5px; transform: translateX(9px) translateY(-18px);\"><\/div>\n<\/div>\n<div style=\"margin-left: 8px;\">\n<div style=\"background-color: #f4f4f4; border-radius: 50%; flex-grow: 0; height: 20px; width: 20px;\"><\/div>\n<div style=\"width: 0; height: 0; border-top: 2px solid transparent; border-left: 6px solid #f4f4f4; border-bottom: 2px solid transparent; transform: translateX(16px) translateY(-4px) rotate(30deg);\"><\/div>\n<\/div>\n<div style=\"margin-left: auto;\">\n<div style=\"width: 0px; border-top: 8px solid #F4F4F4; border-right: 8px solid transparent; transform: translateY(16px);\"><\/div>\n<div style=\"background-color: #f4f4f4; flex-grow: 0; height: 12px; width: 16px; transform: translateY(-4px);\"><\/div>\n<div style=\"width: 0; height: 0; border-top: 8px solid #F4F4F4; border-left: 8px solid transparent; transform: translateY(-4px) translateX(8px);\"><\/div>\n<\/div>\n<\/div>\n<div style=\"display: flex; flex-direction: column; flex-grow: 1; justify-content: center; margin-bottom: 24px;\">\n<div style=\"background-color: #f4f4f4; border-radius: 4px; flex-grow: 0; height: 14px; margin-bottom: 6px; width: 224px;\"><\/div>\n<div style=\"background-color: #f4f4f4; border-radius: 4px; flex-grow: 0; height: 14px; width: 144px;\"><\/div>\n<\/div>\n<p>&nbsp;<\/p>\n<p style=\"color: #c9c8cd; font-family: Arial,sans-serif; font-size: 14px; line-height: 17px; margin-bottom: 0; margin-top: 8px; overflow: hidden; padding: 8px 0 7px; text-align: center; text-overflow: ellipsis; white-space: nowrap;\"><a style=\"color: #c9c8cd; font-family: Arial,sans-serif; font-size: 14px; font-style: normal; font-weight: normal; line-height: 17px; text-decoration: none;\" href=\"https:\/\/www.instagram.com\/tv\/CWt2WDwjjCm\/?utm_source=ig_embed&amp;utm_campaign=loading\" target=\"_blank\" rel=\"noopener\">Una publicaci\u00f3n compartida por P\u00e1gina 10 (@pagina10col)<\/a><\/p>\n<\/div>\n<\/blockquote>\n<p><script async src=\"\/\/www.instagram.com\/embed.js\"><\/script><\/p>\n<p>&nbsp;<\/p>\n<p style=\"text-align: justify;\">M\u00e1s informaci\u00f3n<\/p>\n<p style=\"text-align: justify;\">M\u00f3nica Juez<\/p>\n<p style=\"text-align: justify;\">Coordinadora de Comunicaciones<\/p>\n<p style=\"text-align: justify;\">Cel 3155822816<\/p>\n<p style=\"text-align: justify;\">\n","protected":false},"excerpt":{"rendered":"<p>La Universidad Cooperativa de Colombia en alianza con la Regi\u00f3n Administrativa y de Planeaci\u00f3n del Pac\u00edfico RAP Pac\u00edfico,\u00a0 PETI\u00a0 soluciones productivas, Asteagro, la\u00a0 Gobernaci\u00f3n de Nari\u00f1o, el Ministerio de Ciencia, Tecnolog\u00eda e Innovaci\u00f3n y el Sistema General de Regal\u00edas realizaron al acto de lanzamiento del proyecto \u201cImplementaci\u00f3n de Agricultura Espec\u00edfica como herramienta de innovaci\u00f3n y [&hellip;]<\/p>\n","protected":false},"author":1,"featured_media":57092,"comment_status":"open","ping_status":"open","sticky":false,"template":"","format":"standard","meta":{"footnotes":""},"categories":[13],"tags":[],"class_list":["post-57091","post","type-post","status-publish","format-standard","has-post-thumbnail","hentry","category-economia"],"yoast_head":"<!-- This site is optimized with the Yoast SEO plugin v27.1.1 - https:\/\/yoast.com\/product\/yoast-seo-wordpress\/ -->\n<title>Caf\u00e9 por Punto | P\u00e1gina10<\/title>\n<meta name=\"robots\" content=\"index, follow, max-snippet:-1, max-image-preview:large, max-video-preview:-1\" \/>\n<link rel=\"canonical\" href=\"https:\/\/pagina10.com\/web\/cafe-por-punto\/\" \/>\n<meta property=\"og:locale\" content=\"es_ES\" \/>\n<meta property=\"og:type\" content=\"article\" \/>\n<meta property=\"og:title\" content=\"Caf\u00e9 por Punto | P\u00e1gina10\" \/>\n<meta property=\"og:description\" content=\"La Universidad Cooperativa de Colombia en alianza con la Regi\u00f3n Administrativa y de Planeaci\u00f3n del Pac\u00edfico RAP Pac\u00edfico, PETI soluciones productivas, Asteagro, la Gobernaci\u00f3n de Nari\u00f1o, el Ministerio de Ciencia, Tecnolog\u00eda e Innovaci\u00f3n y el Sistema General de Regal\u00edas realizaron al acto de lanzamiento del proyecto \u201cImplementaci\u00f3n de Agricultura Espec\u00edfica como herramienta de innovaci\u00f3n y [&hellip;]\" \/>\n<meta property=\"og:url\" content=\"https:\/\/pagina10.com\/web\/cafe-por-punto\/\" \/>\n<meta property=\"og:site_name\" content=\"P\u00e1gina10\" \/>\n<meta property=\"article:publisher\" content=\"https:\/\/www.facebook.com\/pag10com\" \/>\n<meta property=\"article:published_time\" content=\"2021-11-27T01:55:33+00:00\" \/>\n<meta property=\"article:modified_time\" content=\"2021-11-27T01:58:40+00:00\" \/>\n<meta property=\"og:image\" content=\"https:\/\/pagina10.com\/web\/wp-content\/uploads\/2021\/11\/DSC_0088-scaled.jpg\" \/>\n\t<meta property=\"og:image:width\" content=\"2560\" \/>\n\t<meta property=\"og:image:height\" content=\"1707\" \/>\n\t<meta property=\"og:image:type\" content=\"image\/jpeg\" \/>\n<meta name=\"author\" content=\"P\u00e1gina 10\" \/>\n<meta name=\"twitter:card\" content=\"summary_large_image\" \/>\n<meta name=\"twitter:creator\" content=\"@Pag10com\" \/>\n<meta name=\"twitter:site\" content=\"@Pag10com\" \/>\n<meta name=\"twitter:label1\" content=\"Escrito por\" \/>\n\t<meta name=\"twitter:data1\" content=\"P\u00e1gina 10\" \/>\n\t<meta name=\"twitter:label2\" content=\"Tiempo de lectura\" \/>\n\t<meta name=\"twitter:data2\" content=\"3 minutos\" \/>\n<script type=\"application\/ld+json\" class=\"yoast-schema-graph\">{\"@context\":\"https:\/\/schema.org\",\"@graph\":[{\"@type\":\"Article\",\"@id\":\"https:\/\/pagina10.com\/web\/cafe-por-punto\/#article\",\"isPartOf\":{\"@id\":\"https:\/\/pagina10.com\/web\/cafe-por-punto\/\"},\"author\":{\"name\":\"P\u00e1gina 10\",\"@id\":\"https:\/\/pagina10.com\/web\/#\/schema\/person\/2efc4a090d25b667d3bc796798a3a81b\"},\"headline\":\"Caf\u00e9 por Punto\",\"datePublished\":\"2021-11-27T01:55:33+00:00\",\"dateModified\":\"2021-11-27T01:58:40+00:00\",\"mainEntityOfPage\":{\"@id\":\"https:\/\/pagina10.com\/web\/cafe-por-punto\/\"},\"wordCount\":698,\"commentCount\":0,\"publisher\":{\"@id\":\"https:\/\/pagina10.com\/web\/#organization\"},\"image\":{\"@id\":\"https:\/\/pagina10.com\/web\/cafe-por-punto\/#primaryimage\"},\"thumbnailUrl\":\"https:\/\/pagina10.com\/web\/wp-content\/uploads\/2021\/11\/DSC_0088-scaled.jpg\",\"articleSection\":[\"Econom\u00eda\"],\"inLanguage\":\"es\",\"potentialAction\":[{\"@type\":\"CommentAction\",\"name\":\"Comment\",\"target\":[\"https:\/\/pagina10.com\/web\/cafe-por-punto\/#respond\"]}]},{\"@type\":\"WebPage\",\"@id\":\"https:\/\/pagina10.com\/web\/cafe-por-punto\/\",\"url\":\"https:\/\/pagina10.com\/web\/cafe-por-punto\/\",\"name\":\"Caf\u00e9 por Punto | P\u00e1gina10\",\"isPartOf\":{\"@id\":\"https:\/\/pagina10.com\/web\/#website\"},\"primaryImageOfPage\":{\"@id\":\"https:\/\/pagina10.com\/web\/cafe-por-punto\/#primaryimage\"},\"image\":{\"@id\":\"https:\/\/pagina10.com\/web\/cafe-por-punto\/#primaryimage\"},\"thumbnailUrl\":\"https:\/\/pagina10.com\/web\/wp-content\/uploads\/2021\/11\/DSC_0088-scaled.jpg\",\"datePublished\":\"2021-11-27T01:55:33+00:00\",\"dateModified\":\"2021-11-27T01:58:40+00:00\",\"breadcrumb\":{\"@id\":\"https:\/\/pagina10.com\/web\/cafe-por-punto\/#breadcrumb\"},\"inLanguage\":\"es\",\"potentialAction\":[{\"@type\":\"ReadAction\",\"target\":[\"https:\/\/pagina10.com\/web\/cafe-por-punto\/\"]}]},{\"@type\":\"ImageObject\",\"inLanguage\":\"es\",\"@id\":\"https:\/\/pagina10.com\/web\/cafe-por-punto\/#primaryimage\",\"url\":\"https:\/\/pagina10.com\/web\/wp-content\/uploads\/2021\/11\/DSC_0088-scaled.jpg\",\"contentUrl\":\"https:\/\/pagina10.com\/web\/wp-content\/uploads\/2021\/11\/DSC_0088-scaled.jpg\",\"width\":2560,\"height\":1707},{\"@type\":\"BreadcrumbList\",\"@id\":\"https:\/\/pagina10.com\/web\/cafe-por-punto\/#breadcrumb\",\"itemListElement\":[{\"@type\":\"ListItem\",\"position\":1,\"name\":\"Portada\",\"item\":\"https:\/\/pagina10.com\/web\/\"},{\"@type\":\"ListItem\",\"position\":2,\"name\":\"Caf\u00e9 por Punto\"}]},{\"@type\":\"WebSite\",\"@id\":\"https:\/\/pagina10.com\/web\/#website\",\"url\":\"https:\/\/pagina10.com\/web\/\",\"name\":\"P\u00e1gina10\",\"description\":\"Peri\u00f3dico Regional\",\"publisher\":{\"@id\":\"https:\/\/pagina10.com\/web\/#organization\"},\"alternateName\":\"P\u00e1gina10 Peri\u00f3dico Regional\",\"potentialAction\":[{\"@type\":\"SearchAction\",\"target\":{\"@type\":\"EntryPoint\",\"urlTemplate\":\"https:\/\/pagina10.com\/web\/?s={search_term_string}\"},\"query-input\":{\"@type\":\"PropertyValueSpecification\",\"valueRequired\":true,\"valueName\":\"search_term_string\"}}],\"inLanguage\":\"es\"},{\"@type\":\"Organization\",\"@id\":\"https:\/\/pagina10.com\/web\/#organization\",\"name\":\"P\u00e1gina10\",\"alternateName\":\"P\u00e1gina10 Peri\u00f3dico Regional\",\"url\":\"https:\/\/pagina10.com\/web\/\",\"logo\":{\"@type\":\"ImageObject\",\"inLanguage\":\"es\",\"@id\":\"https:\/\/pagina10.com\/web\/#\/schema\/logo\/image\/\",\"url\":\"https:\/\/pagina10.com\/web\/wp-content\/uploads\/2024\/01\/40-pagina-10-periodico-regional-pasto.jpg\",\"contentUrl\":\"https:\/\/pagina10.com\/web\/wp-content\/uploads\/2024\/01\/40-pagina-10-periodico-regional-pasto.jpg\",\"width\":1280,\"height\":720,\"caption\":\"P\u00e1gina10\"},\"image\":{\"@id\":\"https:\/\/pagina10.com\/web\/#\/schema\/logo\/image\/\"},\"sameAs\":[\"https:\/\/www.facebook.com\/pag10com\",\"https:\/\/x.com\/Pag10com\",\"https:\/\/www.instagram.com\/pagina10col\/\",\"https:\/\/youtube.com\/channel\/pag10\",\"https:\/\/www.tiktok.com\/@p10col\"]},{\"@type\":\"Person\",\"@id\":\"https:\/\/pagina10.com\/web\/#\/schema\/person\/2efc4a090d25b667d3bc796798a3a81b\",\"name\":\"P\u00e1gina 10\",\"description\":\"P\u00e1gina 10 es un peri\u00f3dico regional que nace en Colombia, en el departamento de Nari\u00f1o, con un enfoque global, fundamentado en cuatro pilares esenciales: la libertad, el pluralismo, la inclusi\u00f3n y la independencia. P\u00e1gina 10 hace referencia a Nari\u00f1o como el d\u00e9cimo departamento creado en Colombia, despu\u00e9s de un proceso pol\u00edtico liderado por actores y actrices regionales con el fin de obtener la independencia y autonom\u00eda de nuestros territorios. Con la creaci\u00f3n de P\u00e1gina 10 se pretende abrir un escenario para el dialogo, la reflexi\u00f3n y el debate que se extienda a otras geograf\u00edas de Am\u00e9rica Latina y del planeta, en una apuesta por transformar colectivamente los desaf\u00edos de un mundo contempor\u00e1neo, m\u00e1s all\u00e1 de las fronteras impuestas.\",\"url\":\"https:\/\/pagina10.com\/web\/author\/pdiezadmin\/\"}]}<\/script>\n<!-- \/ Yoast SEO plugin. -->","yoast_head_json":{"title":"Caf\u00e9 por Punto | P\u00e1gina10","robots":{"index":"index","follow":"follow","max-snippet":"max-snippet:-1","max-image-preview":"max-image-preview:large","max-video-preview":"max-video-preview:-1"},"canonical":"https:\/\/pagina10.com\/web\/cafe-por-punto\/","og_locale":"es_ES","og_type":"article","og_title":"Caf\u00e9 por Punto | P\u00e1gina10","og_description":"La Universidad Cooperativa de Colombia en alianza con la Regi\u00f3n Administrativa y de Planeaci\u00f3n del Pac\u00edfico RAP Pac\u00edfico, PETI soluciones productivas, Asteagro, la Gobernaci\u00f3n de Nari\u00f1o, el Ministerio de Ciencia, Tecnolog\u00eda e Innovaci\u00f3n y el Sistema General de Regal\u00edas realizaron al acto de lanzamiento del proyecto \u201cImplementaci\u00f3n de Agricultura Espec\u00edfica como herramienta de innovaci\u00f3n y [&hellip;]","og_url":"https:\/\/pagina10.com\/web\/cafe-por-punto\/","og_site_name":"P\u00e1gina10","article_publisher":"https:\/\/www.facebook.com\/pag10com","article_published_time":"2021-11-27T01:55:33+00:00","article_modified_time":"2021-11-27T01:58:40+00:00","og_image":[{"width":2560,"height":1707,"url":"https:\/\/pagina10.com\/web\/wp-content\/uploads\/2021\/11\/DSC_0088-scaled.jpg","type":"image\/jpeg"}],"author":"P\u00e1gina 10","twitter_card":"summary_large_image","twitter_creator":"@Pag10com","twitter_site":"@Pag10com","twitter_misc":{"Escrito por":"P\u00e1gina 10","Tiempo de lectura":"3 minutos"},"schema":{"@context":"https:\/\/schema.org","@graph":[{"@type":"Article","@id":"https:\/\/pagina10.com\/web\/cafe-por-punto\/#article","isPartOf":{"@id":"https:\/\/pagina10.com\/web\/cafe-por-punto\/"},"author":{"name":"P\u00e1gina 10","@id":"https:\/\/pagina10.com\/web\/#\/schema\/person\/2efc4a090d25b667d3bc796798a3a81b"},"headline":"Caf\u00e9 por Punto","datePublished":"2021-11-27T01:55:33+00:00","dateModified":"2021-11-27T01:58:40+00:00","mainEntityOfPage":{"@id":"https:\/\/pagina10.com\/web\/cafe-por-punto\/"},"wordCount":698,"commentCount":0,"publisher":{"@id":"https:\/\/pagina10.com\/web\/#organization"},"image":{"@id":"https:\/\/pagina10.com\/web\/cafe-por-punto\/#primaryimage"},"thumbnailUrl":"https:\/\/pagina10.com\/web\/wp-content\/uploads\/2021\/11\/DSC_0088-scaled.jpg","articleSection":["Econom\u00eda"],"inLanguage":"es","potentialAction":[{"@type":"CommentAction","name":"Comment","target":["https:\/\/pagina10.com\/web\/cafe-por-punto\/#respond"]}]},{"@type":"WebPage","@id":"https:\/\/pagina10.com\/web\/cafe-por-punto\/","url":"https:\/\/pagina10.com\/web\/cafe-por-punto\/","name":"Caf\u00e9 por Punto | P\u00e1gina10","isPartOf":{"@id":"https:\/\/pagina10.com\/web\/#website"},"primaryImageOfPage":{"@id":"https:\/\/pagina10.com\/web\/cafe-por-punto\/#primaryimage"},"image":{"@id":"https:\/\/pagina10.com\/web\/cafe-por-punto\/#primaryimage"},"thumbnailUrl":"https:\/\/pagina10.com\/web\/wp-content\/uploads\/2021\/11\/DSC_0088-scaled.jpg","datePublished":"2021-11-27T01:55:33+00:00","dateModified":"2021-11-27T01:58:40+00:00","breadcrumb":{"@id":"https:\/\/pagina10.com\/web\/cafe-por-punto\/#breadcrumb"},"inLanguage":"es","potentialAction":[{"@type":"ReadAction","target":["https:\/\/pagina10.com\/web\/cafe-por-punto\/"]}]},{"@type":"ImageObject","inLanguage":"es","@id":"https:\/\/pagina10.com\/web\/cafe-por-punto\/#primaryimage","url":"https:\/\/pagina10.com\/web\/wp-content\/uploads\/2021\/11\/DSC_0088-scaled.jpg","contentUrl":"https:\/\/pagina10.com\/web\/wp-content\/uploads\/2021\/11\/DSC_0088-scaled.jpg","width":2560,"height":1707},{"@type":"BreadcrumbList","@id":"https:\/\/pagina10.com\/web\/cafe-por-punto\/#breadcrumb","itemListElement":[{"@type":"ListItem","position":1,"name":"Portada","item":"https:\/\/pagina10.com\/web\/"},{"@type":"ListItem","position":2,"name":"Caf\u00e9 por Punto"}]},{"@type":"WebSite","@id":"https:\/\/pagina10.com\/web\/#website","url":"https:\/\/pagina10.com\/web\/","name":"P\u00e1gina10","description":"Peri\u00f3dico Regional","publisher":{"@id":"https:\/\/pagina10.com\/web\/#organization"},"alternateName":"P\u00e1gina10 Peri\u00f3dico Regional","potentialAction":[{"@type":"SearchAction","target":{"@type":"EntryPoint","urlTemplate":"https:\/\/pagina10.com\/web\/?s={search_term_string}"},"query-input":{"@type":"PropertyValueSpecification","valueRequired":true,"valueName":"search_term_string"}}],"inLanguage":"es"},{"@type":"Organization","@id":"https:\/\/pagina10.com\/web\/#organization","name":"P\u00e1gina10","alternateName":"P\u00e1gina10 Peri\u00f3dico Regional","url":"https:\/\/pagina10.com\/web\/","logo":{"@type":"ImageObject","inLanguage":"es","@id":"https:\/\/pagina10.com\/web\/#\/schema\/logo\/image\/","url":"https:\/\/pagina10.com\/web\/wp-content\/uploads\/2024\/01\/40-pagina-10-periodico-regional-pasto.jpg","contentUrl":"https:\/\/pagina10.com\/web\/wp-content\/uploads\/2024\/01\/40-pagina-10-periodico-regional-pasto.jpg","width":1280,"height":720,"caption":"P\u00e1gina10"},"image":{"@id":"https:\/\/pagina10.com\/web\/#\/schema\/logo\/image\/"},"sameAs":["https:\/\/www.facebook.com\/pag10com","https:\/\/x.com\/Pag10com","https:\/\/www.instagram.com\/pagina10col\/","https:\/\/youtube.com\/channel\/pag10","https:\/\/www.tiktok.com\/@p10col"]},{"@type":"Person","@id":"https:\/\/pagina10.com\/web\/#\/schema\/person\/2efc4a090d25b667d3bc796798a3a81b","name":"P\u00e1gina 10","description":"P\u00e1gina 10 es un peri\u00f3dico regional que nace en Colombia, en el departamento de Nari\u00f1o, con un enfoque global, fundamentado en cuatro pilares esenciales: la libertad, el pluralismo, la inclusi\u00f3n y la independencia. P\u00e1gina 10 hace referencia a Nari\u00f1o como el d\u00e9cimo departamento creado en Colombia, despu\u00e9s de un proceso pol\u00edtico liderado por actores y actrices regionales con el fin de obtener la independencia y autonom\u00eda de nuestros territorios. Con la creaci\u00f3n de P\u00e1gina 10 se pretende abrir un escenario para el dialogo, la reflexi\u00f3n y el debate que se extienda a otras geograf\u00edas de Am\u00e9rica Latina y del planeta, en una apuesta por transformar colectivamente los desaf\u00edos de un mundo contempor\u00e1neo, m\u00e1s all\u00e1 de las fronteras impuestas.","url":"https:\/\/pagina10.com\/web\/author\/pdiezadmin\/"}]}},"_links":{"self":[{"href":"https:\/\/pagina10.com\/web\/wp-json\/wp\/v2\/posts\/57091","targetHints":{"allow":["GET"]}}],"collection":[{"href":"https:\/\/pagina10.com\/web\/wp-json\/wp\/v2\/posts"}],"about":[{"href":"https:\/\/pagina10.com\/web\/wp-json\/wp\/v2\/types\/post"}],"author":[{"embeddable":true,"href":"https:\/\/pagina10.com\/web\/wp-json\/wp\/v2\/users\/1"}],"replies":[{"embeddable":true,"href":"https:\/\/pagina10.com\/web\/wp-json\/wp\/v2\/comments?post=57091"}],"version-history":[{"count":2,"href":"https:\/\/pagina10.com\/web\/wp-json\/wp\/v2\/posts\/57091\/revisions"}],"predecessor-version":[{"id":57094,"href":"https:\/\/pagina10.com\/web\/wp-json\/wp\/v2\/posts\/57091\/revisions\/57094"}],"wp:featuredmedia":[{"embeddable":true,"href":"https:\/\/pagina10.com\/web\/wp-json\/wp\/v2\/media\/57092"}],"wp:attachment":[{"href":"https:\/\/pagina10.com\/web\/wp-json\/wp\/v2\/media?parent=57091"}],"wp:term":[{"taxonomy":"category","embeddable":true,"href":"https:\/\/pagina10.com\/web\/wp-json\/wp\/v2\/categories?post=57091"},{"taxonomy":"post_tag","embeddable":true,"href":"https:\/\/pagina10.com\/web\/wp-json\/wp\/v2\/tags?post=57091"}],"curies":[{"name":"wp","href":"https:\/\/api.w.org\/{rel}","templated":true}]}}