{"id":57115,"date":"2021-11-27T23:28:10","date_gmt":"2021-11-28T04:28:10","guid":{"rendered":"https:\/\/pagina10.com\/web\/?p=57115"},"modified":"2021-11-27T23:28:10","modified_gmt":"2021-11-28T04:28:10","slug":"lanzamiento-de-entidades-gestoras-de-desarrollo-inauguracion-de-alumbrado-navideno-y-presentacion-de-lucio-feuillet","status":"publish","type":"post","link":"https:\/\/pagina10.com\/web\/lanzamiento-de-entidades-gestoras-de-desarrollo-inauguracion-de-alumbrado-navideno-y-presentacion-de-lucio-feuillet\/","title":{"rendered":"Lanzamiento de entidades gestoras de desarrollo, Inauguraci\u00f3n de alumbrado navide\u00f1o y presentaci\u00f3n de Lucio Feuillet."},"content":{"rendered":"<p style=\"text-align: justify;\">El pr\u00f3ximo veintinueve (29) de Noviembre de dos mil veintiuno (2021) en la ciudad de Pasto, en instalaciones del hotel Cuellar\u2019s, el se\u00f1or Alcalde del Municipio de Pasto Dr. German Chamorro de la Rosa oficializar\u00e1 el lanzamiento de las nuevas unidades de prestaci\u00f3n de servicios SEPAL S.A. y CORPOCARNAVAL como entidades gestoras del desarrollo territorial y cultural del Municipio de Pasto, durante el evento se que contar\u00e1 con la presencia de alcaldes del Departamento de Nari\u00f1o y el Director Ejecutivo de la ASOCIACION NACIONAL DE ALUMBRADO P\u00daBLICO Y CIUDADES INTELIGENTES, Dr.Armando Gutierrez Castro.<\/p>\n<p style=\"text-align: justify;\">En alianza estrat\u00e9gica las entidades SEPAL S.A Y CORPOCARNAVAL invitan a toda la ciudadan\u00eda para que acogiendo todas las medidas de bioseguridad participen de la inauguraci\u00f3n del proyecto de alumbrado navide\u00f1o como antesala y parte integral de los carnavales de negros y blancos, evento que se realizar\u00e1 el pr\u00f3ximo primero (1) de Diciembre de 2021 en la Plaza de Nari\u00f1o, para lo cual se contar\u00e1 con una muestra art\u00edstica del carnaval, el encendido de luces y la presencia de LUCIO FEUILLET, reconocido artista Nari\u00f1ense quien a lo largo y ancho del pa\u00eds ha exaltado el nombre de nuestro Departamento destacando en su m\u00fasica las ra\u00edces de nuestra tierra.<\/p>\n<p style=\"text-align: justify;\">Con los eventos programados se aporta ostensiblemente a la reactivaci\u00f3n econ\u00f3mica y se exalta el patrimoniocultural y art\u00edstico reconociendo a Pasto como una ciudad creativa en donde se est\u00e1n gestando grandes proyectos de ciudad con miras al desarrollo para construir y posicionar a Pasto como \u201cLa Gran Capital\u201d.<\/p>\n","protected":false},"excerpt":{"rendered":"<p>El pr\u00f3ximo veintinueve (29) de Noviembre de dos mil veintiuno (2021) en la ciudad de Pasto, en instalaciones del hotel Cuellar\u2019s, el se\u00f1or Alcalde del Municipio de Pasto Dr. German Chamorro de la Rosa oficializar\u00e1 el lanzamiento de las nuevas unidades de prestaci\u00f3n de servicios SEPAL S.A. y CORPOCARNAVAL como entidades gestoras del desarrollo territorial [&hellip;]<\/p>\n","protected":false},"author":1,"featured_media":57117,"comment_status":"open","ping_status":"open","sticky":false,"template":"","format":"standard","meta":{"footnotes":""},"categories":[5],"tags":[],"class_list":["post-57115","post","type-post","status-publish","format-standard","has-post-thumbnail","hentry","category-ciudad"],"yoast_head":"<!-- This site is optimized with the Yoast SEO plugin v27.1.1 - https:\/\/yoast.com\/product\/yoast-seo-wordpress\/ -->\n<title>Lanzamiento de entidades gestoras de desarrollo, Inauguraci\u00f3n de alumbrado navide\u00f1o y presentaci\u00f3n de Lucio Feuillet. | P\u00e1gina10<\/title>\n<meta name=\"robots\" content=\"index, follow, max-snippet:-1, max-image-preview:large, max-video-preview:-1\" \/>\n<link rel=\"canonical\" href=\"https:\/\/pagina10.com\/web\/lanzamiento-de-entidades-gestoras-de-desarrollo-inauguracion-de-alumbrado-navideno-y-presentacion-de-lucio-feuillet\/\" \/>\n<meta property=\"og:locale\" content=\"es_ES\" \/>\n<meta property=\"og:type\" content=\"article\" \/>\n<meta property=\"og:title\" content=\"Lanzamiento de entidades gestoras de desarrollo, Inauguraci\u00f3n de alumbrado navide\u00f1o y presentaci\u00f3n de Lucio Feuillet. | P\u00e1gina10\" \/>\n<meta property=\"og:description\" content=\"El pr\u00f3ximo veintinueve (29) de Noviembre de dos mil veintiuno (2021) en la ciudad de Pasto, en instalaciones del hotel Cuellar\u2019s, el se\u00f1or Alcalde del Municipio de Pasto Dr. German Chamorro de la Rosa oficializar\u00e1 el lanzamiento de las nuevas unidades de prestaci\u00f3n de servicios SEPAL S.A. y CORPOCARNAVAL como entidades gestoras del desarrollo territorial [&hellip;]\" \/>\n<meta property=\"og:url\" content=\"https:\/\/pagina10.com\/web\/lanzamiento-de-entidades-gestoras-de-desarrollo-inauguracion-de-alumbrado-navideno-y-presentacion-de-lucio-feuillet\/\" \/>\n<meta property=\"og:site_name\" content=\"P\u00e1gina10\" \/>\n<meta property=\"article:publisher\" content=\"https:\/\/www.facebook.com\/pag10com\" \/>\n<meta property=\"article:published_time\" content=\"2021-11-28T04:28:10+00:00\" \/>\n<meta property=\"og:image\" content=\"https:\/\/pagina10.com\/web\/wp-content\/uploads\/2021\/11\/WhatsApp-Image-2021-11-23-at-9.24.15-AM.jpeg\" \/>\n\t<meta property=\"og:image:width\" content=\"1280\" \/>\n\t<meta property=\"og:image:height\" content=\"1280\" \/>\n\t<meta property=\"og:image:type\" content=\"image\/jpeg\" \/>\n<meta name=\"author\" content=\"P\u00e1gina 10\" \/>\n<meta name=\"twitter:card\" content=\"summary_large_image\" \/>\n<meta name=\"twitter:creator\" content=\"@Pag10com\" \/>\n<meta name=\"twitter:site\" content=\"@Pag10com\" \/>\n<meta name=\"twitter:label1\" content=\"Escrito por\" \/>\n\t<meta name=\"twitter:data1\" content=\"P\u00e1gina 10\" \/>\n\t<meta name=\"twitter:label2\" content=\"Tiempo de lectura\" \/>\n\t<meta name=\"twitter:data2\" content=\"1 minuto\" \/>\n<script type=\"application\/ld+json\" class=\"yoast-schema-graph\">{\"@context\":\"https:\/\/schema.org\",\"@graph\":[{\"@type\":\"Article\",\"@id\":\"https:\/\/pagina10.com\/web\/lanzamiento-de-entidades-gestoras-de-desarrollo-inauguracion-de-alumbrado-navideno-y-presentacion-de-lucio-feuillet\/#article\",\"isPartOf\":{\"@id\":\"https:\/\/pagina10.com\/web\/lanzamiento-de-entidades-gestoras-de-desarrollo-inauguracion-de-alumbrado-navideno-y-presentacion-de-lucio-feuillet\/\"},\"author\":{\"name\":\"P\u00e1gina 10\",\"@id\":\"https:\/\/pagina10.com\/web\/#\/schema\/person\/2efc4a090d25b667d3bc796798a3a81b\"},\"headline\":\"Lanzamiento de entidades gestoras de desarrollo, Inauguraci\u00f3n de alumbrado navide\u00f1o y presentaci\u00f3n de Lucio Feuillet.\",\"datePublished\":\"2021-11-28T04:28:10+00:00\",\"mainEntityOfPage\":{\"@id\":\"https:\/\/pagina10.com\/web\/lanzamiento-de-entidades-gestoras-de-desarrollo-inauguracion-de-alumbrado-navideno-y-presentacion-de-lucio-feuillet\/\"},\"wordCount\":287,\"commentCount\":0,\"publisher\":{\"@id\":\"https:\/\/pagina10.com\/web\/#organization\"},\"image\":{\"@id\":\"https:\/\/pagina10.com\/web\/lanzamiento-de-entidades-gestoras-de-desarrollo-inauguracion-de-alumbrado-navideno-y-presentacion-de-lucio-feuillet\/#primaryimage\"},\"thumbnailUrl\":\"https:\/\/pagina10.com\/web\/wp-content\/uploads\/2021\/11\/WhatsApp-Image-2021-11-23-at-9.24.15-AM.jpeg\",\"articleSection\":[\"Ciudad\"],\"inLanguage\":\"es\",\"potentialAction\":[{\"@type\":\"CommentAction\",\"name\":\"Comment\",\"target\":[\"https:\/\/pagina10.com\/web\/lanzamiento-de-entidades-gestoras-de-desarrollo-inauguracion-de-alumbrado-navideno-y-presentacion-de-lucio-feuillet\/#respond\"]}]},{\"@type\":\"WebPage\",\"@id\":\"https:\/\/pagina10.com\/web\/lanzamiento-de-entidades-gestoras-de-desarrollo-inauguracion-de-alumbrado-navideno-y-presentacion-de-lucio-feuillet\/\",\"url\":\"https:\/\/pagina10.com\/web\/lanzamiento-de-entidades-gestoras-de-desarrollo-inauguracion-de-alumbrado-navideno-y-presentacion-de-lucio-feuillet\/\",\"name\":\"Lanzamiento de entidades gestoras de desarrollo, Inauguraci\u00f3n de alumbrado navide\u00f1o y presentaci\u00f3n de Lucio Feuillet. | P\u00e1gina10\",\"isPartOf\":{\"@id\":\"https:\/\/pagina10.com\/web\/#website\"},\"primaryImageOfPage\":{\"@id\":\"https:\/\/pagina10.com\/web\/lanzamiento-de-entidades-gestoras-de-desarrollo-inauguracion-de-alumbrado-navideno-y-presentacion-de-lucio-feuillet\/#primaryimage\"},\"image\":{\"@id\":\"https:\/\/pagina10.com\/web\/lanzamiento-de-entidades-gestoras-de-desarrollo-inauguracion-de-alumbrado-navideno-y-presentacion-de-lucio-feuillet\/#primaryimage\"},\"thumbnailUrl\":\"https:\/\/pagina10.com\/web\/wp-content\/uploads\/2021\/11\/WhatsApp-Image-2021-11-23-at-9.24.15-AM.jpeg\",\"datePublished\":\"2021-11-28T04:28:10+00:00\",\"breadcrumb\":{\"@id\":\"https:\/\/pagina10.com\/web\/lanzamiento-de-entidades-gestoras-de-desarrollo-inauguracion-de-alumbrado-navideno-y-presentacion-de-lucio-feuillet\/#breadcrumb\"},\"inLanguage\":\"es\",\"potentialAction\":[{\"@type\":\"ReadAction\",\"target\":[\"https:\/\/pagina10.com\/web\/lanzamiento-de-entidades-gestoras-de-desarrollo-inauguracion-de-alumbrado-navideno-y-presentacion-de-lucio-feuillet\/\"]}]},{\"@type\":\"ImageObject\",\"inLanguage\":\"es\",\"@id\":\"https:\/\/pagina10.com\/web\/lanzamiento-de-entidades-gestoras-de-desarrollo-inauguracion-de-alumbrado-navideno-y-presentacion-de-lucio-feuillet\/#primaryimage\",\"url\":\"https:\/\/pagina10.com\/web\/wp-content\/uploads\/2021\/11\/WhatsApp-Image-2021-11-23-at-9.24.15-AM.jpeg\",\"contentUrl\":\"https:\/\/pagina10.com\/web\/wp-content\/uploads\/2021\/11\/WhatsApp-Image-2021-11-23-at-9.24.15-AM.jpeg\",\"width\":1280,\"height\":1280},{\"@type\":\"BreadcrumbList\",\"@id\":\"https:\/\/pagina10.com\/web\/lanzamiento-de-entidades-gestoras-de-desarrollo-inauguracion-de-alumbrado-navideno-y-presentacion-de-lucio-feuillet\/#breadcrumb\",\"itemListElement\":[{\"@type\":\"ListItem\",\"position\":1,\"name\":\"Portada\",\"item\":\"https:\/\/pagina10.com\/web\/\"},{\"@type\":\"ListItem\",\"position\":2,\"name\":\"Lanzamiento de entidades gestoras de desarrollo, Inauguraci\u00f3n de alumbrado navide\u00f1o y presentaci\u00f3n de Lucio Feuillet.\"}]},{\"@type\":\"WebSite\",\"@id\":\"https:\/\/pagina10.com\/web\/#website\",\"url\":\"https:\/\/pagina10.com\/web\/\",\"name\":\"P\u00e1gina10\",\"description\":\"Peri\u00f3dico Regional\",\"publisher\":{\"@id\":\"https:\/\/pagina10.com\/web\/#organization\"},\"alternateName\":\"P\u00e1gina10 Peri\u00f3dico Regional\",\"potentialAction\":[{\"@type\":\"SearchAction\",\"target\":{\"@type\":\"EntryPoint\",\"urlTemplate\":\"https:\/\/pagina10.com\/web\/?s={search_term_string}\"},\"query-input\":{\"@type\":\"PropertyValueSpecification\",\"valueRequired\":true,\"valueName\":\"search_term_string\"}}],\"inLanguage\":\"es\"},{\"@type\":\"Organization\",\"@id\":\"https:\/\/pagina10.com\/web\/#organization\",\"name\":\"P\u00e1gina10\",\"alternateName\":\"P\u00e1gina10 Peri\u00f3dico Regional\",\"url\":\"https:\/\/pagina10.com\/web\/\",\"logo\":{\"@type\":\"ImageObject\",\"inLanguage\":\"es\",\"@id\":\"https:\/\/pagina10.com\/web\/#\/schema\/logo\/image\/\",\"url\":\"https:\/\/pagina10.com\/web\/wp-content\/uploads\/2024\/01\/40-pagina-10-periodico-regional-pasto.jpg\",\"contentUrl\":\"https:\/\/pagina10.com\/web\/wp-content\/uploads\/2024\/01\/40-pagina-10-periodico-regional-pasto.jpg\",\"width\":1280,\"height\":720,\"caption\":\"P\u00e1gina10\"},\"image\":{\"@id\":\"https:\/\/pagina10.com\/web\/#\/schema\/logo\/image\/\"},\"sameAs\":[\"https:\/\/www.facebook.com\/pag10com\",\"https:\/\/x.com\/Pag10com\",\"https:\/\/www.instagram.com\/pagina10col\/\",\"https:\/\/youtube.com\/channel\/pag10\",\"https:\/\/www.tiktok.com\/@p10col\"]},{\"@type\":\"Person\",\"@id\":\"https:\/\/pagina10.com\/web\/#\/schema\/person\/2efc4a090d25b667d3bc796798a3a81b\",\"name\":\"P\u00e1gina 10\",\"description\":\"P\u00e1gina 10 es un peri\u00f3dico regional que nace en Colombia, en el departamento de Nari\u00f1o, con un enfoque global, fundamentado en cuatro pilares esenciales: la libertad, el pluralismo, la inclusi\u00f3n y la independencia. P\u00e1gina 10 hace referencia a Nari\u00f1o como el d\u00e9cimo departamento creado en Colombia, despu\u00e9s de un proceso pol\u00edtico liderado por actores y actrices regionales con el fin de obtener la independencia y autonom\u00eda de nuestros territorios. Con la creaci\u00f3n de P\u00e1gina 10 se pretende abrir un escenario para el dialogo, la reflexi\u00f3n y el debate que se extienda a otras geograf\u00edas de Am\u00e9rica Latina y del planeta, en una apuesta por transformar colectivamente los desaf\u00edos de un mundo contempor\u00e1neo, m\u00e1s all\u00e1 de las fronteras impuestas.\",\"url\":\"https:\/\/pagina10.com\/web\/author\/pdiezadmin\/\"}]}<\/script>\n<!-- \/ Yoast SEO plugin. -->","yoast_head_json":{"title":"Lanzamiento de entidades gestoras de desarrollo, Inauguraci\u00f3n de alumbrado navide\u00f1o y presentaci\u00f3n de Lucio Feuillet. | P\u00e1gina10","robots":{"index":"index","follow":"follow","max-snippet":"max-snippet:-1","max-image-preview":"max-image-preview:large","max-video-preview":"max-video-preview:-1"},"canonical":"https:\/\/pagina10.com\/web\/lanzamiento-de-entidades-gestoras-de-desarrollo-inauguracion-de-alumbrado-navideno-y-presentacion-de-lucio-feuillet\/","og_locale":"es_ES","og_type":"article","og_title":"Lanzamiento de entidades gestoras de desarrollo, Inauguraci\u00f3n de alumbrado navide\u00f1o y presentaci\u00f3n de Lucio Feuillet. | P\u00e1gina10","og_description":"El pr\u00f3ximo veintinueve (29) de Noviembre de dos mil veintiuno (2021) en la ciudad de Pasto, en instalaciones del hotel Cuellar\u2019s, el se\u00f1or Alcalde del Municipio de Pasto Dr. German Chamorro de la Rosa oficializar\u00e1 el lanzamiento de las nuevas unidades de prestaci\u00f3n de servicios SEPAL S.A. y CORPOCARNAVAL como entidades gestoras del desarrollo territorial [&hellip;]","og_url":"https:\/\/pagina10.com\/web\/lanzamiento-de-entidades-gestoras-de-desarrollo-inauguracion-de-alumbrado-navideno-y-presentacion-de-lucio-feuillet\/","og_site_name":"P\u00e1gina10","article_publisher":"https:\/\/www.facebook.com\/pag10com","article_published_time":"2021-11-28T04:28:10+00:00","og_image":[{"width":1280,"height":1280,"url":"https:\/\/pagina10.com\/web\/wp-content\/uploads\/2021\/11\/WhatsApp-Image-2021-11-23-at-9.24.15-AM.jpeg","type":"image\/jpeg"}],"author":"P\u00e1gina 10","twitter_card":"summary_large_image","twitter_creator":"@Pag10com","twitter_site":"@Pag10com","twitter_misc":{"Escrito por":"P\u00e1gina 10","Tiempo de lectura":"1 minuto"},"schema":{"@context":"https:\/\/schema.org","@graph":[{"@type":"Article","@id":"https:\/\/pagina10.com\/web\/lanzamiento-de-entidades-gestoras-de-desarrollo-inauguracion-de-alumbrado-navideno-y-presentacion-de-lucio-feuillet\/#article","isPartOf":{"@id":"https:\/\/pagina10.com\/web\/lanzamiento-de-entidades-gestoras-de-desarrollo-inauguracion-de-alumbrado-navideno-y-presentacion-de-lucio-feuillet\/"},"author":{"name":"P\u00e1gina 10","@id":"https:\/\/pagina10.com\/web\/#\/schema\/person\/2efc4a090d25b667d3bc796798a3a81b"},"headline":"Lanzamiento de entidades gestoras de desarrollo, Inauguraci\u00f3n de alumbrado navide\u00f1o y presentaci\u00f3n de Lucio Feuillet.","datePublished":"2021-11-28T04:28:10+00:00","mainEntityOfPage":{"@id":"https:\/\/pagina10.com\/web\/lanzamiento-de-entidades-gestoras-de-desarrollo-inauguracion-de-alumbrado-navideno-y-presentacion-de-lucio-feuillet\/"},"wordCount":287,"commentCount":0,"publisher":{"@id":"https:\/\/pagina10.com\/web\/#organization"},"image":{"@id":"https:\/\/pagina10.com\/web\/lanzamiento-de-entidades-gestoras-de-desarrollo-inauguracion-de-alumbrado-navideno-y-presentacion-de-lucio-feuillet\/#primaryimage"},"thumbnailUrl":"https:\/\/pagina10.com\/web\/wp-content\/uploads\/2021\/11\/WhatsApp-Image-2021-11-23-at-9.24.15-AM.jpeg","articleSection":["Ciudad"],"inLanguage":"es","potentialAction":[{"@type":"CommentAction","name":"Comment","target":["https:\/\/pagina10.com\/web\/lanzamiento-de-entidades-gestoras-de-desarrollo-inauguracion-de-alumbrado-navideno-y-presentacion-de-lucio-feuillet\/#respond"]}]},{"@type":"WebPage","@id":"https:\/\/pagina10.com\/web\/lanzamiento-de-entidades-gestoras-de-desarrollo-inauguracion-de-alumbrado-navideno-y-presentacion-de-lucio-feuillet\/","url":"https:\/\/pagina10.com\/web\/lanzamiento-de-entidades-gestoras-de-desarrollo-inauguracion-de-alumbrado-navideno-y-presentacion-de-lucio-feuillet\/","name":"Lanzamiento de entidades gestoras de desarrollo, Inauguraci\u00f3n de alumbrado navide\u00f1o y presentaci\u00f3n de Lucio Feuillet. | P\u00e1gina10","isPartOf":{"@id":"https:\/\/pagina10.com\/web\/#website"},"primaryImageOfPage":{"@id":"https:\/\/pagina10.com\/web\/lanzamiento-de-entidades-gestoras-de-desarrollo-inauguracion-de-alumbrado-navideno-y-presentacion-de-lucio-feuillet\/#primaryimage"},"image":{"@id":"https:\/\/pagina10.com\/web\/lanzamiento-de-entidades-gestoras-de-desarrollo-inauguracion-de-alumbrado-navideno-y-presentacion-de-lucio-feuillet\/#primaryimage"},"thumbnailUrl":"https:\/\/pagina10.com\/web\/wp-content\/uploads\/2021\/11\/WhatsApp-Image-2021-11-23-at-9.24.15-AM.jpeg","datePublished":"2021-11-28T04:28:10+00:00","breadcrumb":{"@id":"https:\/\/pagina10.com\/web\/lanzamiento-de-entidades-gestoras-de-desarrollo-inauguracion-de-alumbrado-navideno-y-presentacion-de-lucio-feuillet\/#breadcrumb"},"inLanguage":"es","potentialAction":[{"@type":"ReadAction","target":["https:\/\/pagina10.com\/web\/lanzamiento-de-entidades-gestoras-de-desarrollo-inauguracion-de-alumbrado-navideno-y-presentacion-de-lucio-feuillet\/"]}]},{"@type":"ImageObject","inLanguage":"es","@id":"https:\/\/pagina10.com\/web\/lanzamiento-de-entidades-gestoras-de-desarrollo-inauguracion-de-alumbrado-navideno-y-presentacion-de-lucio-feuillet\/#primaryimage","url":"https:\/\/pagina10.com\/web\/wp-content\/uploads\/2021\/11\/WhatsApp-Image-2021-11-23-at-9.24.15-AM.jpeg","contentUrl":"https:\/\/pagina10.com\/web\/wp-content\/uploads\/2021\/11\/WhatsApp-Image-2021-11-23-at-9.24.15-AM.jpeg","width":1280,"height":1280},{"@type":"BreadcrumbList","@id":"https:\/\/pagina10.com\/web\/lanzamiento-de-entidades-gestoras-de-desarrollo-inauguracion-de-alumbrado-navideno-y-presentacion-de-lucio-feuillet\/#breadcrumb","itemListElement":[{"@type":"ListItem","position":1,"name":"Portada","item":"https:\/\/pagina10.com\/web\/"},{"@type":"ListItem","position":2,"name":"Lanzamiento de entidades gestoras de desarrollo, Inauguraci\u00f3n de alumbrado navide\u00f1o y presentaci\u00f3n de Lucio Feuillet."}]},{"@type":"WebSite","@id":"https:\/\/pagina10.com\/web\/#website","url":"https:\/\/pagina10.com\/web\/","name":"P\u00e1gina10","description":"Peri\u00f3dico Regional","publisher":{"@id":"https:\/\/pagina10.com\/web\/#organization"},"alternateName":"P\u00e1gina10 Peri\u00f3dico Regional","potentialAction":[{"@type":"SearchAction","target":{"@type":"EntryPoint","urlTemplate":"https:\/\/pagina10.com\/web\/?s={search_term_string}"},"query-input":{"@type":"PropertyValueSpecification","valueRequired":true,"valueName":"search_term_string"}}],"inLanguage":"es"},{"@type":"Organization","@id":"https:\/\/pagina10.com\/web\/#organization","name":"P\u00e1gina10","alternateName":"P\u00e1gina10 Peri\u00f3dico Regional","url":"https:\/\/pagina10.com\/web\/","logo":{"@type":"ImageObject","inLanguage":"es","@id":"https:\/\/pagina10.com\/web\/#\/schema\/logo\/image\/","url":"https:\/\/pagina10.com\/web\/wp-content\/uploads\/2024\/01\/40-pagina-10-periodico-regional-pasto.jpg","contentUrl":"https:\/\/pagina10.com\/web\/wp-content\/uploads\/2024\/01\/40-pagina-10-periodico-regional-pasto.jpg","width":1280,"height":720,"caption":"P\u00e1gina10"},"image":{"@id":"https:\/\/pagina10.com\/web\/#\/schema\/logo\/image\/"},"sameAs":["https:\/\/www.facebook.com\/pag10com","https:\/\/x.com\/Pag10com","https:\/\/www.instagram.com\/pagina10col\/","https:\/\/youtube.com\/channel\/pag10","https:\/\/www.tiktok.com\/@p10col"]},{"@type":"Person","@id":"https:\/\/pagina10.com\/web\/#\/schema\/person\/2efc4a090d25b667d3bc796798a3a81b","name":"P\u00e1gina 10","description":"P\u00e1gina 10 es un peri\u00f3dico regional que nace en Colombia, en el departamento de Nari\u00f1o, con un enfoque global, fundamentado en cuatro pilares esenciales: la libertad, el pluralismo, la inclusi\u00f3n y la independencia. P\u00e1gina 10 hace referencia a Nari\u00f1o como el d\u00e9cimo departamento creado en Colombia, despu\u00e9s de un proceso pol\u00edtico liderado por actores y actrices regionales con el fin de obtener la independencia y autonom\u00eda de nuestros territorios. Con la creaci\u00f3n de P\u00e1gina 10 se pretende abrir un escenario para el dialogo, la reflexi\u00f3n y el debate que se extienda a otras geograf\u00edas de Am\u00e9rica Latina y del planeta, en una apuesta por transformar colectivamente los desaf\u00edos de un mundo contempor\u00e1neo, m\u00e1s all\u00e1 de las fronteras impuestas.","url":"https:\/\/pagina10.com\/web\/author\/pdiezadmin\/"}]}},"_links":{"self":[{"href":"https:\/\/pagina10.com\/web\/wp-json\/wp\/v2\/posts\/57115","targetHints":{"allow":["GET"]}}],"collection":[{"href":"https:\/\/pagina10.com\/web\/wp-json\/wp\/v2\/posts"}],"about":[{"href":"https:\/\/pagina10.com\/web\/wp-json\/wp\/v2\/types\/post"}],"author":[{"embeddable":true,"href":"https:\/\/pagina10.com\/web\/wp-json\/wp\/v2\/users\/1"}],"replies":[{"embeddable":true,"href":"https:\/\/pagina10.com\/web\/wp-json\/wp\/v2\/comments?post=57115"}],"version-history":[{"count":1,"href":"https:\/\/pagina10.com\/web\/wp-json\/wp\/v2\/posts\/57115\/revisions"}],"predecessor-version":[{"id":57118,"href":"https:\/\/pagina10.com\/web\/wp-json\/wp\/v2\/posts\/57115\/revisions\/57118"}],"wp:featuredmedia":[{"embeddable":true,"href":"https:\/\/pagina10.com\/web\/wp-json\/wp\/v2\/media\/57117"}],"wp:attachment":[{"href":"https:\/\/pagina10.com\/web\/wp-json\/wp\/v2\/media?parent=57115"}],"wp:term":[{"taxonomy":"category","embeddable":true,"href":"https:\/\/pagina10.com\/web\/wp-json\/wp\/v2\/categories?post=57115"},{"taxonomy":"post_tag","embeddable":true,"href":"https:\/\/pagina10.com\/web\/wp-json\/wp\/v2\/tags?post=57115"}],"curies":[{"name":"wp","href":"https:\/\/api.w.org\/{rel}","templated":true}]}}