{"id":57141,"date":"2021-11-28T21:41:08","date_gmt":"2021-11-29T02:41:08","guid":{"rendered":"https:\/\/pagina10.com\/web\/?p=57141"},"modified":"2021-11-28T21:48:23","modified_gmt":"2021-11-29T02:48:23","slug":"alcaldia-de-pasto-realizo-circulo-de-la-palabra-para-conmemorar-el-dia-internacional-de-la-eliminacion-de-la-violencia-contra-la-mujer","status":"publish","type":"post","link":"https:\/\/pagina10.com\/web\/alcaldia-de-pasto-realizo-circulo-de-la-palabra-para-conmemorar-el-dia-internacional-de-la-eliminacion-de-la-violencia-contra-la-mujer\/","title":{"rendered":"Alcald\u00eda de Pasto realiz\u00f3 \u2018c\u00edrculo de la palabra\u2019 para conmemorar el d\u00eda internacional de la eliminaci\u00f3n de la violencia contra la mujer"},"content":{"rendered":"<p style=\"text-align: justify;\">La Secretar\u00eda de Salud, a trav\u00e9s de la estrategia \u2018Ciudad Bienestar\u2019 del Plan de Intervenciones Colectivas, realiz\u00f3 el evento \u2018C\u00edrculo de la Palabra: Mujeres en Resistencia por la Salud y una Vida Libre de Violencias\u2019.<\/p>\n<p style=\"text-align: justify;\">El referente de la Dimensi\u00f3n de Convivencia Social y Salud Mental de la Secretar\u00eda de Salud, Duv\u00e1n C\u00e1rdenas, precis\u00f3 que la jornada tuvo como objetivo visibilizar las acciones que se generan desde la Administraci\u00f3n Municipal para desnaturalizar los diferentes tipos de violencia que se registran en el municipio.<\/p>\n<p style=\"text-align: justify;\">\u201cEn este a\u00f1o, de acuerdo con los indicadores que arroja el Sistema Nacional de Vigilancia en Salud P\u00fablica (Sivigila), las diferentes formas de violencia notificadas que se incrementaron son la violencia psicol\u00f3gica, sexual e intrafamiliar y de all\u00ed que toda la institucionalidad p\u00fablica y privada, deba trabajar en torno a estos temas\u201d, dijo el funcionario.<\/p>\n<p style=\"text-align: justify;\">Por su parte, la participante de la jornada y residente de las Torres de San Sebasti\u00e1n, Luc\u00eda Ch\u00e1ves, destac\u00f3: \u201cEstos espacios de di\u00e1logo son muy importantes porque permiten a las mujeres compartir las experiencias, alzar la voz y generar reflexiones. Adem\u00e1s, es importante que las diferentes dependencias de la Administraci\u00f3n Local trabajen articuladamente y creen estrategias que permitan la eliminaci\u00f3n de la violencia contra las mujeres\u201d.<\/p>\n<p style=\"text-align: justify;\">El psic\u00f3logo del Plan de Intervenciones Colectivas, Esteban Delgado Cadena, puntualiz\u00f3 que el \u2018Circulo de la Palabra\u2019, donde participaron hombres y mujeres de diferentes grupos generacionales, fue un espacio para propiciar la reflexi\u00f3n y el di\u00e1logo de los participantes y ahondar en las problem\u00e1ticas y capacidades que tienen los individuos de construir un sentido de vida a partir de esa meditaci\u00f3n.<\/p>\n<p style=\"text-align: justify;\">Recordemos que el D\u00eda Internacional de la Eliminaci\u00f3n de la Violencia contra la Mujer naci\u00f3 en el a\u00f1o 2000 en la Asamblea General de la ONU con el objetivo de exhortar a gobiernos, organizaciones internacionales y ONG a involucrarse y coordinar acciones que eleven la conciencia p\u00fablica para eliminar todas las formas de violencia contra las mujeres.<\/p>\n","protected":false},"excerpt":{"rendered":"<p>La Secretar\u00eda de Salud, a trav\u00e9s de la estrategia \u2018Ciudad Bienestar\u2019 del Plan de Intervenciones Colectivas, realiz\u00f3 el evento \u2018C\u00edrculo de la Palabra: Mujeres en Resistencia por la Salud y una Vida Libre de Violencias\u2019. El referente de la Dimensi\u00f3n de Convivencia Social y Salud Mental de la Secretar\u00eda de Salud, Duv\u00e1n C\u00e1rdenas, precis\u00f3 que [&hellip;]<\/p>\n","protected":false},"author":1,"featured_media":57142,"comment_status":"open","ping_status":"open","sticky":false,"template":"","format":"standard","meta":{"footnotes":""},"categories":[5],"tags":[],"class_list":["post-57141","post","type-post","status-publish","format-standard","has-post-thumbnail","hentry","category-ciudad"],"yoast_head":"<!-- This site is optimized with the Yoast SEO plugin v27.1.1 - https:\/\/yoast.com\/product\/yoast-seo-wordpress\/ -->\n<title>Alcald\u00eda de Pasto realiz\u00f3 \u2018c\u00edrculo de la palabra\u2019 para conmemorar el d\u00eda internacional de la eliminaci\u00f3n de la violencia contra la mujer | P\u00e1gina10<\/title>\n<meta name=\"robots\" content=\"index, follow, max-snippet:-1, max-image-preview:large, max-video-preview:-1\" \/>\n<link rel=\"canonical\" href=\"https:\/\/pagina10.com\/web\/alcaldia-de-pasto-realizo-circulo-de-la-palabra-para-conmemorar-el-dia-internacional-de-la-eliminacion-de-la-violencia-contra-la-mujer\/\" \/>\n<meta property=\"og:locale\" content=\"es_ES\" \/>\n<meta property=\"og:type\" content=\"article\" \/>\n<meta property=\"og:title\" content=\"Alcald\u00eda de Pasto realiz\u00f3 \u2018c\u00edrculo de la palabra\u2019 para conmemorar el d\u00eda internacional de la eliminaci\u00f3n de la violencia contra la mujer | P\u00e1gina10\" \/>\n<meta property=\"og:description\" content=\"La Secretar\u00eda de Salud, a trav\u00e9s de la estrategia \u2018Ciudad Bienestar\u2019 del Plan de Intervenciones Colectivas, realiz\u00f3 el evento \u2018C\u00edrculo de la Palabra: Mujeres en Resistencia por la Salud y una Vida Libre de Violencias\u2019. El referente de la Dimensi\u00f3n de Convivencia Social y Salud Mental de la Secretar\u00eda de Salud, Duv\u00e1n C\u00e1rdenas, precis\u00f3 que [&hellip;]\" \/>\n<meta property=\"og:url\" content=\"https:\/\/pagina10.com\/web\/alcaldia-de-pasto-realizo-circulo-de-la-palabra-para-conmemorar-el-dia-internacional-de-la-eliminacion-de-la-violencia-contra-la-mujer\/\" \/>\n<meta property=\"og:site_name\" content=\"P\u00e1gina10\" \/>\n<meta property=\"article:publisher\" content=\"https:\/\/www.facebook.com\/pag10com\" \/>\n<meta property=\"article:published_time\" content=\"2021-11-29T02:41:08+00:00\" \/>\n<meta property=\"article:modified_time\" content=\"2021-11-29T02:48:23+00:00\" \/>\n<meta property=\"og:image\" content=\"https:\/\/pagina10.com\/web\/wp-content\/uploads\/2021\/11\/WhatsApp-Image-2021-11-26-at-3.53.42-PM.jpeg\" \/>\n\t<meta property=\"og:image:width\" content=\"1280\" \/>\n\t<meta property=\"og:image:height\" content=\"855\" \/>\n\t<meta property=\"og:image:type\" content=\"image\/jpeg\" \/>\n<meta name=\"author\" content=\"P\u00e1gina 10\" \/>\n<meta name=\"twitter:card\" content=\"summary_large_image\" \/>\n<meta name=\"twitter:creator\" content=\"@Pag10com\" \/>\n<meta name=\"twitter:site\" content=\"@Pag10com\" \/>\n<meta name=\"twitter:label1\" content=\"Escrito por\" \/>\n\t<meta name=\"twitter:data1\" content=\"P\u00e1gina 10\" \/>\n\t<meta name=\"twitter:label2\" content=\"Tiempo de lectura\" \/>\n\t<meta name=\"twitter:data2\" content=\"2 minutos\" \/>\n<script type=\"application\/ld+json\" class=\"yoast-schema-graph\">{\"@context\":\"https:\/\/schema.org\",\"@graph\":[{\"@type\":\"Article\",\"@id\":\"https:\/\/pagina10.com\/web\/alcaldia-de-pasto-realizo-circulo-de-la-palabra-para-conmemorar-el-dia-internacional-de-la-eliminacion-de-la-violencia-contra-la-mujer\/#article\",\"isPartOf\":{\"@id\":\"https:\/\/pagina10.com\/web\/alcaldia-de-pasto-realizo-circulo-de-la-palabra-para-conmemorar-el-dia-internacional-de-la-eliminacion-de-la-violencia-contra-la-mujer\/\"},\"author\":{\"name\":\"P\u00e1gina 10\",\"@id\":\"https:\/\/pagina10.com\/web\/#\/schema\/person\/2efc4a090d25b667d3bc796798a3a81b\"},\"headline\":\"Alcald\u00eda de Pasto realiz\u00f3 \u2018c\u00edrculo de la palabra\u2019 para conmemorar el d\u00eda internacional de la eliminaci\u00f3n de la violencia contra la mujer\",\"datePublished\":\"2021-11-29T02:41:08+00:00\",\"dateModified\":\"2021-11-29T02:48:23+00:00\",\"mainEntityOfPage\":{\"@id\":\"https:\/\/pagina10.com\/web\/alcaldia-de-pasto-realizo-circulo-de-la-palabra-para-conmemorar-el-dia-internacional-de-la-eliminacion-de-la-violencia-contra-la-mujer\/\"},\"wordCount\":375,\"commentCount\":0,\"publisher\":{\"@id\":\"https:\/\/pagina10.com\/web\/#organization\"},\"image\":{\"@id\":\"https:\/\/pagina10.com\/web\/alcaldia-de-pasto-realizo-circulo-de-la-palabra-para-conmemorar-el-dia-internacional-de-la-eliminacion-de-la-violencia-contra-la-mujer\/#primaryimage\"},\"thumbnailUrl\":\"https:\/\/pagina10.com\/web\/wp-content\/uploads\/2021\/11\/WhatsApp-Image-2021-11-26-at-3.53.42-PM.jpeg\",\"articleSection\":[\"Ciudad\"],\"inLanguage\":\"es\",\"potentialAction\":[{\"@type\":\"CommentAction\",\"name\":\"Comment\",\"target\":[\"https:\/\/pagina10.com\/web\/alcaldia-de-pasto-realizo-circulo-de-la-palabra-para-conmemorar-el-dia-internacional-de-la-eliminacion-de-la-violencia-contra-la-mujer\/#respond\"]}]},{\"@type\":\"WebPage\",\"@id\":\"https:\/\/pagina10.com\/web\/alcaldia-de-pasto-realizo-circulo-de-la-palabra-para-conmemorar-el-dia-internacional-de-la-eliminacion-de-la-violencia-contra-la-mujer\/\",\"url\":\"https:\/\/pagina10.com\/web\/alcaldia-de-pasto-realizo-circulo-de-la-palabra-para-conmemorar-el-dia-internacional-de-la-eliminacion-de-la-violencia-contra-la-mujer\/\",\"name\":\"Alcald\u00eda de Pasto realiz\u00f3 \u2018c\u00edrculo de la palabra\u2019 para conmemorar el d\u00eda internacional de la eliminaci\u00f3n de la violencia contra la mujer | P\u00e1gina10\",\"isPartOf\":{\"@id\":\"https:\/\/pagina10.com\/web\/#website\"},\"primaryImageOfPage\":{\"@id\":\"https:\/\/pagina10.com\/web\/alcaldia-de-pasto-realizo-circulo-de-la-palabra-para-conmemorar-el-dia-internacional-de-la-eliminacion-de-la-violencia-contra-la-mujer\/#primaryimage\"},\"image\":{\"@id\":\"https:\/\/pagina10.com\/web\/alcaldia-de-pasto-realizo-circulo-de-la-palabra-para-conmemorar-el-dia-internacional-de-la-eliminacion-de-la-violencia-contra-la-mujer\/#primaryimage\"},\"thumbnailUrl\":\"https:\/\/pagina10.com\/web\/wp-content\/uploads\/2021\/11\/WhatsApp-Image-2021-11-26-at-3.53.42-PM.jpeg\",\"datePublished\":\"2021-11-29T02:41:08+00:00\",\"dateModified\":\"2021-11-29T02:48:23+00:00\",\"breadcrumb\":{\"@id\":\"https:\/\/pagina10.com\/web\/alcaldia-de-pasto-realizo-circulo-de-la-palabra-para-conmemorar-el-dia-internacional-de-la-eliminacion-de-la-violencia-contra-la-mujer\/#breadcrumb\"},\"inLanguage\":\"es\",\"potentialAction\":[{\"@type\":\"ReadAction\",\"target\":[\"https:\/\/pagina10.com\/web\/alcaldia-de-pasto-realizo-circulo-de-la-palabra-para-conmemorar-el-dia-internacional-de-la-eliminacion-de-la-violencia-contra-la-mujer\/\"]}]},{\"@type\":\"ImageObject\",\"inLanguage\":\"es\",\"@id\":\"https:\/\/pagina10.com\/web\/alcaldia-de-pasto-realizo-circulo-de-la-palabra-para-conmemorar-el-dia-internacional-de-la-eliminacion-de-la-violencia-contra-la-mujer\/#primaryimage\",\"url\":\"https:\/\/pagina10.com\/web\/wp-content\/uploads\/2021\/11\/WhatsApp-Image-2021-11-26-at-3.53.42-PM.jpeg\",\"contentUrl\":\"https:\/\/pagina10.com\/web\/wp-content\/uploads\/2021\/11\/WhatsApp-Image-2021-11-26-at-3.53.42-PM.jpeg\",\"width\":1280,\"height\":855},{\"@type\":\"BreadcrumbList\",\"@id\":\"https:\/\/pagina10.com\/web\/alcaldia-de-pasto-realizo-circulo-de-la-palabra-para-conmemorar-el-dia-internacional-de-la-eliminacion-de-la-violencia-contra-la-mujer\/#breadcrumb\",\"itemListElement\":[{\"@type\":\"ListItem\",\"position\":1,\"name\":\"Portada\",\"item\":\"https:\/\/pagina10.com\/web\/\"},{\"@type\":\"ListItem\",\"position\":2,\"name\":\"Alcald\u00eda de Pasto realiz\u00f3 \u2018c\u00edrculo de la palabra\u2019 para conmemorar el d\u00eda internacional de la eliminaci\u00f3n de la violencia contra la mujer\"}]},{\"@type\":\"WebSite\",\"@id\":\"https:\/\/pagina10.com\/web\/#website\",\"url\":\"https:\/\/pagina10.com\/web\/\",\"name\":\"P\u00e1gina10\",\"description\":\"Peri\u00f3dico Regional\",\"publisher\":{\"@id\":\"https:\/\/pagina10.com\/web\/#organization\"},\"alternateName\":\"P\u00e1gina10 Peri\u00f3dico Regional\",\"potentialAction\":[{\"@type\":\"SearchAction\",\"target\":{\"@type\":\"EntryPoint\",\"urlTemplate\":\"https:\/\/pagina10.com\/web\/?s={search_term_string}\"},\"query-input\":{\"@type\":\"PropertyValueSpecification\",\"valueRequired\":true,\"valueName\":\"search_term_string\"}}],\"inLanguage\":\"es\"},{\"@type\":\"Organization\",\"@id\":\"https:\/\/pagina10.com\/web\/#organization\",\"name\":\"P\u00e1gina10\",\"alternateName\":\"P\u00e1gina10 Peri\u00f3dico Regional\",\"url\":\"https:\/\/pagina10.com\/web\/\",\"logo\":{\"@type\":\"ImageObject\",\"inLanguage\":\"es\",\"@id\":\"https:\/\/pagina10.com\/web\/#\/schema\/logo\/image\/\",\"url\":\"https:\/\/pagina10.com\/web\/wp-content\/uploads\/2024\/01\/40-pagina-10-periodico-regional-pasto.jpg\",\"contentUrl\":\"https:\/\/pagina10.com\/web\/wp-content\/uploads\/2024\/01\/40-pagina-10-periodico-regional-pasto.jpg\",\"width\":1280,\"height\":720,\"caption\":\"P\u00e1gina10\"},\"image\":{\"@id\":\"https:\/\/pagina10.com\/web\/#\/schema\/logo\/image\/\"},\"sameAs\":[\"https:\/\/www.facebook.com\/pag10com\",\"https:\/\/x.com\/Pag10com\",\"https:\/\/www.instagram.com\/pagina10col\/\",\"https:\/\/youtube.com\/channel\/pag10\",\"https:\/\/www.tiktok.com\/@p10col\"]},{\"@type\":\"Person\",\"@id\":\"https:\/\/pagina10.com\/web\/#\/schema\/person\/2efc4a090d25b667d3bc796798a3a81b\",\"name\":\"P\u00e1gina 10\",\"description\":\"P\u00e1gina 10 es un peri\u00f3dico regional que nace en Colombia, en el departamento de Nari\u00f1o, con un enfoque global, fundamentado en cuatro pilares esenciales: la libertad, el pluralismo, la inclusi\u00f3n y la independencia. P\u00e1gina 10 hace referencia a Nari\u00f1o como el d\u00e9cimo departamento creado en Colombia, despu\u00e9s de un proceso pol\u00edtico liderado por actores y actrices regionales con el fin de obtener la independencia y autonom\u00eda de nuestros territorios. Con la creaci\u00f3n de P\u00e1gina 10 se pretende abrir un escenario para el dialogo, la reflexi\u00f3n y el debate que se extienda a otras geograf\u00edas de Am\u00e9rica Latina y del planeta, en una apuesta por transformar colectivamente los desaf\u00edos de un mundo contempor\u00e1neo, m\u00e1s all\u00e1 de las fronteras impuestas.\",\"url\":\"https:\/\/pagina10.com\/web\/author\/pdiezadmin\/\"}]}<\/script>\n<!-- \/ Yoast SEO plugin. -->","yoast_head_json":{"title":"Alcald\u00eda de Pasto realiz\u00f3 \u2018c\u00edrculo de la palabra\u2019 para conmemorar el d\u00eda internacional de la eliminaci\u00f3n de la violencia contra la mujer | P\u00e1gina10","robots":{"index":"index","follow":"follow","max-snippet":"max-snippet:-1","max-image-preview":"max-image-preview:large","max-video-preview":"max-video-preview:-1"},"canonical":"https:\/\/pagina10.com\/web\/alcaldia-de-pasto-realizo-circulo-de-la-palabra-para-conmemorar-el-dia-internacional-de-la-eliminacion-de-la-violencia-contra-la-mujer\/","og_locale":"es_ES","og_type":"article","og_title":"Alcald\u00eda de Pasto realiz\u00f3 \u2018c\u00edrculo de la palabra\u2019 para conmemorar el d\u00eda internacional de la eliminaci\u00f3n de la violencia contra la mujer | P\u00e1gina10","og_description":"La Secretar\u00eda de Salud, a trav\u00e9s de la estrategia \u2018Ciudad Bienestar\u2019 del Plan de Intervenciones Colectivas, realiz\u00f3 el evento \u2018C\u00edrculo de la Palabra: Mujeres en Resistencia por la Salud y una Vida Libre de Violencias\u2019. El referente de la Dimensi\u00f3n de Convivencia Social y Salud Mental de la Secretar\u00eda de Salud, Duv\u00e1n C\u00e1rdenas, precis\u00f3 que [&hellip;]","og_url":"https:\/\/pagina10.com\/web\/alcaldia-de-pasto-realizo-circulo-de-la-palabra-para-conmemorar-el-dia-internacional-de-la-eliminacion-de-la-violencia-contra-la-mujer\/","og_site_name":"P\u00e1gina10","article_publisher":"https:\/\/www.facebook.com\/pag10com","article_published_time":"2021-11-29T02:41:08+00:00","article_modified_time":"2021-11-29T02:48:23+00:00","og_image":[{"width":1280,"height":855,"url":"https:\/\/pagina10.com\/web\/wp-content\/uploads\/2021\/11\/WhatsApp-Image-2021-11-26-at-3.53.42-PM.jpeg","type":"image\/jpeg"}],"author":"P\u00e1gina 10","twitter_card":"summary_large_image","twitter_creator":"@Pag10com","twitter_site":"@Pag10com","twitter_misc":{"Escrito por":"P\u00e1gina 10","Tiempo de lectura":"2 minutos"},"schema":{"@context":"https:\/\/schema.org","@graph":[{"@type":"Article","@id":"https:\/\/pagina10.com\/web\/alcaldia-de-pasto-realizo-circulo-de-la-palabra-para-conmemorar-el-dia-internacional-de-la-eliminacion-de-la-violencia-contra-la-mujer\/#article","isPartOf":{"@id":"https:\/\/pagina10.com\/web\/alcaldia-de-pasto-realizo-circulo-de-la-palabra-para-conmemorar-el-dia-internacional-de-la-eliminacion-de-la-violencia-contra-la-mujer\/"},"author":{"name":"P\u00e1gina 10","@id":"https:\/\/pagina10.com\/web\/#\/schema\/person\/2efc4a090d25b667d3bc796798a3a81b"},"headline":"Alcald\u00eda de Pasto realiz\u00f3 \u2018c\u00edrculo de la palabra\u2019 para conmemorar el d\u00eda internacional de la eliminaci\u00f3n de la violencia contra la mujer","datePublished":"2021-11-29T02:41:08+00:00","dateModified":"2021-11-29T02:48:23+00:00","mainEntityOfPage":{"@id":"https:\/\/pagina10.com\/web\/alcaldia-de-pasto-realizo-circulo-de-la-palabra-para-conmemorar-el-dia-internacional-de-la-eliminacion-de-la-violencia-contra-la-mujer\/"},"wordCount":375,"commentCount":0,"publisher":{"@id":"https:\/\/pagina10.com\/web\/#organization"},"image":{"@id":"https:\/\/pagina10.com\/web\/alcaldia-de-pasto-realizo-circulo-de-la-palabra-para-conmemorar-el-dia-internacional-de-la-eliminacion-de-la-violencia-contra-la-mujer\/#primaryimage"},"thumbnailUrl":"https:\/\/pagina10.com\/web\/wp-content\/uploads\/2021\/11\/WhatsApp-Image-2021-11-26-at-3.53.42-PM.jpeg","articleSection":["Ciudad"],"inLanguage":"es","potentialAction":[{"@type":"CommentAction","name":"Comment","target":["https:\/\/pagina10.com\/web\/alcaldia-de-pasto-realizo-circulo-de-la-palabra-para-conmemorar-el-dia-internacional-de-la-eliminacion-de-la-violencia-contra-la-mujer\/#respond"]}]},{"@type":"WebPage","@id":"https:\/\/pagina10.com\/web\/alcaldia-de-pasto-realizo-circulo-de-la-palabra-para-conmemorar-el-dia-internacional-de-la-eliminacion-de-la-violencia-contra-la-mujer\/","url":"https:\/\/pagina10.com\/web\/alcaldia-de-pasto-realizo-circulo-de-la-palabra-para-conmemorar-el-dia-internacional-de-la-eliminacion-de-la-violencia-contra-la-mujer\/","name":"Alcald\u00eda de Pasto realiz\u00f3 \u2018c\u00edrculo de la palabra\u2019 para conmemorar el d\u00eda internacional de la eliminaci\u00f3n de la violencia contra la mujer | P\u00e1gina10","isPartOf":{"@id":"https:\/\/pagina10.com\/web\/#website"},"primaryImageOfPage":{"@id":"https:\/\/pagina10.com\/web\/alcaldia-de-pasto-realizo-circulo-de-la-palabra-para-conmemorar-el-dia-internacional-de-la-eliminacion-de-la-violencia-contra-la-mujer\/#primaryimage"},"image":{"@id":"https:\/\/pagina10.com\/web\/alcaldia-de-pasto-realizo-circulo-de-la-palabra-para-conmemorar-el-dia-internacional-de-la-eliminacion-de-la-violencia-contra-la-mujer\/#primaryimage"},"thumbnailUrl":"https:\/\/pagina10.com\/web\/wp-content\/uploads\/2021\/11\/WhatsApp-Image-2021-11-26-at-3.53.42-PM.jpeg","datePublished":"2021-11-29T02:41:08+00:00","dateModified":"2021-11-29T02:48:23+00:00","breadcrumb":{"@id":"https:\/\/pagina10.com\/web\/alcaldia-de-pasto-realizo-circulo-de-la-palabra-para-conmemorar-el-dia-internacional-de-la-eliminacion-de-la-violencia-contra-la-mujer\/#breadcrumb"},"inLanguage":"es","potentialAction":[{"@type":"ReadAction","target":["https:\/\/pagina10.com\/web\/alcaldia-de-pasto-realizo-circulo-de-la-palabra-para-conmemorar-el-dia-internacional-de-la-eliminacion-de-la-violencia-contra-la-mujer\/"]}]},{"@type":"ImageObject","inLanguage":"es","@id":"https:\/\/pagina10.com\/web\/alcaldia-de-pasto-realizo-circulo-de-la-palabra-para-conmemorar-el-dia-internacional-de-la-eliminacion-de-la-violencia-contra-la-mujer\/#primaryimage","url":"https:\/\/pagina10.com\/web\/wp-content\/uploads\/2021\/11\/WhatsApp-Image-2021-11-26-at-3.53.42-PM.jpeg","contentUrl":"https:\/\/pagina10.com\/web\/wp-content\/uploads\/2021\/11\/WhatsApp-Image-2021-11-26-at-3.53.42-PM.jpeg","width":1280,"height":855},{"@type":"BreadcrumbList","@id":"https:\/\/pagina10.com\/web\/alcaldia-de-pasto-realizo-circulo-de-la-palabra-para-conmemorar-el-dia-internacional-de-la-eliminacion-de-la-violencia-contra-la-mujer\/#breadcrumb","itemListElement":[{"@type":"ListItem","position":1,"name":"Portada","item":"https:\/\/pagina10.com\/web\/"},{"@type":"ListItem","position":2,"name":"Alcald\u00eda de Pasto realiz\u00f3 \u2018c\u00edrculo de la palabra\u2019 para conmemorar el d\u00eda internacional de la eliminaci\u00f3n de la violencia contra la mujer"}]},{"@type":"WebSite","@id":"https:\/\/pagina10.com\/web\/#website","url":"https:\/\/pagina10.com\/web\/","name":"P\u00e1gina10","description":"Peri\u00f3dico Regional","publisher":{"@id":"https:\/\/pagina10.com\/web\/#organization"},"alternateName":"P\u00e1gina10 Peri\u00f3dico Regional","potentialAction":[{"@type":"SearchAction","target":{"@type":"EntryPoint","urlTemplate":"https:\/\/pagina10.com\/web\/?s={search_term_string}"},"query-input":{"@type":"PropertyValueSpecification","valueRequired":true,"valueName":"search_term_string"}}],"inLanguage":"es"},{"@type":"Organization","@id":"https:\/\/pagina10.com\/web\/#organization","name":"P\u00e1gina10","alternateName":"P\u00e1gina10 Peri\u00f3dico Regional","url":"https:\/\/pagina10.com\/web\/","logo":{"@type":"ImageObject","inLanguage":"es","@id":"https:\/\/pagina10.com\/web\/#\/schema\/logo\/image\/","url":"https:\/\/pagina10.com\/web\/wp-content\/uploads\/2024\/01\/40-pagina-10-periodico-regional-pasto.jpg","contentUrl":"https:\/\/pagina10.com\/web\/wp-content\/uploads\/2024\/01\/40-pagina-10-periodico-regional-pasto.jpg","width":1280,"height":720,"caption":"P\u00e1gina10"},"image":{"@id":"https:\/\/pagina10.com\/web\/#\/schema\/logo\/image\/"},"sameAs":["https:\/\/www.facebook.com\/pag10com","https:\/\/x.com\/Pag10com","https:\/\/www.instagram.com\/pagina10col\/","https:\/\/youtube.com\/channel\/pag10","https:\/\/www.tiktok.com\/@p10col"]},{"@type":"Person","@id":"https:\/\/pagina10.com\/web\/#\/schema\/person\/2efc4a090d25b667d3bc796798a3a81b","name":"P\u00e1gina 10","description":"P\u00e1gina 10 es un peri\u00f3dico regional que nace en Colombia, en el departamento de Nari\u00f1o, con un enfoque global, fundamentado en cuatro pilares esenciales: la libertad, el pluralismo, la inclusi\u00f3n y la independencia. P\u00e1gina 10 hace referencia a Nari\u00f1o como el d\u00e9cimo departamento creado en Colombia, despu\u00e9s de un proceso pol\u00edtico liderado por actores y actrices regionales con el fin de obtener la independencia y autonom\u00eda de nuestros territorios. Con la creaci\u00f3n de P\u00e1gina 10 se pretende abrir un escenario para el dialogo, la reflexi\u00f3n y el debate que se extienda a otras geograf\u00edas de Am\u00e9rica Latina y del planeta, en una apuesta por transformar colectivamente los desaf\u00edos de un mundo contempor\u00e1neo, m\u00e1s all\u00e1 de las fronteras impuestas.","url":"https:\/\/pagina10.com\/web\/author\/pdiezadmin\/"}]}},"_links":{"self":[{"href":"https:\/\/pagina10.com\/web\/wp-json\/wp\/v2\/posts\/57141","targetHints":{"allow":["GET"]}}],"collection":[{"href":"https:\/\/pagina10.com\/web\/wp-json\/wp\/v2\/posts"}],"about":[{"href":"https:\/\/pagina10.com\/web\/wp-json\/wp\/v2\/types\/post"}],"author":[{"embeddable":true,"href":"https:\/\/pagina10.com\/web\/wp-json\/wp\/v2\/users\/1"}],"replies":[{"embeddable":true,"href":"https:\/\/pagina10.com\/web\/wp-json\/wp\/v2\/comments?post=57141"}],"version-history":[{"count":1,"href":"https:\/\/pagina10.com\/web\/wp-json\/wp\/v2\/posts\/57141\/revisions"}],"predecessor-version":[{"id":57143,"href":"https:\/\/pagina10.com\/web\/wp-json\/wp\/v2\/posts\/57141\/revisions\/57143"}],"wp:featuredmedia":[{"embeddable":true,"href":"https:\/\/pagina10.com\/web\/wp-json\/wp\/v2\/media\/57142"}],"wp:attachment":[{"href":"https:\/\/pagina10.com\/web\/wp-json\/wp\/v2\/media?parent=57141"}],"wp:term":[{"taxonomy":"category","embeddable":true,"href":"https:\/\/pagina10.com\/web\/wp-json\/wp\/v2\/categories?post=57141"},{"taxonomy":"post_tag","embeddable":true,"href":"https:\/\/pagina10.com\/web\/wp-json\/wp\/v2\/tags?post=57141"}],"curies":[{"name":"wp","href":"https:\/\/api.w.org\/{rel}","templated":true}]}}