{"id":57144,"date":"2021-11-28T21:43:27","date_gmt":"2021-11-29T02:43:27","guid":{"rendered":"https:\/\/pagina10.com\/web\/?p=57144"},"modified":"2021-11-28T21:47:52","modified_gmt":"2021-11-29T02:47:52","slug":"primera-convocatoria-de-estimulos-para-jovenes-en-pasto","status":"publish","type":"post","link":"https:\/\/pagina10.com\/web\/primera-convocatoria-de-estimulos-para-jovenes-en-pasto\/","title":{"rendered":"Primera convocatoria de est\u00edmulos para j\u00f3venes en Pasto"},"content":{"rendered":"<p style=\"text-align: justify;\">La voluntad del Alcalde Germ\u00e1n Chamorro De La Rosa permiti\u00f3 la destinaci\u00f3n de m\u00e1s de 250 millones de pesos para la primera Convocatoria de Est\u00edmulos para la poblaci\u00f3n joven de la capital nari\u00f1ense.<\/p>\n<p style=\"text-align: justify;\">Esta invitaci\u00f3n est\u00e1 dirigida a las personas entre los 14 y 28 a\u00f1os, grupos constituidos y personas jur\u00eddicas domiciliadas en el Municipio de Pasto que busquen, a trav\u00e9s de sus iniciativas, promover espacios culturales, de paz, convivencia, emprendimiento, deporte y arte.<\/p>\n<p style=\"text-align: justify;\">La directora administrativa de Juventud, Diana Am\u00e9rica Ortega Vallejo, sostuvo que la convocatoria responde a las necesidades consignadas por los j\u00f3venes en ejercicios participativos propuestos desde la institucionalidad.<\/p>\n<p style=\"text-align: justify;\">\u201cQueremos fortalecer las actividades que los j\u00f3venes y organizaciones desarrollaron durante la pandemia. Este es un reconocimiento al trabajo y un impulso para que sigan con las labores sociales y de emprendimiento que lideran en La Gran Capital\u201d, comento.<\/p>\n<p style=\"text-align: justify;\">La iniciativa est\u00e1 dise\u00f1ada para la aplicaci\u00f3n en cuatro componentes: Vida digna, culturas juveniles, fomento e impulso y participaci\u00f3n e incidencia. Los ejes responden al cumplimiento de los objetivos planteados en la Pol\u00edtica P\u00fablica de Juventud \u2018Pasto Siempre Joven\u2019.<\/p>\n<p style=\"text-align: justify;\">\u201cSon m\u00e1s de 80 incentivos econ\u00f3micos que la Alcald\u00eda de Pasto entregar\u00e1 este a\u00f1o, por eso, invitamos a toda la juventud de nuestro municipio para que revise la convocatoria y participe masivamente de estos espacios\u201d, agreg\u00f3 la funcionaria.<\/p>\n<p style=\"text-align: justify;\">Los interesados podr\u00e1n participar hasta el pr\u00f3ximo 6 de diciembre. Los t\u00e9rminos y bases de la convocatoria pueden consultarse a trav\u00e9s de las redes sociales de la Alcald\u00eda de Pasto y la Direcci\u00f3n Administrativa de Juventud.<\/p>\n","protected":false},"excerpt":{"rendered":"<p>La voluntad del Alcalde Germ\u00e1n Chamorro De La Rosa permiti\u00f3 la destinaci\u00f3n de m\u00e1s de 250 millones de pesos para la primera Convocatoria de Est\u00edmulos para la poblaci\u00f3n joven de la capital nari\u00f1ense. Esta invitaci\u00f3n est\u00e1 dirigida a las personas entre los 14 y 28 a\u00f1os, grupos constituidos y personas jur\u00eddicas domiciliadas en el Municipio [&hellip;]<\/p>\n","protected":false},"author":1,"featured_media":57145,"comment_status":"open","ping_status":"open","sticky":false,"template":"","format":"standard","meta":{"footnotes":""},"categories":[5],"tags":[],"class_list":["post-57144","post","type-post","status-publish","format-standard","has-post-thumbnail","hentry","category-ciudad"],"yoast_head":"<!-- This site is optimized with the Yoast SEO plugin v27.1.1 - https:\/\/yoast.com\/product\/yoast-seo-wordpress\/ -->\n<title>Primera convocatoria de est\u00edmulos para j\u00f3venes en Pasto | P\u00e1gina10<\/title>\n<meta name=\"robots\" content=\"index, follow, max-snippet:-1, max-image-preview:large, max-video-preview:-1\" \/>\n<link rel=\"canonical\" href=\"https:\/\/pagina10.com\/web\/primera-convocatoria-de-estimulos-para-jovenes-en-pasto\/\" \/>\n<meta property=\"og:locale\" content=\"es_ES\" \/>\n<meta property=\"og:type\" content=\"article\" \/>\n<meta property=\"og:title\" content=\"Primera convocatoria de est\u00edmulos para j\u00f3venes en Pasto | P\u00e1gina10\" \/>\n<meta property=\"og:description\" content=\"La voluntad del Alcalde Germ\u00e1n Chamorro De La Rosa permiti\u00f3 la destinaci\u00f3n de m\u00e1s de 250 millones de pesos para la primera Convocatoria de Est\u00edmulos para la poblaci\u00f3n joven de la capital nari\u00f1ense. Esta invitaci\u00f3n est\u00e1 dirigida a las personas entre los 14 y 28 a\u00f1os, grupos constituidos y personas jur\u00eddicas domiciliadas en el Municipio [&hellip;]\" \/>\n<meta property=\"og:url\" content=\"https:\/\/pagina10.com\/web\/primera-convocatoria-de-estimulos-para-jovenes-en-pasto\/\" \/>\n<meta property=\"og:site_name\" content=\"P\u00e1gina10\" \/>\n<meta property=\"article:publisher\" content=\"https:\/\/www.facebook.com\/pag10com\" \/>\n<meta property=\"article:published_time\" content=\"2021-11-29T02:43:27+00:00\" \/>\n<meta property=\"article:modified_time\" content=\"2021-11-29T02:47:52+00:00\" \/>\n<meta property=\"og:image\" content=\"https:\/\/pagina10.com\/web\/wp-content\/uploads\/2021\/11\/WhatsApp-Image-2021-11-26-at-2.49.54-PM.jpeg\" \/>\n\t<meta property=\"og:image:width\" content=\"1280\" \/>\n\t<meta property=\"og:image:height\" content=\"1280\" \/>\n\t<meta property=\"og:image:type\" content=\"image\/jpeg\" \/>\n<meta name=\"author\" content=\"P\u00e1gina 10\" \/>\n<meta name=\"twitter:card\" content=\"summary_large_image\" \/>\n<meta name=\"twitter:creator\" content=\"@Pag10com\" \/>\n<meta name=\"twitter:site\" content=\"@Pag10com\" \/>\n<meta name=\"twitter:label1\" content=\"Escrito por\" \/>\n\t<meta name=\"twitter:data1\" content=\"P\u00e1gina 10\" \/>\n\t<meta name=\"twitter:label2\" content=\"Tiempo de lectura\" \/>\n\t<meta name=\"twitter:data2\" content=\"1 minuto\" \/>\n<script type=\"application\/ld+json\" class=\"yoast-schema-graph\">{\"@context\":\"https:\/\/schema.org\",\"@graph\":[{\"@type\":\"Article\",\"@id\":\"https:\/\/pagina10.com\/web\/primera-convocatoria-de-estimulos-para-jovenes-en-pasto\/#article\",\"isPartOf\":{\"@id\":\"https:\/\/pagina10.com\/web\/primera-convocatoria-de-estimulos-para-jovenes-en-pasto\/\"},\"author\":{\"name\":\"P\u00e1gina 10\",\"@id\":\"https:\/\/pagina10.com\/web\/#\/schema\/person\/2efc4a090d25b667d3bc796798a3a81b\"},\"headline\":\"Primera convocatoria de est\u00edmulos para j\u00f3venes en Pasto\",\"datePublished\":\"2021-11-29T02:43:27+00:00\",\"dateModified\":\"2021-11-29T02:47:52+00:00\",\"mainEntityOfPage\":{\"@id\":\"https:\/\/pagina10.com\/web\/primera-convocatoria-de-estimulos-para-jovenes-en-pasto\/\"},\"wordCount\":287,\"commentCount\":0,\"publisher\":{\"@id\":\"https:\/\/pagina10.com\/web\/#organization\"},\"image\":{\"@id\":\"https:\/\/pagina10.com\/web\/primera-convocatoria-de-estimulos-para-jovenes-en-pasto\/#primaryimage\"},\"thumbnailUrl\":\"https:\/\/pagina10.com\/web\/wp-content\/uploads\/2021\/11\/WhatsApp-Image-2021-11-26-at-2.49.54-PM.jpeg\",\"articleSection\":[\"Ciudad\"],\"inLanguage\":\"es\",\"potentialAction\":[{\"@type\":\"CommentAction\",\"name\":\"Comment\",\"target\":[\"https:\/\/pagina10.com\/web\/primera-convocatoria-de-estimulos-para-jovenes-en-pasto\/#respond\"]}]},{\"@type\":\"WebPage\",\"@id\":\"https:\/\/pagina10.com\/web\/primera-convocatoria-de-estimulos-para-jovenes-en-pasto\/\",\"url\":\"https:\/\/pagina10.com\/web\/primera-convocatoria-de-estimulos-para-jovenes-en-pasto\/\",\"name\":\"Primera convocatoria de est\u00edmulos para j\u00f3venes en Pasto | P\u00e1gina10\",\"isPartOf\":{\"@id\":\"https:\/\/pagina10.com\/web\/#website\"},\"primaryImageOfPage\":{\"@id\":\"https:\/\/pagina10.com\/web\/primera-convocatoria-de-estimulos-para-jovenes-en-pasto\/#primaryimage\"},\"image\":{\"@id\":\"https:\/\/pagina10.com\/web\/primera-convocatoria-de-estimulos-para-jovenes-en-pasto\/#primaryimage\"},\"thumbnailUrl\":\"https:\/\/pagina10.com\/web\/wp-content\/uploads\/2021\/11\/WhatsApp-Image-2021-11-26-at-2.49.54-PM.jpeg\",\"datePublished\":\"2021-11-29T02:43:27+00:00\",\"dateModified\":\"2021-11-29T02:47:52+00:00\",\"breadcrumb\":{\"@id\":\"https:\/\/pagina10.com\/web\/primera-convocatoria-de-estimulos-para-jovenes-en-pasto\/#breadcrumb\"},\"inLanguage\":\"es\",\"potentialAction\":[{\"@type\":\"ReadAction\",\"target\":[\"https:\/\/pagina10.com\/web\/primera-convocatoria-de-estimulos-para-jovenes-en-pasto\/\"]}]},{\"@type\":\"ImageObject\",\"inLanguage\":\"es\",\"@id\":\"https:\/\/pagina10.com\/web\/primera-convocatoria-de-estimulos-para-jovenes-en-pasto\/#primaryimage\",\"url\":\"https:\/\/pagina10.com\/web\/wp-content\/uploads\/2021\/11\/WhatsApp-Image-2021-11-26-at-2.49.54-PM.jpeg\",\"contentUrl\":\"https:\/\/pagina10.com\/web\/wp-content\/uploads\/2021\/11\/WhatsApp-Image-2021-11-26-at-2.49.54-PM.jpeg\",\"width\":1280,\"height\":1280},{\"@type\":\"BreadcrumbList\",\"@id\":\"https:\/\/pagina10.com\/web\/primera-convocatoria-de-estimulos-para-jovenes-en-pasto\/#breadcrumb\",\"itemListElement\":[{\"@type\":\"ListItem\",\"position\":1,\"name\":\"Portada\",\"item\":\"https:\/\/pagina10.com\/web\/\"},{\"@type\":\"ListItem\",\"position\":2,\"name\":\"Primera convocatoria de est\u00edmulos para j\u00f3venes en Pasto\"}]},{\"@type\":\"WebSite\",\"@id\":\"https:\/\/pagina10.com\/web\/#website\",\"url\":\"https:\/\/pagina10.com\/web\/\",\"name\":\"P\u00e1gina10\",\"description\":\"Peri\u00f3dico Regional\",\"publisher\":{\"@id\":\"https:\/\/pagina10.com\/web\/#organization\"},\"alternateName\":\"P\u00e1gina10 Peri\u00f3dico Regional\",\"potentialAction\":[{\"@type\":\"SearchAction\",\"target\":{\"@type\":\"EntryPoint\",\"urlTemplate\":\"https:\/\/pagina10.com\/web\/?s={search_term_string}\"},\"query-input\":{\"@type\":\"PropertyValueSpecification\",\"valueRequired\":true,\"valueName\":\"search_term_string\"}}],\"inLanguage\":\"es\"},{\"@type\":\"Organization\",\"@id\":\"https:\/\/pagina10.com\/web\/#organization\",\"name\":\"P\u00e1gina10\",\"alternateName\":\"P\u00e1gina10 Peri\u00f3dico Regional\",\"url\":\"https:\/\/pagina10.com\/web\/\",\"logo\":{\"@type\":\"ImageObject\",\"inLanguage\":\"es\",\"@id\":\"https:\/\/pagina10.com\/web\/#\/schema\/logo\/image\/\",\"url\":\"https:\/\/pagina10.com\/web\/wp-content\/uploads\/2024\/01\/40-pagina-10-periodico-regional-pasto.jpg\",\"contentUrl\":\"https:\/\/pagina10.com\/web\/wp-content\/uploads\/2024\/01\/40-pagina-10-periodico-regional-pasto.jpg\",\"width\":1280,\"height\":720,\"caption\":\"P\u00e1gina10\"},\"image\":{\"@id\":\"https:\/\/pagina10.com\/web\/#\/schema\/logo\/image\/\"},\"sameAs\":[\"https:\/\/www.facebook.com\/pag10com\",\"https:\/\/x.com\/Pag10com\",\"https:\/\/www.instagram.com\/pagina10col\/\",\"https:\/\/youtube.com\/channel\/pag10\",\"https:\/\/www.tiktok.com\/@p10col\"]},{\"@type\":\"Person\",\"@id\":\"https:\/\/pagina10.com\/web\/#\/schema\/person\/2efc4a090d25b667d3bc796798a3a81b\",\"name\":\"P\u00e1gina 10\",\"description\":\"P\u00e1gina 10 es un peri\u00f3dico regional que nace en Colombia, en el departamento de Nari\u00f1o, con un enfoque global, fundamentado en cuatro pilares esenciales: la libertad, el pluralismo, la inclusi\u00f3n y la independencia. P\u00e1gina 10 hace referencia a Nari\u00f1o como el d\u00e9cimo departamento creado en Colombia, despu\u00e9s de un proceso pol\u00edtico liderado por actores y actrices regionales con el fin de obtener la independencia y autonom\u00eda de nuestros territorios. Con la creaci\u00f3n de P\u00e1gina 10 se pretende abrir un escenario para el dialogo, la reflexi\u00f3n y el debate que se extienda a otras geograf\u00edas de Am\u00e9rica Latina y del planeta, en una apuesta por transformar colectivamente los desaf\u00edos de un mundo contempor\u00e1neo, m\u00e1s all\u00e1 de las fronteras impuestas.\",\"url\":\"https:\/\/pagina10.com\/web\/author\/pdiezadmin\/\"}]}<\/script>\n<!-- \/ Yoast SEO plugin. -->","yoast_head_json":{"title":"Primera convocatoria de est\u00edmulos para j\u00f3venes en Pasto | P\u00e1gina10","robots":{"index":"index","follow":"follow","max-snippet":"max-snippet:-1","max-image-preview":"max-image-preview:large","max-video-preview":"max-video-preview:-1"},"canonical":"https:\/\/pagina10.com\/web\/primera-convocatoria-de-estimulos-para-jovenes-en-pasto\/","og_locale":"es_ES","og_type":"article","og_title":"Primera convocatoria de est\u00edmulos para j\u00f3venes en Pasto | P\u00e1gina10","og_description":"La voluntad del Alcalde Germ\u00e1n Chamorro De La Rosa permiti\u00f3 la destinaci\u00f3n de m\u00e1s de 250 millones de pesos para la primera Convocatoria de Est\u00edmulos para la poblaci\u00f3n joven de la capital nari\u00f1ense. Esta invitaci\u00f3n est\u00e1 dirigida a las personas entre los 14 y 28 a\u00f1os, grupos constituidos y personas jur\u00eddicas domiciliadas en el Municipio [&hellip;]","og_url":"https:\/\/pagina10.com\/web\/primera-convocatoria-de-estimulos-para-jovenes-en-pasto\/","og_site_name":"P\u00e1gina10","article_publisher":"https:\/\/www.facebook.com\/pag10com","article_published_time":"2021-11-29T02:43:27+00:00","article_modified_time":"2021-11-29T02:47:52+00:00","og_image":[{"width":1280,"height":1280,"url":"https:\/\/pagina10.com\/web\/wp-content\/uploads\/2021\/11\/WhatsApp-Image-2021-11-26-at-2.49.54-PM.jpeg","type":"image\/jpeg"}],"author":"P\u00e1gina 10","twitter_card":"summary_large_image","twitter_creator":"@Pag10com","twitter_site":"@Pag10com","twitter_misc":{"Escrito por":"P\u00e1gina 10","Tiempo de lectura":"1 minuto"},"schema":{"@context":"https:\/\/schema.org","@graph":[{"@type":"Article","@id":"https:\/\/pagina10.com\/web\/primera-convocatoria-de-estimulos-para-jovenes-en-pasto\/#article","isPartOf":{"@id":"https:\/\/pagina10.com\/web\/primera-convocatoria-de-estimulos-para-jovenes-en-pasto\/"},"author":{"name":"P\u00e1gina 10","@id":"https:\/\/pagina10.com\/web\/#\/schema\/person\/2efc4a090d25b667d3bc796798a3a81b"},"headline":"Primera convocatoria de est\u00edmulos para j\u00f3venes en Pasto","datePublished":"2021-11-29T02:43:27+00:00","dateModified":"2021-11-29T02:47:52+00:00","mainEntityOfPage":{"@id":"https:\/\/pagina10.com\/web\/primera-convocatoria-de-estimulos-para-jovenes-en-pasto\/"},"wordCount":287,"commentCount":0,"publisher":{"@id":"https:\/\/pagina10.com\/web\/#organization"},"image":{"@id":"https:\/\/pagina10.com\/web\/primera-convocatoria-de-estimulos-para-jovenes-en-pasto\/#primaryimage"},"thumbnailUrl":"https:\/\/pagina10.com\/web\/wp-content\/uploads\/2021\/11\/WhatsApp-Image-2021-11-26-at-2.49.54-PM.jpeg","articleSection":["Ciudad"],"inLanguage":"es","potentialAction":[{"@type":"CommentAction","name":"Comment","target":["https:\/\/pagina10.com\/web\/primera-convocatoria-de-estimulos-para-jovenes-en-pasto\/#respond"]}]},{"@type":"WebPage","@id":"https:\/\/pagina10.com\/web\/primera-convocatoria-de-estimulos-para-jovenes-en-pasto\/","url":"https:\/\/pagina10.com\/web\/primera-convocatoria-de-estimulos-para-jovenes-en-pasto\/","name":"Primera convocatoria de est\u00edmulos para j\u00f3venes en Pasto | P\u00e1gina10","isPartOf":{"@id":"https:\/\/pagina10.com\/web\/#website"},"primaryImageOfPage":{"@id":"https:\/\/pagina10.com\/web\/primera-convocatoria-de-estimulos-para-jovenes-en-pasto\/#primaryimage"},"image":{"@id":"https:\/\/pagina10.com\/web\/primera-convocatoria-de-estimulos-para-jovenes-en-pasto\/#primaryimage"},"thumbnailUrl":"https:\/\/pagina10.com\/web\/wp-content\/uploads\/2021\/11\/WhatsApp-Image-2021-11-26-at-2.49.54-PM.jpeg","datePublished":"2021-11-29T02:43:27+00:00","dateModified":"2021-11-29T02:47:52+00:00","breadcrumb":{"@id":"https:\/\/pagina10.com\/web\/primera-convocatoria-de-estimulos-para-jovenes-en-pasto\/#breadcrumb"},"inLanguage":"es","potentialAction":[{"@type":"ReadAction","target":["https:\/\/pagina10.com\/web\/primera-convocatoria-de-estimulos-para-jovenes-en-pasto\/"]}]},{"@type":"ImageObject","inLanguage":"es","@id":"https:\/\/pagina10.com\/web\/primera-convocatoria-de-estimulos-para-jovenes-en-pasto\/#primaryimage","url":"https:\/\/pagina10.com\/web\/wp-content\/uploads\/2021\/11\/WhatsApp-Image-2021-11-26-at-2.49.54-PM.jpeg","contentUrl":"https:\/\/pagina10.com\/web\/wp-content\/uploads\/2021\/11\/WhatsApp-Image-2021-11-26-at-2.49.54-PM.jpeg","width":1280,"height":1280},{"@type":"BreadcrumbList","@id":"https:\/\/pagina10.com\/web\/primera-convocatoria-de-estimulos-para-jovenes-en-pasto\/#breadcrumb","itemListElement":[{"@type":"ListItem","position":1,"name":"Portada","item":"https:\/\/pagina10.com\/web\/"},{"@type":"ListItem","position":2,"name":"Primera convocatoria de est\u00edmulos para j\u00f3venes en Pasto"}]},{"@type":"WebSite","@id":"https:\/\/pagina10.com\/web\/#website","url":"https:\/\/pagina10.com\/web\/","name":"P\u00e1gina10","description":"Peri\u00f3dico Regional","publisher":{"@id":"https:\/\/pagina10.com\/web\/#organization"},"alternateName":"P\u00e1gina10 Peri\u00f3dico Regional","potentialAction":[{"@type":"SearchAction","target":{"@type":"EntryPoint","urlTemplate":"https:\/\/pagina10.com\/web\/?s={search_term_string}"},"query-input":{"@type":"PropertyValueSpecification","valueRequired":true,"valueName":"search_term_string"}}],"inLanguage":"es"},{"@type":"Organization","@id":"https:\/\/pagina10.com\/web\/#organization","name":"P\u00e1gina10","alternateName":"P\u00e1gina10 Peri\u00f3dico Regional","url":"https:\/\/pagina10.com\/web\/","logo":{"@type":"ImageObject","inLanguage":"es","@id":"https:\/\/pagina10.com\/web\/#\/schema\/logo\/image\/","url":"https:\/\/pagina10.com\/web\/wp-content\/uploads\/2024\/01\/40-pagina-10-periodico-regional-pasto.jpg","contentUrl":"https:\/\/pagina10.com\/web\/wp-content\/uploads\/2024\/01\/40-pagina-10-periodico-regional-pasto.jpg","width":1280,"height":720,"caption":"P\u00e1gina10"},"image":{"@id":"https:\/\/pagina10.com\/web\/#\/schema\/logo\/image\/"},"sameAs":["https:\/\/www.facebook.com\/pag10com","https:\/\/x.com\/Pag10com","https:\/\/www.instagram.com\/pagina10col\/","https:\/\/youtube.com\/channel\/pag10","https:\/\/www.tiktok.com\/@p10col"]},{"@type":"Person","@id":"https:\/\/pagina10.com\/web\/#\/schema\/person\/2efc4a090d25b667d3bc796798a3a81b","name":"P\u00e1gina 10","description":"P\u00e1gina 10 es un peri\u00f3dico regional que nace en Colombia, en el departamento de Nari\u00f1o, con un enfoque global, fundamentado en cuatro pilares esenciales: la libertad, el pluralismo, la inclusi\u00f3n y la independencia. P\u00e1gina 10 hace referencia a Nari\u00f1o como el d\u00e9cimo departamento creado en Colombia, despu\u00e9s de un proceso pol\u00edtico liderado por actores y actrices regionales con el fin de obtener la independencia y autonom\u00eda de nuestros territorios. Con la creaci\u00f3n de P\u00e1gina 10 se pretende abrir un escenario para el dialogo, la reflexi\u00f3n y el debate que se extienda a otras geograf\u00edas de Am\u00e9rica Latina y del planeta, en una apuesta por transformar colectivamente los desaf\u00edos de un mundo contempor\u00e1neo, m\u00e1s all\u00e1 de las fronteras impuestas.","url":"https:\/\/pagina10.com\/web\/author\/pdiezadmin\/"}]}},"_links":{"self":[{"href":"https:\/\/pagina10.com\/web\/wp-json\/wp\/v2\/posts\/57144","targetHints":{"allow":["GET"]}}],"collection":[{"href":"https:\/\/pagina10.com\/web\/wp-json\/wp\/v2\/posts"}],"about":[{"href":"https:\/\/pagina10.com\/web\/wp-json\/wp\/v2\/types\/post"}],"author":[{"embeddable":true,"href":"https:\/\/pagina10.com\/web\/wp-json\/wp\/v2\/users\/1"}],"replies":[{"embeddable":true,"href":"https:\/\/pagina10.com\/web\/wp-json\/wp\/v2\/comments?post=57144"}],"version-history":[{"count":1,"href":"https:\/\/pagina10.com\/web\/wp-json\/wp\/v2\/posts\/57144\/revisions"}],"predecessor-version":[{"id":57146,"href":"https:\/\/pagina10.com\/web\/wp-json\/wp\/v2\/posts\/57144\/revisions\/57146"}],"wp:featuredmedia":[{"embeddable":true,"href":"https:\/\/pagina10.com\/web\/wp-json\/wp\/v2\/media\/57145"}],"wp:attachment":[{"href":"https:\/\/pagina10.com\/web\/wp-json\/wp\/v2\/media?parent=57144"}],"wp:term":[{"taxonomy":"category","embeddable":true,"href":"https:\/\/pagina10.com\/web\/wp-json\/wp\/v2\/categories?post=57144"},{"taxonomy":"post_tag","embeddable":true,"href":"https:\/\/pagina10.com\/web\/wp-json\/wp\/v2\/tags?post=57144"}],"curies":[{"name":"wp","href":"https:\/\/api.w.org\/{rel}","templated":true}]}}