{"id":57153,"date":"2021-11-28T21:51:13","date_gmt":"2021-11-29T02:51:13","guid":{"rendered":"https:\/\/pagina10.com\/web\/?p=57153"},"modified":"2021-11-28T21:51:13","modified_gmt":"2021-11-29T02:51:13","slug":"colombia-lider-entrego-reconocimiento-a-la-gran-capital","status":"publish","type":"post","link":"https:\/\/pagina10.com\/web\/colombia-lider-entrego-reconocimiento-a-la-gran-capital\/","title":{"rendered":"Colombia L\u00edder entreg\u00f3 reconocimiento a \u2018La gran capital\u2019"},"content":{"rendered":"<p style=\"text-align: justify;\">La entidad nacional hizo entrega oficial al Municipio de Pasto del reconocimiento \u2018Construyendo Sue\u00f1os. Ni\u00f1ez, adolescencia y familia en los planes de desarrollo 2020-2023\u2019, producto de la inclusi\u00f3n de programas, proyectos y estrategias orientadas a la atenci\u00f3n integral de la poblaci\u00f3n de primera infancia, infancia, adolescencia y familia en el Plan de Desarrollo del Alcalde Germ\u00e1n Chamorro De La Rosa, \u2018Pasto, La Gran Capital\u2019.<\/p>\n<p style=\"text-align: justify;\">El reconocimiento, entregado por Colombia L\u00edder con el apoyo de Konrad Adenauer y Seguros Bol\u00edvar, corresponde al trabajo adelantado con la ciudadan\u00eda en la formulaci\u00f3n del Plan de Desarrollo a trav\u00e9s de mesas de participaci\u00f3n ciudadana con grupos poblacionales, que permitieron identificar necesidades de la ni\u00f1ez, las mujeres, poblaci\u00f3n con discapacidad y adultos mayores.<\/p>\n<p style=\"text-align: justify;\">\u201cDesde la Oficina de Planeaci\u00f3n Institucional hacemos un seguimiento permanente a la ejecuci\u00f3n de cada dependencia para que lo plasmado en nuestro Plan de Desarrollo se convierta en una realidad. Recibir este reconocimiento nos llena de satisfacci\u00f3n porque es saber que le estamos cumpliendo a la ciudadan\u00eda\u201d, sostuvo la jefa de la Oficina de Planeaci\u00f3n Institucional, Marcela Pe\u00f1a.<\/p>\n<p style=\"text-align: justify;\">La visi\u00f3n de la Alcald\u00eda de Pasto se enfoca en garantizar el bienestar de la infancia como una condici\u00f3n esencial para cumplir la Agenda 2030 y hacer realidad los Objetivos de Desarrollo Sostenible, una apuesta por un modelo social y pol\u00edtico donde los ni\u00f1os y ni\u00f1as son la prioridad.<\/p>\n<p style=\"text-align: justify;\">\u201cEs muy grato para nosotros llegar al territorio y poder visualizar esas acciones que se adelantan desde el ente territorial al cumplir las iniciativas y lo que est\u00e1 plasmado en ese documento gracias a las mesas de participaci\u00f3n ciudadana. Escuchar a los ni\u00f1os decir que se est\u00e1n cumpliendo sus sue\u00f1os, es un logro para ellos y por supuesto para la Administraci\u00f3n Municipal\u201d, concluy\u00f3 el coordinador de proyectos de Colombia L\u00edder, Breiner Escobar.<\/p>\n","protected":false},"excerpt":{"rendered":"<p>La entidad nacional hizo entrega oficial al Municipio de Pasto del reconocimiento \u2018Construyendo Sue\u00f1os. Ni\u00f1ez, adolescencia y familia en los planes de desarrollo 2020-2023\u2019, producto de la inclusi\u00f3n de programas, proyectos y estrategias orientadas a la atenci\u00f3n integral de la poblaci\u00f3n de primera infancia, infancia, adolescencia y familia en el Plan de Desarrollo del Alcalde [&hellip;]<\/p>\n","protected":false},"author":1,"featured_media":57154,"comment_status":"open","ping_status":"open","sticky":false,"template":"","format":"standard","meta":{"footnotes":""},"categories":[82],"tags":[],"class_list":["post-57153","post","type-post","status-publish","format-standard","has-post-thumbnail","hentry","category-ciudad-2"],"yoast_head":"<!-- This site is optimized with the Yoast SEO plugin v27.1.1 - https:\/\/yoast.com\/product\/yoast-seo-wordpress\/ -->\n<title>Colombia L\u00edder entreg\u00f3 reconocimiento a \u2018La gran capital\u2019 | P\u00e1gina10<\/title>\n<meta name=\"robots\" content=\"index, follow, max-snippet:-1, max-image-preview:large, max-video-preview:-1\" \/>\n<link rel=\"canonical\" href=\"https:\/\/pagina10.com\/web\/colombia-lider-entrego-reconocimiento-a-la-gran-capital\/\" \/>\n<meta property=\"og:locale\" content=\"es_ES\" \/>\n<meta property=\"og:type\" content=\"article\" \/>\n<meta property=\"og:title\" content=\"Colombia L\u00edder entreg\u00f3 reconocimiento a \u2018La gran capital\u2019 | P\u00e1gina10\" \/>\n<meta property=\"og:description\" content=\"La entidad nacional hizo entrega oficial al Municipio de Pasto del reconocimiento \u2018Construyendo Sue\u00f1os. Ni\u00f1ez, adolescencia y familia en los planes de desarrollo 2020-2023\u2019, producto de la inclusi\u00f3n de programas, proyectos y estrategias orientadas a la atenci\u00f3n integral de la poblaci\u00f3n de primera infancia, infancia, adolescencia y familia en el Plan de Desarrollo del Alcalde [&hellip;]\" \/>\n<meta property=\"og:url\" content=\"https:\/\/pagina10.com\/web\/colombia-lider-entrego-reconocimiento-a-la-gran-capital\/\" \/>\n<meta property=\"og:site_name\" content=\"P\u00e1gina10\" \/>\n<meta property=\"article:publisher\" content=\"https:\/\/www.facebook.com\/pag10com\" \/>\n<meta property=\"article:published_time\" content=\"2021-11-29T02:51:13+00:00\" \/>\n<meta property=\"og:image\" content=\"https:\/\/pagina10.com\/web\/wp-content\/uploads\/2021\/11\/WhatsApp-Image-2021-11-25-at-7.18.02-AM.jpeg\" \/>\n\t<meta property=\"og:image:width\" content=\"1280\" \/>\n\t<meta property=\"og:image:height\" content=\"853\" \/>\n\t<meta property=\"og:image:type\" content=\"image\/jpeg\" \/>\n<meta name=\"author\" content=\"P\u00e1gina 10\" \/>\n<meta name=\"twitter:card\" content=\"summary_large_image\" \/>\n<meta name=\"twitter:creator\" content=\"@Pag10com\" \/>\n<meta name=\"twitter:site\" content=\"@Pag10com\" \/>\n<meta name=\"twitter:label1\" content=\"Escrito por\" \/>\n\t<meta name=\"twitter:data1\" content=\"P\u00e1gina 10\" \/>\n\t<meta name=\"twitter:label2\" content=\"Tiempo de lectura\" \/>\n\t<meta name=\"twitter:data2\" content=\"2 minutos\" \/>\n<script type=\"application\/ld+json\" class=\"yoast-schema-graph\">{\"@context\":\"https:\/\/schema.org\",\"@graph\":[{\"@type\":\"Article\",\"@id\":\"https:\/\/pagina10.com\/web\/colombia-lider-entrego-reconocimiento-a-la-gran-capital\/#article\",\"isPartOf\":{\"@id\":\"https:\/\/pagina10.com\/web\/colombia-lider-entrego-reconocimiento-a-la-gran-capital\/\"},\"author\":{\"name\":\"P\u00e1gina 10\",\"@id\":\"https:\/\/pagina10.com\/web\/#\/schema\/person\/2efc4a090d25b667d3bc796798a3a81b\"},\"headline\":\"Colombia L\u00edder entreg\u00f3 reconocimiento a \u2018La gran capital\u2019\",\"datePublished\":\"2021-11-29T02:51:13+00:00\",\"mainEntityOfPage\":{\"@id\":\"https:\/\/pagina10.com\/web\/colombia-lider-entrego-reconocimiento-a-la-gran-capital\/\"},\"wordCount\":337,\"commentCount\":0,\"publisher\":{\"@id\":\"https:\/\/pagina10.com\/web\/#organization\"},\"image\":{\"@id\":\"https:\/\/pagina10.com\/web\/colombia-lider-entrego-reconocimiento-a-la-gran-capital\/#primaryimage\"},\"thumbnailUrl\":\"https:\/\/pagina10.com\/web\/wp-content\/uploads\/2021\/11\/WhatsApp-Image-2021-11-25-at-7.18.02-AM.jpeg\",\"articleSection\":[\"Ciudad\"],\"inLanguage\":\"es\",\"potentialAction\":[{\"@type\":\"CommentAction\",\"name\":\"Comment\",\"target\":[\"https:\/\/pagina10.com\/web\/colombia-lider-entrego-reconocimiento-a-la-gran-capital\/#respond\"]}]},{\"@type\":\"WebPage\",\"@id\":\"https:\/\/pagina10.com\/web\/colombia-lider-entrego-reconocimiento-a-la-gran-capital\/\",\"url\":\"https:\/\/pagina10.com\/web\/colombia-lider-entrego-reconocimiento-a-la-gran-capital\/\",\"name\":\"Colombia L\u00edder entreg\u00f3 reconocimiento a \u2018La gran capital\u2019 | P\u00e1gina10\",\"isPartOf\":{\"@id\":\"https:\/\/pagina10.com\/web\/#website\"},\"primaryImageOfPage\":{\"@id\":\"https:\/\/pagina10.com\/web\/colombia-lider-entrego-reconocimiento-a-la-gran-capital\/#primaryimage\"},\"image\":{\"@id\":\"https:\/\/pagina10.com\/web\/colombia-lider-entrego-reconocimiento-a-la-gran-capital\/#primaryimage\"},\"thumbnailUrl\":\"https:\/\/pagina10.com\/web\/wp-content\/uploads\/2021\/11\/WhatsApp-Image-2021-11-25-at-7.18.02-AM.jpeg\",\"datePublished\":\"2021-11-29T02:51:13+00:00\",\"breadcrumb\":{\"@id\":\"https:\/\/pagina10.com\/web\/colombia-lider-entrego-reconocimiento-a-la-gran-capital\/#breadcrumb\"},\"inLanguage\":\"es\",\"potentialAction\":[{\"@type\":\"ReadAction\",\"target\":[\"https:\/\/pagina10.com\/web\/colombia-lider-entrego-reconocimiento-a-la-gran-capital\/\"]}]},{\"@type\":\"ImageObject\",\"inLanguage\":\"es\",\"@id\":\"https:\/\/pagina10.com\/web\/colombia-lider-entrego-reconocimiento-a-la-gran-capital\/#primaryimage\",\"url\":\"https:\/\/pagina10.com\/web\/wp-content\/uploads\/2021\/11\/WhatsApp-Image-2021-11-25-at-7.18.02-AM.jpeg\",\"contentUrl\":\"https:\/\/pagina10.com\/web\/wp-content\/uploads\/2021\/11\/WhatsApp-Image-2021-11-25-at-7.18.02-AM.jpeg\",\"width\":1280,\"height\":853},{\"@type\":\"BreadcrumbList\",\"@id\":\"https:\/\/pagina10.com\/web\/colombia-lider-entrego-reconocimiento-a-la-gran-capital\/#breadcrumb\",\"itemListElement\":[{\"@type\":\"ListItem\",\"position\":1,\"name\":\"Portada\",\"item\":\"https:\/\/pagina10.com\/web\/\"},{\"@type\":\"ListItem\",\"position\":2,\"name\":\"Colombia L\u00edder entreg\u00f3 reconocimiento a \u2018La gran capital\u2019\"}]},{\"@type\":\"WebSite\",\"@id\":\"https:\/\/pagina10.com\/web\/#website\",\"url\":\"https:\/\/pagina10.com\/web\/\",\"name\":\"P\u00e1gina10\",\"description\":\"Peri\u00f3dico Regional\",\"publisher\":{\"@id\":\"https:\/\/pagina10.com\/web\/#organization\"},\"alternateName\":\"P\u00e1gina10 Peri\u00f3dico Regional\",\"potentialAction\":[{\"@type\":\"SearchAction\",\"target\":{\"@type\":\"EntryPoint\",\"urlTemplate\":\"https:\/\/pagina10.com\/web\/?s={search_term_string}\"},\"query-input\":{\"@type\":\"PropertyValueSpecification\",\"valueRequired\":true,\"valueName\":\"search_term_string\"}}],\"inLanguage\":\"es\"},{\"@type\":\"Organization\",\"@id\":\"https:\/\/pagina10.com\/web\/#organization\",\"name\":\"P\u00e1gina10\",\"alternateName\":\"P\u00e1gina10 Peri\u00f3dico Regional\",\"url\":\"https:\/\/pagina10.com\/web\/\",\"logo\":{\"@type\":\"ImageObject\",\"inLanguage\":\"es\",\"@id\":\"https:\/\/pagina10.com\/web\/#\/schema\/logo\/image\/\",\"url\":\"https:\/\/pagina10.com\/web\/wp-content\/uploads\/2024\/01\/40-pagina-10-periodico-regional-pasto.jpg\",\"contentUrl\":\"https:\/\/pagina10.com\/web\/wp-content\/uploads\/2024\/01\/40-pagina-10-periodico-regional-pasto.jpg\",\"width\":1280,\"height\":720,\"caption\":\"P\u00e1gina10\"},\"image\":{\"@id\":\"https:\/\/pagina10.com\/web\/#\/schema\/logo\/image\/\"},\"sameAs\":[\"https:\/\/www.facebook.com\/pag10com\",\"https:\/\/x.com\/Pag10com\",\"https:\/\/www.instagram.com\/pagina10col\/\",\"https:\/\/youtube.com\/channel\/pag10\",\"https:\/\/www.tiktok.com\/@p10col\"]},{\"@type\":\"Person\",\"@id\":\"https:\/\/pagina10.com\/web\/#\/schema\/person\/2efc4a090d25b667d3bc796798a3a81b\",\"name\":\"P\u00e1gina 10\",\"description\":\"P\u00e1gina 10 es un peri\u00f3dico regional que nace en Colombia, en el departamento de Nari\u00f1o, con un enfoque global, fundamentado en cuatro pilares esenciales: la libertad, el pluralismo, la inclusi\u00f3n y la independencia. P\u00e1gina 10 hace referencia a Nari\u00f1o como el d\u00e9cimo departamento creado en Colombia, despu\u00e9s de un proceso pol\u00edtico liderado por actores y actrices regionales con el fin de obtener la independencia y autonom\u00eda de nuestros territorios. Con la creaci\u00f3n de P\u00e1gina 10 se pretende abrir un escenario para el dialogo, la reflexi\u00f3n y el debate que se extienda a otras geograf\u00edas de Am\u00e9rica Latina y del planeta, en una apuesta por transformar colectivamente los desaf\u00edos de un mundo contempor\u00e1neo, m\u00e1s all\u00e1 de las fronteras impuestas.\",\"url\":\"https:\/\/pagina10.com\/web\/author\/pdiezadmin\/\"}]}<\/script>\n<!-- \/ Yoast SEO plugin. -->","yoast_head_json":{"title":"Colombia L\u00edder entreg\u00f3 reconocimiento a \u2018La gran capital\u2019 | P\u00e1gina10","robots":{"index":"index","follow":"follow","max-snippet":"max-snippet:-1","max-image-preview":"max-image-preview:large","max-video-preview":"max-video-preview:-1"},"canonical":"https:\/\/pagina10.com\/web\/colombia-lider-entrego-reconocimiento-a-la-gran-capital\/","og_locale":"es_ES","og_type":"article","og_title":"Colombia L\u00edder entreg\u00f3 reconocimiento a \u2018La gran capital\u2019 | P\u00e1gina10","og_description":"La entidad nacional hizo entrega oficial al Municipio de Pasto del reconocimiento \u2018Construyendo Sue\u00f1os. Ni\u00f1ez, adolescencia y familia en los planes de desarrollo 2020-2023\u2019, producto de la inclusi\u00f3n de programas, proyectos y estrategias orientadas a la atenci\u00f3n integral de la poblaci\u00f3n de primera infancia, infancia, adolescencia y familia en el Plan de Desarrollo del Alcalde [&hellip;]","og_url":"https:\/\/pagina10.com\/web\/colombia-lider-entrego-reconocimiento-a-la-gran-capital\/","og_site_name":"P\u00e1gina10","article_publisher":"https:\/\/www.facebook.com\/pag10com","article_published_time":"2021-11-29T02:51:13+00:00","og_image":[{"width":1280,"height":853,"url":"https:\/\/pagina10.com\/web\/wp-content\/uploads\/2021\/11\/WhatsApp-Image-2021-11-25-at-7.18.02-AM.jpeg","type":"image\/jpeg"}],"author":"P\u00e1gina 10","twitter_card":"summary_large_image","twitter_creator":"@Pag10com","twitter_site":"@Pag10com","twitter_misc":{"Escrito por":"P\u00e1gina 10","Tiempo de lectura":"2 minutos"},"schema":{"@context":"https:\/\/schema.org","@graph":[{"@type":"Article","@id":"https:\/\/pagina10.com\/web\/colombia-lider-entrego-reconocimiento-a-la-gran-capital\/#article","isPartOf":{"@id":"https:\/\/pagina10.com\/web\/colombia-lider-entrego-reconocimiento-a-la-gran-capital\/"},"author":{"name":"P\u00e1gina 10","@id":"https:\/\/pagina10.com\/web\/#\/schema\/person\/2efc4a090d25b667d3bc796798a3a81b"},"headline":"Colombia L\u00edder entreg\u00f3 reconocimiento a \u2018La gran capital\u2019","datePublished":"2021-11-29T02:51:13+00:00","mainEntityOfPage":{"@id":"https:\/\/pagina10.com\/web\/colombia-lider-entrego-reconocimiento-a-la-gran-capital\/"},"wordCount":337,"commentCount":0,"publisher":{"@id":"https:\/\/pagina10.com\/web\/#organization"},"image":{"@id":"https:\/\/pagina10.com\/web\/colombia-lider-entrego-reconocimiento-a-la-gran-capital\/#primaryimage"},"thumbnailUrl":"https:\/\/pagina10.com\/web\/wp-content\/uploads\/2021\/11\/WhatsApp-Image-2021-11-25-at-7.18.02-AM.jpeg","articleSection":["Ciudad"],"inLanguage":"es","potentialAction":[{"@type":"CommentAction","name":"Comment","target":["https:\/\/pagina10.com\/web\/colombia-lider-entrego-reconocimiento-a-la-gran-capital\/#respond"]}]},{"@type":"WebPage","@id":"https:\/\/pagina10.com\/web\/colombia-lider-entrego-reconocimiento-a-la-gran-capital\/","url":"https:\/\/pagina10.com\/web\/colombia-lider-entrego-reconocimiento-a-la-gran-capital\/","name":"Colombia L\u00edder entreg\u00f3 reconocimiento a \u2018La gran capital\u2019 | P\u00e1gina10","isPartOf":{"@id":"https:\/\/pagina10.com\/web\/#website"},"primaryImageOfPage":{"@id":"https:\/\/pagina10.com\/web\/colombia-lider-entrego-reconocimiento-a-la-gran-capital\/#primaryimage"},"image":{"@id":"https:\/\/pagina10.com\/web\/colombia-lider-entrego-reconocimiento-a-la-gran-capital\/#primaryimage"},"thumbnailUrl":"https:\/\/pagina10.com\/web\/wp-content\/uploads\/2021\/11\/WhatsApp-Image-2021-11-25-at-7.18.02-AM.jpeg","datePublished":"2021-11-29T02:51:13+00:00","breadcrumb":{"@id":"https:\/\/pagina10.com\/web\/colombia-lider-entrego-reconocimiento-a-la-gran-capital\/#breadcrumb"},"inLanguage":"es","potentialAction":[{"@type":"ReadAction","target":["https:\/\/pagina10.com\/web\/colombia-lider-entrego-reconocimiento-a-la-gran-capital\/"]}]},{"@type":"ImageObject","inLanguage":"es","@id":"https:\/\/pagina10.com\/web\/colombia-lider-entrego-reconocimiento-a-la-gran-capital\/#primaryimage","url":"https:\/\/pagina10.com\/web\/wp-content\/uploads\/2021\/11\/WhatsApp-Image-2021-11-25-at-7.18.02-AM.jpeg","contentUrl":"https:\/\/pagina10.com\/web\/wp-content\/uploads\/2021\/11\/WhatsApp-Image-2021-11-25-at-7.18.02-AM.jpeg","width":1280,"height":853},{"@type":"BreadcrumbList","@id":"https:\/\/pagina10.com\/web\/colombia-lider-entrego-reconocimiento-a-la-gran-capital\/#breadcrumb","itemListElement":[{"@type":"ListItem","position":1,"name":"Portada","item":"https:\/\/pagina10.com\/web\/"},{"@type":"ListItem","position":2,"name":"Colombia L\u00edder entreg\u00f3 reconocimiento a \u2018La gran capital\u2019"}]},{"@type":"WebSite","@id":"https:\/\/pagina10.com\/web\/#website","url":"https:\/\/pagina10.com\/web\/","name":"P\u00e1gina10","description":"Peri\u00f3dico Regional","publisher":{"@id":"https:\/\/pagina10.com\/web\/#organization"},"alternateName":"P\u00e1gina10 Peri\u00f3dico Regional","potentialAction":[{"@type":"SearchAction","target":{"@type":"EntryPoint","urlTemplate":"https:\/\/pagina10.com\/web\/?s={search_term_string}"},"query-input":{"@type":"PropertyValueSpecification","valueRequired":true,"valueName":"search_term_string"}}],"inLanguage":"es"},{"@type":"Organization","@id":"https:\/\/pagina10.com\/web\/#organization","name":"P\u00e1gina10","alternateName":"P\u00e1gina10 Peri\u00f3dico Regional","url":"https:\/\/pagina10.com\/web\/","logo":{"@type":"ImageObject","inLanguage":"es","@id":"https:\/\/pagina10.com\/web\/#\/schema\/logo\/image\/","url":"https:\/\/pagina10.com\/web\/wp-content\/uploads\/2024\/01\/40-pagina-10-periodico-regional-pasto.jpg","contentUrl":"https:\/\/pagina10.com\/web\/wp-content\/uploads\/2024\/01\/40-pagina-10-periodico-regional-pasto.jpg","width":1280,"height":720,"caption":"P\u00e1gina10"},"image":{"@id":"https:\/\/pagina10.com\/web\/#\/schema\/logo\/image\/"},"sameAs":["https:\/\/www.facebook.com\/pag10com","https:\/\/x.com\/Pag10com","https:\/\/www.instagram.com\/pagina10col\/","https:\/\/youtube.com\/channel\/pag10","https:\/\/www.tiktok.com\/@p10col"]},{"@type":"Person","@id":"https:\/\/pagina10.com\/web\/#\/schema\/person\/2efc4a090d25b667d3bc796798a3a81b","name":"P\u00e1gina 10","description":"P\u00e1gina 10 es un peri\u00f3dico regional que nace en Colombia, en el departamento de Nari\u00f1o, con un enfoque global, fundamentado en cuatro pilares esenciales: la libertad, el pluralismo, la inclusi\u00f3n y la independencia. P\u00e1gina 10 hace referencia a Nari\u00f1o como el d\u00e9cimo departamento creado en Colombia, despu\u00e9s de un proceso pol\u00edtico liderado por actores y actrices regionales con el fin de obtener la independencia y autonom\u00eda de nuestros territorios. Con la creaci\u00f3n de P\u00e1gina 10 se pretende abrir un escenario para el dialogo, la reflexi\u00f3n y el debate que se extienda a otras geograf\u00edas de Am\u00e9rica Latina y del planeta, en una apuesta por transformar colectivamente los desaf\u00edos de un mundo contempor\u00e1neo, m\u00e1s all\u00e1 de las fronteras impuestas.","url":"https:\/\/pagina10.com\/web\/author\/pdiezadmin\/"}]}},"_links":{"self":[{"href":"https:\/\/pagina10.com\/web\/wp-json\/wp\/v2\/posts\/57153","targetHints":{"allow":["GET"]}}],"collection":[{"href":"https:\/\/pagina10.com\/web\/wp-json\/wp\/v2\/posts"}],"about":[{"href":"https:\/\/pagina10.com\/web\/wp-json\/wp\/v2\/types\/post"}],"author":[{"embeddable":true,"href":"https:\/\/pagina10.com\/web\/wp-json\/wp\/v2\/users\/1"}],"replies":[{"embeddable":true,"href":"https:\/\/pagina10.com\/web\/wp-json\/wp\/v2\/comments?post=57153"}],"version-history":[{"count":1,"href":"https:\/\/pagina10.com\/web\/wp-json\/wp\/v2\/posts\/57153\/revisions"}],"predecessor-version":[{"id":57155,"href":"https:\/\/pagina10.com\/web\/wp-json\/wp\/v2\/posts\/57153\/revisions\/57155"}],"wp:featuredmedia":[{"embeddable":true,"href":"https:\/\/pagina10.com\/web\/wp-json\/wp\/v2\/media\/57154"}],"wp:attachment":[{"href":"https:\/\/pagina10.com\/web\/wp-json\/wp\/v2\/media?parent=57153"}],"wp:term":[{"taxonomy":"category","embeddable":true,"href":"https:\/\/pagina10.com\/web\/wp-json\/wp\/v2\/categories?post=57153"},{"taxonomy":"post_tag","embeddable":true,"href":"https:\/\/pagina10.com\/web\/wp-json\/wp\/v2\/tags?post=57153"}],"curies":[{"name":"wp","href":"https:\/\/api.w.org\/{rel}","templated":true}]}}