{"id":57166,"date":"2021-11-28T23:39:12","date_gmt":"2021-11-29T04:39:12","guid":{"rendered":"https:\/\/pagina10.com\/web\/?p=57166"},"modified":"2021-11-28T23:39:12","modified_gmt":"2021-11-29T04:39:12","slug":"pasto-cuenta-con-el-primer-centro-de-operaciones-de-emergencia","status":"publish","type":"post","link":"https:\/\/pagina10.com\/web\/pasto-cuenta-con-el-primer-centro-de-operaciones-de-emergencia\/","title":{"rendered":"Pasto cuenta con el primer centro de operaciones de emergencia"},"content":{"rendered":"<p style=\"text-align: justify;\">La Alcald\u00eda de Pasto, a trav\u00e9s de la Direcci\u00f3n para la Gesti\u00f3n del Riesgo de Desastres, entreg\u00f3 el Centro de Operaciones de Emergencia (COE), lugar donde se desarrollar\u00e1n acciones encaminadas a la respuesta oportuna a diferentes incidentes que se presenten en el municipio.<\/p>\n<p style=\"text-align: justify;\">\u201cPasto es modelo, tenemos la confianza para que entidades como Comando Sur hagan una inversi\u00f3n, en su filosof\u00eda tienen acciones silenciosas pero efectivas. Esta es una construcci\u00f3n en tiempo record y esperamos continuar contando con su apoyo\u201d expres\u00f3 el Alcalde Germ\u00e1n Chamorro De La Rosa<\/p>\n<p style=\"text-align: justify;\">Con la presencia del mandatario local, autoridades de Polic\u00eda, organismos de socorro y delegados del Gobierno de Estados Unidos, se hizo entrega formal de esta obra, que es el resultado de la cooperaci\u00f3n entre la Administraci\u00f3n Municipal y el pa\u00eds norteamericano y su objetivo es el fortalecimiento de las capacidades de prevenci\u00f3n y atenci\u00f3n de desastres a nivel regional y local; con una inversi\u00f3n que supera los 3.300 millones de pesos, este es el primer Centro de Operaciones que se construye bajo el Programa de Asistencia Humanitaria del Comando Sur de los Estados Unidos.<\/p>\n<p style=\"text-align: justify;\">\u201cEs una obra muy importante, que se logr\u00f3 gracias al apoyo que tuvimos del Comando Sur de los Estados Unidos. El COE nos permite articular la atenci\u00f3n de los diferentes incidentes que se puedan presentar en nuestro municipio\u201d coment\u00f3 el comandante de Bomberos Pasto, teniente Ricardo M\u00e9ndez.<\/p>\n<p style=\"text-align: justify;\">En una extensi\u00f3n de 400 metros cuadrados, lote que fue donado por la Alcald\u00eda, hoy se levanta una sede que consta de oficinas, sala de juntas, sala de prensa, plantas aut\u00f3nomas de energ\u00eda el\u00e9ctrica, tratamiento de agua y una torre de comunicaciones, infraestructura que cumple con los est\u00e1ndares t\u00e9cnicos internacionales y que permitir\u00e1 agilizar los tiempos para la respuesta a diferentes emergencias.<\/p>\n<p style=\"text-align: justify;\">Este centro es una realidad gracias a la gesti\u00f3n del Alcalde Germ\u00e1n Chamorro De La Rosa, que enmarc\u00f3 este proyecto en la articulaci\u00f3n de voluntades y que tiene como premisa la protecci\u00f3n de la poblaci\u00f3n en riesgo para promover el desarrollo sostenible y ejecutar acciones concretas en pro de la comunidad de \u2018La Gran Capital\u2019.<\/p>\n","protected":false},"excerpt":{"rendered":"<p>La Alcald\u00eda de Pasto, a trav\u00e9s de la Direcci\u00f3n para la Gesti\u00f3n del Riesgo de Desastres, entreg\u00f3 el Centro de Operaciones de Emergencia (COE), lugar donde se desarrollar\u00e1n acciones encaminadas a la respuesta oportuna a diferentes incidentes que se presenten en el municipio. \u201cPasto es modelo, tenemos la confianza para que entidades como Comando Sur [&hellip;]<\/p>\n","protected":false},"author":1,"featured_media":57167,"comment_status":"open","ping_status":"open","sticky":false,"template":"","format":"standard","meta":{"footnotes":""},"categories":[82],"tags":[],"class_list":["post-57166","post","type-post","status-publish","format-standard","has-post-thumbnail","hentry","category-ciudad-2"],"yoast_head":"<!-- This site is optimized with the Yoast SEO plugin v27.1.1 - https:\/\/yoast.com\/product\/yoast-seo-wordpress\/ -->\n<title>Pasto cuenta con el primer centro de operaciones de emergencia | P\u00e1gina10<\/title>\n<meta name=\"robots\" content=\"index, follow, max-snippet:-1, max-image-preview:large, max-video-preview:-1\" \/>\n<link rel=\"canonical\" href=\"https:\/\/pagina10.com\/web\/pasto-cuenta-con-el-primer-centro-de-operaciones-de-emergencia\/\" \/>\n<meta property=\"og:locale\" content=\"es_ES\" \/>\n<meta property=\"og:type\" content=\"article\" \/>\n<meta property=\"og:title\" content=\"Pasto cuenta con el primer centro de operaciones de emergencia | P\u00e1gina10\" \/>\n<meta property=\"og:description\" content=\"La Alcald\u00eda de Pasto, a trav\u00e9s de la Direcci\u00f3n para la Gesti\u00f3n del Riesgo de Desastres, entreg\u00f3 el Centro de Operaciones de Emergencia (COE), lugar donde se desarrollar\u00e1n acciones encaminadas a la respuesta oportuna a diferentes incidentes que se presenten en el municipio. \u201cPasto es modelo, tenemos la confianza para que entidades como Comando Sur [&hellip;]\" \/>\n<meta property=\"og:url\" content=\"https:\/\/pagina10.com\/web\/pasto-cuenta-con-el-primer-centro-de-operaciones-de-emergencia\/\" \/>\n<meta property=\"og:site_name\" content=\"P\u00e1gina10\" \/>\n<meta property=\"article:publisher\" content=\"https:\/\/www.facebook.com\/pag10com\" \/>\n<meta property=\"article:published_time\" content=\"2021-11-29T04:39:12+00:00\" \/>\n<meta property=\"og:image\" content=\"https:\/\/pagina10.com\/web\/wp-content\/uploads\/2021\/11\/WhatsApp-Image-2021-11-15-at-10.36.05-PM.jpeg\" \/>\n\t<meta property=\"og:image:width\" content=\"1024\" \/>\n\t<meta property=\"og:image:height\" content=\"768\" \/>\n\t<meta property=\"og:image:type\" content=\"image\/jpeg\" \/>\n<meta name=\"author\" content=\"P\u00e1gina 10\" \/>\n<meta name=\"twitter:card\" content=\"summary_large_image\" \/>\n<meta name=\"twitter:creator\" content=\"@Pag10com\" \/>\n<meta name=\"twitter:site\" content=\"@Pag10com\" \/>\n<meta name=\"twitter:label1\" content=\"Escrito por\" \/>\n\t<meta name=\"twitter:data1\" content=\"P\u00e1gina 10\" \/>\n\t<meta name=\"twitter:label2\" content=\"Tiempo de lectura\" \/>\n\t<meta name=\"twitter:data2\" content=\"2 minutos\" \/>\n<script type=\"application\/ld+json\" class=\"yoast-schema-graph\">{\"@context\":\"https:\/\/schema.org\",\"@graph\":[{\"@type\":\"Article\",\"@id\":\"https:\/\/pagina10.com\/web\/pasto-cuenta-con-el-primer-centro-de-operaciones-de-emergencia\/#article\",\"isPartOf\":{\"@id\":\"https:\/\/pagina10.com\/web\/pasto-cuenta-con-el-primer-centro-de-operaciones-de-emergencia\/\"},\"author\":{\"name\":\"P\u00e1gina 10\",\"@id\":\"https:\/\/pagina10.com\/web\/#\/schema\/person\/2efc4a090d25b667d3bc796798a3a81b\"},\"headline\":\"Pasto cuenta con el primer centro de operaciones de emergencia\",\"datePublished\":\"2021-11-29T04:39:12+00:00\",\"mainEntityOfPage\":{\"@id\":\"https:\/\/pagina10.com\/web\/pasto-cuenta-con-el-primer-centro-de-operaciones-de-emergencia\/\"},\"wordCount\":384,\"commentCount\":0,\"publisher\":{\"@id\":\"https:\/\/pagina10.com\/web\/#organization\"},\"image\":{\"@id\":\"https:\/\/pagina10.com\/web\/pasto-cuenta-con-el-primer-centro-de-operaciones-de-emergencia\/#primaryimage\"},\"thumbnailUrl\":\"https:\/\/pagina10.com\/web\/wp-content\/uploads\/2021\/11\/WhatsApp-Image-2021-11-15-at-10.36.05-PM.jpeg\",\"articleSection\":[\"Ciudad\"],\"inLanguage\":\"es\",\"potentialAction\":[{\"@type\":\"CommentAction\",\"name\":\"Comment\",\"target\":[\"https:\/\/pagina10.com\/web\/pasto-cuenta-con-el-primer-centro-de-operaciones-de-emergencia\/#respond\"]}]},{\"@type\":\"WebPage\",\"@id\":\"https:\/\/pagina10.com\/web\/pasto-cuenta-con-el-primer-centro-de-operaciones-de-emergencia\/\",\"url\":\"https:\/\/pagina10.com\/web\/pasto-cuenta-con-el-primer-centro-de-operaciones-de-emergencia\/\",\"name\":\"Pasto cuenta con el primer centro de operaciones de emergencia | P\u00e1gina10\",\"isPartOf\":{\"@id\":\"https:\/\/pagina10.com\/web\/#website\"},\"primaryImageOfPage\":{\"@id\":\"https:\/\/pagina10.com\/web\/pasto-cuenta-con-el-primer-centro-de-operaciones-de-emergencia\/#primaryimage\"},\"image\":{\"@id\":\"https:\/\/pagina10.com\/web\/pasto-cuenta-con-el-primer-centro-de-operaciones-de-emergencia\/#primaryimage\"},\"thumbnailUrl\":\"https:\/\/pagina10.com\/web\/wp-content\/uploads\/2021\/11\/WhatsApp-Image-2021-11-15-at-10.36.05-PM.jpeg\",\"datePublished\":\"2021-11-29T04:39:12+00:00\",\"breadcrumb\":{\"@id\":\"https:\/\/pagina10.com\/web\/pasto-cuenta-con-el-primer-centro-de-operaciones-de-emergencia\/#breadcrumb\"},\"inLanguage\":\"es\",\"potentialAction\":[{\"@type\":\"ReadAction\",\"target\":[\"https:\/\/pagina10.com\/web\/pasto-cuenta-con-el-primer-centro-de-operaciones-de-emergencia\/\"]}]},{\"@type\":\"ImageObject\",\"inLanguage\":\"es\",\"@id\":\"https:\/\/pagina10.com\/web\/pasto-cuenta-con-el-primer-centro-de-operaciones-de-emergencia\/#primaryimage\",\"url\":\"https:\/\/pagina10.com\/web\/wp-content\/uploads\/2021\/11\/WhatsApp-Image-2021-11-15-at-10.36.05-PM.jpeg\",\"contentUrl\":\"https:\/\/pagina10.com\/web\/wp-content\/uploads\/2021\/11\/WhatsApp-Image-2021-11-15-at-10.36.05-PM.jpeg\",\"width\":1024,\"height\":768},{\"@type\":\"BreadcrumbList\",\"@id\":\"https:\/\/pagina10.com\/web\/pasto-cuenta-con-el-primer-centro-de-operaciones-de-emergencia\/#breadcrumb\",\"itemListElement\":[{\"@type\":\"ListItem\",\"position\":1,\"name\":\"Portada\",\"item\":\"https:\/\/pagina10.com\/web\/\"},{\"@type\":\"ListItem\",\"position\":2,\"name\":\"Pasto cuenta con el primer centro de operaciones de emergencia\"}]},{\"@type\":\"WebSite\",\"@id\":\"https:\/\/pagina10.com\/web\/#website\",\"url\":\"https:\/\/pagina10.com\/web\/\",\"name\":\"P\u00e1gina10\",\"description\":\"Peri\u00f3dico Regional\",\"publisher\":{\"@id\":\"https:\/\/pagina10.com\/web\/#organization\"},\"alternateName\":\"P\u00e1gina10 Peri\u00f3dico Regional\",\"potentialAction\":[{\"@type\":\"SearchAction\",\"target\":{\"@type\":\"EntryPoint\",\"urlTemplate\":\"https:\/\/pagina10.com\/web\/?s={search_term_string}\"},\"query-input\":{\"@type\":\"PropertyValueSpecification\",\"valueRequired\":true,\"valueName\":\"search_term_string\"}}],\"inLanguage\":\"es\"},{\"@type\":\"Organization\",\"@id\":\"https:\/\/pagina10.com\/web\/#organization\",\"name\":\"P\u00e1gina10\",\"alternateName\":\"P\u00e1gina10 Peri\u00f3dico Regional\",\"url\":\"https:\/\/pagina10.com\/web\/\",\"logo\":{\"@type\":\"ImageObject\",\"inLanguage\":\"es\",\"@id\":\"https:\/\/pagina10.com\/web\/#\/schema\/logo\/image\/\",\"url\":\"https:\/\/pagina10.com\/web\/wp-content\/uploads\/2024\/01\/40-pagina-10-periodico-regional-pasto.jpg\",\"contentUrl\":\"https:\/\/pagina10.com\/web\/wp-content\/uploads\/2024\/01\/40-pagina-10-periodico-regional-pasto.jpg\",\"width\":1280,\"height\":720,\"caption\":\"P\u00e1gina10\"},\"image\":{\"@id\":\"https:\/\/pagina10.com\/web\/#\/schema\/logo\/image\/\"},\"sameAs\":[\"https:\/\/www.facebook.com\/pag10com\",\"https:\/\/x.com\/Pag10com\",\"https:\/\/www.instagram.com\/pagina10col\/\",\"https:\/\/youtube.com\/channel\/pag10\",\"https:\/\/www.tiktok.com\/@p10col\"]},{\"@type\":\"Person\",\"@id\":\"https:\/\/pagina10.com\/web\/#\/schema\/person\/2efc4a090d25b667d3bc796798a3a81b\",\"name\":\"P\u00e1gina 10\",\"description\":\"P\u00e1gina 10 es un peri\u00f3dico regional que nace en Colombia, en el departamento de Nari\u00f1o, con un enfoque global, fundamentado en cuatro pilares esenciales: la libertad, el pluralismo, la inclusi\u00f3n y la independencia. P\u00e1gina 10 hace referencia a Nari\u00f1o como el d\u00e9cimo departamento creado en Colombia, despu\u00e9s de un proceso pol\u00edtico liderado por actores y actrices regionales con el fin de obtener la independencia y autonom\u00eda de nuestros territorios. Con la creaci\u00f3n de P\u00e1gina 10 se pretende abrir un escenario para el dialogo, la reflexi\u00f3n y el debate que se extienda a otras geograf\u00edas de Am\u00e9rica Latina y del planeta, en una apuesta por transformar colectivamente los desaf\u00edos de un mundo contempor\u00e1neo, m\u00e1s all\u00e1 de las fronteras impuestas.\",\"url\":\"https:\/\/pagina10.com\/web\/author\/pdiezadmin\/\"}]}<\/script>\n<!-- \/ Yoast SEO plugin. -->","yoast_head_json":{"title":"Pasto cuenta con el primer centro de operaciones de emergencia | P\u00e1gina10","robots":{"index":"index","follow":"follow","max-snippet":"max-snippet:-1","max-image-preview":"max-image-preview:large","max-video-preview":"max-video-preview:-1"},"canonical":"https:\/\/pagina10.com\/web\/pasto-cuenta-con-el-primer-centro-de-operaciones-de-emergencia\/","og_locale":"es_ES","og_type":"article","og_title":"Pasto cuenta con el primer centro de operaciones de emergencia | P\u00e1gina10","og_description":"La Alcald\u00eda de Pasto, a trav\u00e9s de la Direcci\u00f3n para la Gesti\u00f3n del Riesgo de Desastres, entreg\u00f3 el Centro de Operaciones de Emergencia (COE), lugar donde se desarrollar\u00e1n acciones encaminadas a la respuesta oportuna a diferentes incidentes que se presenten en el municipio. \u201cPasto es modelo, tenemos la confianza para que entidades como Comando Sur [&hellip;]","og_url":"https:\/\/pagina10.com\/web\/pasto-cuenta-con-el-primer-centro-de-operaciones-de-emergencia\/","og_site_name":"P\u00e1gina10","article_publisher":"https:\/\/www.facebook.com\/pag10com","article_published_time":"2021-11-29T04:39:12+00:00","og_image":[{"width":1024,"height":768,"url":"https:\/\/pagina10.com\/web\/wp-content\/uploads\/2021\/11\/WhatsApp-Image-2021-11-15-at-10.36.05-PM.jpeg","type":"image\/jpeg"}],"author":"P\u00e1gina 10","twitter_card":"summary_large_image","twitter_creator":"@Pag10com","twitter_site":"@Pag10com","twitter_misc":{"Escrito por":"P\u00e1gina 10","Tiempo de lectura":"2 minutos"},"schema":{"@context":"https:\/\/schema.org","@graph":[{"@type":"Article","@id":"https:\/\/pagina10.com\/web\/pasto-cuenta-con-el-primer-centro-de-operaciones-de-emergencia\/#article","isPartOf":{"@id":"https:\/\/pagina10.com\/web\/pasto-cuenta-con-el-primer-centro-de-operaciones-de-emergencia\/"},"author":{"name":"P\u00e1gina 10","@id":"https:\/\/pagina10.com\/web\/#\/schema\/person\/2efc4a090d25b667d3bc796798a3a81b"},"headline":"Pasto cuenta con el primer centro de operaciones de emergencia","datePublished":"2021-11-29T04:39:12+00:00","mainEntityOfPage":{"@id":"https:\/\/pagina10.com\/web\/pasto-cuenta-con-el-primer-centro-de-operaciones-de-emergencia\/"},"wordCount":384,"commentCount":0,"publisher":{"@id":"https:\/\/pagina10.com\/web\/#organization"},"image":{"@id":"https:\/\/pagina10.com\/web\/pasto-cuenta-con-el-primer-centro-de-operaciones-de-emergencia\/#primaryimage"},"thumbnailUrl":"https:\/\/pagina10.com\/web\/wp-content\/uploads\/2021\/11\/WhatsApp-Image-2021-11-15-at-10.36.05-PM.jpeg","articleSection":["Ciudad"],"inLanguage":"es","potentialAction":[{"@type":"CommentAction","name":"Comment","target":["https:\/\/pagina10.com\/web\/pasto-cuenta-con-el-primer-centro-de-operaciones-de-emergencia\/#respond"]}]},{"@type":"WebPage","@id":"https:\/\/pagina10.com\/web\/pasto-cuenta-con-el-primer-centro-de-operaciones-de-emergencia\/","url":"https:\/\/pagina10.com\/web\/pasto-cuenta-con-el-primer-centro-de-operaciones-de-emergencia\/","name":"Pasto cuenta con el primer centro de operaciones de emergencia | P\u00e1gina10","isPartOf":{"@id":"https:\/\/pagina10.com\/web\/#website"},"primaryImageOfPage":{"@id":"https:\/\/pagina10.com\/web\/pasto-cuenta-con-el-primer-centro-de-operaciones-de-emergencia\/#primaryimage"},"image":{"@id":"https:\/\/pagina10.com\/web\/pasto-cuenta-con-el-primer-centro-de-operaciones-de-emergencia\/#primaryimage"},"thumbnailUrl":"https:\/\/pagina10.com\/web\/wp-content\/uploads\/2021\/11\/WhatsApp-Image-2021-11-15-at-10.36.05-PM.jpeg","datePublished":"2021-11-29T04:39:12+00:00","breadcrumb":{"@id":"https:\/\/pagina10.com\/web\/pasto-cuenta-con-el-primer-centro-de-operaciones-de-emergencia\/#breadcrumb"},"inLanguage":"es","potentialAction":[{"@type":"ReadAction","target":["https:\/\/pagina10.com\/web\/pasto-cuenta-con-el-primer-centro-de-operaciones-de-emergencia\/"]}]},{"@type":"ImageObject","inLanguage":"es","@id":"https:\/\/pagina10.com\/web\/pasto-cuenta-con-el-primer-centro-de-operaciones-de-emergencia\/#primaryimage","url":"https:\/\/pagina10.com\/web\/wp-content\/uploads\/2021\/11\/WhatsApp-Image-2021-11-15-at-10.36.05-PM.jpeg","contentUrl":"https:\/\/pagina10.com\/web\/wp-content\/uploads\/2021\/11\/WhatsApp-Image-2021-11-15-at-10.36.05-PM.jpeg","width":1024,"height":768},{"@type":"BreadcrumbList","@id":"https:\/\/pagina10.com\/web\/pasto-cuenta-con-el-primer-centro-de-operaciones-de-emergencia\/#breadcrumb","itemListElement":[{"@type":"ListItem","position":1,"name":"Portada","item":"https:\/\/pagina10.com\/web\/"},{"@type":"ListItem","position":2,"name":"Pasto cuenta con el primer centro de operaciones de emergencia"}]},{"@type":"WebSite","@id":"https:\/\/pagina10.com\/web\/#website","url":"https:\/\/pagina10.com\/web\/","name":"P\u00e1gina10","description":"Peri\u00f3dico Regional","publisher":{"@id":"https:\/\/pagina10.com\/web\/#organization"},"alternateName":"P\u00e1gina10 Peri\u00f3dico Regional","potentialAction":[{"@type":"SearchAction","target":{"@type":"EntryPoint","urlTemplate":"https:\/\/pagina10.com\/web\/?s={search_term_string}"},"query-input":{"@type":"PropertyValueSpecification","valueRequired":true,"valueName":"search_term_string"}}],"inLanguage":"es"},{"@type":"Organization","@id":"https:\/\/pagina10.com\/web\/#organization","name":"P\u00e1gina10","alternateName":"P\u00e1gina10 Peri\u00f3dico Regional","url":"https:\/\/pagina10.com\/web\/","logo":{"@type":"ImageObject","inLanguage":"es","@id":"https:\/\/pagina10.com\/web\/#\/schema\/logo\/image\/","url":"https:\/\/pagina10.com\/web\/wp-content\/uploads\/2024\/01\/40-pagina-10-periodico-regional-pasto.jpg","contentUrl":"https:\/\/pagina10.com\/web\/wp-content\/uploads\/2024\/01\/40-pagina-10-periodico-regional-pasto.jpg","width":1280,"height":720,"caption":"P\u00e1gina10"},"image":{"@id":"https:\/\/pagina10.com\/web\/#\/schema\/logo\/image\/"},"sameAs":["https:\/\/www.facebook.com\/pag10com","https:\/\/x.com\/Pag10com","https:\/\/www.instagram.com\/pagina10col\/","https:\/\/youtube.com\/channel\/pag10","https:\/\/www.tiktok.com\/@p10col"]},{"@type":"Person","@id":"https:\/\/pagina10.com\/web\/#\/schema\/person\/2efc4a090d25b667d3bc796798a3a81b","name":"P\u00e1gina 10","description":"P\u00e1gina 10 es un peri\u00f3dico regional que nace en Colombia, en el departamento de Nari\u00f1o, con un enfoque global, fundamentado en cuatro pilares esenciales: la libertad, el pluralismo, la inclusi\u00f3n y la independencia. P\u00e1gina 10 hace referencia a Nari\u00f1o como el d\u00e9cimo departamento creado en Colombia, despu\u00e9s de un proceso pol\u00edtico liderado por actores y actrices regionales con el fin de obtener la independencia y autonom\u00eda de nuestros territorios. Con la creaci\u00f3n de P\u00e1gina 10 se pretende abrir un escenario para el dialogo, la reflexi\u00f3n y el debate que se extienda a otras geograf\u00edas de Am\u00e9rica Latina y del planeta, en una apuesta por transformar colectivamente los desaf\u00edos de un mundo contempor\u00e1neo, m\u00e1s all\u00e1 de las fronteras impuestas.","url":"https:\/\/pagina10.com\/web\/author\/pdiezadmin\/"}]}},"_links":{"self":[{"href":"https:\/\/pagina10.com\/web\/wp-json\/wp\/v2\/posts\/57166","targetHints":{"allow":["GET"]}}],"collection":[{"href":"https:\/\/pagina10.com\/web\/wp-json\/wp\/v2\/posts"}],"about":[{"href":"https:\/\/pagina10.com\/web\/wp-json\/wp\/v2\/types\/post"}],"author":[{"embeddable":true,"href":"https:\/\/pagina10.com\/web\/wp-json\/wp\/v2\/users\/1"}],"replies":[{"embeddable":true,"href":"https:\/\/pagina10.com\/web\/wp-json\/wp\/v2\/comments?post=57166"}],"version-history":[{"count":1,"href":"https:\/\/pagina10.com\/web\/wp-json\/wp\/v2\/posts\/57166\/revisions"}],"predecessor-version":[{"id":57168,"href":"https:\/\/pagina10.com\/web\/wp-json\/wp\/v2\/posts\/57166\/revisions\/57168"}],"wp:featuredmedia":[{"embeddable":true,"href":"https:\/\/pagina10.com\/web\/wp-json\/wp\/v2\/media\/57167"}],"wp:attachment":[{"href":"https:\/\/pagina10.com\/web\/wp-json\/wp\/v2\/media?parent=57166"}],"wp:term":[{"taxonomy":"category","embeddable":true,"href":"https:\/\/pagina10.com\/web\/wp-json\/wp\/v2\/categories?post=57166"},{"taxonomy":"post_tag","embeddable":true,"href":"https:\/\/pagina10.com\/web\/wp-json\/wp\/v2\/tags?post=57166"}],"curies":[{"name":"wp","href":"https:\/\/api.w.org\/{rel}","templated":true}]}}