{"id":57175,"date":"2021-11-28T23:57:31","date_gmt":"2021-11-29T04:57:31","guid":{"rendered":"https:\/\/pagina10.com\/web\/?p=57175"},"modified":"2021-11-28T23:57:31","modified_gmt":"2021-11-29T04:57:31","slug":"departamento-nacional-de-planeacion-destaca-buena-practica-regulatoria-de-la-alcaldia-de-pasto","status":"publish","type":"post","link":"https:\/\/pagina10.com\/web\/departamento-nacional-de-planeacion-destaca-buena-practica-regulatoria-de-la-alcaldia-de-pasto\/","title":{"rendered":"Departamento Nacional de Planeaci\u00f3n destaca buena pr\u00e1ctica regulatoria de la alcald\u00eda de Pasto"},"content":{"rendered":"<div>\n<div dir=\"auto\" style=\"text-align: justify;\">La iniciativa \u201cAgenda Regulatoria 2021\u201d tiene como objetivo que la Pol\u00edtica P\u00fablica de Mejora Normativa asegure la eficiencia, transparencia y legalidad en el contexto normativo municipal, por medio de planes piloto como la Consulta P\u00fablica a trav\u00e9s de <a tabindex=\"0\" role=\"link\" href=\"https:\/\/www.facebook.com\/hashtag\/sucop?__eep__=6&amp;__cft__[0]=AZV5Z51C9cvVKTAMLlahLyfw4MaxyC4NH4xt8VHOkT4B6tP6-yACWPch8e6B0r4SPhQdTaiT9dSqvlwZWhQ2i810EQ-c69bLMF9MLPaxw_nXkouLfkHsP0bflmSsjJ_865jOp5NGUl5IQyhD3f6R5cpd&amp;__tn__=*NK-R\">#SUCOP<\/a>.<\/div>\n<\/div>\n<div dir=\"auto\" style=\"text-align: justify;\">\n<p>\u201cA trav\u00e9s de la publicaci\u00f3n de la Agenda Regularoria, garantizamos publicidad y participaci\u00f3n ciudadana en el cronograma de Actos Administrativos Generales que se expedir\u00e1n en el municipio. Adem\u00e1s, continuamos con la implementaci\u00f3n de otras etapas de la Pol\u00edtica P\u00fablica de Mejora Normativa. Iniciamos la etapa de depuraci\u00f3n normativa, para que en 2022 logremos depurar el ordenamiento territorial en decretos y acuerdos, para generar mayor seguridad jur\u00eddica y cercan\u00eda con la ciudadan\u00eda. Comprometidos con la calidad jur\u00eddica continuaremos con la labor encargada y, con el apoyo de entidades nacionales, seguiremos liderando, de manera destacada, la implementaci\u00f3n de la pol\u00edtica de mejora normativa en el nivel territorial\u201d as\u00ed lo expres\u00f3, \u00c1ngela Pantoja Moreno, jefe de la oficina jur\u00eddica de la Alcald\u00eda.<\/p>\n<\/div>\n<div>\n<div dir=\"auto\" style=\"text-align: justify;\">Por lo anterior, la buena pr\u00e1ctica de la alcald\u00eda de Pasto en este tema fue \u00a0reconocida por el Departamento Nacional de Planeaci\u00f3n &#8211; DNP en el Primer Concurso de Buenas Pr\u00e1cticas Regulatorias. Una vez m\u00e1s, Pasto se destaca por su gesti\u00f3n y desempe\u00f1o a nivel \u00a0nacional.<\/div>\n<\/div>\n","protected":false},"excerpt":{"rendered":"<p>La iniciativa \u201cAgenda Regulatoria 2021\u201d tiene como objetivo que la Pol\u00edtica P\u00fablica de Mejora Normativa asegure la eficiencia, transparencia y legalidad en el contexto normativo municipal, por medio de planes piloto como la Consulta P\u00fablica a trav\u00e9s de #SUCOP. \u201cA trav\u00e9s de la publicaci\u00f3n de la Agenda Regularoria, garantizamos publicidad y participaci\u00f3n ciudadana en el [&hellip;]<\/p>\n","protected":false},"author":1,"featured_media":57157,"comment_status":"open","ping_status":"open","sticky":false,"template":"","format":"standard","meta":{"footnotes":""},"categories":[82],"tags":[],"class_list":["post-57175","post","type-post","status-publish","format-standard","has-post-thumbnail","hentry","category-ciudad-2"],"yoast_head":"<!-- This site is optimized with the Yoast SEO plugin v27.1.1 - https:\/\/yoast.com\/product\/yoast-seo-wordpress\/ -->\n<title>Departamento Nacional de Planeaci\u00f3n destaca buena pr\u00e1ctica regulatoria de la alcald\u00eda de Pasto | P\u00e1gina10<\/title>\n<meta name=\"robots\" content=\"index, follow, max-snippet:-1, max-image-preview:large, max-video-preview:-1\" \/>\n<link rel=\"canonical\" href=\"https:\/\/pagina10.com\/web\/departamento-nacional-de-planeacion-destaca-buena-practica-regulatoria-de-la-alcaldia-de-pasto\/\" \/>\n<meta property=\"og:locale\" content=\"es_ES\" \/>\n<meta property=\"og:type\" content=\"article\" \/>\n<meta property=\"og:title\" content=\"Departamento Nacional de Planeaci\u00f3n destaca buena pr\u00e1ctica regulatoria de la alcald\u00eda de Pasto | P\u00e1gina10\" \/>\n<meta property=\"og:description\" content=\"La iniciativa \u201cAgenda Regulatoria 2021\u201d tiene como objetivo que la Pol\u00edtica P\u00fablica de Mejora Normativa asegure la eficiencia, transparencia y legalidad en el contexto normativo municipal, por medio de planes piloto como la Consulta P\u00fablica a trav\u00e9s de #SUCOP. \u201cA trav\u00e9s de la publicaci\u00f3n de la Agenda Regularoria, garantizamos publicidad y participaci\u00f3n ciudadana en el [&hellip;]\" \/>\n<meta property=\"og:url\" content=\"https:\/\/pagina10.com\/web\/departamento-nacional-de-planeacion-destaca-buena-practica-regulatoria-de-la-alcaldia-de-pasto\/\" \/>\n<meta property=\"og:site_name\" content=\"P\u00e1gina10\" \/>\n<meta property=\"article:publisher\" content=\"https:\/\/www.facebook.com\/pag10com\" \/>\n<meta property=\"article:published_time\" content=\"2021-11-29T04:57:31+00:00\" \/>\n<meta property=\"og:image\" content=\"https:\/\/pagina10.com\/web\/wp-content\/uploads\/2021\/11\/257464335_4481673291916944_4224981803917866044_n.jpg\" \/>\n\t<meta property=\"og:image:width\" content=\"960\" \/>\n\t<meta property=\"og:image:height\" content=\"758\" \/>\n\t<meta property=\"og:image:type\" content=\"image\/jpeg\" \/>\n<meta name=\"author\" content=\"P\u00e1gina 10\" \/>\n<meta name=\"twitter:card\" content=\"summary_large_image\" \/>\n<meta name=\"twitter:creator\" content=\"@Pag10com\" \/>\n<meta name=\"twitter:site\" content=\"@Pag10com\" \/>\n<meta name=\"twitter:label1\" content=\"Escrito por\" \/>\n\t<meta name=\"twitter:data1\" content=\"P\u00e1gina 10\" \/>\n\t<meta name=\"twitter:label2\" content=\"Tiempo de lectura\" \/>\n\t<meta name=\"twitter:data2\" content=\"1 minuto\" \/>\n<script type=\"application\/ld+json\" class=\"yoast-schema-graph\">{\"@context\":\"https:\/\/schema.org\",\"@graph\":[{\"@type\":\"Article\",\"@id\":\"https:\/\/pagina10.com\/web\/departamento-nacional-de-planeacion-destaca-buena-practica-regulatoria-de-la-alcaldia-de-pasto\/#article\",\"isPartOf\":{\"@id\":\"https:\/\/pagina10.com\/web\/departamento-nacional-de-planeacion-destaca-buena-practica-regulatoria-de-la-alcaldia-de-pasto\/\"},\"author\":{\"name\":\"P\u00e1gina 10\",\"@id\":\"https:\/\/pagina10.com\/web\/#\/schema\/person\/2efc4a090d25b667d3bc796798a3a81b\"},\"headline\":\"Departamento Nacional de Planeaci\u00f3n destaca buena pr\u00e1ctica regulatoria de la alcald\u00eda de Pasto\",\"datePublished\":\"2021-11-29T04:57:31+00:00\",\"mainEntityOfPage\":{\"@id\":\"https:\/\/pagina10.com\/web\/departamento-nacional-de-planeacion-destaca-buena-practica-regulatoria-de-la-alcaldia-de-pasto\/\"},\"wordCount\":246,\"commentCount\":0,\"publisher\":{\"@id\":\"https:\/\/pagina10.com\/web\/#organization\"},\"image\":{\"@id\":\"https:\/\/pagina10.com\/web\/departamento-nacional-de-planeacion-destaca-buena-practica-regulatoria-de-la-alcaldia-de-pasto\/#primaryimage\"},\"thumbnailUrl\":\"https:\/\/pagina10.com\/web\/wp-content\/uploads\/2021\/11\/257464335_4481673291916944_4224981803917866044_n.jpg\",\"articleSection\":[\"Ciudad\"],\"inLanguage\":\"es\",\"potentialAction\":[{\"@type\":\"CommentAction\",\"name\":\"Comment\",\"target\":[\"https:\/\/pagina10.com\/web\/departamento-nacional-de-planeacion-destaca-buena-practica-regulatoria-de-la-alcaldia-de-pasto\/#respond\"]}]},{\"@type\":\"WebPage\",\"@id\":\"https:\/\/pagina10.com\/web\/departamento-nacional-de-planeacion-destaca-buena-practica-regulatoria-de-la-alcaldia-de-pasto\/\",\"url\":\"https:\/\/pagina10.com\/web\/departamento-nacional-de-planeacion-destaca-buena-practica-regulatoria-de-la-alcaldia-de-pasto\/\",\"name\":\"Departamento Nacional de Planeaci\u00f3n destaca buena pr\u00e1ctica regulatoria de la alcald\u00eda de Pasto | P\u00e1gina10\",\"isPartOf\":{\"@id\":\"https:\/\/pagina10.com\/web\/#website\"},\"primaryImageOfPage\":{\"@id\":\"https:\/\/pagina10.com\/web\/departamento-nacional-de-planeacion-destaca-buena-practica-regulatoria-de-la-alcaldia-de-pasto\/#primaryimage\"},\"image\":{\"@id\":\"https:\/\/pagina10.com\/web\/departamento-nacional-de-planeacion-destaca-buena-practica-regulatoria-de-la-alcaldia-de-pasto\/#primaryimage\"},\"thumbnailUrl\":\"https:\/\/pagina10.com\/web\/wp-content\/uploads\/2021\/11\/257464335_4481673291916944_4224981803917866044_n.jpg\",\"datePublished\":\"2021-11-29T04:57:31+00:00\",\"breadcrumb\":{\"@id\":\"https:\/\/pagina10.com\/web\/departamento-nacional-de-planeacion-destaca-buena-practica-regulatoria-de-la-alcaldia-de-pasto\/#breadcrumb\"},\"inLanguage\":\"es\",\"potentialAction\":[{\"@type\":\"ReadAction\",\"target\":[\"https:\/\/pagina10.com\/web\/departamento-nacional-de-planeacion-destaca-buena-practica-regulatoria-de-la-alcaldia-de-pasto\/\"]}]},{\"@type\":\"ImageObject\",\"inLanguage\":\"es\",\"@id\":\"https:\/\/pagina10.com\/web\/departamento-nacional-de-planeacion-destaca-buena-practica-regulatoria-de-la-alcaldia-de-pasto\/#primaryimage\",\"url\":\"https:\/\/pagina10.com\/web\/wp-content\/uploads\/2021\/11\/257464335_4481673291916944_4224981803917866044_n.jpg\",\"contentUrl\":\"https:\/\/pagina10.com\/web\/wp-content\/uploads\/2021\/11\/257464335_4481673291916944_4224981803917866044_n.jpg\",\"width\":960,\"height\":758},{\"@type\":\"BreadcrumbList\",\"@id\":\"https:\/\/pagina10.com\/web\/departamento-nacional-de-planeacion-destaca-buena-practica-regulatoria-de-la-alcaldia-de-pasto\/#breadcrumb\",\"itemListElement\":[{\"@type\":\"ListItem\",\"position\":1,\"name\":\"Portada\",\"item\":\"https:\/\/pagina10.com\/web\/\"},{\"@type\":\"ListItem\",\"position\":2,\"name\":\"Departamento Nacional de Planeaci\u00f3n destaca buena pr\u00e1ctica regulatoria de la alcald\u00eda de Pasto\"}]},{\"@type\":\"WebSite\",\"@id\":\"https:\/\/pagina10.com\/web\/#website\",\"url\":\"https:\/\/pagina10.com\/web\/\",\"name\":\"P\u00e1gina10\",\"description\":\"Peri\u00f3dico Regional\",\"publisher\":{\"@id\":\"https:\/\/pagina10.com\/web\/#organization\"},\"alternateName\":\"P\u00e1gina10 Peri\u00f3dico Regional\",\"potentialAction\":[{\"@type\":\"SearchAction\",\"target\":{\"@type\":\"EntryPoint\",\"urlTemplate\":\"https:\/\/pagina10.com\/web\/?s={search_term_string}\"},\"query-input\":{\"@type\":\"PropertyValueSpecification\",\"valueRequired\":true,\"valueName\":\"search_term_string\"}}],\"inLanguage\":\"es\"},{\"@type\":\"Organization\",\"@id\":\"https:\/\/pagina10.com\/web\/#organization\",\"name\":\"P\u00e1gina10\",\"alternateName\":\"P\u00e1gina10 Peri\u00f3dico Regional\",\"url\":\"https:\/\/pagina10.com\/web\/\",\"logo\":{\"@type\":\"ImageObject\",\"inLanguage\":\"es\",\"@id\":\"https:\/\/pagina10.com\/web\/#\/schema\/logo\/image\/\",\"url\":\"https:\/\/pagina10.com\/web\/wp-content\/uploads\/2024\/01\/40-pagina-10-periodico-regional-pasto.jpg\",\"contentUrl\":\"https:\/\/pagina10.com\/web\/wp-content\/uploads\/2024\/01\/40-pagina-10-periodico-regional-pasto.jpg\",\"width\":1280,\"height\":720,\"caption\":\"P\u00e1gina10\"},\"image\":{\"@id\":\"https:\/\/pagina10.com\/web\/#\/schema\/logo\/image\/\"},\"sameAs\":[\"https:\/\/www.facebook.com\/pag10com\",\"https:\/\/x.com\/Pag10com\",\"https:\/\/www.instagram.com\/pagina10col\/\",\"https:\/\/youtube.com\/channel\/pag10\",\"https:\/\/www.tiktok.com\/@p10col\"]},{\"@type\":\"Person\",\"@id\":\"https:\/\/pagina10.com\/web\/#\/schema\/person\/2efc4a090d25b667d3bc796798a3a81b\",\"name\":\"P\u00e1gina 10\",\"description\":\"P\u00e1gina 10 es un peri\u00f3dico regional que nace en Colombia, en el departamento de Nari\u00f1o, con un enfoque global, fundamentado en cuatro pilares esenciales: la libertad, el pluralismo, la inclusi\u00f3n y la independencia. P\u00e1gina 10 hace referencia a Nari\u00f1o como el d\u00e9cimo departamento creado en Colombia, despu\u00e9s de un proceso pol\u00edtico liderado por actores y actrices regionales con el fin de obtener la independencia y autonom\u00eda de nuestros territorios. Con la creaci\u00f3n de P\u00e1gina 10 se pretende abrir un escenario para el dialogo, la reflexi\u00f3n y el debate que se extienda a otras geograf\u00edas de Am\u00e9rica Latina y del planeta, en una apuesta por transformar colectivamente los desaf\u00edos de un mundo contempor\u00e1neo, m\u00e1s all\u00e1 de las fronteras impuestas.\",\"url\":\"https:\/\/pagina10.com\/web\/author\/pdiezadmin\/\"}]}<\/script>\n<!-- \/ Yoast SEO plugin. -->","yoast_head_json":{"title":"Departamento Nacional de Planeaci\u00f3n destaca buena pr\u00e1ctica regulatoria de la alcald\u00eda de Pasto | P\u00e1gina10","robots":{"index":"index","follow":"follow","max-snippet":"max-snippet:-1","max-image-preview":"max-image-preview:large","max-video-preview":"max-video-preview:-1"},"canonical":"https:\/\/pagina10.com\/web\/departamento-nacional-de-planeacion-destaca-buena-practica-regulatoria-de-la-alcaldia-de-pasto\/","og_locale":"es_ES","og_type":"article","og_title":"Departamento Nacional de Planeaci\u00f3n destaca buena pr\u00e1ctica regulatoria de la alcald\u00eda de Pasto | P\u00e1gina10","og_description":"La iniciativa \u201cAgenda Regulatoria 2021\u201d tiene como objetivo que la Pol\u00edtica P\u00fablica de Mejora Normativa asegure la eficiencia, transparencia y legalidad en el contexto normativo municipal, por medio de planes piloto como la Consulta P\u00fablica a trav\u00e9s de #SUCOP. \u201cA trav\u00e9s de la publicaci\u00f3n de la Agenda Regularoria, garantizamos publicidad y participaci\u00f3n ciudadana en el [&hellip;]","og_url":"https:\/\/pagina10.com\/web\/departamento-nacional-de-planeacion-destaca-buena-practica-regulatoria-de-la-alcaldia-de-pasto\/","og_site_name":"P\u00e1gina10","article_publisher":"https:\/\/www.facebook.com\/pag10com","article_published_time":"2021-11-29T04:57:31+00:00","og_image":[{"width":960,"height":758,"url":"https:\/\/pagina10.com\/web\/wp-content\/uploads\/2021\/11\/257464335_4481673291916944_4224981803917866044_n.jpg","type":"image\/jpeg"}],"author":"P\u00e1gina 10","twitter_card":"summary_large_image","twitter_creator":"@Pag10com","twitter_site":"@Pag10com","twitter_misc":{"Escrito por":"P\u00e1gina 10","Tiempo de lectura":"1 minuto"},"schema":{"@context":"https:\/\/schema.org","@graph":[{"@type":"Article","@id":"https:\/\/pagina10.com\/web\/departamento-nacional-de-planeacion-destaca-buena-practica-regulatoria-de-la-alcaldia-de-pasto\/#article","isPartOf":{"@id":"https:\/\/pagina10.com\/web\/departamento-nacional-de-planeacion-destaca-buena-practica-regulatoria-de-la-alcaldia-de-pasto\/"},"author":{"name":"P\u00e1gina 10","@id":"https:\/\/pagina10.com\/web\/#\/schema\/person\/2efc4a090d25b667d3bc796798a3a81b"},"headline":"Departamento Nacional de Planeaci\u00f3n destaca buena pr\u00e1ctica regulatoria de la alcald\u00eda de Pasto","datePublished":"2021-11-29T04:57:31+00:00","mainEntityOfPage":{"@id":"https:\/\/pagina10.com\/web\/departamento-nacional-de-planeacion-destaca-buena-practica-regulatoria-de-la-alcaldia-de-pasto\/"},"wordCount":246,"commentCount":0,"publisher":{"@id":"https:\/\/pagina10.com\/web\/#organization"},"image":{"@id":"https:\/\/pagina10.com\/web\/departamento-nacional-de-planeacion-destaca-buena-practica-regulatoria-de-la-alcaldia-de-pasto\/#primaryimage"},"thumbnailUrl":"https:\/\/pagina10.com\/web\/wp-content\/uploads\/2021\/11\/257464335_4481673291916944_4224981803917866044_n.jpg","articleSection":["Ciudad"],"inLanguage":"es","potentialAction":[{"@type":"CommentAction","name":"Comment","target":["https:\/\/pagina10.com\/web\/departamento-nacional-de-planeacion-destaca-buena-practica-regulatoria-de-la-alcaldia-de-pasto\/#respond"]}]},{"@type":"WebPage","@id":"https:\/\/pagina10.com\/web\/departamento-nacional-de-planeacion-destaca-buena-practica-regulatoria-de-la-alcaldia-de-pasto\/","url":"https:\/\/pagina10.com\/web\/departamento-nacional-de-planeacion-destaca-buena-practica-regulatoria-de-la-alcaldia-de-pasto\/","name":"Departamento Nacional de Planeaci\u00f3n destaca buena pr\u00e1ctica regulatoria de la alcald\u00eda de Pasto | P\u00e1gina10","isPartOf":{"@id":"https:\/\/pagina10.com\/web\/#website"},"primaryImageOfPage":{"@id":"https:\/\/pagina10.com\/web\/departamento-nacional-de-planeacion-destaca-buena-practica-regulatoria-de-la-alcaldia-de-pasto\/#primaryimage"},"image":{"@id":"https:\/\/pagina10.com\/web\/departamento-nacional-de-planeacion-destaca-buena-practica-regulatoria-de-la-alcaldia-de-pasto\/#primaryimage"},"thumbnailUrl":"https:\/\/pagina10.com\/web\/wp-content\/uploads\/2021\/11\/257464335_4481673291916944_4224981803917866044_n.jpg","datePublished":"2021-11-29T04:57:31+00:00","breadcrumb":{"@id":"https:\/\/pagina10.com\/web\/departamento-nacional-de-planeacion-destaca-buena-practica-regulatoria-de-la-alcaldia-de-pasto\/#breadcrumb"},"inLanguage":"es","potentialAction":[{"@type":"ReadAction","target":["https:\/\/pagina10.com\/web\/departamento-nacional-de-planeacion-destaca-buena-practica-regulatoria-de-la-alcaldia-de-pasto\/"]}]},{"@type":"ImageObject","inLanguage":"es","@id":"https:\/\/pagina10.com\/web\/departamento-nacional-de-planeacion-destaca-buena-practica-regulatoria-de-la-alcaldia-de-pasto\/#primaryimage","url":"https:\/\/pagina10.com\/web\/wp-content\/uploads\/2021\/11\/257464335_4481673291916944_4224981803917866044_n.jpg","contentUrl":"https:\/\/pagina10.com\/web\/wp-content\/uploads\/2021\/11\/257464335_4481673291916944_4224981803917866044_n.jpg","width":960,"height":758},{"@type":"BreadcrumbList","@id":"https:\/\/pagina10.com\/web\/departamento-nacional-de-planeacion-destaca-buena-practica-regulatoria-de-la-alcaldia-de-pasto\/#breadcrumb","itemListElement":[{"@type":"ListItem","position":1,"name":"Portada","item":"https:\/\/pagina10.com\/web\/"},{"@type":"ListItem","position":2,"name":"Departamento Nacional de Planeaci\u00f3n destaca buena pr\u00e1ctica regulatoria de la alcald\u00eda de Pasto"}]},{"@type":"WebSite","@id":"https:\/\/pagina10.com\/web\/#website","url":"https:\/\/pagina10.com\/web\/","name":"P\u00e1gina10","description":"Peri\u00f3dico Regional","publisher":{"@id":"https:\/\/pagina10.com\/web\/#organization"},"alternateName":"P\u00e1gina10 Peri\u00f3dico Regional","potentialAction":[{"@type":"SearchAction","target":{"@type":"EntryPoint","urlTemplate":"https:\/\/pagina10.com\/web\/?s={search_term_string}"},"query-input":{"@type":"PropertyValueSpecification","valueRequired":true,"valueName":"search_term_string"}}],"inLanguage":"es"},{"@type":"Organization","@id":"https:\/\/pagina10.com\/web\/#organization","name":"P\u00e1gina10","alternateName":"P\u00e1gina10 Peri\u00f3dico Regional","url":"https:\/\/pagina10.com\/web\/","logo":{"@type":"ImageObject","inLanguage":"es","@id":"https:\/\/pagina10.com\/web\/#\/schema\/logo\/image\/","url":"https:\/\/pagina10.com\/web\/wp-content\/uploads\/2024\/01\/40-pagina-10-periodico-regional-pasto.jpg","contentUrl":"https:\/\/pagina10.com\/web\/wp-content\/uploads\/2024\/01\/40-pagina-10-periodico-regional-pasto.jpg","width":1280,"height":720,"caption":"P\u00e1gina10"},"image":{"@id":"https:\/\/pagina10.com\/web\/#\/schema\/logo\/image\/"},"sameAs":["https:\/\/www.facebook.com\/pag10com","https:\/\/x.com\/Pag10com","https:\/\/www.instagram.com\/pagina10col\/","https:\/\/youtube.com\/channel\/pag10","https:\/\/www.tiktok.com\/@p10col"]},{"@type":"Person","@id":"https:\/\/pagina10.com\/web\/#\/schema\/person\/2efc4a090d25b667d3bc796798a3a81b","name":"P\u00e1gina 10","description":"P\u00e1gina 10 es un peri\u00f3dico regional que nace en Colombia, en el departamento de Nari\u00f1o, con un enfoque global, fundamentado en cuatro pilares esenciales: la libertad, el pluralismo, la inclusi\u00f3n y la independencia. P\u00e1gina 10 hace referencia a Nari\u00f1o como el d\u00e9cimo departamento creado en Colombia, despu\u00e9s de un proceso pol\u00edtico liderado por actores y actrices regionales con el fin de obtener la independencia y autonom\u00eda de nuestros territorios. Con la creaci\u00f3n de P\u00e1gina 10 se pretende abrir un escenario para el dialogo, la reflexi\u00f3n y el debate que se extienda a otras geograf\u00edas de Am\u00e9rica Latina y del planeta, en una apuesta por transformar colectivamente los desaf\u00edos de un mundo contempor\u00e1neo, m\u00e1s all\u00e1 de las fronteras impuestas.","url":"https:\/\/pagina10.com\/web\/author\/pdiezadmin\/"}]}},"_links":{"self":[{"href":"https:\/\/pagina10.com\/web\/wp-json\/wp\/v2\/posts\/57175","targetHints":{"allow":["GET"]}}],"collection":[{"href":"https:\/\/pagina10.com\/web\/wp-json\/wp\/v2\/posts"}],"about":[{"href":"https:\/\/pagina10.com\/web\/wp-json\/wp\/v2\/types\/post"}],"author":[{"embeddable":true,"href":"https:\/\/pagina10.com\/web\/wp-json\/wp\/v2\/users\/1"}],"replies":[{"embeddable":true,"href":"https:\/\/pagina10.com\/web\/wp-json\/wp\/v2\/comments?post=57175"}],"version-history":[{"count":1,"href":"https:\/\/pagina10.com\/web\/wp-json\/wp\/v2\/posts\/57175\/revisions"}],"predecessor-version":[{"id":57176,"href":"https:\/\/pagina10.com\/web\/wp-json\/wp\/v2\/posts\/57175\/revisions\/57176"}],"wp:featuredmedia":[{"embeddable":true,"href":"https:\/\/pagina10.com\/web\/wp-json\/wp\/v2\/media\/57157"}],"wp:attachment":[{"href":"https:\/\/pagina10.com\/web\/wp-json\/wp\/v2\/media?parent=57175"}],"wp:term":[{"taxonomy":"category","embeddable":true,"href":"https:\/\/pagina10.com\/web\/wp-json\/wp\/v2\/categories?post=57175"},{"taxonomy":"post_tag","embeddable":true,"href":"https:\/\/pagina10.com\/web\/wp-json\/wp\/v2\/tags?post=57175"}],"curies":[{"name":"wp","href":"https:\/\/api.w.org\/{rel}","templated":true}]}}