{"id":57177,"date":"2021-11-29T06:47:00","date_gmt":"2021-11-29T11:47:00","guid":{"rendered":"https:\/\/pagina10.com\/web\/?p=57177"},"modified":"2021-11-29T06:47:00","modified_gmt":"2021-11-29T11:47:00","slug":"la-gobernacion-de-narino-recibio-importante-reconocimiento-en-el-consejo-departamental-de-reincorporacion","status":"publish","type":"post","link":"https:\/\/pagina10.com\/web\/la-gobernacion-de-narino-recibio-importante-reconocimiento-en-el-consejo-departamental-de-reincorporacion\/","title":{"rendered":"La Gobernaci\u00f3n de Nari\u00f1o recibi\u00f3 importante reconocimiento en el Consejo Departamental de Reincorporaci\u00f3n"},"content":{"rendered":"<p style=\"text-align: justify;\">La Administraci\u00f3n Departamental asisti\u00f3 al Consejo Departamental de Reincorporaci\u00f3n, donde recibi\u00f3 reconocimiento gracias al trabajo desarrollado en el Espacio Territorial de Capacitaci\u00f3n y Reincorporaci\u00f3n \u2013ETCR y por las apuestas de paz desde el territorio.<\/p>\n<p style=\"text-align: justify;\">\n<p style=\"text-align: justify;\">En Nari\u00f1o le aportamos al proceso de paz, que, tras cumplirse cinco a\u00f1os de su implementaci\u00f3n, se potencializa a trav\u00e9s de los proyectos PDET, donde la Gobernaci\u00f3n de Nari\u00f1o lidera varios de los pilares que en este momento se vienen gestando.<\/p>\n<p style=\"text-align: justify;\">\n<p style=\"text-align: justify;\">El Secretario de Gobierno de Nari\u00f1o, Am\u00edlcar Pantoja puntualiz\u00f3: \u201cal principio de esta administraci\u00f3n ten\u00edamos ocho pilares , en este momento son nueve pilares, donde la Secretar\u00eda de Gobierno a trav\u00e9s de la Subsecretar\u00eda de Paz, lidera la implementaci\u00f3n del acuerdo de paz a trav\u00e9s del convenido 1353 en el proceso de Reintegraci\u00f3n y Reincorporaci\u00f3n, convenio que se ampli\u00f3 a cinco municipios y que beneficia a quienes dejaron las armas de manera decidida en pro del bien y de la paz del Departamento\u201d.<\/p>\n<p style=\"text-align: justify;\">\n<p style=\"text-align: justify;\">Otra iniciativa que ha sido reconocida es Acuerdos de Ra\u00edz, una estrategia que permitir\u00e1 ser, una alternativa para la sustituci\u00f3n voluntaria de cultivos en el territorio. El Consejo Departamental de Paz, reconocido a nivel nacional, el cual impulsa varias acciones de paz en el territorio, la construcci\u00f3n de la Pol\u00edtica P\u00fablica de paz y Derechos, La participaci\u00f3n con sistema de verdad, justicia, reparaci\u00f3n y garant\u00edas de no repetici\u00f3n, que ha permitido tener avances significativos en la construcci\u00f3n de paz desde los rincones del Departamento.<\/p>\n<p style=\"text-align: justify;\">\n<p style=\"text-align: justify;\">Gracias al desarrollo de estas acciones, nuestro trabajo ha sido reconocido en defensa de la vida y la paz, siendo una ruta con resultados positivos que permitir\u00e1 fortalecerse en el tiempo y que favorecer\u00e1 a los sectores m\u00e1s afectados y vulnerados en nuestro Departamento.<\/p>\n","protected":false},"excerpt":{"rendered":"<p>La Administraci\u00f3n Departamental asisti\u00f3 al Consejo Departamental de Reincorporaci\u00f3n, donde recibi\u00f3 reconocimiento gracias al trabajo desarrollado en el Espacio Territorial de Capacitaci\u00f3n y Reincorporaci\u00f3n \u2013ETCR y por las apuestas de paz desde el territorio. En Nari\u00f1o le aportamos al proceso de paz, que, tras cumplirse cinco a\u00f1os de su implementaci\u00f3n, se potencializa a trav\u00e9s de [&hellip;]<\/p>\n","protected":false},"author":1,"featured_media":57178,"comment_status":"open","ping_status":"open","sticky":false,"template":"","format":"standard","meta":{"footnotes":""},"categories":[82],"tags":[],"class_list":["post-57177","post","type-post","status-publish","format-standard","has-post-thumbnail","hentry","category-ciudad-2"],"yoast_head":"<!-- This site is optimized with the Yoast SEO plugin v27.1.1 - https:\/\/yoast.com\/product\/yoast-seo-wordpress\/ -->\n<title>La Gobernaci\u00f3n de Nari\u00f1o recibi\u00f3 importante reconocimiento en el Consejo Departamental de Reincorporaci\u00f3n | P\u00e1gina10<\/title>\n<meta name=\"robots\" content=\"index, follow, max-snippet:-1, max-image-preview:large, max-video-preview:-1\" \/>\n<link rel=\"canonical\" href=\"https:\/\/pagina10.com\/web\/la-gobernacion-de-narino-recibio-importante-reconocimiento-en-el-consejo-departamental-de-reincorporacion\/\" \/>\n<meta property=\"og:locale\" content=\"es_ES\" \/>\n<meta property=\"og:type\" content=\"article\" \/>\n<meta property=\"og:title\" content=\"La Gobernaci\u00f3n de Nari\u00f1o recibi\u00f3 importante reconocimiento en el Consejo Departamental de Reincorporaci\u00f3n | P\u00e1gina10\" \/>\n<meta property=\"og:description\" content=\"La Administraci\u00f3n Departamental asisti\u00f3 al Consejo Departamental de Reincorporaci\u00f3n, donde recibi\u00f3 reconocimiento gracias al trabajo desarrollado en el Espacio Territorial de Capacitaci\u00f3n y Reincorporaci\u00f3n \u2013ETCR y por las apuestas de paz desde el territorio. En Nari\u00f1o le aportamos al proceso de paz, que, tras cumplirse cinco a\u00f1os de su implementaci\u00f3n, se potencializa a trav\u00e9s de [&hellip;]\" \/>\n<meta property=\"og:url\" content=\"https:\/\/pagina10.com\/web\/la-gobernacion-de-narino-recibio-importante-reconocimiento-en-el-consejo-departamental-de-reincorporacion\/\" \/>\n<meta property=\"og:site_name\" content=\"P\u00e1gina10\" \/>\n<meta property=\"article:publisher\" content=\"https:\/\/www.facebook.com\/pag10com\" \/>\n<meta property=\"article:published_time\" content=\"2021-11-29T11:47:00+00:00\" \/>\n<meta property=\"og:image\" content=\"https:\/\/pagina10.com\/web\/wp-content\/uploads\/2021\/11\/IMG-20211128-WA0060.jpg\" \/>\n\t<meta property=\"og:image:width\" content=\"1600\" \/>\n\t<meta property=\"og:image:height\" content=\"1067\" \/>\n\t<meta property=\"og:image:type\" content=\"image\/jpeg\" \/>\n<meta name=\"author\" content=\"P\u00e1gina 10\" \/>\n<meta name=\"twitter:card\" content=\"summary_large_image\" \/>\n<meta name=\"twitter:creator\" content=\"@Pag10com\" \/>\n<meta name=\"twitter:site\" content=\"@Pag10com\" \/>\n<meta name=\"twitter:label1\" content=\"Escrito por\" \/>\n\t<meta name=\"twitter:data1\" content=\"P\u00e1gina 10\" \/>\n\t<meta name=\"twitter:label2\" content=\"Tiempo de lectura\" \/>\n\t<meta name=\"twitter:data2\" content=\"2 minutos\" \/>\n<script type=\"application\/ld+json\" class=\"yoast-schema-graph\">{\"@context\":\"https:\/\/schema.org\",\"@graph\":[{\"@type\":\"Article\",\"@id\":\"https:\/\/pagina10.com\/web\/la-gobernacion-de-narino-recibio-importante-reconocimiento-en-el-consejo-departamental-de-reincorporacion\/#article\",\"isPartOf\":{\"@id\":\"https:\/\/pagina10.com\/web\/la-gobernacion-de-narino-recibio-importante-reconocimiento-en-el-consejo-departamental-de-reincorporacion\/\"},\"author\":{\"name\":\"P\u00e1gina 10\",\"@id\":\"https:\/\/pagina10.com\/web\/#\/schema\/person\/2efc4a090d25b667d3bc796798a3a81b\"},\"headline\":\"La Gobernaci\u00f3n de Nari\u00f1o recibi\u00f3 importante reconocimiento en el Consejo Departamental de Reincorporaci\u00f3n\",\"datePublished\":\"2021-11-29T11:47:00+00:00\",\"mainEntityOfPage\":{\"@id\":\"https:\/\/pagina10.com\/web\/la-gobernacion-de-narino-recibio-importante-reconocimiento-en-el-consejo-departamental-de-reincorporacion\/\"},\"wordCount\":332,\"commentCount\":0,\"publisher\":{\"@id\":\"https:\/\/pagina10.com\/web\/#organization\"},\"image\":{\"@id\":\"https:\/\/pagina10.com\/web\/la-gobernacion-de-narino-recibio-importante-reconocimiento-en-el-consejo-departamental-de-reincorporacion\/#primaryimage\"},\"thumbnailUrl\":\"https:\/\/pagina10.com\/web\/wp-content\/uploads\/2021\/11\/IMG-20211128-WA0060.jpg\",\"articleSection\":[\"Ciudad\"],\"inLanguage\":\"es\",\"potentialAction\":[{\"@type\":\"CommentAction\",\"name\":\"Comment\",\"target\":[\"https:\/\/pagina10.com\/web\/la-gobernacion-de-narino-recibio-importante-reconocimiento-en-el-consejo-departamental-de-reincorporacion\/#respond\"]}]},{\"@type\":\"WebPage\",\"@id\":\"https:\/\/pagina10.com\/web\/la-gobernacion-de-narino-recibio-importante-reconocimiento-en-el-consejo-departamental-de-reincorporacion\/\",\"url\":\"https:\/\/pagina10.com\/web\/la-gobernacion-de-narino-recibio-importante-reconocimiento-en-el-consejo-departamental-de-reincorporacion\/\",\"name\":\"La Gobernaci\u00f3n de Nari\u00f1o recibi\u00f3 importante reconocimiento en el Consejo Departamental de Reincorporaci\u00f3n | P\u00e1gina10\",\"isPartOf\":{\"@id\":\"https:\/\/pagina10.com\/web\/#website\"},\"primaryImageOfPage\":{\"@id\":\"https:\/\/pagina10.com\/web\/la-gobernacion-de-narino-recibio-importante-reconocimiento-en-el-consejo-departamental-de-reincorporacion\/#primaryimage\"},\"image\":{\"@id\":\"https:\/\/pagina10.com\/web\/la-gobernacion-de-narino-recibio-importante-reconocimiento-en-el-consejo-departamental-de-reincorporacion\/#primaryimage\"},\"thumbnailUrl\":\"https:\/\/pagina10.com\/web\/wp-content\/uploads\/2021\/11\/IMG-20211128-WA0060.jpg\",\"datePublished\":\"2021-11-29T11:47:00+00:00\",\"breadcrumb\":{\"@id\":\"https:\/\/pagina10.com\/web\/la-gobernacion-de-narino-recibio-importante-reconocimiento-en-el-consejo-departamental-de-reincorporacion\/#breadcrumb\"},\"inLanguage\":\"es\",\"potentialAction\":[{\"@type\":\"ReadAction\",\"target\":[\"https:\/\/pagina10.com\/web\/la-gobernacion-de-narino-recibio-importante-reconocimiento-en-el-consejo-departamental-de-reincorporacion\/\"]}]},{\"@type\":\"ImageObject\",\"inLanguage\":\"es\",\"@id\":\"https:\/\/pagina10.com\/web\/la-gobernacion-de-narino-recibio-importante-reconocimiento-en-el-consejo-departamental-de-reincorporacion\/#primaryimage\",\"url\":\"https:\/\/pagina10.com\/web\/wp-content\/uploads\/2021\/11\/IMG-20211128-WA0060.jpg\",\"contentUrl\":\"https:\/\/pagina10.com\/web\/wp-content\/uploads\/2021\/11\/IMG-20211128-WA0060.jpg\",\"width\":1600,\"height\":1067},{\"@type\":\"BreadcrumbList\",\"@id\":\"https:\/\/pagina10.com\/web\/la-gobernacion-de-narino-recibio-importante-reconocimiento-en-el-consejo-departamental-de-reincorporacion\/#breadcrumb\",\"itemListElement\":[{\"@type\":\"ListItem\",\"position\":1,\"name\":\"Portada\",\"item\":\"https:\/\/pagina10.com\/web\/\"},{\"@type\":\"ListItem\",\"position\":2,\"name\":\"La Gobernaci\u00f3n de Nari\u00f1o recibi\u00f3 importante reconocimiento en el Consejo Departamental de Reincorporaci\u00f3n\"}]},{\"@type\":\"WebSite\",\"@id\":\"https:\/\/pagina10.com\/web\/#website\",\"url\":\"https:\/\/pagina10.com\/web\/\",\"name\":\"P\u00e1gina10\",\"description\":\"Peri\u00f3dico Regional\",\"publisher\":{\"@id\":\"https:\/\/pagina10.com\/web\/#organization\"},\"alternateName\":\"P\u00e1gina10 Peri\u00f3dico Regional\",\"potentialAction\":[{\"@type\":\"SearchAction\",\"target\":{\"@type\":\"EntryPoint\",\"urlTemplate\":\"https:\/\/pagina10.com\/web\/?s={search_term_string}\"},\"query-input\":{\"@type\":\"PropertyValueSpecification\",\"valueRequired\":true,\"valueName\":\"search_term_string\"}}],\"inLanguage\":\"es\"},{\"@type\":\"Organization\",\"@id\":\"https:\/\/pagina10.com\/web\/#organization\",\"name\":\"P\u00e1gina10\",\"alternateName\":\"P\u00e1gina10 Peri\u00f3dico Regional\",\"url\":\"https:\/\/pagina10.com\/web\/\",\"logo\":{\"@type\":\"ImageObject\",\"inLanguage\":\"es\",\"@id\":\"https:\/\/pagina10.com\/web\/#\/schema\/logo\/image\/\",\"url\":\"https:\/\/pagina10.com\/web\/wp-content\/uploads\/2024\/01\/40-pagina-10-periodico-regional-pasto.jpg\",\"contentUrl\":\"https:\/\/pagina10.com\/web\/wp-content\/uploads\/2024\/01\/40-pagina-10-periodico-regional-pasto.jpg\",\"width\":1280,\"height\":720,\"caption\":\"P\u00e1gina10\"},\"image\":{\"@id\":\"https:\/\/pagina10.com\/web\/#\/schema\/logo\/image\/\"},\"sameAs\":[\"https:\/\/www.facebook.com\/pag10com\",\"https:\/\/x.com\/Pag10com\",\"https:\/\/www.instagram.com\/pagina10col\/\",\"https:\/\/youtube.com\/channel\/pag10\",\"https:\/\/www.tiktok.com\/@p10col\"]},{\"@type\":\"Person\",\"@id\":\"https:\/\/pagina10.com\/web\/#\/schema\/person\/2efc4a090d25b667d3bc796798a3a81b\",\"name\":\"P\u00e1gina 10\",\"description\":\"P\u00e1gina 10 es un peri\u00f3dico regional que nace en Colombia, en el departamento de Nari\u00f1o, con un enfoque global, fundamentado en cuatro pilares esenciales: la libertad, el pluralismo, la inclusi\u00f3n y la independencia. P\u00e1gina 10 hace referencia a Nari\u00f1o como el d\u00e9cimo departamento creado en Colombia, despu\u00e9s de un proceso pol\u00edtico liderado por actores y actrices regionales con el fin de obtener la independencia y autonom\u00eda de nuestros territorios. Con la creaci\u00f3n de P\u00e1gina 10 se pretende abrir un escenario para el dialogo, la reflexi\u00f3n y el debate que se extienda a otras geograf\u00edas de Am\u00e9rica Latina y del planeta, en una apuesta por transformar colectivamente los desaf\u00edos de un mundo contempor\u00e1neo, m\u00e1s all\u00e1 de las fronteras impuestas.\",\"url\":\"https:\/\/pagina10.com\/web\/author\/pdiezadmin\/\"}]}<\/script>\n<!-- \/ Yoast SEO plugin. -->","yoast_head_json":{"title":"La Gobernaci\u00f3n de Nari\u00f1o recibi\u00f3 importante reconocimiento en el Consejo Departamental de Reincorporaci\u00f3n | P\u00e1gina10","robots":{"index":"index","follow":"follow","max-snippet":"max-snippet:-1","max-image-preview":"max-image-preview:large","max-video-preview":"max-video-preview:-1"},"canonical":"https:\/\/pagina10.com\/web\/la-gobernacion-de-narino-recibio-importante-reconocimiento-en-el-consejo-departamental-de-reincorporacion\/","og_locale":"es_ES","og_type":"article","og_title":"La Gobernaci\u00f3n de Nari\u00f1o recibi\u00f3 importante reconocimiento en el Consejo Departamental de Reincorporaci\u00f3n | P\u00e1gina10","og_description":"La Administraci\u00f3n Departamental asisti\u00f3 al Consejo Departamental de Reincorporaci\u00f3n, donde recibi\u00f3 reconocimiento gracias al trabajo desarrollado en el Espacio Territorial de Capacitaci\u00f3n y Reincorporaci\u00f3n \u2013ETCR y por las apuestas de paz desde el territorio. En Nari\u00f1o le aportamos al proceso de paz, que, tras cumplirse cinco a\u00f1os de su implementaci\u00f3n, se potencializa a trav\u00e9s de [&hellip;]","og_url":"https:\/\/pagina10.com\/web\/la-gobernacion-de-narino-recibio-importante-reconocimiento-en-el-consejo-departamental-de-reincorporacion\/","og_site_name":"P\u00e1gina10","article_publisher":"https:\/\/www.facebook.com\/pag10com","article_published_time":"2021-11-29T11:47:00+00:00","og_image":[{"width":1600,"height":1067,"url":"https:\/\/pagina10.com\/web\/wp-content\/uploads\/2021\/11\/IMG-20211128-WA0060.jpg","type":"image\/jpeg"}],"author":"P\u00e1gina 10","twitter_card":"summary_large_image","twitter_creator":"@Pag10com","twitter_site":"@Pag10com","twitter_misc":{"Escrito por":"P\u00e1gina 10","Tiempo de lectura":"2 minutos"},"schema":{"@context":"https:\/\/schema.org","@graph":[{"@type":"Article","@id":"https:\/\/pagina10.com\/web\/la-gobernacion-de-narino-recibio-importante-reconocimiento-en-el-consejo-departamental-de-reincorporacion\/#article","isPartOf":{"@id":"https:\/\/pagina10.com\/web\/la-gobernacion-de-narino-recibio-importante-reconocimiento-en-el-consejo-departamental-de-reincorporacion\/"},"author":{"name":"P\u00e1gina 10","@id":"https:\/\/pagina10.com\/web\/#\/schema\/person\/2efc4a090d25b667d3bc796798a3a81b"},"headline":"La Gobernaci\u00f3n de Nari\u00f1o recibi\u00f3 importante reconocimiento en el Consejo Departamental de Reincorporaci\u00f3n","datePublished":"2021-11-29T11:47:00+00:00","mainEntityOfPage":{"@id":"https:\/\/pagina10.com\/web\/la-gobernacion-de-narino-recibio-importante-reconocimiento-en-el-consejo-departamental-de-reincorporacion\/"},"wordCount":332,"commentCount":0,"publisher":{"@id":"https:\/\/pagina10.com\/web\/#organization"},"image":{"@id":"https:\/\/pagina10.com\/web\/la-gobernacion-de-narino-recibio-importante-reconocimiento-en-el-consejo-departamental-de-reincorporacion\/#primaryimage"},"thumbnailUrl":"https:\/\/pagina10.com\/web\/wp-content\/uploads\/2021\/11\/IMG-20211128-WA0060.jpg","articleSection":["Ciudad"],"inLanguage":"es","potentialAction":[{"@type":"CommentAction","name":"Comment","target":["https:\/\/pagina10.com\/web\/la-gobernacion-de-narino-recibio-importante-reconocimiento-en-el-consejo-departamental-de-reincorporacion\/#respond"]}]},{"@type":"WebPage","@id":"https:\/\/pagina10.com\/web\/la-gobernacion-de-narino-recibio-importante-reconocimiento-en-el-consejo-departamental-de-reincorporacion\/","url":"https:\/\/pagina10.com\/web\/la-gobernacion-de-narino-recibio-importante-reconocimiento-en-el-consejo-departamental-de-reincorporacion\/","name":"La Gobernaci\u00f3n de Nari\u00f1o recibi\u00f3 importante reconocimiento en el Consejo Departamental de Reincorporaci\u00f3n | P\u00e1gina10","isPartOf":{"@id":"https:\/\/pagina10.com\/web\/#website"},"primaryImageOfPage":{"@id":"https:\/\/pagina10.com\/web\/la-gobernacion-de-narino-recibio-importante-reconocimiento-en-el-consejo-departamental-de-reincorporacion\/#primaryimage"},"image":{"@id":"https:\/\/pagina10.com\/web\/la-gobernacion-de-narino-recibio-importante-reconocimiento-en-el-consejo-departamental-de-reincorporacion\/#primaryimage"},"thumbnailUrl":"https:\/\/pagina10.com\/web\/wp-content\/uploads\/2021\/11\/IMG-20211128-WA0060.jpg","datePublished":"2021-11-29T11:47:00+00:00","breadcrumb":{"@id":"https:\/\/pagina10.com\/web\/la-gobernacion-de-narino-recibio-importante-reconocimiento-en-el-consejo-departamental-de-reincorporacion\/#breadcrumb"},"inLanguage":"es","potentialAction":[{"@type":"ReadAction","target":["https:\/\/pagina10.com\/web\/la-gobernacion-de-narino-recibio-importante-reconocimiento-en-el-consejo-departamental-de-reincorporacion\/"]}]},{"@type":"ImageObject","inLanguage":"es","@id":"https:\/\/pagina10.com\/web\/la-gobernacion-de-narino-recibio-importante-reconocimiento-en-el-consejo-departamental-de-reincorporacion\/#primaryimage","url":"https:\/\/pagina10.com\/web\/wp-content\/uploads\/2021\/11\/IMG-20211128-WA0060.jpg","contentUrl":"https:\/\/pagina10.com\/web\/wp-content\/uploads\/2021\/11\/IMG-20211128-WA0060.jpg","width":1600,"height":1067},{"@type":"BreadcrumbList","@id":"https:\/\/pagina10.com\/web\/la-gobernacion-de-narino-recibio-importante-reconocimiento-en-el-consejo-departamental-de-reincorporacion\/#breadcrumb","itemListElement":[{"@type":"ListItem","position":1,"name":"Portada","item":"https:\/\/pagina10.com\/web\/"},{"@type":"ListItem","position":2,"name":"La Gobernaci\u00f3n de Nari\u00f1o recibi\u00f3 importante reconocimiento en el Consejo Departamental de Reincorporaci\u00f3n"}]},{"@type":"WebSite","@id":"https:\/\/pagina10.com\/web\/#website","url":"https:\/\/pagina10.com\/web\/","name":"P\u00e1gina10","description":"Peri\u00f3dico Regional","publisher":{"@id":"https:\/\/pagina10.com\/web\/#organization"},"alternateName":"P\u00e1gina10 Peri\u00f3dico Regional","potentialAction":[{"@type":"SearchAction","target":{"@type":"EntryPoint","urlTemplate":"https:\/\/pagina10.com\/web\/?s={search_term_string}"},"query-input":{"@type":"PropertyValueSpecification","valueRequired":true,"valueName":"search_term_string"}}],"inLanguage":"es"},{"@type":"Organization","@id":"https:\/\/pagina10.com\/web\/#organization","name":"P\u00e1gina10","alternateName":"P\u00e1gina10 Peri\u00f3dico Regional","url":"https:\/\/pagina10.com\/web\/","logo":{"@type":"ImageObject","inLanguage":"es","@id":"https:\/\/pagina10.com\/web\/#\/schema\/logo\/image\/","url":"https:\/\/pagina10.com\/web\/wp-content\/uploads\/2024\/01\/40-pagina-10-periodico-regional-pasto.jpg","contentUrl":"https:\/\/pagina10.com\/web\/wp-content\/uploads\/2024\/01\/40-pagina-10-periodico-regional-pasto.jpg","width":1280,"height":720,"caption":"P\u00e1gina10"},"image":{"@id":"https:\/\/pagina10.com\/web\/#\/schema\/logo\/image\/"},"sameAs":["https:\/\/www.facebook.com\/pag10com","https:\/\/x.com\/Pag10com","https:\/\/www.instagram.com\/pagina10col\/","https:\/\/youtube.com\/channel\/pag10","https:\/\/www.tiktok.com\/@p10col"]},{"@type":"Person","@id":"https:\/\/pagina10.com\/web\/#\/schema\/person\/2efc4a090d25b667d3bc796798a3a81b","name":"P\u00e1gina 10","description":"P\u00e1gina 10 es un peri\u00f3dico regional que nace en Colombia, en el departamento de Nari\u00f1o, con un enfoque global, fundamentado en cuatro pilares esenciales: la libertad, el pluralismo, la inclusi\u00f3n y la independencia. P\u00e1gina 10 hace referencia a Nari\u00f1o como el d\u00e9cimo departamento creado en Colombia, despu\u00e9s de un proceso pol\u00edtico liderado por actores y actrices regionales con el fin de obtener la independencia y autonom\u00eda de nuestros territorios. Con la creaci\u00f3n de P\u00e1gina 10 se pretende abrir un escenario para el dialogo, la reflexi\u00f3n y el debate que se extienda a otras geograf\u00edas de Am\u00e9rica Latina y del planeta, en una apuesta por transformar colectivamente los desaf\u00edos de un mundo contempor\u00e1neo, m\u00e1s all\u00e1 de las fronteras impuestas.","url":"https:\/\/pagina10.com\/web\/author\/pdiezadmin\/"}]}},"_links":{"self":[{"href":"https:\/\/pagina10.com\/web\/wp-json\/wp\/v2\/posts\/57177","targetHints":{"allow":["GET"]}}],"collection":[{"href":"https:\/\/pagina10.com\/web\/wp-json\/wp\/v2\/posts"}],"about":[{"href":"https:\/\/pagina10.com\/web\/wp-json\/wp\/v2\/types\/post"}],"author":[{"embeddable":true,"href":"https:\/\/pagina10.com\/web\/wp-json\/wp\/v2\/users\/1"}],"replies":[{"embeddable":true,"href":"https:\/\/pagina10.com\/web\/wp-json\/wp\/v2\/comments?post=57177"}],"version-history":[{"count":1,"href":"https:\/\/pagina10.com\/web\/wp-json\/wp\/v2\/posts\/57177\/revisions"}],"predecessor-version":[{"id":57179,"href":"https:\/\/pagina10.com\/web\/wp-json\/wp\/v2\/posts\/57177\/revisions\/57179"}],"wp:featuredmedia":[{"embeddable":true,"href":"https:\/\/pagina10.com\/web\/wp-json\/wp\/v2\/media\/57178"}],"wp:attachment":[{"href":"https:\/\/pagina10.com\/web\/wp-json\/wp\/v2\/media?parent=57177"}],"wp:term":[{"taxonomy":"category","embeddable":true,"href":"https:\/\/pagina10.com\/web\/wp-json\/wp\/v2\/categories?post=57177"},{"taxonomy":"post_tag","embeddable":true,"href":"https:\/\/pagina10.com\/web\/wp-json\/wp\/v2\/tags?post=57177"}],"curies":[{"name":"wp","href":"https:\/\/api.w.org\/{rel}","templated":true}]}}