{"id":57190,"date":"2021-11-29T16:52:29","date_gmt":"2021-11-29T21:52:29","guid":{"rendered":"https:\/\/pagina10.com\/web\/?p=57190"},"modified":"2021-11-29T16:52:29","modified_gmt":"2021-11-29T21:52:29","slug":"superintendencia-de-salud-y-gobierno-departamental-buscan-salvamento-fiscal-y-financiero-de-e-s-e-del-pacifico-narinense","status":"publish","type":"post","link":"https:\/\/pagina10.com\/web\/superintendencia-de-salud-y-gobierno-departamental-buscan-salvamento-fiscal-y-financiero-de-e-s-e-del-pacifico-narinense\/","title":{"rendered":"Superintendencia de Salud y Gobierno Departamental buscan salvamento fiscal y financiero de E.S.E del Pac\u00edfico Nari\u00f1ense"},"content":{"rendered":"<p style=\"text-align: justify;\">Con el compromiso de una nueva mesa de trabajo para analizar los casos puntuales de las empresas sociales del Estado del Pac\u00edfico, concluy\u00f3 el encuentro de la Superintendencia de Salud, la Gobernaci\u00f3n de Nari\u00f1o, el Instituto Departamental de Salud y los gerentes de las empresas sociales del estado de la regi\u00f3n pac\u00edfica que hoy tienen problemas financieros.<\/p>\n<p>El superintendente de salud, Fabio Aristizabal, el gobernador de Nari\u00f1o John Rojas, la directora del Instituto Departamental de salud, IDSN, Diana Paola Rosero y los gerentes de las Empresas Sociales del Estado E.S.E., del pacifico nari\u00f1ense que se encuentran en riesgo financiero, se reunieron en Pasto para analizar la situaci\u00f3n de las empresas prestadoras de salud, donde discutieron las alternativas para que dichas entidades puedan subsanarse.<\/p>\n<p>El gobernador de Nari\u00f1o John Rojas, destac\u00f3 que esta reuni\u00f3n permite empezar unas mesas t\u00e9cnicas de trabajo, con el objetivo de adelantar todas las acciones necesarias para la recuperaci\u00f3n financiera, viabilidad y sostenibilidad en el tiempo de las entidades de salud. El mandatario regional asegur\u00f3 que en este proceso es necesario tambi\u00e9n el concurso activo y compromiso de las alcald\u00edas y las E.S.E., para lograr la viabilidad de estas entidades.<\/p>\n<p>&#8220;Llegamos a importantes conclusiones, vamos a apoyar estos planes de saneamiento para estas instituciones en la medida que haya un compromiso serio del departamento para aportar de forma conjunta los recursos, por cada peso puesto por las alcald\u00edas igual cifra pondr\u00e1 la Gobernaci\u00f3n, adem\u00e1s, \u00a0asegur\u00f3 que desde ya existe el compromiso para la recuperaci\u00f3n administrativa de las E.S.E de Roberto Payan y Francisco Pizarro, puesto que cada \u00a0alcald\u00eda aportar\u00e1 la mitad de los recursos necesarios para la viabilidad financiera mientras la Gobernaci\u00f3n aporta igual cantidad para ambos casos\u201d afirm\u00f3 el mandatario del Departamento, Jhon Rojas Cabrera.<\/p>\n<p>El superintendente de salud Fabio Aristiz\u00e1bal indic\u00f3 que en la mesa de trabajo que se cumplir\u00e1 en los pr\u00f3ximos d\u00edas en el municipio de Tumaco, se analizar\u00e1 espec\u00edficamente el caso del Hospital el Divino Ni\u00f1o y de otras entidades que hoy por hoy tienen serios problemas financieros y por ende necesitan acciones inmediatas para que puedan seguir prestando un servicio \u00f3ptimo de salud a los usuarios, de lo contrario, si los estudios y las cifras no permiten una viabilidad se tomar\u00e1n medidas de intervenci\u00f3n, advirti\u00f3 el funcionario.<\/p>\n<p>&#8220;En el departamento de Nari\u00f1o hemos hecho muchas jornadas, mesas de conciliaci\u00f3n mesas de flujos de recursos, dirigidas a recuperar la cartera y oxigenar a las entidades, vamos a seguir en el trabajo de recuperar la cartera que las Entidades Prestadoras de Salud EPS les adeudan a las ESE, vamos a citar a los representantes legales de estas EPS deudoras, para buscar que est\u00e1s entidades sean viables&#8221;, manifest\u00f3 Aristizabal.<\/p>\n<p>Por otra parte, Juan Carlos Sinisterra, alcalde de Roberto Pay\u00e1n se mostr\u00f3 complacido por el anuncio hecho por el Gobernador de Nari\u00f1o de aportar la mitad de los recursos necesarios para este plan de salvamento fiscal y financiero, dirigido a la E.S.E Las Mercedes.<\/p>\n<p>&#8220;Llevamos un mensaje de esperanza a los habitantes de Roberto Pay\u00e1n, toda vez que, en este escenario con la participaci\u00f3n de los diferentes niveles de gobierno departamental y nacional, estamos a punto de lograr el salvamento financiero y fiscal de nuestra empresa prestadora de los servicios de salud, un avance muy importante&#8221;, manifest\u00f3 el mandatario.<\/p>\n<p>En los pr\u00f3ximos d\u00edas se dar\u00e1 a conocer la fecha de la nueva mesa t\u00e9cnica que se cumplir\u00e1 en el municipio de Tumaco.<\/p>\n","protected":false},"excerpt":{"rendered":"<p>Con el compromiso de una nueva mesa de trabajo para analizar los casos puntuales de las empresas sociales del Estado del Pac\u00edfico, concluy\u00f3 el encuentro de la Superintendencia de Salud, la Gobernaci\u00f3n de Nari\u00f1o, el Instituto Departamental de Salud y los gerentes de las empresas sociales del estado de la regi\u00f3n pac\u00edfica que hoy tienen [&hellip;]<\/p>\n","protected":false},"author":1,"featured_media":57191,"comment_status":"open","ping_status":"open","sticky":false,"template":"","format":"standard","meta":{"footnotes":""},"categories":[10],"tags":[],"class_list":["post-57190","post","type-post","status-publish","format-standard","has-post-thumbnail","hentry","category-pacifico"],"yoast_head":"<!-- This site is optimized with the Yoast SEO plugin v27.1.1 - https:\/\/yoast.com\/product\/yoast-seo-wordpress\/ -->\n<title>Superintendencia de Salud y Gobierno Departamental buscan salvamento fiscal y financiero de E.S.E del Pac\u00edfico Nari\u00f1ense | P\u00e1gina10<\/title>\n<meta name=\"robots\" content=\"index, follow, max-snippet:-1, max-image-preview:large, max-video-preview:-1\" \/>\n<link rel=\"canonical\" href=\"https:\/\/pagina10.com\/web\/superintendencia-de-salud-y-gobierno-departamental-buscan-salvamento-fiscal-y-financiero-de-e-s-e-del-pacifico-narinense\/\" \/>\n<meta property=\"og:locale\" content=\"es_ES\" \/>\n<meta property=\"og:type\" content=\"article\" \/>\n<meta property=\"og:title\" content=\"Superintendencia de Salud y Gobierno Departamental buscan salvamento fiscal y financiero de E.S.E del Pac\u00edfico Nari\u00f1ense | P\u00e1gina10\" \/>\n<meta property=\"og:description\" content=\"Con el compromiso de una nueva mesa de trabajo para analizar los casos puntuales de las empresas sociales del Estado del Pac\u00edfico, concluy\u00f3 el encuentro de la Superintendencia de Salud, la Gobernaci\u00f3n de Nari\u00f1o, el Instituto Departamental de Salud y los gerentes de las empresas sociales del estado de la regi\u00f3n pac\u00edfica que hoy tienen [&hellip;]\" \/>\n<meta property=\"og:url\" content=\"https:\/\/pagina10.com\/web\/superintendencia-de-salud-y-gobierno-departamental-buscan-salvamento-fiscal-y-financiero-de-e-s-e-del-pacifico-narinense\/\" \/>\n<meta property=\"og:site_name\" content=\"P\u00e1gina10\" \/>\n<meta property=\"article:publisher\" content=\"https:\/\/www.facebook.com\/pag10com\" \/>\n<meta property=\"article:published_time\" content=\"2021-11-29T21:52:29+00:00\" \/>\n<meta property=\"og:image\" content=\"https:\/\/pagina10.com\/web\/wp-content\/uploads\/2021\/11\/Captura-de-Pantalla-2021-11-29-a-las-4.51.54-p.-m..png\" \/>\n\t<meta property=\"og:image:width\" content=\"441\" \/>\n\t<meta property=\"og:image:height\" content=\"285\" \/>\n\t<meta property=\"og:image:type\" content=\"image\/png\" \/>\n<meta name=\"author\" content=\"P\u00e1gina 10\" \/>\n<meta name=\"twitter:card\" content=\"summary_large_image\" \/>\n<meta name=\"twitter:creator\" content=\"@Pag10com\" \/>\n<meta name=\"twitter:site\" content=\"@Pag10com\" \/>\n<meta name=\"twitter:label1\" content=\"Escrito por\" \/>\n\t<meta name=\"twitter:data1\" content=\"P\u00e1gina 10\" \/>\n\t<meta name=\"twitter:label2\" content=\"Tiempo de lectura\" \/>\n\t<meta name=\"twitter:data2\" content=\"3 minutos\" \/>\n<script type=\"application\/ld+json\" class=\"yoast-schema-graph\">{\"@context\":\"https:\/\/schema.org\",\"@graph\":[{\"@type\":\"Article\",\"@id\":\"https:\/\/pagina10.com\/web\/superintendencia-de-salud-y-gobierno-departamental-buscan-salvamento-fiscal-y-financiero-de-e-s-e-del-pacifico-narinense\/#article\",\"isPartOf\":{\"@id\":\"https:\/\/pagina10.com\/web\/superintendencia-de-salud-y-gobierno-departamental-buscan-salvamento-fiscal-y-financiero-de-e-s-e-del-pacifico-narinense\/\"},\"author\":{\"name\":\"P\u00e1gina 10\",\"@id\":\"https:\/\/pagina10.com\/web\/#\/schema\/person\/2efc4a090d25b667d3bc796798a3a81b\"},\"headline\":\"Superintendencia de Salud y Gobierno Departamental buscan salvamento fiscal y financiero de E.S.E del Pac\u00edfico Nari\u00f1ense\",\"datePublished\":\"2021-11-29T21:52:29+00:00\",\"mainEntityOfPage\":{\"@id\":\"https:\/\/pagina10.com\/web\/superintendencia-de-salud-y-gobierno-departamental-buscan-salvamento-fiscal-y-financiero-de-e-s-e-del-pacifico-narinense\/\"},\"wordCount\":632,\"commentCount\":0,\"publisher\":{\"@id\":\"https:\/\/pagina10.com\/web\/#organization\"},\"image\":{\"@id\":\"https:\/\/pagina10.com\/web\/superintendencia-de-salud-y-gobierno-departamental-buscan-salvamento-fiscal-y-financiero-de-e-s-e-del-pacifico-narinense\/#primaryimage\"},\"thumbnailUrl\":\"https:\/\/pagina10.com\/web\/wp-content\/uploads\/2021\/11\/Captura-de-Pantalla-2021-11-29-a-las-4.51.54-p.-m..png\",\"articleSection\":[\"Pac\u00edfico\"],\"inLanguage\":\"es\",\"potentialAction\":[{\"@type\":\"CommentAction\",\"name\":\"Comment\",\"target\":[\"https:\/\/pagina10.com\/web\/superintendencia-de-salud-y-gobierno-departamental-buscan-salvamento-fiscal-y-financiero-de-e-s-e-del-pacifico-narinense\/#respond\"]}]},{\"@type\":\"WebPage\",\"@id\":\"https:\/\/pagina10.com\/web\/superintendencia-de-salud-y-gobierno-departamental-buscan-salvamento-fiscal-y-financiero-de-e-s-e-del-pacifico-narinense\/\",\"url\":\"https:\/\/pagina10.com\/web\/superintendencia-de-salud-y-gobierno-departamental-buscan-salvamento-fiscal-y-financiero-de-e-s-e-del-pacifico-narinense\/\",\"name\":\"Superintendencia de Salud y Gobierno Departamental buscan salvamento fiscal y financiero de E.S.E del Pac\u00edfico Nari\u00f1ense | P\u00e1gina10\",\"isPartOf\":{\"@id\":\"https:\/\/pagina10.com\/web\/#website\"},\"primaryImageOfPage\":{\"@id\":\"https:\/\/pagina10.com\/web\/superintendencia-de-salud-y-gobierno-departamental-buscan-salvamento-fiscal-y-financiero-de-e-s-e-del-pacifico-narinense\/#primaryimage\"},\"image\":{\"@id\":\"https:\/\/pagina10.com\/web\/superintendencia-de-salud-y-gobierno-departamental-buscan-salvamento-fiscal-y-financiero-de-e-s-e-del-pacifico-narinense\/#primaryimage\"},\"thumbnailUrl\":\"https:\/\/pagina10.com\/web\/wp-content\/uploads\/2021\/11\/Captura-de-Pantalla-2021-11-29-a-las-4.51.54-p.-m..png\",\"datePublished\":\"2021-11-29T21:52:29+00:00\",\"breadcrumb\":{\"@id\":\"https:\/\/pagina10.com\/web\/superintendencia-de-salud-y-gobierno-departamental-buscan-salvamento-fiscal-y-financiero-de-e-s-e-del-pacifico-narinense\/#breadcrumb\"},\"inLanguage\":\"es\",\"potentialAction\":[{\"@type\":\"ReadAction\",\"target\":[\"https:\/\/pagina10.com\/web\/superintendencia-de-salud-y-gobierno-departamental-buscan-salvamento-fiscal-y-financiero-de-e-s-e-del-pacifico-narinense\/\"]}]},{\"@type\":\"ImageObject\",\"inLanguage\":\"es\",\"@id\":\"https:\/\/pagina10.com\/web\/superintendencia-de-salud-y-gobierno-departamental-buscan-salvamento-fiscal-y-financiero-de-e-s-e-del-pacifico-narinense\/#primaryimage\",\"url\":\"https:\/\/pagina10.com\/web\/wp-content\/uploads\/2021\/11\/Captura-de-Pantalla-2021-11-29-a-las-4.51.54-p.-m..png\",\"contentUrl\":\"https:\/\/pagina10.com\/web\/wp-content\/uploads\/2021\/11\/Captura-de-Pantalla-2021-11-29-a-las-4.51.54-p.-m..png\",\"width\":441,\"height\":285},{\"@type\":\"BreadcrumbList\",\"@id\":\"https:\/\/pagina10.com\/web\/superintendencia-de-salud-y-gobierno-departamental-buscan-salvamento-fiscal-y-financiero-de-e-s-e-del-pacifico-narinense\/#breadcrumb\",\"itemListElement\":[{\"@type\":\"ListItem\",\"position\":1,\"name\":\"Portada\",\"item\":\"https:\/\/pagina10.com\/web\/\"},{\"@type\":\"ListItem\",\"position\":2,\"name\":\"Superintendencia de Salud y Gobierno Departamental buscan salvamento fiscal y financiero de E.S.E del Pac\u00edfico Nari\u00f1ense\"}]},{\"@type\":\"WebSite\",\"@id\":\"https:\/\/pagina10.com\/web\/#website\",\"url\":\"https:\/\/pagina10.com\/web\/\",\"name\":\"P\u00e1gina10\",\"description\":\"Peri\u00f3dico Regional\",\"publisher\":{\"@id\":\"https:\/\/pagina10.com\/web\/#organization\"},\"alternateName\":\"P\u00e1gina10 Peri\u00f3dico Regional\",\"potentialAction\":[{\"@type\":\"SearchAction\",\"target\":{\"@type\":\"EntryPoint\",\"urlTemplate\":\"https:\/\/pagina10.com\/web\/?s={search_term_string}\"},\"query-input\":{\"@type\":\"PropertyValueSpecification\",\"valueRequired\":true,\"valueName\":\"search_term_string\"}}],\"inLanguage\":\"es\"},{\"@type\":\"Organization\",\"@id\":\"https:\/\/pagina10.com\/web\/#organization\",\"name\":\"P\u00e1gina10\",\"alternateName\":\"P\u00e1gina10 Peri\u00f3dico Regional\",\"url\":\"https:\/\/pagina10.com\/web\/\",\"logo\":{\"@type\":\"ImageObject\",\"inLanguage\":\"es\",\"@id\":\"https:\/\/pagina10.com\/web\/#\/schema\/logo\/image\/\",\"url\":\"https:\/\/pagina10.com\/web\/wp-content\/uploads\/2024\/01\/40-pagina-10-periodico-regional-pasto.jpg\",\"contentUrl\":\"https:\/\/pagina10.com\/web\/wp-content\/uploads\/2024\/01\/40-pagina-10-periodico-regional-pasto.jpg\",\"width\":1280,\"height\":720,\"caption\":\"P\u00e1gina10\"},\"image\":{\"@id\":\"https:\/\/pagina10.com\/web\/#\/schema\/logo\/image\/\"},\"sameAs\":[\"https:\/\/www.facebook.com\/pag10com\",\"https:\/\/x.com\/Pag10com\",\"https:\/\/www.instagram.com\/pagina10col\/\",\"https:\/\/youtube.com\/channel\/pag10\",\"https:\/\/www.tiktok.com\/@p10col\"]},{\"@type\":\"Person\",\"@id\":\"https:\/\/pagina10.com\/web\/#\/schema\/person\/2efc4a090d25b667d3bc796798a3a81b\",\"name\":\"P\u00e1gina 10\",\"description\":\"P\u00e1gina 10 es un peri\u00f3dico regional que nace en Colombia, en el departamento de Nari\u00f1o, con un enfoque global, fundamentado en cuatro pilares esenciales: la libertad, el pluralismo, la inclusi\u00f3n y la independencia. P\u00e1gina 10 hace referencia a Nari\u00f1o como el d\u00e9cimo departamento creado en Colombia, despu\u00e9s de un proceso pol\u00edtico liderado por actores y actrices regionales con el fin de obtener la independencia y autonom\u00eda de nuestros territorios. Con la creaci\u00f3n de P\u00e1gina 10 se pretende abrir un escenario para el dialogo, la reflexi\u00f3n y el debate que se extienda a otras geograf\u00edas de Am\u00e9rica Latina y del planeta, en una apuesta por transformar colectivamente los desaf\u00edos de un mundo contempor\u00e1neo, m\u00e1s all\u00e1 de las fronteras impuestas.\",\"url\":\"https:\/\/pagina10.com\/web\/author\/pdiezadmin\/\"}]}<\/script>\n<!-- \/ Yoast SEO plugin. -->","yoast_head_json":{"title":"Superintendencia de Salud y Gobierno Departamental buscan salvamento fiscal y financiero de E.S.E del Pac\u00edfico Nari\u00f1ense | P\u00e1gina10","robots":{"index":"index","follow":"follow","max-snippet":"max-snippet:-1","max-image-preview":"max-image-preview:large","max-video-preview":"max-video-preview:-1"},"canonical":"https:\/\/pagina10.com\/web\/superintendencia-de-salud-y-gobierno-departamental-buscan-salvamento-fiscal-y-financiero-de-e-s-e-del-pacifico-narinense\/","og_locale":"es_ES","og_type":"article","og_title":"Superintendencia de Salud y Gobierno Departamental buscan salvamento fiscal y financiero de E.S.E del Pac\u00edfico Nari\u00f1ense | P\u00e1gina10","og_description":"Con el compromiso de una nueva mesa de trabajo para analizar los casos puntuales de las empresas sociales del Estado del Pac\u00edfico, concluy\u00f3 el encuentro de la Superintendencia de Salud, la Gobernaci\u00f3n de Nari\u00f1o, el Instituto Departamental de Salud y los gerentes de las empresas sociales del estado de la regi\u00f3n pac\u00edfica que hoy tienen [&hellip;]","og_url":"https:\/\/pagina10.com\/web\/superintendencia-de-salud-y-gobierno-departamental-buscan-salvamento-fiscal-y-financiero-de-e-s-e-del-pacifico-narinense\/","og_site_name":"P\u00e1gina10","article_publisher":"https:\/\/www.facebook.com\/pag10com","article_published_time":"2021-11-29T21:52:29+00:00","og_image":[{"width":441,"height":285,"url":"https:\/\/pagina10.com\/web\/wp-content\/uploads\/2021\/11\/Captura-de-Pantalla-2021-11-29-a-las-4.51.54-p.-m..png","type":"image\/png"}],"author":"P\u00e1gina 10","twitter_card":"summary_large_image","twitter_creator":"@Pag10com","twitter_site":"@Pag10com","twitter_misc":{"Escrito por":"P\u00e1gina 10","Tiempo de lectura":"3 minutos"},"schema":{"@context":"https:\/\/schema.org","@graph":[{"@type":"Article","@id":"https:\/\/pagina10.com\/web\/superintendencia-de-salud-y-gobierno-departamental-buscan-salvamento-fiscal-y-financiero-de-e-s-e-del-pacifico-narinense\/#article","isPartOf":{"@id":"https:\/\/pagina10.com\/web\/superintendencia-de-salud-y-gobierno-departamental-buscan-salvamento-fiscal-y-financiero-de-e-s-e-del-pacifico-narinense\/"},"author":{"name":"P\u00e1gina 10","@id":"https:\/\/pagina10.com\/web\/#\/schema\/person\/2efc4a090d25b667d3bc796798a3a81b"},"headline":"Superintendencia de Salud y Gobierno Departamental buscan salvamento fiscal y financiero de E.S.E del Pac\u00edfico Nari\u00f1ense","datePublished":"2021-11-29T21:52:29+00:00","mainEntityOfPage":{"@id":"https:\/\/pagina10.com\/web\/superintendencia-de-salud-y-gobierno-departamental-buscan-salvamento-fiscal-y-financiero-de-e-s-e-del-pacifico-narinense\/"},"wordCount":632,"commentCount":0,"publisher":{"@id":"https:\/\/pagina10.com\/web\/#organization"},"image":{"@id":"https:\/\/pagina10.com\/web\/superintendencia-de-salud-y-gobierno-departamental-buscan-salvamento-fiscal-y-financiero-de-e-s-e-del-pacifico-narinense\/#primaryimage"},"thumbnailUrl":"https:\/\/pagina10.com\/web\/wp-content\/uploads\/2021\/11\/Captura-de-Pantalla-2021-11-29-a-las-4.51.54-p.-m..png","articleSection":["Pac\u00edfico"],"inLanguage":"es","potentialAction":[{"@type":"CommentAction","name":"Comment","target":["https:\/\/pagina10.com\/web\/superintendencia-de-salud-y-gobierno-departamental-buscan-salvamento-fiscal-y-financiero-de-e-s-e-del-pacifico-narinense\/#respond"]}]},{"@type":"WebPage","@id":"https:\/\/pagina10.com\/web\/superintendencia-de-salud-y-gobierno-departamental-buscan-salvamento-fiscal-y-financiero-de-e-s-e-del-pacifico-narinense\/","url":"https:\/\/pagina10.com\/web\/superintendencia-de-salud-y-gobierno-departamental-buscan-salvamento-fiscal-y-financiero-de-e-s-e-del-pacifico-narinense\/","name":"Superintendencia de Salud y Gobierno Departamental buscan salvamento fiscal y financiero de E.S.E del Pac\u00edfico Nari\u00f1ense | P\u00e1gina10","isPartOf":{"@id":"https:\/\/pagina10.com\/web\/#website"},"primaryImageOfPage":{"@id":"https:\/\/pagina10.com\/web\/superintendencia-de-salud-y-gobierno-departamental-buscan-salvamento-fiscal-y-financiero-de-e-s-e-del-pacifico-narinense\/#primaryimage"},"image":{"@id":"https:\/\/pagina10.com\/web\/superintendencia-de-salud-y-gobierno-departamental-buscan-salvamento-fiscal-y-financiero-de-e-s-e-del-pacifico-narinense\/#primaryimage"},"thumbnailUrl":"https:\/\/pagina10.com\/web\/wp-content\/uploads\/2021\/11\/Captura-de-Pantalla-2021-11-29-a-las-4.51.54-p.-m..png","datePublished":"2021-11-29T21:52:29+00:00","breadcrumb":{"@id":"https:\/\/pagina10.com\/web\/superintendencia-de-salud-y-gobierno-departamental-buscan-salvamento-fiscal-y-financiero-de-e-s-e-del-pacifico-narinense\/#breadcrumb"},"inLanguage":"es","potentialAction":[{"@type":"ReadAction","target":["https:\/\/pagina10.com\/web\/superintendencia-de-salud-y-gobierno-departamental-buscan-salvamento-fiscal-y-financiero-de-e-s-e-del-pacifico-narinense\/"]}]},{"@type":"ImageObject","inLanguage":"es","@id":"https:\/\/pagina10.com\/web\/superintendencia-de-salud-y-gobierno-departamental-buscan-salvamento-fiscal-y-financiero-de-e-s-e-del-pacifico-narinense\/#primaryimage","url":"https:\/\/pagina10.com\/web\/wp-content\/uploads\/2021\/11\/Captura-de-Pantalla-2021-11-29-a-las-4.51.54-p.-m..png","contentUrl":"https:\/\/pagina10.com\/web\/wp-content\/uploads\/2021\/11\/Captura-de-Pantalla-2021-11-29-a-las-4.51.54-p.-m..png","width":441,"height":285},{"@type":"BreadcrumbList","@id":"https:\/\/pagina10.com\/web\/superintendencia-de-salud-y-gobierno-departamental-buscan-salvamento-fiscal-y-financiero-de-e-s-e-del-pacifico-narinense\/#breadcrumb","itemListElement":[{"@type":"ListItem","position":1,"name":"Portada","item":"https:\/\/pagina10.com\/web\/"},{"@type":"ListItem","position":2,"name":"Superintendencia de Salud y Gobierno Departamental buscan salvamento fiscal y financiero de E.S.E del Pac\u00edfico Nari\u00f1ense"}]},{"@type":"WebSite","@id":"https:\/\/pagina10.com\/web\/#website","url":"https:\/\/pagina10.com\/web\/","name":"P\u00e1gina10","description":"Peri\u00f3dico Regional","publisher":{"@id":"https:\/\/pagina10.com\/web\/#organization"},"alternateName":"P\u00e1gina10 Peri\u00f3dico Regional","potentialAction":[{"@type":"SearchAction","target":{"@type":"EntryPoint","urlTemplate":"https:\/\/pagina10.com\/web\/?s={search_term_string}"},"query-input":{"@type":"PropertyValueSpecification","valueRequired":true,"valueName":"search_term_string"}}],"inLanguage":"es"},{"@type":"Organization","@id":"https:\/\/pagina10.com\/web\/#organization","name":"P\u00e1gina10","alternateName":"P\u00e1gina10 Peri\u00f3dico Regional","url":"https:\/\/pagina10.com\/web\/","logo":{"@type":"ImageObject","inLanguage":"es","@id":"https:\/\/pagina10.com\/web\/#\/schema\/logo\/image\/","url":"https:\/\/pagina10.com\/web\/wp-content\/uploads\/2024\/01\/40-pagina-10-periodico-regional-pasto.jpg","contentUrl":"https:\/\/pagina10.com\/web\/wp-content\/uploads\/2024\/01\/40-pagina-10-periodico-regional-pasto.jpg","width":1280,"height":720,"caption":"P\u00e1gina10"},"image":{"@id":"https:\/\/pagina10.com\/web\/#\/schema\/logo\/image\/"},"sameAs":["https:\/\/www.facebook.com\/pag10com","https:\/\/x.com\/Pag10com","https:\/\/www.instagram.com\/pagina10col\/","https:\/\/youtube.com\/channel\/pag10","https:\/\/www.tiktok.com\/@p10col"]},{"@type":"Person","@id":"https:\/\/pagina10.com\/web\/#\/schema\/person\/2efc4a090d25b667d3bc796798a3a81b","name":"P\u00e1gina 10","description":"P\u00e1gina 10 es un peri\u00f3dico regional que nace en Colombia, en el departamento de Nari\u00f1o, con un enfoque global, fundamentado en cuatro pilares esenciales: la libertad, el pluralismo, la inclusi\u00f3n y la independencia. P\u00e1gina 10 hace referencia a Nari\u00f1o como el d\u00e9cimo departamento creado en Colombia, despu\u00e9s de un proceso pol\u00edtico liderado por actores y actrices regionales con el fin de obtener la independencia y autonom\u00eda de nuestros territorios. Con la creaci\u00f3n de P\u00e1gina 10 se pretende abrir un escenario para el dialogo, la reflexi\u00f3n y el debate que se extienda a otras geograf\u00edas de Am\u00e9rica Latina y del planeta, en una apuesta por transformar colectivamente los desaf\u00edos de un mundo contempor\u00e1neo, m\u00e1s all\u00e1 de las fronteras impuestas.","url":"https:\/\/pagina10.com\/web\/author\/pdiezadmin\/"}]}},"_links":{"self":[{"href":"https:\/\/pagina10.com\/web\/wp-json\/wp\/v2\/posts\/57190","targetHints":{"allow":["GET"]}}],"collection":[{"href":"https:\/\/pagina10.com\/web\/wp-json\/wp\/v2\/posts"}],"about":[{"href":"https:\/\/pagina10.com\/web\/wp-json\/wp\/v2\/types\/post"}],"author":[{"embeddable":true,"href":"https:\/\/pagina10.com\/web\/wp-json\/wp\/v2\/users\/1"}],"replies":[{"embeddable":true,"href":"https:\/\/pagina10.com\/web\/wp-json\/wp\/v2\/comments?post=57190"}],"version-history":[{"count":1,"href":"https:\/\/pagina10.com\/web\/wp-json\/wp\/v2\/posts\/57190\/revisions"}],"predecessor-version":[{"id":57192,"href":"https:\/\/pagina10.com\/web\/wp-json\/wp\/v2\/posts\/57190\/revisions\/57192"}],"wp:featuredmedia":[{"embeddable":true,"href":"https:\/\/pagina10.com\/web\/wp-json\/wp\/v2\/media\/57191"}],"wp:attachment":[{"href":"https:\/\/pagina10.com\/web\/wp-json\/wp\/v2\/media?parent=57190"}],"wp:term":[{"taxonomy":"category","embeddable":true,"href":"https:\/\/pagina10.com\/web\/wp-json\/wp\/v2\/categories?post=57190"},{"taxonomy":"post_tag","embeddable":true,"href":"https:\/\/pagina10.com\/web\/wp-json\/wp\/v2\/tags?post=57190"}],"curies":[{"name":"wp","href":"https:\/\/api.w.org\/{rel}","templated":true}]}}