{"id":57232,"date":"2021-11-30T19:53:36","date_gmt":"2021-12-01T00:53:36","guid":{"rendered":"https:\/\/pagina10.com\/web\/?p=57232"},"modified":"2021-11-30T19:54:39","modified_gmt":"2021-12-01T00:54:39","slug":"camilo-ernesto-villota-pantoja-compromiso-y-preparacion","status":"publish","type":"post","link":"https:\/\/pagina10.com\/web\/camilo-ernesto-villota-pantoja-compromiso-y-preparacion\/","title":{"rendered":"Camilo Ernesto Villota Pantoja-Compromiso y preparaci\u00f3n-"},"content":{"rendered":"<div>\n<div dir=\"auto\" style=\"text-align: justify;\">Conozco desde ni\u00f1o al polit\u00f3logo de la Universidad Javeriana Camilo Ernesto Villota Pantoja. Desde siempre se caracteriz\u00f3 por sus posiciones irreverentes ante las inequidades econ\u00f3micas y sociales en nuestro pa\u00eds y latinoamerica.<\/div>\n<\/div>\n<div style=\"text-align: justify;\">\n<div dir=\"auto\">Heredero espiritual de dos grandes l\u00edderes de la humanidad como CAMILO TORRES y ERNESTO GUEVARA de quienes recibe como una premonici\u00f3n pol\u00edtica sus nombres y sus ideas.<\/div>\n<\/div>\n<div style=\"text-align: justify;\">\n<div dir=\"auto\">Y como ellos, due\u00f1o de una independencia y autonom\u00eda poco com\u00fan en la juventud de nuestros d\u00edas. Desde temprana edad, pr\u00e1cticamente un ni\u00f1o, decide viajar a la capital de la rep\u00fablica en su intenci\u00f3n de alcanzar una preparaci\u00f3n acad\u00e9mica que le permita conocer desde las aulas universitarias las t\u00e9cnicas de estudio y la comprensi\u00f3n de nuestros condicionamientos pol\u00edticos, sociales y econ\u00f3micos. Su gran preparaci\u00f3n le abre las puertas de las grandes universidades y con denodado esfuerzo cursa y termina con grandes reconocimientos su carrera como POLIT\u00d3LOGO. Su tesis es DESTACADA y sus postulados aceptados como una contribuci\u00f3n al pensamiento cient\u00edfico.<\/div>\n<\/div>\n<div style=\"text-align: justify;\">\n<div dir=\"auto\">Sus inquietudes acad\u00e9micas e intelectuales no terminan ah\u00ed. Son apenas el comienzo de un recorrido promisorio. Obtiene una BECA que le permite y facilita seguir estudios de maestr\u00eda en Estudios Pol\u00edticos Latinoamericanos en la Universidad Nacional de Colombia, inicia as\u00ed el recorrido por la aproximaci\u00f3n de la realidad de Latinoamerica y sus procesos hist\u00f3ricos.<\/div>\n<\/div>\n<div style=\"text-align: justify;\">\n<div dir=\"auto\">CAMILO ERNESTO no se amilana ante nada, sortea valientemente las dificultades que se cruzan en su camino y otea henchido de fortaleza los senderos de sus inquietudes existenciales y acad\u00e9micas. Es un pensador nato que est\u00e1 llamado a ocupar cargos de liderazgo y comprimiso ciudadano.<\/div>\n<\/div>\n<div style=\"text-align: justify;\">\n<div dir=\"auto\">Hoy se encuentra en plena campa\u00f1a pol\u00edtica y electoral en procura de incidir en las generaciones de colombianos que miran y contemplan el acontecer de nuestra patria desde m\u00e1rgenes distantes y desiguales. Su palabra empieza a labrar las voluntades de esos j\u00f3venes inconformes con el discurrir pol\u00edtico y economico que los condena a una existencia en condiciones desiguales y sin oportunidades.<\/div>\n<\/div>\n<div style=\"text-align: justify;\">\n<div dir=\"auto\">CAMILO ERNESTO es una promesa hecha realidad, la tea encendida de la juventud ansiosa de aprender para entregarse sin reserva alguna al servicio de los suyos, de su gente, de su patria, de su generaci\u00f3n y de su patria.<\/div>\n<\/div>\n<div style=\"text-align: justify;\">\n<div dir=\"auto\">Su juventud es una cantera inagotable de deseos y parabienes, un convencido de que la RENOVACI\u00d3N GENERACIONAL es el motor detonante de los cambios que requiere Colombia para hacer de los j\u00f3venes un campo sembrado de esperanzas y de esa fe que se resiste a morir asfixiada entre la ciza\u00f1a de unos dirigentes empe\u00f1ados en derruir los sue\u00f1os juveniles.<\/div>\n<\/div>\n<div style=\"text-align: justify;\">\n<div dir=\"auto\">Se levanta una voz, se siembra una promesa en el suelo f\u00e9rtil de un nari\u00f1ense convencido que el estudio y la preparaci\u00f3n son esos ingredientes necesarios para transformar el pa\u00eds.<\/div>\n<\/div>\n<div>\n<div dir=\"auto\" style=\"text-align: justify;\">El PDA tiene en \u00e9l a una figura joven con todos los ingredientes requeridos para orientar su derrotero de compromido y transformaci\u00f3n social.<\/div>\n<\/div>\n","protected":false},"excerpt":{"rendered":"<p>Conozco desde ni\u00f1o al polit\u00f3logo de la Universidad Javeriana Camilo Ernesto Villota Pantoja. Desde siempre se caracteriz\u00f3 por sus posiciones irreverentes ante las inequidades econ\u00f3micas y sociales en nuestro pa\u00eds y latinoamerica. Heredero espiritual de dos grandes l\u00edderes de la humanidad como CAMILO TORRES y ERNESTO GUEVARA de quienes recibe como una premonici\u00f3n pol\u00edtica sus [&hellip;]<\/p>\n","protected":false},"author":46,"featured_media":57233,"comment_status":"open","ping_status":"open","sticky":false,"template":"","format":"standard","meta":{"footnotes":""},"categories":[94],"tags":[],"class_list":["post-57232","post","type-post","status-publish","format-standard","has-post-thumbnail","hentry","category-nacional-global-2"],"yoast_head":"<!-- This site is optimized with the Yoast SEO plugin v27.1.1 - https:\/\/yoast.com\/product\/yoast-seo-wordpress\/ -->\n<title>Camilo Ernesto Villota Pantoja-Compromiso y preparaci\u00f3n- | P\u00e1gina10<\/title>\n<meta name=\"robots\" content=\"index, follow, max-snippet:-1, max-image-preview:large, max-video-preview:-1\" \/>\n<link rel=\"canonical\" href=\"https:\/\/pagina10.com\/web\/camilo-ernesto-villota-pantoja-compromiso-y-preparacion\/\" \/>\n<meta property=\"og:locale\" content=\"es_ES\" \/>\n<meta property=\"og:type\" content=\"article\" \/>\n<meta property=\"og:title\" content=\"Camilo Ernesto Villota Pantoja-Compromiso y preparaci\u00f3n- | P\u00e1gina10\" \/>\n<meta property=\"og:description\" content=\"Conozco desde ni\u00f1o al polit\u00f3logo de la Universidad Javeriana Camilo Ernesto Villota Pantoja. Desde siempre se caracteriz\u00f3 por sus posiciones irreverentes ante las inequidades econ\u00f3micas y sociales en nuestro pa\u00eds y latinoamerica. Heredero espiritual de dos grandes l\u00edderes de la humanidad como CAMILO TORRES y ERNESTO GUEVARA de quienes recibe como una premonici\u00f3n pol\u00edtica sus [&hellip;]\" \/>\n<meta property=\"og:url\" content=\"https:\/\/pagina10.com\/web\/camilo-ernesto-villota-pantoja-compromiso-y-preparacion\/\" \/>\n<meta property=\"og:site_name\" content=\"P\u00e1gina10\" \/>\n<meta property=\"article:publisher\" content=\"https:\/\/www.facebook.com\/pag10com\" \/>\n<meta property=\"article:published_time\" content=\"2021-12-01T00:53:36+00:00\" \/>\n<meta property=\"article:modified_time\" content=\"2021-12-01T00:54:39+00:00\" \/>\n<meta property=\"og:image\" content=\"https:\/\/pagina10.com\/web\/wp-content\/uploads\/2021\/11\/Captura-de-Pantalla-2021-11-30-a-las-7.52.54-p.-m..png\" \/>\n\t<meta property=\"og:image:width\" content=\"405\" \/>\n\t<meta property=\"og:image:height\" content=\"385\" \/>\n\t<meta property=\"og:image:type\" content=\"image\/png\" \/>\n<meta name=\"author\" content=\"Pablo Emilio Obando Acosta\" \/>\n<meta name=\"twitter:card\" content=\"summary_large_image\" \/>\n<meta name=\"twitter:creator\" content=\"@Pag10com\" \/>\n<meta name=\"twitter:site\" content=\"@Pag10com\" \/>\n<meta name=\"twitter:label1\" content=\"Escrito por\" \/>\n\t<meta name=\"twitter:data1\" content=\"Pablo Emilio Obando Acosta\" \/>\n\t<meta name=\"twitter:label2\" content=\"Tiempo de lectura\" \/>\n\t<meta name=\"twitter:data2\" content=\"3 minutos\" \/>\n<script type=\"application\/ld+json\" class=\"yoast-schema-graph\">{\"@context\":\"https:\/\/schema.org\",\"@graph\":[{\"@type\":\"Article\",\"@id\":\"https:\/\/pagina10.com\/web\/camilo-ernesto-villota-pantoja-compromiso-y-preparacion\/#article\",\"isPartOf\":{\"@id\":\"https:\/\/pagina10.com\/web\/camilo-ernesto-villota-pantoja-compromiso-y-preparacion\/\"},\"author\":{\"name\":\"Pablo Emilio Obando Acosta\",\"@id\":\"https:\/\/pagina10.com\/web\/#\/schema\/person\/3d3687c9f037834284853a963ee45123\"},\"headline\":\"Camilo Ernesto Villota Pantoja-Compromiso y preparaci\u00f3n-\",\"datePublished\":\"2021-12-01T00:53:36+00:00\",\"dateModified\":\"2021-12-01T00:54:39+00:00\",\"mainEntityOfPage\":{\"@id\":\"https:\/\/pagina10.com\/web\/camilo-ernesto-villota-pantoja-compromiso-y-preparacion\/\"},\"wordCount\":524,\"commentCount\":0,\"publisher\":{\"@id\":\"https:\/\/pagina10.com\/web\/#organization\"},\"image\":{\"@id\":\"https:\/\/pagina10.com\/web\/camilo-ernesto-villota-pantoja-compromiso-y-preparacion\/#primaryimage\"},\"thumbnailUrl\":\"https:\/\/pagina10.com\/web\/wp-content\/uploads\/2021\/11\/Captura-de-Pantalla-2021-11-30-a-las-7.52.54-p.-m..png\",\"articleSection\":[\"Nacional\"],\"inLanguage\":\"es\",\"potentialAction\":[{\"@type\":\"CommentAction\",\"name\":\"Comment\",\"target\":[\"https:\/\/pagina10.com\/web\/camilo-ernesto-villota-pantoja-compromiso-y-preparacion\/#respond\"]}]},{\"@type\":\"WebPage\",\"@id\":\"https:\/\/pagina10.com\/web\/camilo-ernesto-villota-pantoja-compromiso-y-preparacion\/\",\"url\":\"https:\/\/pagina10.com\/web\/camilo-ernesto-villota-pantoja-compromiso-y-preparacion\/\",\"name\":\"Camilo Ernesto Villota Pantoja-Compromiso y preparaci\u00f3n- | P\u00e1gina10\",\"isPartOf\":{\"@id\":\"https:\/\/pagina10.com\/web\/#website\"},\"primaryImageOfPage\":{\"@id\":\"https:\/\/pagina10.com\/web\/camilo-ernesto-villota-pantoja-compromiso-y-preparacion\/#primaryimage\"},\"image\":{\"@id\":\"https:\/\/pagina10.com\/web\/camilo-ernesto-villota-pantoja-compromiso-y-preparacion\/#primaryimage\"},\"thumbnailUrl\":\"https:\/\/pagina10.com\/web\/wp-content\/uploads\/2021\/11\/Captura-de-Pantalla-2021-11-30-a-las-7.52.54-p.-m..png\",\"datePublished\":\"2021-12-01T00:53:36+00:00\",\"dateModified\":\"2021-12-01T00:54:39+00:00\",\"breadcrumb\":{\"@id\":\"https:\/\/pagina10.com\/web\/camilo-ernesto-villota-pantoja-compromiso-y-preparacion\/#breadcrumb\"},\"inLanguage\":\"es\",\"potentialAction\":[{\"@type\":\"ReadAction\",\"target\":[\"https:\/\/pagina10.com\/web\/camilo-ernesto-villota-pantoja-compromiso-y-preparacion\/\"]}]},{\"@type\":\"ImageObject\",\"inLanguage\":\"es\",\"@id\":\"https:\/\/pagina10.com\/web\/camilo-ernesto-villota-pantoja-compromiso-y-preparacion\/#primaryimage\",\"url\":\"https:\/\/pagina10.com\/web\/wp-content\/uploads\/2021\/11\/Captura-de-Pantalla-2021-11-30-a-las-7.52.54-p.-m..png\",\"contentUrl\":\"https:\/\/pagina10.com\/web\/wp-content\/uploads\/2021\/11\/Captura-de-Pantalla-2021-11-30-a-las-7.52.54-p.-m..png\",\"width\":405,\"height\":385},{\"@type\":\"BreadcrumbList\",\"@id\":\"https:\/\/pagina10.com\/web\/camilo-ernesto-villota-pantoja-compromiso-y-preparacion\/#breadcrumb\",\"itemListElement\":[{\"@type\":\"ListItem\",\"position\":1,\"name\":\"Portada\",\"item\":\"https:\/\/pagina10.com\/web\/\"},{\"@type\":\"ListItem\",\"position\":2,\"name\":\"Camilo Ernesto Villota Pantoja-Compromiso y preparaci\u00f3n-\"}]},{\"@type\":\"WebSite\",\"@id\":\"https:\/\/pagina10.com\/web\/#website\",\"url\":\"https:\/\/pagina10.com\/web\/\",\"name\":\"P\u00e1gina10\",\"description\":\"Peri\u00f3dico Regional\",\"publisher\":{\"@id\":\"https:\/\/pagina10.com\/web\/#organization\"},\"alternateName\":\"P\u00e1gina10 Peri\u00f3dico Regional\",\"potentialAction\":[{\"@type\":\"SearchAction\",\"target\":{\"@type\":\"EntryPoint\",\"urlTemplate\":\"https:\/\/pagina10.com\/web\/?s={search_term_string}\"},\"query-input\":{\"@type\":\"PropertyValueSpecification\",\"valueRequired\":true,\"valueName\":\"search_term_string\"}}],\"inLanguage\":\"es\"},{\"@type\":\"Organization\",\"@id\":\"https:\/\/pagina10.com\/web\/#organization\",\"name\":\"P\u00e1gina10\",\"alternateName\":\"P\u00e1gina10 Peri\u00f3dico Regional\",\"url\":\"https:\/\/pagina10.com\/web\/\",\"logo\":{\"@type\":\"ImageObject\",\"inLanguage\":\"es\",\"@id\":\"https:\/\/pagina10.com\/web\/#\/schema\/logo\/image\/\",\"url\":\"https:\/\/pagina10.com\/web\/wp-content\/uploads\/2024\/01\/40-pagina-10-periodico-regional-pasto.jpg\",\"contentUrl\":\"https:\/\/pagina10.com\/web\/wp-content\/uploads\/2024\/01\/40-pagina-10-periodico-regional-pasto.jpg\",\"width\":1280,\"height\":720,\"caption\":\"P\u00e1gina10\"},\"image\":{\"@id\":\"https:\/\/pagina10.com\/web\/#\/schema\/logo\/image\/\"},\"sameAs\":[\"https:\/\/www.facebook.com\/pag10com\",\"https:\/\/x.com\/Pag10com\",\"https:\/\/www.instagram.com\/pagina10col\/\",\"https:\/\/youtube.com\/channel\/pag10\",\"https:\/\/www.tiktok.com\/@p10col\"]},{\"@type\":\"Person\",\"@id\":\"https:\/\/pagina10.com\/web\/#\/schema\/person\/3d3687c9f037834284853a963ee45123\",\"name\":\"Pablo Emilio Obando Acosta\",\"description\":\"PABLO EMILIO OBANDO ACOSTA Nace en el a\u00f1o de 1965. Bachiller acad\u00e9mico Modalidad Humanidades del INEM de Pasto. En 1989 culmina sus estudios universitarios en la Universidad de Nari\u00f1o obteniendo el t\u00edtulo de Licenciado en Ciencias Sociales \u2013 \u00e9nfasis Ciencias de la Educaci\u00f3n \u2013Jornada nocturna-. Especialista en Literatura latinoamericana y colaborador de importantes medios de comunicaci\u00f3n escritos de nuestra regi\u00f3n y del pa\u00eds: El Tiempo.com, Semana.com, Dinero, Diario Del Sur, El Espectador.com, entre otros, Sus escritos se conocen y han obtenido reconocimientos en Chile, Uruguay, Paraguay, Espa\u00f1a y Alemania. En el a\u00f1o 2000 obtiene el reconocimiento CORREO DEL SUR como el personaje c\u00edvico del a\u00f1o por su f\u00e9rrea defensa de la dignidad pastense al protestar con su documento \u201cUn pueblo ante la historia\u201d por el trato despectivo de algunos medios de comunicaci\u00f3n. Las reacciones no se hacen esperar en peri\u00f3dicos de circulaci\u00f3n regional y nacional como El Tiempo, El Espectador y El Pa\u00eds. Ha obtenido m\u00faltiples medallas y condecoraciones por su labor period\u00edstica y cultural: Medalla al merito Guillermo Edmundo Ch\u00e1vez \u2013 mejor escritor del departamento de Nari\u00f1o 2005 \u2013 Fundaci\u00f3n Gabriel Garc\u00eda M\u00e1rquez. Mejor Columnista del departamento de Nari\u00f1o \u2013 a\u00f1os 1991 \u2013 1993 \u2013 1996 \u2013 2001 \u2013 2006 Fundaci\u00f3n Cultural Correo del Sur. Personaje C\u00edvico del Departamento de Nari\u00f1o a\u00f1o 2000. Medalla \u00c1lvaro Javier Jurado Calvache a\u00f1o 2007 \u2013 Centro Educativo PROFESA \u2013 defensor poblaci\u00f3n vulnerable del municipio de Pasto. Mejor cuentista del departamento de Nari\u00f1o \u2013 a\u00f1os 1989 \u2013 2004 \u2013 2005. Cronista m\u00e1s destacado del departamento de Nari\u00f1o \u2013 a\u00f1o 2001. Finalista VI Concurso Internacional de Cuento \u2013 Prensa Nueva \u2013 a\u00f1o 1991. Primer puesto Concurso nacional de cuento \u2013 Contralor\u00eda general de la Rep\u00fablica \u2013 a\u00f1o 1992. Primer Lugar Concurso Municipal de Periodismo \u201cSilvio Le\u00f3n Espa\u00f1a\u201d \u2013 2009. . Reconocimiento Concejo municipal de Pasto, por su labor c\u00edvica y educativa. Sus obras y escritos se conocen en varios pa\u00edses de Latinoam\u00e9rica y de Colombia. Es autor de una docena de textos y m\u00e1s de un millar de columnas de opini\u00f3n que han generado pol\u00e9mica en el contexto nacional y latinoamericano: Testimonio de una insurrecci\u00f3n ciudadana \u2013 2011. El doctor Mierda. Un pueblo ante la historia. La filosof\u00eda de la gallina. Del amor por la Tierra... y otros textos. Diario de un maestro de escuela. Apuntes para una nueva historia Nuevos apuntes \u2013 Tomas Hidalgo Calvache. El problema de los cristianos. La utilidad del poeta. \u00bfTe acuerdas Mariana...? Corona F\u00fanebre \u2013 Tomas Hidalgo Calvache. En formato digital ha editado los siguientes t\u00edtulos: - La nueva filosof\u00eda de la gallina. - Tomas Hidalgo Calvache - Apuntes. - Educar con valor. Figura en varias antolog\u00edas de autores nari\u00f1enses y en una latinoamericana. Sobre \u00e9l han escrito elogiosamente intelectuales de la talla de Otto Morales Ben\u00edtez, Edgar Bastidas Urresty, Juan Augusto Ortiz cabrera, Carlos Santamar\u00eda, Javier Rodrizales, Miguel Garz\u00f3n Arteaga, Fausto Molina, Jorge Arturo Bravo y otros tantos que ser\u00eda dif\u00edcil nombrar en esta peque\u00f1a cr\u00f3nica sobre Pablo Emilio Obando Acosta.\",\"url\":\"https:\/\/pagina10.com\/web\/author\/pobando\/\"}]}<\/script>\n<!-- \/ Yoast SEO plugin. -->","yoast_head_json":{"title":"Camilo Ernesto Villota Pantoja-Compromiso y preparaci\u00f3n- | P\u00e1gina10","robots":{"index":"index","follow":"follow","max-snippet":"max-snippet:-1","max-image-preview":"max-image-preview:large","max-video-preview":"max-video-preview:-1"},"canonical":"https:\/\/pagina10.com\/web\/camilo-ernesto-villota-pantoja-compromiso-y-preparacion\/","og_locale":"es_ES","og_type":"article","og_title":"Camilo Ernesto Villota Pantoja-Compromiso y preparaci\u00f3n- | P\u00e1gina10","og_description":"Conozco desde ni\u00f1o al polit\u00f3logo de la Universidad Javeriana Camilo Ernesto Villota Pantoja. Desde siempre se caracteriz\u00f3 por sus posiciones irreverentes ante las inequidades econ\u00f3micas y sociales en nuestro pa\u00eds y latinoamerica. Heredero espiritual de dos grandes l\u00edderes de la humanidad como CAMILO TORRES y ERNESTO GUEVARA de quienes recibe como una premonici\u00f3n pol\u00edtica sus [&hellip;]","og_url":"https:\/\/pagina10.com\/web\/camilo-ernesto-villota-pantoja-compromiso-y-preparacion\/","og_site_name":"P\u00e1gina10","article_publisher":"https:\/\/www.facebook.com\/pag10com","article_published_time":"2021-12-01T00:53:36+00:00","article_modified_time":"2021-12-01T00:54:39+00:00","og_image":[{"width":405,"height":385,"url":"https:\/\/pagina10.com\/web\/wp-content\/uploads\/2021\/11\/Captura-de-Pantalla-2021-11-30-a-las-7.52.54-p.-m..png","type":"image\/png"}],"author":"Pablo Emilio Obando Acosta","twitter_card":"summary_large_image","twitter_creator":"@Pag10com","twitter_site":"@Pag10com","twitter_misc":{"Escrito por":"Pablo Emilio Obando Acosta","Tiempo de lectura":"3 minutos"},"schema":{"@context":"https:\/\/schema.org","@graph":[{"@type":"Article","@id":"https:\/\/pagina10.com\/web\/camilo-ernesto-villota-pantoja-compromiso-y-preparacion\/#article","isPartOf":{"@id":"https:\/\/pagina10.com\/web\/camilo-ernesto-villota-pantoja-compromiso-y-preparacion\/"},"author":{"name":"Pablo Emilio Obando Acosta","@id":"https:\/\/pagina10.com\/web\/#\/schema\/person\/3d3687c9f037834284853a963ee45123"},"headline":"Camilo Ernesto Villota Pantoja-Compromiso y preparaci\u00f3n-","datePublished":"2021-12-01T00:53:36+00:00","dateModified":"2021-12-01T00:54:39+00:00","mainEntityOfPage":{"@id":"https:\/\/pagina10.com\/web\/camilo-ernesto-villota-pantoja-compromiso-y-preparacion\/"},"wordCount":524,"commentCount":0,"publisher":{"@id":"https:\/\/pagina10.com\/web\/#organization"},"image":{"@id":"https:\/\/pagina10.com\/web\/camilo-ernesto-villota-pantoja-compromiso-y-preparacion\/#primaryimage"},"thumbnailUrl":"https:\/\/pagina10.com\/web\/wp-content\/uploads\/2021\/11\/Captura-de-Pantalla-2021-11-30-a-las-7.52.54-p.-m..png","articleSection":["Nacional"],"inLanguage":"es","potentialAction":[{"@type":"CommentAction","name":"Comment","target":["https:\/\/pagina10.com\/web\/camilo-ernesto-villota-pantoja-compromiso-y-preparacion\/#respond"]}]},{"@type":"WebPage","@id":"https:\/\/pagina10.com\/web\/camilo-ernesto-villota-pantoja-compromiso-y-preparacion\/","url":"https:\/\/pagina10.com\/web\/camilo-ernesto-villota-pantoja-compromiso-y-preparacion\/","name":"Camilo Ernesto Villota Pantoja-Compromiso y preparaci\u00f3n- | P\u00e1gina10","isPartOf":{"@id":"https:\/\/pagina10.com\/web\/#website"},"primaryImageOfPage":{"@id":"https:\/\/pagina10.com\/web\/camilo-ernesto-villota-pantoja-compromiso-y-preparacion\/#primaryimage"},"image":{"@id":"https:\/\/pagina10.com\/web\/camilo-ernesto-villota-pantoja-compromiso-y-preparacion\/#primaryimage"},"thumbnailUrl":"https:\/\/pagina10.com\/web\/wp-content\/uploads\/2021\/11\/Captura-de-Pantalla-2021-11-30-a-las-7.52.54-p.-m..png","datePublished":"2021-12-01T00:53:36+00:00","dateModified":"2021-12-01T00:54:39+00:00","breadcrumb":{"@id":"https:\/\/pagina10.com\/web\/camilo-ernesto-villota-pantoja-compromiso-y-preparacion\/#breadcrumb"},"inLanguage":"es","potentialAction":[{"@type":"ReadAction","target":["https:\/\/pagina10.com\/web\/camilo-ernesto-villota-pantoja-compromiso-y-preparacion\/"]}]},{"@type":"ImageObject","inLanguage":"es","@id":"https:\/\/pagina10.com\/web\/camilo-ernesto-villota-pantoja-compromiso-y-preparacion\/#primaryimage","url":"https:\/\/pagina10.com\/web\/wp-content\/uploads\/2021\/11\/Captura-de-Pantalla-2021-11-30-a-las-7.52.54-p.-m..png","contentUrl":"https:\/\/pagina10.com\/web\/wp-content\/uploads\/2021\/11\/Captura-de-Pantalla-2021-11-30-a-las-7.52.54-p.-m..png","width":405,"height":385},{"@type":"BreadcrumbList","@id":"https:\/\/pagina10.com\/web\/camilo-ernesto-villota-pantoja-compromiso-y-preparacion\/#breadcrumb","itemListElement":[{"@type":"ListItem","position":1,"name":"Portada","item":"https:\/\/pagina10.com\/web\/"},{"@type":"ListItem","position":2,"name":"Camilo Ernesto Villota Pantoja-Compromiso y preparaci\u00f3n-"}]},{"@type":"WebSite","@id":"https:\/\/pagina10.com\/web\/#website","url":"https:\/\/pagina10.com\/web\/","name":"P\u00e1gina10","description":"Peri\u00f3dico Regional","publisher":{"@id":"https:\/\/pagina10.com\/web\/#organization"},"alternateName":"P\u00e1gina10 Peri\u00f3dico Regional","potentialAction":[{"@type":"SearchAction","target":{"@type":"EntryPoint","urlTemplate":"https:\/\/pagina10.com\/web\/?s={search_term_string}"},"query-input":{"@type":"PropertyValueSpecification","valueRequired":true,"valueName":"search_term_string"}}],"inLanguage":"es"},{"@type":"Organization","@id":"https:\/\/pagina10.com\/web\/#organization","name":"P\u00e1gina10","alternateName":"P\u00e1gina10 Peri\u00f3dico Regional","url":"https:\/\/pagina10.com\/web\/","logo":{"@type":"ImageObject","inLanguage":"es","@id":"https:\/\/pagina10.com\/web\/#\/schema\/logo\/image\/","url":"https:\/\/pagina10.com\/web\/wp-content\/uploads\/2024\/01\/40-pagina-10-periodico-regional-pasto.jpg","contentUrl":"https:\/\/pagina10.com\/web\/wp-content\/uploads\/2024\/01\/40-pagina-10-periodico-regional-pasto.jpg","width":1280,"height":720,"caption":"P\u00e1gina10"},"image":{"@id":"https:\/\/pagina10.com\/web\/#\/schema\/logo\/image\/"},"sameAs":["https:\/\/www.facebook.com\/pag10com","https:\/\/x.com\/Pag10com","https:\/\/www.instagram.com\/pagina10col\/","https:\/\/youtube.com\/channel\/pag10","https:\/\/www.tiktok.com\/@p10col"]},{"@type":"Person","@id":"https:\/\/pagina10.com\/web\/#\/schema\/person\/3d3687c9f037834284853a963ee45123","name":"Pablo Emilio Obando Acosta","description":"PABLO EMILIO OBANDO ACOSTA Nace en el a\u00f1o de 1965. Bachiller acad\u00e9mico Modalidad Humanidades del INEM de Pasto. En 1989 culmina sus estudios universitarios en la Universidad de Nari\u00f1o obteniendo el t\u00edtulo de Licenciado en Ciencias Sociales \u2013 \u00e9nfasis Ciencias de la Educaci\u00f3n \u2013Jornada nocturna-. Especialista en Literatura latinoamericana y colaborador de importantes medios de comunicaci\u00f3n escritos de nuestra regi\u00f3n y del pa\u00eds: El Tiempo.com, Semana.com, Dinero, Diario Del Sur, El Espectador.com, entre otros, Sus escritos se conocen y han obtenido reconocimientos en Chile, Uruguay, Paraguay, Espa\u00f1a y Alemania. En el a\u00f1o 2000 obtiene el reconocimiento CORREO DEL SUR como el personaje c\u00edvico del a\u00f1o por su f\u00e9rrea defensa de la dignidad pastense al protestar con su documento \u201cUn pueblo ante la historia\u201d por el trato despectivo de algunos medios de comunicaci\u00f3n. Las reacciones no se hacen esperar en peri\u00f3dicos de circulaci\u00f3n regional y nacional como El Tiempo, El Espectador y El Pa\u00eds. Ha obtenido m\u00faltiples medallas y condecoraciones por su labor period\u00edstica y cultural: Medalla al merito Guillermo Edmundo Ch\u00e1vez \u2013 mejor escritor del departamento de Nari\u00f1o 2005 \u2013 Fundaci\u00f3n Gabriel Garc\u00eda M\u00e1rquez. Mejor Columnista del departamento de Nari\u00f1o \u2013 a\u00f1os 1991 \u2013 1993 \u2013 1996 \u2013 2001 \u2013 2006 Fundaci\u00f3n Cultural Correo del Sur. Personaje C\u00edvico del Departamento de Nari\u00f1o a\u00f1o 2000. Medalla \u00c1lvaro Javier Jurado Calvache a\u00f1o 2007 \u2013 Centro Educativo PROFESA \u2013 defensor poblaci\u00f3n vulnerable del municipio de Pasto. Mejor cuentista del departamento de Nari\u00f1o \u2013 a\u00f1os 1989 \u2013 2004 \u2013 2005. Cronista m\u00e1s destacado del departamento de Nari\u00f1o \u2013 a\u00f1o 2001. Finalista VI Concurso Internacional de Cuento \u2013 Prensa Nueva \u2013 a\u00f1o 1991. Primer puesto Concurso nacional de cuento \u2013 Contralor\u00eda general de la Rep\u00fablica \u2013 a\u00f1o 1992. Primer Lugar Concurso Municipal de Periodismo \u201cSilvio Le\u00f3n Espa\u00f1a\u201d \u2013 2009. . Reconocimiento Concejo municipal de Pasto, por su labor c\u00edvica y educativa. Sus obras y escritos se conocen en varios pa\u00edses de Latinoam\u00e9rica y de Colombia. Es autor de una docena de textos y m\u00e1s de un millar de columnas de opini\u00f3n que han generado pol\u00e9mica en el contexto nacional y latinoamericano: Testimonio de una insurrecci\u00f3n ciudadana \u2013 2011. El doctor Mierda. Un pueblo ante la historia. La filosof\u00eda de la gallina. Del amor por la Tierra... y otros textos. Diario de un maestro de escuela. Apuntes para una nueva historia Nuevos apuntes \u2013 Tomas Hidalgo Calvache. El problema de los cristianos. La utilidad del poeta. \u00bfTe acuerdas Mariana...? Corona F\u00fanebre \u2013 Tomas Hidalgo Calvache. En formato digital ha editado los siguientes t\u00edtulos: - La nueva filosof\u00eda de la gallina. - Tomas Hidalgo Calvache - Apuntes. - Educar con valor. Figura en varias antolog\u00edas de autores nari\u00f1enses y en una latinoamericana. Sobre \u00e9l han escrito elogiosamente intelectuales de la talla de Otto Morales Ben\u00edtez, Edgar Bastidas Urresty, Juan Augusto Ortiz cabrera, Carlos Santamar\u00eda, Javier Rodrizales, Miguel Garz\u00f3n Arteaga, Fausto Molina, Jorge Arturo Bravo y otros tantos que ser\u00eda dif\u00edcil nombrar en esta peque\u00f1a cr\u00f3nica sobre Pablo Emilio Obando Acosta.","url":"https:\/\/pagina10.com\/web\/author\/pobando\/"}]}},"_links":{"self":[{"href":"https:\/\/pagina10.com\/web\/wp-json\/wp\/v2\/posts\/57232","targetHints":{"allow":["GET"]}}],"collection":[{"href":"https:\/\/pagina10.com\/web\/wp-json\/wp\/v2\/posts"}],"about":[{"href":"https:\/\/pagina10.com\/web\/wp-json\/wp\/v2\/types\/post"}],"author":[{"embeddable":true,"href":"https:\/\/pagina10.com\/web\/wp-json\/wp\/v2\/users\/46"}],"replies":[{"embeddable":true,"href":"https:\/\/pagina10.com\/web\/wp-json\/wp\/v2\/comments?post=57232"}],"version-history":[{"count":1,"href":"https:\/\/pagina10.com\/web\/wp-json\/wp\/v2\/posts\/57232\/revisions"}],"predecessor-version":[{"id":57234,"href":"https:\/\/pagina10.com\/web\/wp-json\/wp\/v2\/posts\/57232\/revisions\/57234"}],"wp:featuredmedia":[{"embeddable":true,"href":"https:\/\/pagina10.com\/web\/wp-json\/wp\/v2\/media\/57233"}],"wp:attachment":[{"href":"https:\/\/pagina10.com\/web\/wp-json\/wp\/v2\/media?parent=57232"}],"wp:term":[{"taxonomy":"category","embeddable":true,"href":"https:\/\/pagina10.com\/web\/wp-json\/wp\/v2\/categories?post=57232"},{"taxonomy":"post_tag","embeddable":true,"href":"https:\/\/pagina10.com\/web\/wp-json\/wp\/v2\/tags?post=57232"}],"curies":[{"name":"wp","href":"https:\/\/api.w.org\/{rel}","templated":true}]}}