{"id":57241,"date":"2021-11-30T22:15:44","date_gmt":"2021-12-01T03:15:44","guid":{"rendered":"https:\/\/pagina10.com\/web\/?p=57241"},"modified":"2021-11-30T22:15:44","modified_gmt":"2021-12-01T03:15:44","slug":"mujeres-victimas-de-violencia-de-genero-cuentan-con-casa-albergue","status":"publish","type":"post","link":"https:\/\/pagina10.com\/web\/mujeres-victimas-de-violencia-de-genero-cuentan-con-casa-albergue\/","title":{"rendered":"Mujeres v\u00edctimas de violencia de g\u00e9nero, cuentan con casa albergue"},"content":{"rendered":"<p style=\"text-align: justify;\">La Gobernaci\u00f3n de Nari\u00f1o avanza en procesos en defensa de la vida de las mujeres. A trav\u00e9s del trabajo articulado con la administraci\u00f3n local e instituciones como ONU Mujeres, UNHCR ACNUR, PDT Nari\u00f1o, FUNDEAS y la AECID se oficializo la apertura de manera simb\u00f3lica de la Casa Albergue de acogida, proceso que permitir\u00e1 la atenci\u00f3n integral para las mujeres de los 64 municipios de Nari\u00f1o que son v\u00edctimas de Violencias Basadas en G\u00e9nero -VBG en riesgo de feminicidio.<br \/>\nSe manifiesta un logro inmenso a trav\u00e9s de la medida de protecci\u00f3n, entre tanto las instituciones con el acompa\u00f1amiento de lideresas y organizaciones, avanzan en el trabajo por minimizar los tipos de violencia que se registran en el territorio. \u201cHoy se hace realidad este sue\u00f1o, unidas alrededor de prop\u00f3sitos como este, dir\u00e1n que las mujeres somos capaces de crear, de construir y de transformar, porque la casa refugio no es solamente el espacio f\u00edsico, es el espacio cargado de amor, de ternura, de apa\u00f1amiento a esas mujeres v\u00edctimas de violencia basada en g\u00e9nero\u201d, indic\u00f3 Flor Finlay, lideresa de las mujeres.<br \/>\nSe informa a la comunidad en general, que la Casa no est\u00e1 dispuesta en cualquier circunstancia, sino, para casos extremos donde la vida e integridad de la afectada y su n\u00facleo m\u00e1s cercano, es decir sus hijos, este en alto riesgo de feminicidio. Se establece seg\u00fan los lineamientos, que la Comisaria de Familia, un Juez de familia, Juez Promiscuo Municipal, Juez de Garant\u00edas o la Autoridad Ind\u00edgena cuando corresponda, son las \u00fanicas entidades con la facultad de expedir la medida de protecci\u00f3n en el albergue.<br \/>\nEl ingreso a la misma, depender\u00e1 entonces del nivel de riesgo y el cumplimiento de los protocolos establecidos de permanencia en donde se desarrollar\u00e1n acciones de atenci\u00f3n m\u00e9dica, psicol\u00f3gica, jur\u00eddica y educativa para las mujeres y sus hijos; adem\u00e1s, del desarrollo de un plan de trabajo seg\u00fan las necesidades. Se garantiza tambi\u00e9n, alimentaci\u00f3n, transporte, hospedaje, ropa de cama, suministro de materiales de aseo, limpieza y bioseguridad, accesibilidad de materiales, piezas e infraestructura para mujeres con discapacidad.<br \/>\nAl t\u00e9rmino del acompa\u00f1amiento integral, se realizar\u00e1 seguimiento de 6 meses en cada uno de los casos, buscando la garant\u00eda del cumplimiento de derechos, la no revictimizaci\u00f3n o repetici\u00f3n de los actos violentos en su contra.<\/p>\n","protected":false},"excerpt":{"rendered":"<p>La Gobernaci\u00f3n de Nari\u00f1o avanza en procesos en defensa de la vida de las mujeres. A trav\u00e9s del trabajo articulado con la administraci\u00f3n local e instituciones como ONU Mujeres, UNHCR ACNUR, PDT Nari\u00f1o, FUNDEAS y la AECID se oficializo la apertura de manera simb\u00f3lica de la Casa Albergue de acogida, proceso que permitir\u00e1 la atenci\u00f3n [&hellip;]<\/p>\n","protected":false},"author":1,"featured_media":57242,"comment_status":"open","ping_status":"open","sticky":false,"template":"","format":"standard","meta":{"footnotes":""},"categories":[82],"tags":[],"class_list":["post-57241","post","type-post","status-publish","format-standard","has-post-thumbnail","hentry","category-ciudad-2"],"yoast_head":"<!-- This site is optimized with the Yoast SEO plugin v27.1.1 - https:\/\/yoast.com\/product\/yoast-seo-wordpress\/ -->\n<title>Mujeres v\u00edctimas de violencia de g\u00e9nero, cuentan con casa albergue | P\u00e1gina10<\/title>\n<meta name=\"robots\" content=\"index, follow, max-snippet:-1, max-image-preview:large, max-video-preview:-1\" \/>\n<link rel=\"canonical\" href=\"https:\/\/pagina10.com\/web\/mujeres-victimas-de-violencia-de-genero-cuentan-con-casa-albergue\/\" \/>\n<meta property=\"og:locale\" content=\"es_ES\" \/>\n<meta property=\"og:type\" content=\"article\" \/>\n<meta property=\"og:title\" content=\"Mujeres v\u00edctimas de violencia de g\u00e9nero, cuentan con casa albergue | P\u00e1gina10\" \/>\n<meta property=\"og:description\" content=\"La Gobernaci\u00f3n de Nari\u00f1o avanza en procesos en defensa de la vida de las mujeres. A trav\u00e9s del trabajo articulado con la administraci\u00f3n local e instituciones como ONU Mujeres, UNHCR ACNUR, PDT Nari\u00f1o, FUNDEAS y la AECID se oficializo la apertura de manera simb\u00f3lica de la Casa Albergue de acogida, proceso que permitir\u00e1 la atenci\u00f3n [&hellip;]\" \/>\n<meta property=\"og:url\" content=\"https:\/\/pagina10.com\/web\/mujeres-victimas-de-violencia-de-genero-cuentan-con-casa-albergue\/\" \/>\n<meta property=\"og:site_name\" content=\"P\u00e1gina10\" \/>\n<meta property=\"article:publisher\" content=\"https:\/\/www.facebook.com\/pag10com\" \/>\n<meta property=\"article:published_time\" content=\"2021-12-01T03:15:44+00:00\" \/>\n<meta property=\"og:image\" content=\"https:\/\/pagina10.com\/web\/wp-content\/uploads\/2021\/11\/mujeres.png\" \/>\n\t<meta property=\"og:image:width\" content=\"546\" \/>\n\t<meta property=\"og:image:height\" content=\"249\" \/>\n\t<meta property=\"og:image:type\" content=\"image\/png\" \/>\n<meta name=\"author\" content=\"P\u00e1gina 10\" \/>\n<meta name=\"twitter:card\" content=\"summary_large_image\" \/>\n<meta name=\"twitter:creator\" content=\"@Pag10com\" \/>\n<meta name=\"twitter:site\" content=\"@Pag10com\" \/>\n<meta name=\"twitter:label1\" content=\"Escrito por\" \/>\n\t<meta name=\"twitter:data1\" content=\"P\u00e1gina 10\" \/>\n\t<meta name=\"twitter:label2\" content=\"Tiempo de lectura\" \/>\n\t<meta name=\"twitter:data2\" content=\"2 minutos\" \/>\n<script type=\"application\/ld+json\" class=\"yoast-schema-graph\">{\"@context\":\"https:\/\/schema.org\",\"@graph\":[{\"@type\":\"Article\",\"@id\":\"https:\/\/pagina10.com\/web\/mujeres-victimas-de-violencia-de-genero-cuentan-con-casa-albergue\/#article\",\"isPartOf\":{\"@id\":\"https:\/\/pagina10.com\/web\/mujeres-victimas-de-violencia-de-genero-cuentan-con-casa-albergue\/\"},\"author\":{\"name\":\"P\u00e1gina 10\",\"@id\":\"https:\/\/pagina10.com\/web\/#\/schema\/person\/2efc4a090d25b667d3bc796798a3a81b\"},\"headline\":\"Mujeres v\u00edctimas de violencia de g\u00e9nero, cuentan con casa albergue\",\"datePublished\":\"2021-12-01T03:15:44+00:00\",\"mainEntityOfPage\":{\"@id\":\"https:\/\/pagina10.com\/web\/mujeres-victimas-de-violencia-de-genero-cuentan-con-casa-albergue\/\"},\"wordCount\":425,\"commentCount\":0,\"publisher\":{\"@id\":\"https:\/\/pagina10.com\/web\/#organization\"},\"image\":{\"@id\":\"https:\/\/pagina10.com\/web\/mujeres-victimas-de-violencia-de-genero-cuentan-con-casa-albergue\/#primaryimage\"},\"thumbnailUrl\":\"https:\/\/pagina10.com\/web\/wp-content\/uploads\/2021\/11\/mujeres.png\",\"articleSection\":[\"Ciudad\"],\"inLanguage\":\"es\",\"potentialAction\":[{\"@type\":\"CommentAction\",\"name\":\"Comment\",\"target\":[\"https:\/\/pagina10.com\/web\/mujeres-victimas-de-violencia-de-genero-cuentan-con-casa-albergue\/#respond\"]}]},{\"@type\":\"WebPage\",\"@id\":\"https:\/\/pagina10.com\/web\/mujeres-victimas-de-violencia-de-genero-cuentan-con-casa-albergue\/\",\"url\":\"https:\/\/pagina10.com\/web\/mujeres-victimas-de-violencia-de-genero-cuentan-con-casa-albergue\/\",\"name\":\"Mujeres v\u00edctimas de violencia de g\u00e9nero, cuentan con casa albergue | P\u00e1gina10\",\"isPartOf\":{\"@id\":\"https:\/\/pagina10.com\/web\/#website\"},\"primaryImageOfPage\":{\"@id\":\"https:\/\/pagina10.com\/web\/mujeres-victimas-de-violencia-de-genero-cuentan-con-casa-albergue\/#primaryimage\"},\"image\":{\"@id\":\"https:\/\/pagina10.com\/web\/mujeres-victimas-de-violencia-de-genero-cuentan-con-casa-albergue\/#primaryimage\"},\"thumbnailUrl\":\"https:\/\/pagina10.com\/web\/wp-content\/uploads\/2021\/11\/mujeres.png\",\"datePublished\":\"2021-12-01T03:15:44+00:00\",\"breadcrumb\":{\"@id\":\"https:\/\/pagina10.com\/web\/mujeres-victimas-de-violencia-de-genero-cuentan-con-casa-albergue\/#breadcrumb\"},\"inLanguage\":\"es\",\"potentialAction\":[{\"@type\":\"ReadAction\",\"target\":[\"https:\/\/pagina10.com\/web\/mujeres-victimas-de-violencia-de-genero-cuentan-con-casa-albergue\/\"]}]},{\"@type\":\"ImageObject\",\"inLanguage\":\"es\",\"@id\":\"https:\/\/pagina10.com\/web\/mujeres-victimas-de-violencia-de-genero-cuentan-con-casa-albergue\/#primaryimage\",\"url\":\"https:\/\/pagina10.com\/web\/wp-content\/uploads\/2021\/11\/mujeres.png\",\"contentUrl\":\"https:\/\/pagina10.com\/web\/wp-content\/uploads\/2021\/11\/mujeres.png\",\"width\":546,\"height\":249},{\"@type\":\"BreadcrumbList\",\"@id\":\"https:\/\/pagina10.com\/web\/mujeres-victimas-de-violencia-de-genero-cuentan-con-casa-albergue\/#breadcrumb\",\"itemListElement\":[{\"@type\":\"ListItem\",\"position\":1,\"name\":\"Portada\",\"item\":\"https:\/\/pagina10.com\/web\/\"},{\"@type\":\"ListItem\",\"position\":2,\"name\":\"Mujeres v\u00edctimas de violencia de g\u00e9nero, cuentan con casa albergue\"}]},{\"@type\":\"WebSite\",\"@id\":\"https:\/\/pagina10.com\/web\/#website\",\"url\":\"https:\/\/pagina10.com\/web\/\",\"name\":\"P\u00e1gina10\",\"description\":\"Peri\u00f3dico Regional\",\"publisher\":{\"@id\":\"https:\/\/pagina10.com\/web\/#organization\"},\"alternateName\":\"P\u00e1gina10 Peri\u00f3dico Regional\",\"potentialAction\":[{\"@type\":\"SearchAction\",\"target\":{\"@type\":\"EntryPoint\",\"urlTemplate\":\"https:\/\/pagina10.com\/web\/?s={search_term_string}\"},\"query-input\":{\"@type\":\"PropertyValueSpecification\",\"valueRequired\":true,\"valueName\":\"search_term_string\"}}],\"inLanguage\":\"es\"},{\"@type\":\"Organization\",\"@id\":\"https:\/\/pagina10.com\/web\/#organization\",\"name\":\"P\u00e1gina10\",\"alternateName\":\"P\u00e1gina10 Peri\u00f3dico Regional\",\"url\":\"https:\/\/pagina10.com\/web\/\",\"logo\":{\"@type\":\"ImageObject\",\"inLanguage\":\"es\",\"@id\":\"https:\/\/pagina10.com\/web\/#\/schema\/logo\/image\/\",\"url\":\"https:\/\/pagina10.com\/web\/wp-content\/uploads\/2024\/01\/40-pagina-10-periodico-regional-pasto.jpg\",\"contentUrl\":\"https:\/\/pagina10.com\/web\/wp-content\/uploads\/2024\/01\/40-pagina-10-periodico-regional-pasto.jpg\",\"width\":1280,\"height\":720,\"caption\":\"P\u00e1gina10\"},\"image\":{\"@id\":\"https:\/\/pagina10.com\/web\/#\/schema\/logo\/image\/\"},\"sameAs\":[\"https:\/\/www.facebook.com\/pag10com\",\"https:\/\/x.com\/Pag10com\",\"https:\/\/www.instagram.com\/pagina10col\/\",\"https:\/\/youtube.com\/channel\/pag10\",\"https:\/\/www.tiktok.com\/@p10col\"]},{\"@type\":\"Person\",\"@id\":\"https:\/\/pagina10.com\/web\/#\/schema\/person\/2efc4a090d25b667d3bc796798a3a81b\",\"name\":\"P\u00e1gina 10\",\"description\":\"P\u00e1gina 10 es un peri\u00f3dico regional que nace en Colombia, en el departamento de Nari\u00f1o, con un enfoque global, fundamentado en cuatro pilares esenciales: la libertad, el pluralismo, la inclusi\u00f3n y la independencia. P\u00e1gina 10 hace referencia a Nari\u00f1o como el d\u00e9cimo departamento creado en Colombia, despu\u00e9s de un proceso pol\u00edtico liderado por actores y actrices regionales con el fin de obtener la independencia y autonom\u00eda de nuestros territorios. Con la creaci\u00f3n de P\u00e1gina 10 se pretende abrir un escenario para el dialogo, la reflexi\u00f3n y el debate que se extienda a otras geograf\u00edas de Am\u00e9rica Latina y del planeta, en una apuesta por transformar colectivamente los desaf\u00edos de un mundo contempor\u00e1neo, m\u00e1s all\u00e1 de las fronteras impuestas.\",\"url\":\"https:\/\/pagina10.com\/web\/author\/pdiezadmin\/\"}]}<\/script>\n<!-- \/ Yoast SEO plugin. -->","yoast_head_json":{"title":"Mujeres v\u00edctimas de violencia de g\u00e9nero, cuentan con casa albergue | P\u00e1gina10","robots":{"index":"index","follow":"follow","max-snippet":"max-snippet:-1","max-image-preview":"max-image-preview:large","max-video-preview":"max-video-preview:-1"},"canonical":"https:\/\/pagina10.com\/web\/mujeres-victimas-de-violencia-de-genero-cuentan-con-casa-albergue\/","og_locale":"es_ES","og_type":"article","og_title":"Mujeres v\u00edctimas de violencia de g\u00e9nero, cuentan con casa albergue | P\u00e1gina10","og_description":"La Gobernaci\u00f3n de Nari\u00f1o avanza en procesos en defensa de la vida de las mujeres. A trav\u00e9s del trabajo articulado con la administraci\u00f3n local e instituciones como ONU Mujeres, UNHCR ACNUR, PDT Nari\u00f1o, FUNDEAS y la AECID se oficializo la apertura de manera simb\u00f3lica de la Casa Albergue de acogida, proceso que permitir\u00e1 la atenci\u00f3n [&hellip;]","og_url":"https:\/\/pagina10.com\/web\/mujeres-victimas-de-violencia-de-genero-cuentan-con-casa-albergue\/","og_site_name":"P\u00e1gina10","article_publisher":"https:\/\/www.facebook.com\/pag10com","article_published_time":"2021-12-01T03:15:44+00:00","og_image":[{"width":546,"height":249,"url":"https:\/\/pagina10.com\/web\/wp-content\/uploads\/2021\/11\/mujeres.png","type":"image\/png"}],"author":"P\u00e1gina 10","twitter_card":"summary_large_image","twitter_creator":"@Pag10com","twitter_site":"@Pag10com","twitter_misc":{"Escrito por":"P\u00e1gina 10","Tiempo de lectura":"2 minutos"},"schema":{"@context":"https:\/\/schema.org","@graph":[{"@type":"Article","@id":"https:\/\/pagina10.com\/web\/mujeres-victimas-de-violencia-de-genero-cuentan-con-casa-albergue\/#article","isPartOf":{"@id":"https:\/\/pagina10.com\/web\/mujeres-victimas-de-violencia-de-genero-cuentan-con-casa-albergue\/"},"author":{"name":"P\u00e1gina 10","@id":"https:\/\/pagina10.com\/web\/#\/schema\/person\/2efc4a090d25b667d3bc796798a3a81b"},"headline":"Mujeres v\u00edctimas de violencia de g\u00e9nero, cuentan con casa albergue","datePublished":"2021-12-01T03:15:44+00:00","mainEntityOfPage":{"@id":"https:\/\/pagina10.com\/web\/mujeres-victimas-de-violencia-de-genero-cuentan-con-casa-albergue\/"},"wordCount":425,"commentCount":0,"publisher":{"@id":"https:\/\/pagina10.com\/web\/#organization"},"image":{"@id":"https:\/\/pagina10.com\/web\/mujeres-victimas-de-violencia-de-genero-cuentan-con-casa-albergue\/#primaryimage"},"thumbnailUrl":"https:\/\/pagina10.com\/web\/wp-content\/uploads\/2021\/11\/mujeres.png","articleSection":["Ciudad"],"inLanguage":"es","potentialAction":[{"@type":"CommentAction","name":"Comment","target":["https:\/\/pagina10.com\/web\/mujeres-victimas-de-violencia-de-genero-cuentan-con-casa-albergue\/#respond"]}]},{"@type":"WebPage","@id":"https:\/\/pagina10.com\/web\/mujeres-victimas-de-violencia-de-genero-cuentan-con-casa-albergue\/","url":"https:\/\/pagina10.com\/web\/mujeres-victimas-de-violencia-de-genero-cuentan-con-casa-albergue\/","name":"Mujeres v\u00edctimas de violencia de g\u00e9nero, cuentan con casa albergue | P\u00e1gina10","isPartOf":{"@id":"https:\/\/pagina10.com\/web\/#website"},"primaryImageOfPage":{"@id":"https:\/\/pagina10.com\/web\/mujeres-victimas-de-violencia-de-genero-cuentan-con-casa-albergue\/#primaryimage"},"image":{"@id":"https:\/\/pagina10.com\/web\/mujeres-victimas-de-violencia-de-genero-cuentan-con-casa-albergue\/#primaryimage"},"thumbnailUrl":"https:\/\/pagina10.com\/web\/wp-content\/uploads\/2021\/11\/mujeres.png","datePublished":"2021-12-01T03:15:44+00:00","breadcrumb":{"@id":"https:\/\/pagina10.com\/web\/mujeres-victimas-de-violencia-de-genero-cuentan-con-casa-albergue\/#breadcrumb"},"inLanguage":"es","potentialAction":[{"@type":"ReadAction","target":["https:\/\/pagina10.com\/web\/mujeres-victimas-de-violencia-de-genero-cuentan-con-casa-albergue\/"]}]},{"@type":"ImageObject","inLanguage":"es","@id":"https:\/\/pagina10.com\/web\/mujeres-victimas-de-violencia-de-genero-cuentan-con-casa-albergue\/#primaryimage","url":"https:\/\/pagina10.com\/web\/wp-content\/uploads\/2021\/11\/mujeres.png","contentUrl":"https:\/\/pagina10.com\/web\/wp-content\/uploads\/2021\/11\/mujeres.png","width":546,"height":249},{"@type":"BreadcrumbList","@id":"https:\/\/pagina10.com\/web\/mujeres-victimas-de-violencia-de-genero-cuentan-con-casa-albergue\/#breadcrumb","itemListElement":[{"@type":"ListItem","position":1,"name":"Portada","item":"https:\/\/pagina10.com\/web\/"},{"@type":"ListItem","position":2,"name":"Mujeres v\u00edctimas de violencia de g\u00e9nero, cuentan con casa albergue"}]},{"@type":"WebSite","@id":"https:\/\/pagina10.com\/web\/#website","url":"https:\/\/pagina10.com\/web\/","name":"P\u00e1gina10","description":"Peri\u00f3dico Regional","publisher":{"@id":"https:\/\/pagina10.com\/web\/#organization"},"alternateName":"P\u00e1gina10 Peri\u00f3dico Regional","potentialAction":[{"@type":"SearchAction","target":{"@type":"EntryPoint","urlTemplate":"https:\/\/pagina10.com\/web\/?s={search_term_string}"},"query-input":{"@type":"PropertyValueSpecification","valueRequired":true,"valueName":"search_term_string"}}],"inLanguage":"es"},{"@type":"Organization","@id":"https:\/\/pagina10.com\/web\/#organization","name":"P\u00e1gina10","alternateName":"P\u00e1gina10 Peri\u00f3dico Regional","url":"https:\/\/pagina10.com\/web\/","logo":{"@type":"ImageObject","inLanguage":"es","@id":"https:\/\/pagina10.com\/web\/#\/schema\/logo\/image\/","url":"https:\/\/pagina10.com\/web\/wp-content\/uploads\/2024\/01\/40-pagina-10-periodico-regional-pasto.jpg","contentUrl":"https:\/\/pagina10.com\/web\/wp-content\/uploads\/2024\/01\/40-pagina-10-periodico-regional-pasto.jpg","width":1280,"height":720,"caption":"P\u00e1gina10"},"image":{"@id":"https:\/\/pagina10.com\/web\/#\/schema\/logo\/image\/"},"sameAs":["https:\/\/www.facebook.com\/pag10com","https:\/\/x.com\/Pag10com","https:\/\/www.instagram.com\/pagina10col\/","https:\/\/youtube.com\/channel\/pag10","https:\/\/www.tiktok.com\/@p10col"]},{"@type":"Person","@id":"https:\/\/pagina10.com\/web\/#\/schema\/person\/2efc4a090d25b667d3bc796798a3a81b","name":"P\u00e1gina 10","description":"P\u00e1gina 10 es un peri\u00f3dico regional que nace en Colombia, en el departamento de Nari\u00f1o, con un enfoque global, fundamentado en cuatro pilares esenciales: la libertad, el pluralismo, la inclusi\u00f3n y la independencia. P\u00e1gina 10 hace referencia a Nari\u00f1o como el d\u00e9cimo departamento creado en Colombia, despu\u00e9s de un proceso pol\u00edtico liderado por actores y actrices regionales con el fin de obtener la independencia y autonom\u00eda de nuestros territorios. Con la creaci\u00f3n de P\u00e1gina 10 se pretende abrir un escenario para el dialogo, la reflexi\u00f3n y el debate que se extienda a otras geograf\u00edas de Am\u00e9rica Latina y del planeta, en una apuesta por transformar colectivamente los desaf\u00edos de un mundo contempor\u00e1neo, m\u00e1s all\u00e1 de las fronteras impuestas.","url":"https:\/\/pagina10.com\/web\/author\/pdiezadmin\/"}]}},"_links":{"self":[{"href":"https:\/\/pagina10.com\/web\/wp-json\/wp\/v2\/posts\/57241","targetHints":{"allow":["GET"]}}],"collection":[{"href":"https:\/\/pagina10.com\/web\/wp-json\/wp\/v2\/posts"}],"about":[{"href":"https:\/\/pagina10.com\/web\/wp-json\/wp\/v2\/types\/post"}],"author":[{"embeddable":true,"href":"https:\/\/pagina10.com\/web\/wp-json\/wp\/v2\/users\/1"}],"replies":[{"embeddable":true,"href":"https:\/\/pagina10.com\/web\/wp-json\/wp\/v2\/comments?post=57241"}],"version-history":[{"count":1,"href":"https:\/\/pagina10.com\/web\/wp-json\/wp\/v2\/posts\/57241\/revisions"}],"predecessor-version":[{"id":57243,"href":"https:\/\/pagina10.com\/web\/wp-json\/wp\/v2\/posts\/57241\/revisions\/57243"}],"wp:featuredmedia":[{"embeddable":true,"href":"https:\/\/pagina10.com\/web\/wp-json\/wp\/v2\/media\/57242"}],"wp:attachment":[{"href":"https:\/\/pagina10.com\/web\/wp-json\/wp\/v2\/media?parent=57241"}],"wp:term":[{"taxonomy":"category","embeddable":true,"href":"https:\/\/pagina10.com\/web\/wp-json\/wp\/v2\/categories?post=57241"},{"taxonomy":"post_tag","embeddable":true,"href":"https:\/\/pagina10.com\/web\/wp-json\/wp\/v2\/tags?post=57241"}],"curies":[{"name":"wp","href":"https:\/\/api.w.org\/{rel}","templated":true}]}}