{"id":57280,"date":"2021-12-02T19:15:00","date_gmt":"2021-12-03T00:15:00","guid":{"rendered":"https:\/\/pagina10.com\/web\/?p=57280"},"modified":"2021-12-02T19:15:00","modified_gmt":"2021-12-03T00:15:00","slug":"alcaldia-de-pasto-logro-incremento-en-el-cupo-de-combustibles-subsidiados-para-el-municipio","status":"publish","type":"post","link":"https:\/\/pagina10.com\/web\/alcaldia-de-pasto-logro-incremento-en-el-cupo-de-combustibles-subsidiados-para-el-municipio\/","title":{"rendered":"Alcald\u00eda de Pasto logr\u00f3 incremento en el cupo de combustibles subsidiados para el municipio"},"content":{"rendered":"<p style=\"text-align: justify;\">Luego de las gestiones adelantadas por la Alcald\u00eda de Pasto ante los Ministerios de Hacienda y Minas y Energ\u00eda, se determin\u00f3 el incremento del cupo de combustibles subsidiados asignado para el municipio. En total se destinar\u00e1n 525.000 galones adicionales entre gasolina y ACPM.<\/p>\n<p style=\"text-align: justify;\">El subsecretario de Control, Ricardo Andr\u00e9s Delgado Solarte, destac\u00f3 que esta es la primera vez que se establece un incremento ya que en anteriores administraciones lo que se efectuaba era un adelanto o avance que finalmente se descontaba de los vol\u00famenes asignados para otros meses.<\/p>\n<p style=\"text-align: justify;\">As\u00ed mismo, explic\u00f3 que la gesti\u00f3n ante los ministerios inici\u00f3 con la entrega de un informe t\u00e9cnico en el que se dio a conocer la necesidad de aumentar el cupo debido a situaciones concretas como el incremento del parque automotor de la capital nari\u00f1ense.<\/p>\n<p style=\"text-align: justify;\">\u201cCon este primer paso buscamos que el subsidio a los combustibles se mantenga durante todo el a\u00f1o y para ello, ya presentamos ante el Gobierno Nacional el borrador del proyecto. Esperamos contar con una respuesta positiva para que este beneficio tributario llegue a todos los usuarios del municipio\u201d, se\u00f1al\u00f3.<\/p>\n<p style=\"text-align: justify;\">Por su parte, el administrador, Andr\u00e9s Calder\u00f3n, felicit\u00f3 a la Alcald\u00eda de Pasto por su gesti\u00f3n indicando que, \u201cEsta Administraci\u00f3n nos cumpli\u00f3 lo que desde hace tiempo se hab\u00eda solicitado. El beneficio ser\u00e1 para el usuario y por eso nos alegra ya que, desde las Estaciones de Servicio, podremos garantizar durante m\u00e1s d\u00edas el precio subsidiado\u201d.<\/p>\n<p style=\"text-align: justify;\">Finalmente, el vocero del gremio de taxistas, William Sarmiento, destac\u00f3 que ahora \u201chay que unificarnos esfuerzos y enviarle un mensaje al Gobierno Nacional precis\u00e1ndole la necesidad de extender el beneficio a todo el a\u00f1o y de esta manera, acabar con la variabilidad de los precios en el combustible\u201d.<\/p>\n","protected":false},"excerpt":{"rendered":"<p>Luego de las gestiones adelantadas por la Alcald\u00eda de Pasto ante los Ministerios de Hacienda y Minas y Energ\u00eda, se determin\u00f3 el incremento del cupo de combustibles subsidiados asignado para el municipio. En total se destinar\u00e1n 525.000 galones adicionales entre gasolina y ACPM. El subsecretario de Control, Ricardo Andr\u00e9s Delgado Solarte, destac\u00f3 que esta es [&hellip;]<\/p>\n","protected":false},"author":1,"featured_media":57281,"comment_status":"open","ping_status":"open","sticky":false,"template":"","format":"standard","meta":{"footnotes":""},"categories":[82],"tags":[],"class_list":["post-57280","post","type-post","status-publish","format-standard","has-post-thumbnail","hentry","category-ciudad-2"],"yoast_head":"<!-- This site is optimized with the Yoast SEO plugin v27.1.1 - https:\/\/yoast.com\/product\/yoast-seo-wordpress\/ -->\n<title>Alcald\u00eda de Pasto logr\u00f3 incremento en el cupo de combustibles subsidiados para el municipio | P\u00e1gina10<\/title>\n<meta name=\"robots\" content=\"index, follow, max-snippet:-1, max-image-preview:large, max-video-preview:-1\" \/>\n<link rel=\"canonical\" href=\"https:\/\/pagina10.com\/web\/alcaldia-de-pasto-logro-incremento-en-el-cupo-de-combustibles-subsidiados-para-el-municipio\/\" \/>\n<meta property=\"og:locale\" content=\"es_ES\" \/>\n<meta property=\"og:type\" content=\"article\" \/>\n<meta property=\"og:title\" content=\"Alcald\u00eda de Pasto logr\u00f3 incremento en el cupo de combustibles subsidiados para el municipio | P\u00e1gina10\" \/>\n<meta property=\"og:description\" content=\"Luego de las gestiones adelantadas por la Alcald\u00eda de Pasto ante los Ministerios de Hacienda y Minas y Energ\u00eda, se determin\u00f3 el incremento del cupo de combustibles subsidiados asignado para el municipio. En total se destinar\u00e1n 525.000 galones adicionales entre gasolina y ACPM. El subsecretario de Control, Ricardo Andr\u00e9s Delgado Solarte, destac\u00f3 que esta es [&hellip;]\" \/>\n<meta property=\"og:url\" content=\"https:\/\/pagina10.com\/web\/alcaldia-de-pasto-logro-incremento-en-el-cupo-de-combustibles-subsidiados-para-el-municipio\/\" \/>\n<meta property=\"og:site_name\" content=\"P\u00e1gina10\" \/>\n<meta property=\"article:publisher\" content=\"https:\/\/www.facebook.com\/pag10com\" \/>\n<meta property=\"article:published_time\" content=\"2021-12-03T00:15:00+00:00\" \/>\n<meta property=\"og:image\" content=\"https:\/\/pagina10.com\/web\/wp-content\/uploads\/2021\/12\/WhatsApp-Image-2021-11-29-at-12.59.19-AM.jpeg\" \/>\n\t<meta property=\"og:image:width\" content=\"1280\" \/>\n\t<meta property=\"og:image:height\" content=\"719\" \/>\n\t<meta property=\"og:image:type\" content=\"image\/jpeg\" \/>\n<meta name=\"author\" content=\"P\u00e1gina 10\" \/>\n<meta name=\"twitter:card\" content=\"summary_large_image\" \/>\n<meta name=\"twitter:creator\" content=\"@Pag10com\" \/>\n<meta name=\"twitter:site\" content=\"@Pag10com\" \/>\n<meta name=\"twitter:label1\" content=\"Escrito por\" \/>\n\t<meta name=\"twitter:data1\" content=\"P\u00e1gina 10\" \/>\n\t<meta name=\"twitter:label2\" content=\"Tiempo de lectura\" \/>\n\t<meta name=\"twitter:data2\" content=\"2 minutos\" \/>\n<script type=\"application\/ld+json\" class=\"yoast-schema-graph\">{\"@context\":\"https:\/\/schema.org\",\"@graph\":[{\"@type\":\"Article\",\"@id\":\"https:\/\/pagina10.com\/web\/alcaldia-de-pasto-logro-incremento-en-el-cupo-de-combustibles-subsidiados-para-el-municipio\/#article\",\"isPartOf\":{\"@id\":\"https:\/\/pagina10.com\/web\/alcaldia-de-pasto-logro-incremento-en-el-cupo-de-combustibles-subsidiados-para-el-municipio\/\"},\"author\":{\"name\":\"P\u00e1gina 10\",\"@id\":\"https:\/\/pagina10.com\/web\/#\/schema\/person\/2efc4a090d25b667d3bc796798a3a81b\"},\"headline\":\"Alcald\u00eda de Pasto logr\u00f3 incremento en el cupo de combustibles subsidiados para el municipio\",\"datePublished\":\"2021-12-03T00:15:00+00:00\",\"mainEntityOfPage\":{\"@id\":\"https:\/\/pagina10.com\/web\/alcaldia-de-pasto-logro-incremento-en-el-cupo-de-combustibles-subsidiados-para-el-municipio\/\"},\"wordCount\":319,\"commentCount\":0,\"publisher\":{\"@id\":\"https:\/\/pagina10.com\/web\/#organization\"},\"image\":{\"@id\":\"https:\/\/pagina10.com\/web\/alcaldia-de-pasto-logro-incremento-en-el-cupo-de-combustibles-subsidiados-para-el-municipio\/#primaryimage\"},\"thumbnailUrl\":\"https:\/\/pagina10.com\/web\/wp-content\/uploads\/2021\/12\/WhatsApp-Image-2021-11-29-at-12.59.19-AM.jpeg\",\"articleSection\":[\"Ciudad\"],\"inLanguage\":\"es\",\"potentialAction\":[{\"@type\":\"CommentAction\",\"name\":\"Comment\",\"target\":[\"https:\/\/pagina10.com\/web\/alcaldia-de-pasto-logro-incremento-en-el-cupo-de-combustibles-subsidiados-para-el-municipio\/#respond\"]}]},{\"@type\":\"WebPage\",\"@id\":\"https:\/\/pagina10.com\/web\/alcaldia-de-pasto-logro-incremento-en-el-cupo-de-combustibles-subsidiados-para-el-municipio\/\",\"url\":\"https:\/\/pagina10.com\/web\/alcaldia-de-pasto-logro-incremento-en-el-cupo-de-combustibles-subsidiados-para-el-municipio\/\",\"name\":\"Alcald\u00eda de Pasto logr\u00f3 incremento en el cupo de combustibles subsidiados para el municipio | P\u00e1gina10\",\"isPartOf\":{\"@id\":\"https:\/\/pagina10.com\/web\/#website\"},\"primaryImageOfPage\":{\"@id\":\"https:\/\/pagina10.com\/web\/alcaldia-de-pasto-logro-incremento-en-el-cupo-de-combustibles-subsidiados-para-el-municipio\/#primaryimage\"},\"image\":{\"@id\":\"https:\/\/pagina10.com\/web\/alcaldia-de-pasto-logro-incremento-en-el-cupo-de-combustibles-subsidiados-para-el-municipio\/#primaryimage\"},\"thumbnailUrl\":\"https:\/\/pagina10.com\/web\/wp-content\/uploads\/2021\/12\/WhatsApp-Image-2021-11-29-at-12.59.19-AM.jpeg\",\"datePublished\":\"2021-12-03T00:15:00+00:00\",\"breadcrumb\":{\"@id\":\"https:\/\/pagina10.com\/web\/alcaldia-de-pasto-logro-incremento-en-el-cupo-de-combustibles-subsidiados-para-el-municipio\/#breadcrumb\"},\"inLanguage\":\"es\",\"potentialAction\":[{\"@type\":\"ReadAction\",\"target\":[\"https:\/\/pagina10.com\/web\/alcaldia-de-pasto-logro-incremento-en-el-cupo-de-combustibles-subsidiados-para-el-municipio\/\"]}]},{\"@type\":\"ImageObject\",\"inLanguage\":\"es\",\"@id\":\"https:\/\/pagina10.com\/web\/alcaldia-de-pasto-logro-incremento-en-el-cupo-de-combustibles-subsidiados-para-el-municipio\/#primaryimage\",\"url\":\"https:\/\/pagina10.com\/web\/wp-content\/uploads\/2021\/12\/WhatsApp-Image-2021-11-29-at-12.59.19-AM.jpeg\",\"contentUrl\":\"https:\/\/pagina10.com\/web\/wp-content\/uploads\/2021\/12\/WhatsApp-Image-2021-11-29-at-12.59.19-AM.jpeg\",\"width\":1280,\"height\":719},{\"@type\":\"BreadcrumbList\",\"@id\":\"https:\/\/pagina10.com\/web\/alcaldia-de-pasto-logro-incremento-en-el-cupo-de-combustibles-subsidiados-para-el-municipio\/#breadcrumb\",\"itemListElement\":[{\"@type\":\"ListItem\",\"position\":1,\"name\":\"Portada\",\"item\":\"https:\/\/pagina10.com\/web\/\"},{\"@type\":\"ListItem\",\"position\":2,\"name\":\"Alcald\u00eda de Pasto logr\u00f3 incremento en el cupo de combustibles subsidiados para el municipio\"}]},{\"@type\":\"WebSite\",\"@id\":\"https:\/\/pagina10.com\/web\/#website\",\"url\":\"https:\/\/pagina10.com\/web\/\",\"name\":\"P\u00e1gina10\",\"description\":\"Peri\u00f3dico Regional\",\"publisher\":{\"@id\":\"https:\/\/pagina10.com\/web\/#organization\"},\"alternateName\":\"P\u00e1gina10 Peri\u00f3dico Regional\",\"potentialAction\":[{\"@type\":\"SearchAction\",\"target\":{\"@type\":\"EntryPoint\",\"urlTemplate\":\"https:\/\/pagina10.com\/web\/?s={search_term_string}\"},\"query-input\":{\"@type\":\"PropertyValueSpecification\",\"valueRequired\":true,\"valueName\":\"search_term_string\"}}],\"inLanguage\":\"es\"},{\"@type\":\"Organization\",\"@id\":\"https:\/\/pagina10.com\/web\/#organization\",\"name\":\"P\u00e1gina10\",\"alternateName\":\"P\u00e1gina10 Peri\u00f3dico Regional\",\"url\":\"https:\/\/pagina10.com\/web\/\",\"logo\":{\"@type\":\"ImageObject\",\"inLanguage\":\"es\",\"@id\":\"https:\/\/pagina10.com\/web\/#\/schema\/logo\/image\/\",\"url\":\"https:\/\/pagina10.com\/web\/wp-content\/uploads\/2024\/01\/40-pagina-10-periodico-regional-pasto.jpg\",\"contentUrl\":\"https:\/\/pagina10.com\/web\/wp-content\/uploads\/2024\/01\/40-pagina-10-periodico-regional-pasto.jpg\",\"width\":1280,\"height\":720,\"caption\":\"P\u00e1gina10\"},\"image\":{\"@id\":\"https:\/\/pagina10.com\/web\/#\/schema\/logo\/image\/\"},\"sameAs\":[\"https:\/\/www.facebook.com\/pag10com\",\"https:\/\/x.com\/Pag10com\",\"https:\/\/www.instagram.com\/pagina10col\/\",\"https:\/\/youtube.com\/channel\/pag10\",\"https:\/\/www.tiktok.com\/@p10col\"]},{\"@type\":\"Person\",\"@id\":\"https:\/\/pagina10.com\/web\/#\/schema\/person\/2efc4a090d25b667d3bc796798a3a81b\",\"name\":\"P\u00e1gina 10\",\"description\":\"P\u00e1gina 10 es un peri\u00f3dico regional que nace en Colombia, en el departamento de Nari\u00f1o, con un enfoque global, fundamentado en cuatro pilares esenciales: la libertad, el pluralismo, la inclusi\u00f3n y la independencia. P\u00e1gina 10 hace referencia a Nari\u00f1o como el d\u00e9cimo departamento creado en Colombia, despu\u00e9s de un proceso pol\u00edtico liderado por actores y actrices regionales con el fin de obtener la independencia y autonom\u00eda de nuestros territorios. Con la creaci\u00f3n de P\u00e1gina 10 se pretende abrir un escenario para el dialogo, la reflexi\u00f3n y el debate que se extienda a otras geograf\u00edas de Am\u00e9rica Latina y del planeta, en una apuesta por transformar colectivamente los desaf\u00edos de un mundo contempor\u00e1neo, m\u00e1s all\u00e1 de las fronteras impuestas.\",\"url\":\"https:\/\/pagina10.com\/web\/author\/pdiezadmin\/\"}]}<\/script>\n<!-- \/ Yoast SEO plugin. -->","yoast_head_json":{"title":"Alcald\u00eda de Pasto logr\u00f3 incremento en el cupo de combustibles subsidiados para el municipio | P\u00e1gina10","robots":{"index":"index","follow":"follow","max-snippet":"max-snippet:-1","max-image-preview":"max-image-preview:large","max-video-preview":"max-video-preview:-1"},"canonical":"https:\/\/pagina10.com\/web\/alcaldia-de-pasto-logro-incremento-en-el-cupo-de-combustibles-subsidiados-para-el-municipio\/","og_locale":"es_ES","og_type":"article","og_title":"Alcald\u00eda de Pasto logr\u00f3 incremento en el cupo de combustibles subsidiados para el municipio | P\u00e1gina10","og_description":"Luego de las gestiones adelantadas por la Alcald\u00eda de Pasto ante los Ministerios de Hacienda y Minas y Energ\u00eda, se determin\u00f3 el incremento del cupo de combustibles subsidiados asignado para el municipio. En total se destinar\u00e1n 525.000 galones adicionales entre gasolina y ACPM. El subsecretario de Control, Ricardo Andr\u00e9s Delgado Solarte, destac\u00f3 que esta es [&hellip;]","og_url":"https:\/\/pagina10.com\/web\/alcaldia-de-pasto-logro-incremento-en-el-cupo-de-combustibles-subsidiados-para-el-municipio\/","og_site_name":"P\u00e1gina10","article_publisher":"https:\/\/www.facebook.com\/pag10com","article_published_time":"2021-12-03T00:15:00+00:00","og_image":[{"width":1280,"height":719,"url":"https:\/\/pagina10.com\/web\/wp-content\/uploads\/2021\/12\/WhatsApp-Image-2021-11-29-at-12.59.19-AM.jpeg","type":"image\/jpeg"}],"author":"P\u00e1gina 10","twitter_card":"summary_large_image","twitter_creator":"@Pag10com","twitter_site":"@Pag10com","twitter_misc":{"Escrito por":"P\u00e1gina 10","Tiempo de lectura":"2 minutos"},"schema":{"@context":"https:\/\/schema.org","@graph":[{"@type":"Article","@id":"https:\/\/pagina10.com\/web\/alcaldia-de-pasto-logro-incremento-en-el-cupo-de-combustibles-subsidiados-para-el-municipio\/#article","isPartOf":{"@id":"https:\/\/pagina10.com\/web\/alcaldia-de-pasto-logro-incremento-en-el-cupo-de-combustibles-subsidiados-para-el-municipio\/"},"author":{"name":"P\u00e1gina 10","@id":"https:\/\/pagina10.com\/web\/#\/schema\/person\/2efc4a090d25b667d3bc796798a3a81b"},"headline":"Alcald\u00eda de Pasto logr\u00f3 incremento en el cupo de combustibles subsidiados para el municipio","datePublished":"2021-12-03T00:15:00+00:00","mainEntityOfPage":{"@id":"https:\/\/pagina10.com\/web\/alcaldia-de-pasto-logro-incremento-en-el-cupo-de-combustibles-subsidiados-para-el-municipio\/"},"wordCount":319,"commentCount":0,"publisher":{"@id":"https:\/\/pagina10.com\/web\/#organization"},"image":{"@id":"https:\/\/pagina10.com\/web\/alcaldia-de-pasto-logro-incremento-en-el-cupo-de-combustibles-subsidiados-para-el-municipio\/#primaryimage"},"thumbnailUrl":"https:\/\/pagina10.com\/web\/wp-content\/uploads\/2021\/12\/WhatsApp-Image-2021-11-29-at-12.59.19-AM.jpeg","articleSection":["Ciudad"],"inLanguage":"es","potentialAction":[{"@type":"CommentAction","name":"Comment","target":["https:\/\/pagina10.com\/web\/alcaldia-de-pasto-logro-incremento-en-el-cupo-de-combustibles-subsidiados-para-el-municipio\/#respond"]}]},{"@type":"WebPage","@id":"https:\/\/pagina10.com\/web\/alcaldia-de-pasto-logro-incremento-en-el-cupo-de-combustibles-subsidiados-para-el-municipio\/","url":"https:\/\/pagina10.com\/web\/alcaldia-de-pasto-logro-incremento-en-el-cupo-de-combustibles-subsidiados-para-el-municipio\/","name":"Alcald\u00eda de Pasto logr\u00f3 incremento en el cupo de combustibles subsidiados para el municipio | P\u00e1gina10","isPartOf":{"@id":"https:\/\/pagina10.com\/web\/#website"},"primaryImageOfPage":{"@id":"https:\/\/pagina10.com\/web\/alcaldia-de-pasto-logro-incremento-en-el-cupo-de-combustibles-subsidiados-para-el-municipio\/#primaryimage"},"image":{"@id":"https:\/\/pagina10.com\/web\/alcaldia-de-pasto-logro-incremento-en-el-cupo-de-combustibles-subsidiados-para-el-municipio\/#primaryimage"},"thumbnailUrl":"https:\/\/pagina10.com\/web\/wp-content\/uploads\/2021\/12\/WhatsApp-Image-2021-11-29-at-12.59.19-AM.jpeg","datePublished":"2021-12-03T00:15:00+00:00","breadcrumb":{"@id":"https:\/\/pagina10.com\/web\/alcaldia-de-pasto-logro-incremento-en-el-cupo-de-combustibles-subsidiados-para-el-municipio\/#breadcrumb"},"inLanguage":"es","potentialAction":[{"@type":"ReadAction","target":["https:\/\/pagina10.com\/web\/alcaldia-de-pasto-logro-incremento-en-el-cupo-de-combustibles-subsidiados-para-el-municipio\/"]}]},{"@type":"ImageObject","inLanguage":"es","@id":"https:\/\/pagina10.com\/web\/alcaldia-de-pasto-logro-incremento-en-el-cupo-de-combustibles-subsidiados-para-el-municipio\/#primaryimage","url":"https:\/\/pagina10.com\/web\/wp-content\/uploads\/2021\/12\/WhatsApp-Image-2021-11-29-at-12.59.19-AM.jpeg","contentUrl":"https:\/\/pagina10.com\/web\/wp-content\/uploads\/2021\/12\/WhatsApp-Image-2021-11-29-at-12.59.19-AM.jpeg","width":1280,"height":719},{"@type":"BreadcrumbList","@id":"https:\/\/pagina10.com\/web\/alcaldia-de-pasto-logro-incremento-en-el-cupo-de-combustibles-subsidiados-para-el-municipio\/#breadcrumb","itemListElement":[{"@type":"ListItem","position":1,"name":"Portada","item":"https:\/\/pagina10.com\/web\/"},{"@type":"ListItem","position":2,"name":"Alcald\u00eda de Pasto logr\u00f3 incremento en el cupo de combustibles subsidiados para el municipio"}]},{"@type":"WebSite","@id":"https:\/\/pagina10.com\/web\/#website","url":"https:\/\/pagina10.com\/web\/","name":"P\u00e1gina10","description":"Peri\u00f3dico Regional","publisher":{"@id":"https:\/\/pagina10.com\/web\/#organization"},"alternateName":"P\u00e1gina10 Peri\u00f3dico Regional","potentialAction":[{"@type":"SearchAction","target":{"@type":"EntryPoint","urlTemplate":"https:\/\/pagina10.com\/web\/?s={search_term_string}"},"query-input":{"@type":"PropertyValueSpecification","valueRequired":true,"valueName":"search_term_string"}}],"inLanguage":"es"},{"@type":"Organization","@id":"https:\/\/pagina10.com\/web\/#organization","name":"P\u00e1gina10","alternateName":"P\u00e1gina10 Peri\u00f3dico Regional","url":"https:\/\/pagina10.com\/web\/","logo":{"@type":"ImageObject","inLanguage":"es","@id":"https:\/\/pagina10.com\/web\/#\/schema\/logo\/image\/","url":"https:\/\/pagina10.com\/web\/wp-content\/uploads\/2024\/01\/40-pagina-10-periodico-regional-pasto.jpg","contentUrl":"https:\/\/pagina10.com\/web\/wp-content\/uploads\/2024\/01\/40-pagina-10-periodico-regional-pasto.jpg","width":1280,"height":720,"caption":"P\u00e1gina10"},"image":{"@id":"https:\/\/pagina10.com\/web\/#\/schema\/logo\/image\/"},"sameAs":["https:\/\/www.facebook.com\/pag10com","https:\/\/x.com\/Pag10com","https:\/\/www.instagram.com\/pagina10col\/","https:\/\/youtube.com\/channel\/pag10","https:\/\/www.tiktok.com\/@p10col"]},{"@type":"Person","@id":"https:\/\/pagina10.com\/web\/#\/schema\/person\/2efc4a090d25b667d3bc796798a3a81b","name":"P\u00e1gina 10","description":"P\u00e1gina 10 es un peri\u00f3dico regional que nace en Colombia, en el departamento de Nari\u00f1o, con un enfoque global, fundamentado en cuatro pilares esenciales: la libertad, el pluralismo, la inclusi\u00f3n y la independencia. P\u00e1gina 10 hace referencia a Nari\u00f1o como el d\u00e9cimo departamento creado en Colombia, despu\u00e9s de un proceso pol\u00edtico liderado por actores y actrices regionales con el fin de obtener la independencia y autonom\u00eda de nuestros territorios. Con la creaci\u00f3n de P\u00e1gina 10 se pretende abrir un escenario para el dialogo, la reflexi\u00f3n y el debate que se extienda a otras geograf\u00edas de Am\u00e9rica Latina y del planeta, en una apuesta por transformar colectivamente los desaf\u00edos de un mundo contempor\u00e1neo, m\u00e1s all\u00e1 de las fronteras impuestas.","url":"https:\/\/pagina10.com\/web\/author\/pdiezadmin\/"}]}},"_links":{"self":[{"href":"https:\/\/pagina10.com\/web\/wp-json\/wp\/v2\/posts\/57280","targetHints":{"allow":["GET"]}}],"collection":[{"href":"https:\/\/pagina10.com\/web\/wp-json\/wp\/v2\/posts"}],"about":[{"href":"https:\/\/pagina10.com\/web\/wp-json\/wp\/v2\/types\/post"}],"author":[{"embeddable":true,"href":"https:\/\/pagina10.com\/web\/wp-json\/wp\/v2\/users\/1"}],"replies":[{"embeddable":true,"href":"https:\/\/pagina10.com\/web\/wp-json\/wp\/v2\/comments?post=57280"}],"version-history":[{"count":1,"href":"https:\/\/pagina10.com\/web\/wp-json\/wp\/v2\/posts\/57280\/revisions"}],"predecessor-version":[{"id":57282,"href":"https:\/\/pagina10.com\/web\/wp-json\/wp\/v2\/posts\/57280\/revisions\/57282"}],"wp:featuredmedia":[{"embeddable":true,"href":"https:\/\/pagina10.com\/web\/wp-json\/wp\/v2\/media\/57281"}],"wp:attachment":[{"href":"https:\/\/pagina10.com\/web\/wp-json\/wp\/v2\/media?parent=57280"}],"wp:term":[{"taxonomy":"category","embeddable":true,"href":"https:\/\/pagina10.com\/web\/wp-json\/wp\/v2\/categories?post=57280"},{"taxonomy":"post_tag","embeddable":true,"href":"https:\/\/pagina10.com\/web\/wp-json\/wp\/v2\/tags?post=57280"}],"curies":[{"name":"wp","href":"https:\/\/api.w.org\/{rel}","templated":true}]}}