{"id":57323,"date":"2021-12-06T08:25:55","date_gmt":"2021-12-06T13:25:55","guid":{"rendered":"https:\/\/pagina10.com\/web\/?p=57323"},"modified":"2021-12-06T08:32:07","modified_gmt":"2021-12-06T13:32:07","slug":"muere-alias-el-paisa","status":"publish","type":"post","link":"https:\/\/pagina10.com\/web\/muere-alias-el-paisa\/","title":{"rendered":"Muere alias &#8220;El Paisa&#8221;"},"content":{"rendered":"<p style=\"text-align: justify;\">En acci\u00f3n conjunta por parte de la Fiscal\u00eda General de la Naci\u00f3n, y la DIJIN de la Polic\u00eda Nacional, se dio lugar la captura y judicializaci\u00f3n a uno de los principales enlaces de Hern\u00e1n Dar\u00edo Vel\u00e1zquez Saldarriaga, alias El Paisa, cabecilla de la estructura criminal \u2018Segunda Marquetalia\u2019 de las disidencias de las FARC.<\/p>\n<p style=\"text-align: justify;\">Pese a que la informaci\u00f3n no ha sido confirmada por las autoridades, varios medios de comunicaci\u00f3n se\u00f1alan que fuentes de inteligencias les indicaron que el jefe de la disidencia de las Farc conocida como \u2018Segunda Marquetalia\u2019 habr\u00eda ca\u00eddo tras el ataque de un comando armado que habr\u00eda usado fusiles y explosivos para concretar el atentado.<\/p>\n<p style=\"text-align: justify;\">\u2018El Paisa\u2019 comand\u00f3 durante m\u00e1s de dos d\u00e9cadas la principal fuerza \u00e9lite de la disuelta guerrilla marxista, conocida como la columna Te\u00f3filo Forero, y fue miembro de la direcci\u00f3n de las\u00a0Farc.<\/p>\n<p style=\"text-align: justify;\">Se\u00f1alado de m\u00faltiples asesinatos y secuestros, Vel\u00e1squez tiene en su contra diez condenas por homicidio y terrorismo, y 27 por secuestro. Adem\u00e1s, se le atribuye estar involucrado en el peor atentado urbano de las Farc: un coche bomba en el club social El Nogal, en Bogot\u00e1, que dej\u00f3 36 muertos y decenas de heridos en febrero de 2003.<\/p>\n<p style=\"text-align: justify;\">\n","protected":false},"excerpt":{"rendered":"<p>En acci\u00f3n conjunta por parte de la Fiscal\u00eda General de la Naci\u00f3n, y la DIJIN de la Polic\u00eda Nacional, se dio lugar la captura y judicializaci\u00f3n a uno de los principales enlaces de Hern\u00e1n Dar\u00edo Vel\u00e1zquez Saldarriaga, alias El Paisa, cabecilla de la estructura criminal \u2018Segunda Marquetalia\u2019 de las disidencias de las FARC. Pese a [&hellip;]<\/p>\n","protected":false},"author":1,"featured_media":57324,"comment_status":"open","ping_status":"open","sticky":false,"template":"","format":"standard","meta":{"footnotes":""},"categories":[61],"tags":[],"class_list":["post-57323","post","type-post","status-publish","format-standard","has-post-thumbnail","hentry","category-judicial"],"yoast_head":"<!-- This site is optimized with the Yoast SEO plugin v27.1.1 - https:\/\/yoast.com\/product\/yoast-seo-wordpress\/ -->\n<title>Muere alias &quot;El Paisa&quot; | P\u00e1gina10<\/title>\n<meta name=\"robots\" content=\"index, follow, max-snippet:-1, max-image-preview:large, max-video-preview:-1\" \/>\n<link rel=\"canonical\" href=\"https:\/\/pagina10.com\/web\/muere-alias-el-paisa\/\" \/>\n<meta property=\"og:locale\" content=\"es_ES\" \/>\n<meta property=\"og:type\" content=\"article\" \/>\n<meta property=\"og:title\" content=\"Muere alias &quot;El Paisa&quot; | P\u00e1gina10\" \/>\n<meta property=\"og:description\" content=\"En acci\u00f3n conjunta por parte de la Fiscal\u00eda General de la Naci\u00f3n, y la DIJIN de la Polic\u00eda Nacional, se dio lugar la captura y judicializaci\u00f3n a uno de los principales enlaces de Hern\u00e1n Dar\u00edo Vel\u00e1zquez Saldarriaga, alias El Paisa, cabecilla de la estructura criminal \u2018Segunda Marquetalia\u2019 de las disidencias de las FARC. Pese a [&hellip;]\" \/>\n<meta property=\"og:url\" content=\"https:\/\/pagina10.com\/web\/muere-alias-el-paisa\/\" \/>\n<meta property=\"og:site_name\" content=\"P\u00e1gina10\" \/>\n<meta property=\"article:publisher\" content=\"https:\/\/www.facebook.com\/pag10com\" \/>\n<meta property=\"article:published_time\" content=\"2021-12-06T13:25:55+00:00\" \/>\n<meta property=\"article:modified_time\" content=\"2021-12-06T13:32:07+00:00\" \/>\n<meta property=\"og:image\" content=\"https:\/\/pagina10.com\/web\/wp-content\/uploads\/2021\/12\/3EMQN64RNBEHZPDKSJ32QYVC34.jpg\" \/>\n\t<meta property=\"og:image:width\" content=\"1200\" \/>\n\t<meta property=\"og:image:height\" content=\"675\" \/>\n\t<meta property=\"og:image:type\" content=\"image\/jpeg\" \/>\n<meta name=\"author\" content=\"P\u00e1gina 10\" \/>\n<meta name=\"twitter:card\" content=\"summary_large_image\" \/>\n<meta name=\"twitter:creator\" content=\"@Pag10com\" \/>\n<meta name=\"twitter:site\" content=\"@Pag10com\" \/>\n<meta name=\"twitter:label1\" content=\"Escrito por\" \/>\n\t<meta name=\"twitter:data1\" content=\"P\u00e1gina 10\" \/>\n\t<meta name=\"twitter:label2\" content=\"Tiempo de lectura\" \/>\n\t<meta name=\"twitter:data2\" content=\"1 minuto\" \/>\n<script type=\"application\/ld+json\" class=\"yoast-schema-graph\">{\"@context\":\"https:\/\/schema.org\",\"@graph\":[{\"@type\":\"Article\",\"@id\":\"https:\/\/pagina10.com\/web\/muere-alias-el-paisa\/#article\",\"isPartOf\":{\"@id\":\"https:\/\/pagina10.com\/web\/muere-alias-el-paisa\/\"},\"author\":{\"name\":\"P\u00e1gina 10\",\"@id\":\"https:\/\/pagina10.com\/web\/#\/schema\/person\/2efc4a090d25b667d3bc796798a3a81b\"},\"headline\":\"Muere alias &#8220;El Paisa&#8221;\",\"datePublished\":\"2021-12-06T13:25:55+00:00\",\"dateModified\":\"2021-12-06T13:32:07+00:00\",\"mainEntityOfPage\":{\"@id\":\"https:\/\/pagina10.com\/web\/muere-alias-el-paisa\/\"},\"wordCount\":221,\"commentCount\":0,\"publisher\":{\"@id\":\"https:\/\/pagina10.com\/web\/#organization\"},\"image\":{\"@id\":\"https:\/\/pagina10.com\/web\/muere-alias-el-paisa\/#primaryimage\"},\"thumbnailUrl\":\"https:\/\/pagina10.com\/web\/wp-content\/uploads\/2021\/12\/3EMQN64RNBEHZPDKSJ32QYVC34.jpg\",\"articleSection\":[\"Judicial\"],\"inLanguage\":\"es\",\"potentialAction\":[{\"@type\":\"CommentAction\",\"name\":\"Comment\",\"target\":[\"https:\/\/pagina10.com\/web\/muere-alias-el-paisa\/#respond\"]}]},{\"@type\":\"WebPage\",\"@id\":\"https:\/\/pagina10.com\/web\/muere-alias-el-paisa\/\",\"url\":\"https:\/\/pagina10.com\/web\/muere-alias-el-paisa\/\",\"name\":\"Muere alias \\\"El Paisa\\\" | P\u00e1gina10\",\"isPartOf\":{\"@id\":\"https:\/\/pagina10.com\/web\/#website\"},\"primaryImageOfPage\":{\"@id\":\"https:\/\/pagina10.com\/web\/muere-alias-el-paisa\/#primaryimage\"},\"image\":{\"@id\":\"https:\/\/pagina10.com\/web\/muere-alias-el-paisa\/#primaryimage\"},\"thumbnailUrl\":\"https:\/\/pagina10.com\/web\/wp-content\/uploads\/2021\/12\/3EMQN64RNBEHZPDKSJ32QYVC34.jpg\",\"datePublished\":\"2021-12-06T13:25:55+00:00\",\"dateModified\":\"2021-12-06T13:32:07+00:00\",\"breadcrumb\":{\"@id\":\"https:\/\/pagina10.com\/web\/muere-alias-el-paisa\/#breadcrumb\"},\"inLanguage\":\"es\",\"potentialAction\":[{\"@type\":\"ReadAction\",\"target\":[\"https:\/\/pagina10.com\/web\/muere-alias-el-paisa\/\"]}]},{\"@type\":\"ImageObject\",\"inLanguage\":\"es\",\"@id\":\"https:\/\/pagina10.com\/web\/muere-alias-el-paisa\/#primaryimage\",\"url\":\"https:\/\/pagina10.com\/web\/wp-content\/uploads\/2021\/12\/3EMQN64RNBEHZPDKSJ32QYVC34.jpg\",\"contentUrl\":\"https:\/\/pagina10.com\/web\/wp-content\/uploads\/2021\/12\/3EMQN64RNBEHZPDKSJ32QYVC34.jpg\",\"width\":1200,\"height\":675},{\"@type\":\"BreadcrumbList\",\"@id\":\"https:\/\/pagina10.com\/web\/muere-alias-el-paisa\/#breadcrumb\",\"itemListElement\":[{\"@type\":\"ListItem\",\"position\":1,\"name\":\"Portada\",\"item\":\"https:\/\/pagina10.com\/web\/\"},{\"@type\":\"ListItem\",\"position\":2,\"name\":\"Muere alias &#8220;El Paisa&#8221;\"}]},{\"@type\":\"WebSite\",\"@id\":\"https:\/\/pagina10.com\/web\/#website\",\"url\":\"https:\/\/pagina10.com\/web\/\",\"name\":\"P\u00e1gina10\",\"description\":\"Peri\u00f3dico Regional\",\"publisher\":{\"@id\":\"https:\/\/pagina10.com\/web\/#organization\"},\"alternateName\":\"P\u00e1gina10 Peri\u00f3dico Regional\",\"potentialAction\":[{\"@type\":\"SearchAction\",\"target\":{\"@type\":\"EntryPoint\",\"urlTemplate\":\"https:\/\/pagina10.com\/web\/?s={search_term_string}\"},\"query-input\":{\"@type\":\"PropertyValueSpecification\",\"valueRequired\":true,\"valueName\":\"search_term_string\"}}],\"inLanguage\":\"es\"},{\"@type\":\"Organization\",\"@id\":\"https:\/\/pagina10.com\/web\/#organization\",\"name\":\"P\u00e1gina10\",\"alternateName\":\"P\u00e1gina10 Peri\u00f3dico Regional\",\"url\":\"https:\/\/pagina10.com\/web\/\",\"logo\":{\"@type\":\"ImageObject\",\"inLanguage\":\"es\",\"@id\":\"https:\/\/pagina10.com\/web\/#\/schema\/logo\/image\/\",\"url\":\"https:\/\/pagina10.com\/web\/wp-content\/uploads\/2024\/01\/40-pagina-10-periodico-regional-pasto.jpg\",\"contentUrl\":\"https:\/\/pagina10.com\/web\/wp-content\/uploads\/2024\/01\/40-pagina-10-periodico-regional-pasto.jpg\",\"width\":1280,\"height\":720,\"caption\":\"P\u00e1gina10\"},\"image\":{\"@id\":\"https:\/\/pagina10.com\/web\/#\/schema\/logo\/image\/\"},\"sameAs\":[\"https:\/\/www.facebook.com\/pag10com\",\"https:\/\/x.com\/Pag10com\",\"https:\/\/www.instagram.com\/pagina10col\/\",\"https:\/\/youtube.com\/channel\/pag10\",\"https:\/\/www.tiktok.com\/@p10col\"]},{\"@type\":\"Person\",\"@id\":\"https:\/\/pagina10.com\/web\/#\/schema\/person\/2efc4a090d25b667d3bc796798a3a81b\",\"name\":\"P\u00e1gina 10\",\"description\":\"P\u00e1gina 10 es un peri\u00f3dico regional que nace en Colombia, en el departamento de Nari\u00f1o, con un enfoque global, fundamentado en cuatro pilares esenciales: la libertad, el pluralismo, la inclusi\u00f3n y la independencia. P\u00e1gina 10 hace referencia a Nari\u00f1o como el d\u00e9cimo departamento creado en Colombia, despu\u00e9s de un proceso pol\u00edtico liderado por actores y actrices regionales con el fin de obtener la independencia y autonom\u00eda de nuestros territorios. Con la creaci\u00f3n de P\u00e1gina 10 se pretende abrir un escenario para el dialogo, la reflexi\u00f3n y el debate que se extienda a otras geograf\u00edas de Am\u00e9rica Latina y del planeta, en una apuesta por transformar colectivamente los desaf\u00edos de un mundo contempor\u00e1neo, m\u00e1s all\u00e1 de las fronteras impuestas.\",\"url\":\"https:\/\/pagina10.com\/web\/author\/pdiezadmin\/\"}]}<\/script>\n<!-- \/ Yoast SEO plugin. -->","yoast_head_json":{"title":"Muere alias \"El Paisa\" | P\u00e1gina10","robots":{"index":"index","follow":"follow","max-snippet":"max-snippet:-1","max-image-preview":"max-image-preview:large","max-video-preview":"max-video-preview:-1"},"canonical":"https:\/\/pagina10.com\/web\/muere-alias-el-paisa\/","og_locale":"es_ES","og_type":"article","og_title":"Muere alias \"El Paisa\" | P\u00e1gina10","og_description":"En acci\u00f3n conjunta por parte de la Fiscal\u00eda General de la Naci\u00f3n, y la DIJIN de la Polic\u00eda Nacional, se dio lugar la captura y judicializaci\u00f3n a uno de los principales enlaces de Hern\u00e1n Dar\u00edo Vel\u00e1zquez Saldarriaga, alias El Paisa, cabecilla de la estructura criminal \u2018Segunda Marquetalia\u2019 de las disidencias de las FARC. Pese a [&hellip;]","og_url":"https:\/\/pagina10.com\/web\/muere-alias-el-paisa\/","og_site_name":"P\u00e1gina10","article_publisher":"https:\/\/www.facebook.com\/pag10com","article_published_time":"2021-12-06T13:25:55+00:00","article_modified_time":"2021-12-06T13:32:07+00:00","og_image":[{"width":1200,"height":675,"url":"https:\/\/pagina10.com\/web\/wp-content\/uploads\/2021\/12\/3EMQN64RNBEHZPDKSJ32QYVC34.jpg","type":"image\/jpeg"}],"author":"P\u00e1gina 10","twitter_card":"summary_large_image","twitter_creator":"@Pag10com","twitter_site":"@Pag10com","twitter_misc":{"Escrito por":"P\u00e1gina 10","Tiempo de lectura":"1 minuto"},"schema":{"@context":"https:\/\/schema.org","@graph":[{"@type":"Article","@id":"https:\/\/pagina10.com\/web\/muere-alias-el-paisa\/#article","isPartOf":{"@id":"https:\/\/pagina10.com\/web\/muere-alias-el-paisa\/"},"author":{"name":"P\u00e1gina 10","@id":"https:\/\/pagina10.com\/web\/#\/schema\/person\/2efc4a090d25b667d3bc796798a3a81b"},"headline":"Muere alias &#8220;El Paisa&#8221;","datePublished":"2021-12-06T13:25:55+00:00","dateModified":"2021-12-06T13:32:07+00:00","mainEntityOfPage":{"@id":"https:\/\/pagina10.com\/web\/muere-alias-el-paisa\/"},"wordCount":221,"commentCount":0,"publisher":{"@id":"https:\/\/pagina10.com\/web\/#organization"},"image":{"@id":"https:\/\/pagina10.com\/web\/muere-alias-el-paisa\/#primaryimage"},"thumbnailUrl":"https:\/\/pagina10.com\/web\/wp-content\/uploads\/2021\/12\/3EMQN64RNBEHZPDKSJ32QYVC34.jpg","articleSection":["Judicial"],"inLanguage":"es","potentialAction":[{"@type":"CommentAction","name":"Comment","target":["https:\/\/pagina10.com\/web\/muere-alias-el-paisa\/#respond"]}]},{"@type":"WebPage","@id":"https:\/\/pagina10.com\/web\/muere-alias-el-paisa\/","url":"https:\/\/pagina10.com\/web\/muere-alias-el-paisa\/","name":"Muere alias \"El Paisa\" | P\u00e1gina10","isPartOf":{"@id":"https:\/\/pagina10.com\/web\/#website"},"primaryImageOfPage":{"@id":"https:\/\/pagina10.com\/web\/muere-alias-el-paisa\/#primaryimage"},"image":{"@id":"https:\/\/pagina10.com\/web\/muere-alias-el-paisa\/#primaryimage"},"thumbnailUrl":"https:\/\/pagina10.com\/web\/wp-content\/uploads\/2021\/12\/3EMQN64RNBEHZPDKSJ32QYVC34.jpg","datePublished":"2021-12-06T13:25:55+00:00","dateModified":"2021-12-06T13:32:07+00:00","breadcrumb":{"@id":"https:\/\/pagina10.com\/web\/muere-alias-el-paisa\/#breadcrumb"},"inLanguage":"es","potentialAction":[{"@type":"ReadAction","target":["https:\/\/pagina10.com\/web\/muere-alias-el-paisa\/"]}]},{"@type":"ImageObject","inLanguage":"es","@id":"https:\/\/pagina10.com\/web\/muere-alias-el-paisa\/#primaryimage","url":"https:\/\/pagina10.com\/web\/wp-content\/uploads\/2021\/12\/3EMQN64RNBEHZPDKSJ32QYVC34.jpg","contentUrl":"https:\/\/pagina10.com\/web\/wp-content\/uploads\/2021\/12\/3EMQN64RNBEHZPDKSJ32QYVC34.jpg","width":1200,"height":675},{"@type":"BreadcrumbList","@id":"https:\/\/pagina10.com\/web\/muere-alias-el-paisa\/#breadcrumb","itemListElement":[{"@type":"ListItem","position":1,"name":"Portada","item":"https:\/\/pagina10.com\/web\/"},{"@type":"ListItem","position":2,"name":"Muere alias &#8220;El Paisa&#8221;"}]},{"@type":"WebSite","@id":"https:\/\/pagina10.com\/web\/#website","url":"https:\/\/pagina10.com\/web\/","name":"P\u00e1gina10","description":"Peri\u00f3dico Regional","publisher":{"@id":"https:\/\/pagina10.com\/web\/#organization"},"alternateName":"P\u00e1gina10 Peri\u00f3dico Regional","potentialAction":[{"@type":"SearchAction","target":{"@type":"EntryPoint","urlTemplate":"https:\/\/pagina10.com\/web\/?s={search_term_string}"},"query-input":{"@type":"PropertyValueSpecification","valueRequired":true,"valueName":"search_term_string"}}],"inLanguage":"es"},{"@type":"Organization","@id":"https:\/\/pagina10.com\/web\/#organization","name":"P\u00e1gina10","alternateName":"P\u00e1gina10 Peri\u00f3dico Regional","url":"https:\/\/pagina10.com\/web\/","logo":{"@type":"ImageObject","inLanguage":"es","@id":"https:\/\/pagina10.com\/web\/#\/schema\/logo\/image\/","url":"https:\/\/pagina10.com\/web\/wp-content\/uploads\/2024\/01\/40-pagina-10-periodico-regional-pasto.jpg","contentUrl":"https:\/\/pagina10.com\/web\/wp-content\/uploads\/2024\/01\/40-pagina-10-periodico-regional-pasto.jpg","width":1280,"height":720,"caption":"P\u00e1gina10"},"image":{"@id":"https:\/\/pagina10.com\/web\/#\/schema\/logo\/image\/"},"sameAs":["https:\/\/www.facebook.com\/pag10com","https:\/\/x.com\/Pag10com","https:\/\/www.instagram.com\/pagina10col\/","https:\/\/youtube.com\/channel\/pag10","https:\/\/www.tiktok.com\/@p10col"]},{"@type":"Person","@id":"https:\/\/pagina10.com\/web\/#\/schema\/person\/2efc4a090d25b667d3bc796798a3a81b","name":"P\u00e1gina 10","description":"P\u00e1gina 10 es un peri\u00f3dico regional que nace en Colombia, en el departamento de Nari\u00f1o, con un enfoque global, fundamentado en cuatro pilares esenciales: la libertad, el pluralismo, la inclusi\u00f3n y la independencia. P\u00e1gina 10 hace referencia a Nari\u00f1o como el d\u00e9cimo departamento creado en Colombia, despu\u00e9s de un proceso pol\u00edtico liderado por actores y actrices regionales con el fin de obtener la independencia y autonom\u00eda de nuestros territorios. Con la creaci\u00f3n de P\u00e1gina 10 se pretende abrir un escenario para el dialogo, la reflexi\u00f3n y el debate que se extienda a otras geograf\u00edas de Am\u00e9rica Latina y del planeta, en una apuesta por transformar colectivamente los desaf\u00edos de un mundo contempor\u00e1neo, m\u00e1s all\u00e1 de las fronteras impuestas.","url":"https:\/\/pagina10.com\/web\/author\/pdiezadmin\/"}]}},"_links":{"self":[{"href":"https:\/\/pagina10.com\/web\/wp-json\/wp\/v2\/posts\/57323","targetHints":{"allow":["GET"]}}],"collection":[{"href":"https:\/\/pagina10.com\/web\/wp-json\/wp\/v2\/posts"}],"about":[{"href":"https:\/\/pagina10.com\/web\/wp-json\/wp\/v2\/types\/post"}],"author":[{"embeddable":true,"href":"https:\/\/pagina10.com\/web\/wp-json\/wp\/v2\/users\/1"}],"replies":[{"embeddable":true,"href":"https:\/\/pagina10.com\/web\/wp-json\/wp\/v2\/comments?post=57323"}],"version-history":[{"count":3,"href":"https:\/\/pagina10.com\/web\/wp-json\/wp\/v2\/posts\/57323\/revisions"}],"predecessor-version":[{"id":57327,"href":"https:\/\/pagina10.com\/web\/wp-json\/wp\/v2\/posts\/57323\/revisions\/57327"}],"wp:featuredmedia":[{"embeddable":true,"href":"https:\/\/pagina10.com\/web\/wp-json\/wp\/v2\/media\/57324"}],"wp:attachment":[{"href":"https:\/\/pagina10.com\/web\/wp-json\/wp\/v2\/media?parent=57323"}],"wp:term":[{"taxonomy":"category","embeddable":true,"href":"https:\/\/pagina10.com\/web\/wp-json\/wp\/v2\/categories?post=57323"},{"taxonomy":"post_tag","embeddable":true,"href":"https:\/\/pagina10.com\/web\/wp-json\/wp\/v2\/tags?post=57323"}],"curies":[{"name":"wp","href":"https:\/\/api.w.org\/{rel}","templated":true}]}}