{"id":57367,"date":"2021-12-08T21:36:22","date_gmt":"2021-12-09T02:36:22","guid":{"rendered":"https:\/\/pagina10.com\/web\/?p=57367"},"modified":"2021-12-08T21:46:38","modified_gmt":"2021-12-09T02:46:38","slug":"narinenses-le-recuerdan-al-precandidato-romero-sus-alianzas-con-sectores-del-uribismo","status":"publish","type":"post","link":"https:\/\/pagina10.com\/web\/narinenses-le-recuerdan-al-precandidato-romero-sus-alianzas-con-sectores-del-uribismo\/","title":{"rendered":"Nari\u00f1enses le recuerdan al precandidato Romero sus alianzas con sectores del uribismo"},"content":{"rendered":"<p style=\"text-align: justify;\">Luego del debate del canal Caracol con los precandidatos presidenciales del Pacto Hist\u00f3rico, \u00a0diversos l\u00edderes y periodistas nari\u00f1enses le recuerdan al exgobernador de Nari\u00f1o, Camilo Romero, sus alianzas pol\u00edticas con sectores cercanos al uribismo y con clanes pol\u00edticos para llegar al gobierno seccional.<\/p>\n<p style=\"text-align: justify;\">El cofundador del reconocido medio independiente \u201cEst\u00e1 pasando Col\u201d, Jorge Esteban Benavides Noguera, \u00a0expres\u00f3 \u201cQu\u00e9 bien que Juan Roberto Vargas le sac\u00f3 a Camilo Romero que \u00e9l tambi\u00e9n hizo alianzas con la politiquer\u00eda de Nari\u00f1o cuando fue Gobernador. Ahora Romero habla de l\u00edneas rojas con el uribismo, pero recordemos con qui\u00e9nes hizo campa\u00f1a y co-gobern\u00f3 en el Departamento.<\/p>\n<p style=\"text-align: justify;\">Se\u00f1al\u00f3 tambi\u00e9n \u201cA caciques del Partido conservador les dio las secretar\u00edas de Infraestructura, Educaci\u00f3n, G\u00e9nero y Deporte. Acuerdos con los congresistas Myriam Paredes, Eduardo Enr\u00edquez Maya (Qepd), Liliana Benavides y Felipe Mu\u00f1oz, respectivamente. Igualmente, anot\u00f3 \u201cA la familia Enr\u00edquez Rosero, uribistas y caciques del Partido de la U en Nari\u00f1o, Camilo Romero les dio la secretar\u00eda General y luego la de Agricultura. Adem\u00e1s mencion\u00f3 \u201cAl entonces senador Javier Tato \u00c1lvarez del Partido Liberal, Camilo Romero le entreg\u00f3 el Instituto Departamental de Salud. Al igual que varios de los congresistas mencionados, \u00c1lvarez tambi\u00e9n ha tenido cercan\u00eda con \u00c1lvaro Uribe e Iv\u00e1n Duque. Por lo anterior,\u00a0le solicita al precandidato Romero \u201cresponda por qu\u00e9 en su campa\u00f1a a la Gobernaci\u00f3n de Nari\u00f1o (y en su posterior administraci\u00f3n) no vio l\u00edneas rojas para aliarse con la clase politiquera tradicional y con varios caciques cercanos al uribismo.<\/p>\n<p style=\"text-align: justify;\">Al respecto el destacado periodista Paulo Paz manifest\u00f3 \u201cEl exgobernador Camilo Romero desde la campa\u00f1a para su elecci\u00f3n hizo alianzas con los pol\u00edticos m\u00e1s cercanos a \u00c1lvaro Uribe V\u00e9lez en el departamento de Nari\u00f1o. Una vez electo administr\u00f3 de la mano con ellos, sin sonrojarse, al mismo tiempo que hac\u00eda show de reclamos a Iv\u00e1n Duque\u201d<\/p>\n<p style=\"text-align: justify;\">Finalmente, el docente Chucho Mart\u00ednez concluy\u00f3 \u201cPero m\u00e1s grave que eso, es que no est\u00e1 a paz y Salvo con la justicia, ni con la \u00e9tica p\u00fablica ni con el pueblo de Nari\u00f1o al que defraud\u00f3. Por eso los llamados alternativos perdieron la gobernaci\u00f3n y los verdes no tienen candidatos a C\u00e1mara ni Senado.<\/p>\n","protected":false},"excerpt":{"rendered":"<p>Luego del debate del canal Caracol con los precandidatos presidenciales del Pacto Hist\u00f3rico, \u00a0diversos l\u00edderes y periodistas nari\u00f1enses le recuerdan al exgobernador de Nari\u00f1o, Camilo Romero, sus alianzas pol\u00edticas con sectores cercanos al uribismo y con clanes pol\u00edticos para llegar al gobierno seccional. El cofundador del reconocido medio independiente \u201cEst\u00e1 pasando Col\u201d, Jorge Esteban Benavides [&hellip;]<\/p>\n","protected":false},"author":1,"featured_media":57368,"comment_status":"open","ping_status":"open","sticky":false,"template":"","format":"standard","meta":{"footnotes":""},"categories":[94],"tags":[],"class_list":["post-57367","post","type-post","status-publish","format-standard","has-post-thumbnail","hentry","category-nacional-global-2"],"yoast_head":"<!-- This site is optimized with the Yoast SEO plugin v27.1.1 - https:\/\/yoast.com\/product\/yoast-seo-wordpress\/ -->\n<title>Nari\u00f1enses le recuerdan al precandidato Romero sus alianzas con sectores del uribismo | P\u00e1gina10<\/title>\n<meta name=\"robots\" content=\"index, follow, max-snippet:-1, max-image-preview:large, max-video-preview:-1\" \/>\n<link rel=\"canonical\" href=\"https:\/\/pagina10.com\/web\/narinenses-le-recuerdan-al-precandidato-romero-sus-alianzas-con-sectores-del-uribismo\/\" \/>\n<meta property=\"og:locale\" content=\"es_ES\" \/>\n<meta property=\"og:type\" content=\"article\" \/>\n<meta property=\"og:title\" content=\"Nari\u00f1enses le recuerdan al precandidato Romero sus alianzas con sectores del uribismo | P\u00e1gina10\" \/>\n<meta property=\"og:description\" content=\"Luego del debate del canal Caracol con los precandidatos presidenciales del Pacto Hist\u00f3rico, diversos l\u00edderes y periodistas nari\u00f1enses le recuerdan al exgobernador de Nari\u00f1o, Camilo Romero, sus alianzas pol\u00edticas con sectores cercanos al uribismo y con clanes pol\u00edticos para llegar al gobierno seccional. El cofundador del reconocido medio independiente \u201cEst\u00e1 pasando Col\u201d, Jorge Esteban Benavides [&hellip;]\" \/>\n<meta property=\"og:url\" content=\"https:\/\/pagina10.com\/web\/narinenses-le-recuerdan-al-precandidato-romero-sus-alianzas-con-sectores-del-uribismo\/\" \/>\n<meta property=\"og:site_name\" content=\"P\u00e1gina10\" \/>\n<meta property=\"article:publisher\" content=\"https:\/\/www.facebook.com\/pag10com\" \/>\n<meta property=\"article:published_time\" content=\"2021-12-09T02:36:22+00:00\" \/>\n<meta property=\"article:modified_time\" content=\"2021-12-09T02:46:38+00:00\" \/>\n<meta property=\"og:image\" content=\"https:\/\/pagina10.com\/web\/wp-content\/uploads\/2021\/12\/Captura-de-Pantalla-2021-12-08-a-las-9.35.17-p.-m..png\" \/>\n\t<meta property=\"og:image:width\" content=\"977\" \/>\n\t<meta property=\"og:image:height\" content=\"551\" \/>\n\t<meta property=\"og:image:type\" content=\"image\/png\" \/>\n<meta name=\"author\" content=\"P\u00e1gina 10\" \/>\n<meta name=\"twitter:card\" content=\"summary_large_image\" \/>\n<meta name=\"twitter:creator\" content=\"@Pag10com\" \/>\n<meta name=\"twitter:site\" content=\"@Pag10com\" \/>\n<meta name=\"twitter:label1\" content=\"Escrito por\" \/>\n\t<meta name=\"twitter:data1\" content=\"P\u00e1gina 10\" \/>\n\t<meta name=\"twitter:label2\" content=\"Tiempo de lectura\" \/>\n\t<meta name=\"twitter:data2\" content=\"2 minutos\" \/>\n<script type=\"application\/ld+json\" class=\"yoast-schema-graph\">{\"@context\":\"https:\/\/schema.org\",\"@graph\":[{\"@type\":\"Article\",\"@id\":\"https:\/\/pagina10.com\/web\/narinenses-le-recuerdan-al-precandidato-romero-sus-alianzas-con-sectores-del-uribismo\/#article\",\"isPartOf\":{\"@id\":\"https:\/\/pagina10.com\/web\/narinenses-le-recuerdan-al-precandidato-romero-sus-alianzas-con-sectores-del-uribismo\/\"},\"author\":{\"name\":\"P\u00e1gina 10\",\"@id\":\"https:\/\/pagina10.com\/web\/#\/schema\/person\/2efc4a090d25b667d3bc796798a3a81b\"},\"headline\":\"Nari\u00f1enses le recuerdan al precandidato Romero sus alianzas con sectores del uribismo\",\"datePublished\":\"2021-12-09T02:36:22+00:00\",\"dateModified\":\"2021-12-09T02:46:38+00:00\",\"mainEntityOfPage\":{\"@id\":\"https:\/\/pagina10.com\/web\/narinenses-le-recuerdan-al-precandidato-romero-sus-alianzas-con-sectores-del-uribismo\/\"},\"wordCount\":412,\"commentCount\":0,\"publisher\":{\"@id\":\"https:\/\/pagina10.com\/web\/#organization\"},\"image\":{\"@id\":\"https:\/\/pagina10.com\/web\/narinenses-le-recuerdan-al-precandidato-romero-sus-alianzas-con-sectores-del-uribismo\/#primaryimage\"},\"thumbnailUrl\":\"https:\/\/pagina10.com\/web\/wp-content\/uploads\/2021\/12\/Captura-de-Pantalla-2021-12-08-a-las-9.35.17-p.-m..png\",\"articleSection\":[\"Nacional\"],\"inLanguage\":\"es\",\"potentialAction\":[{\"@type\":\"CommentAction\",\"name\":\"Comment\",\"target\":[\"https:\/\/pagina10.com\/web\/narinenses-le-recuerdan-al-precandidato-romero-sus-alianzas-con-sectores-del-uribismo\/#respond\"]}]},{\"@type\":\"WebPage\",\"@id\":\"https:\/\/pagina10.com\/web\/narinenses-le-recuerdan-al-precandidato-romero-sus-alianzas-con-sectores-del-uribismo\/\",\"url\":\"https:\/\/pagina10.com\/web\/narinenses-le-recuerdan-al-precandidato-romero-sus-alianzas-con-sectores-del-uribismo\/\",\"name\":\"Nari\u00f1enses le recuerdan al precandidato Romero sus alianzas con sectores del uribismo | P\u00e1gina10\",\"isPartOf\":{\"@id\":\"https:\/\/pagina10.com\/web\/#website\"},\"primaryImageOfPage\":{\"@id\":\"https:\/\/pagina10.com\/web\/narinenses-le-recuerdan-al-precandidato-romero-sus-alianzas-con-sectores-del-uribismo\/#primaryimage\"},\"image\":{\"@id\":\"https:\/\/pagina10.com\/web\/narinenses-le-recuerdan-al-precandidato-romero-sus-alianzas-con-sectores-del-uribismo\/#primaryimage\"},\"thumbnailUrl\":\"https:\/\/pagina10.com\/web\/wp-content\/uploads\/2021\/12\/Captura-de-Pantalla-2021-12-08-a-las-9.35.17-p.-m..png\",\"datePublished\":\"2021-12-09T02:36:22+00:00\",\"dateModified\":\"2021-12-09T02:46:38+00:00\",\"breadcrumb\":{\"@id\":\"https:\/\/pagina10.com\/web\/narinenses-le-recuerdan-al-precandidato-romero-sus-alianzas-con-sectores-del-uribismo\/#breadcrumb\"},\"inLanguage\":\"es\",\"potentialAction\":[{\"@type\":\"ReadAction\",\"target\":[\"https:\/\/pagina10.com\/web\/narinenses-le-recuerdan-al-precandidato-romero-sus-alianzas-con-sectores-del-uribismo\/\"]}]},{\"@type\":\"ImageObject\",\"inLanguage\":\"es\",\"@id\":\"https:\/\/pagina10.com\/web\/narinenses-le-recuerdan-al-precandidato-romero-sus-alianzas-con-sectores-del-uribismo\/#primaryimage\",\"url\":\"https:\/\/pagina10.com\/web\/wp-content\/uploads\/2021\/12\/Captura-de-Pantalla-2021-12-08-a-las-9.35.17-p.-m..png\",\"contentUrl\":\"https:\/\/pagina10.com\/web\/wp-content\/uploads\/2021\/12\/Captura-de-Pantalla-2021-12-08-a-las-9.35.17-p.-m..png\",\"width\":977,\"height\":551},{\"@type\":\"BreadcrumbList\",\"@id\":\"https:\/\/pagina10.com\/web\/narinenses-le-recuerdan-al-precandidato-romero-sus-alianzas-con-sectores-del-uribismo\/#breadcrumb\",\"itemListElement\":[{\"@type\":\"ListItem\",\"position\":1,\"name\":\"Portada\",\"item\":\"https:\/\/pagina10.com\/web\/\"},{\"@type\":\"ListItem\",\"position\":2,\"name\":\"Nari\u00f1enses le recuerdan al precandidato Romero sus alianzas con sectores del uribismo\"}]},{\"@type\":\"WebSite\",\"@id\":\"https:\/\/pagina10.com\/web\/#website\",\"url\":\"https:\/\/pagina10.com\/web\/\",\"name\":\"P\u00e1gina10\",\"description\":\"Peri\u00f3dico Regional\",\"publisher\":{\"@id\":\"https:\/\/pagina10.com\/web\/#organization\"},\"alternateName\":\"P\u00e1gina10 Peri\u00f3dico Regional\",\"potentialAction\":[{\"@type\":\"SearchAction\",\"target\":{\"@type\":\"EntryPoint\",\"urlTemplate\":\"https:\/\/pagina10.com\/web\/?s={search_term_string}\"},\"query-input\":{\"@type\":\"PropertyValueSpecification\",\"valueRequired\":true,\"valueName\":\"search_term_string\"}}],\"inLanguage\":\"es\"},{\"@type\":\"Organization\",\"@id\":\"https:\/\/pagina10.com\/web\/#organization\",\"name\":\"P\u00e1gina10\",\"alternateName\":\"P\u00e1gina10 Peri\u00f3dico Regional\",\"url\":\"https:\/\/pagina10.com\/web\/\",\"logo\":{\"@type\":\"ImageObject\",\"inLanguage\":\"es\",\"@id\":\"https:\/\/pagina10.com\/web\/#\/schema\/logo\/image\/\",\"url\":\"https:\/\/pagina10.com\/web\/wp-content\/uploads\/2024\/01\/40-pagina-10-periodico-regional-pasto.jpg\",\"contentUrl\":\"https:\/\/pagina10.com\/web\/wp-content\/uploads\/2024\/01\/40-pagina-10-periodico-regional-pasto.jpg\",\"width\":1280,\"height\":720,\"caption\":\"P\u00e1gina10\"},\"image\":{\"@id\":\"https:\/\/pagina10.com\/web\/#\/schema\/logo\/image\/\"},\"sameAs\":[\"https:\/\/www.facebook.com\/pag10com\",\"https:\/\/x.com\/Pag10com\",\"https:\/\/www.instagram.com\/pagina10col\/\",\"https:\/\/youtube.com\/channel\/pag10\",\"https:\/\/www.tiktok.com\/@p10col\"]},{\"@type\":\"Person\",\"@id\":\"https:\/\/pagina10.com\/web\/#\/schema\/person\/2efc4a090d25b667d3bc796798a3a81b\",\"name\":\"P\u00e1gina 10\",\"description\":\"P\u00e1gina 10 es un peri\u00f3dico regional que nace en Colombia, en el departamento de Nari\u00f1o, con un enfoque global, fundamentado en cuatro pilares esenciales: la libertad, el pluralismo, la inclusi\u00f3n y la independencia. P\u00e1gina 10 hace referencia a Nari\u00f1o como el d\u00e9cimo departamento creado en Colombia, despu\u00e9s de un proceso pol\u00edtico liderado por actores y actrices regionales con el fin de obtener la independencia y autonom\u00eda de nuestros territorios. Con la creaci\u00f3n de P\u00e1gina 10 se pretende abrir un escenario para el dialogo, la reflexi\u00f3n y el debate que se extienda a otras geograf\u00edas de Am\u00e9rica Latina y del planeta, en una apuesta por transformar colectivamente los desaf\u00edos de un mundo contempor\u00e1neo, m\u00e1s all\u00e1 de las fronteras impuestas.\",\"url\":\"https:\/\/pagina10.com\/web\/author\/pdiezadmin\/\"}]}<\/script>\n<!-- \/ Yoast SEO plugin. -->","yoast_head_json":{"title":"Nari\u00f1enses le recuerdan al precandidato Romero sus alianzas con sectores del uribismo | P\u00e1gina10","robots":{"index":"index","follow":"follow","max-snippet":"max-snippet:-1","max-image-preview":"max-image-preview:large","max-video-preview":"max-video-preview:-1"},"canonical":"https:\/\/pagina10.com\/web\/narinenses-le-recuerdan-al-precandidato-romero-sus-alianzas-con-sectores-del-uribismo\/","og_locale":"es_ES","og_type":"article","og_title":"Nari\u00f1enses le recuerdan al precandidato Romero sus alianzas con sectores del uribismo | P\u00e1gina10","og_description":"Luego del debate del canal Caracol con los precandidatos presidenciales del Pacto Hist\u00f3rico, diversos l\u00edderes y periodistas nari\u00f1enses le recuerdan al exgobernador de Nari\u00f1o, Camilo Romero, sus alianzas pol\u00edticas con sectores cercanos al uribismo y con clanes pol\u00edticos para llegar al gobierno seccional. El cofundador del reconocido medio independiente \u201cEst\u00e1 pasando Col\u201d, Jorge Esteban Benavides [&hellip;]","og_url":"https:\/\/pagina10.com\/web\/narinenses-le-recuerdan-al-precandidato-romero-sus-alianzas-con-sectores-del-uribismo\/","og_site_name":"P\u00e1gina10","article_publisher":"https:\/\/www.facebook.com\/pag10com","article_published_time":"2021-12-09T02:36:22+00:00","article_modified_time":"2021-12-09T02:46:38+00:00","og_image":[{"width":977,"height":551,"url":"https:\/\/pagina10.com\/web\/wp-content\/uploads\/2021\/12\/Captura-de-Pantalla-2021-12-08-a-las-9.35.17-p.-m..png","type":"image\/png"}],"author":"P\u00e1gina 10","twitter_card":"summary_large_image","twitter_creator":"@Pag10com","twitter_site":"@Pag10com","twitter_misc":{"Escrito por":"P\u00e1gina 10","Tiempo de lectura":"2 minutos"},"schema":{"@context":"https:\/\/schema.org","@graph":[{"@type":"Article","@id":"https:\/\/pagina10.com\/web\/narinenses-le-recuerdan-al-precandidato-romero-sus-alianzas-con-sectores-del-uribismo\/#article","isPartOf":{"@id":"https:\/\/pagina10.com\/web\/narinenses-le-recuerdan-al-precandidato-romero-sus-alianzas-con-sectores-del-uribismo\/"},"author":{"name":"P\u00e1gina 10","@id":"https:\/\/pagina10.com\/web\/#\/schema\/person\/2efc4a090d25b667d3bc796798a3a81b"},"headline":"Nari\u00f1enses le recuerdan al precandidato Romero sus alianzas con sectores del uribismo","datePublished":"2021-12-09T02:36:22+00:00","dateModified":"2021-12-09T02:46:38+00:00","mainEntityOfPage":{"@id":"https:\/\/pagina10.com\/web\/narinenses-le-recuerdan-al-precandidato-romero-sus-alianzas-con-sectores-del-uribismo\/"},"wordCount":412,"commentCount":0,"publisher":{"@id":"https:\/\/pagina10.com\/web\/#organization"},"image":{"@id":"https:\/\/pagina10.com\/web\/narinenses-le-recuerdan-al-precandidato-romero-sus-alianzas-con-sectores-del-uribismo\/#primaryimage"},"thumbnailUrl":"https:\/\/pagina10.com\/web\/wp-content\/uploads\/2021\/12\/Captura-de-Pantalla-2021-12-08-a-las-9.35.17-p.-m..png","articleSection":["Nacional"],"inLanguage":"es","potentialAction":[{"@type":"CommentAction","name":"Comment","target":["https:\/\/pagina10.com\/web\/narinenses-le-recuerdan-al-precandidato-romero-sus-alianzas-con-sectores-del-uribismo\/#respond"]}]},{"@type":"WebPage","@id":"https:\/\/pagina10.com\/web\/narinenses-le-recuerdan-al-precandidato-romero-sus-alianzas-con-sectores-del-uribismo\/","url":"https:\/\/pagina10.com\/web\/narinenses-le-recuerdan-al-precandidato-romero-sus-alianzas-con-sectores-del-uribismo\/","name":"Nari\u00f1enses le recuerdan al precandidato Romero sus alianzas con sectores del uribismo | P\u00e1gina10","isPartOf":{"@id":"https:\/\/pagina10.com\/web\/#website"},"primaryImageOfPage":{"@id":"https:\/\/pagina10.com\/web\/narinenses-le-recuerdan-al-precandidato-romero-sus-alianzas-con-sectores-del-uribismo\/#primaryimage"},"image":{"@id":"https:\/\/pagina10.com\/web\/narinenses-le-recuerdan-al-precandidato-romero-sus-alianzas-con-sectores-del-uribismo\/#primaryimage"},"thumbnailUrl":"https:\/\/pagina10.com\/web\/wp-content\/uploads\/2021\/12\/Captura-de-Pantalla-2021-12-08-a-las-9.35.17-p.-m..png","datePublished":"2021-12-09T02:36:22+00:00","dateModified":"2021-12-09T02:46:38+00:00","breadcrumb":{"@id":"https:\/\/pagina10.com\/web\/narinenses-le-recuerdan-al-precandidato-romero-sus-alianzas-con-sectores-del-uribismo\/#breadcrumb"},"inLanguage":"es","potentialAction":[{"@type":"ReadAction","target":["https:\/\/pagina10.com\/web\/narinenses-le-recuerdan-al-precandidato-romero-sus-alianzas-con-sectores-del-uribismo\/"]}]},{"@type":"ImageObject","inLanguage":"es","@id":"https:\/\/pagina10.com\/web\/narinenses-le-recuerdan-al-precandidato-romero-sus-alianzas-con-sectores-del-uribismo\/#primaryimage","url":"https:\/\/pagina10.com\/web\/wp-content\/uploads\/2021\/12\/Captura-de-Pantalla-2021-12-08-a-las-9.35.17-p.-m..png","contentUrl":"https:\/\/pagina10.com\/web\/wp-content\/uploads\/2021\/12\/Captura-de-Pantalla-2021-12-08-a-las-9.35.17-p.-m..png","width":977,"height":551},{"@type":"BreadcrumbList","@id":"https:\/\/pagina10.com\/web\/narinenses-le-recuerdan-al-precandidato-romero-sus-alianzas-con-sectores-del-uribismo\/#breadcrumb","itemListElement":[{"@type":"ListItem","position":1,"name":"Portada","item":"https:\/\/pagina10.com\/web\/"},{"@type":"ListItem","position":2,"name":"Nari\u00f1enses le recuerdan al precandidato Romero sus alianzas con sectores del uribismo"}]},{"@type":"WebSite","@id":"https:\/\/pagina10.com\/web\/#website","url":"https:\/\/pagina10.com\/web\/","name":"P\u00e1gina10","description":"Peri\u00f3dico Regional","publisher":{"@id":"https:\/\/pagina10.com\/web\/#organization"},"alternateName":"P\u00e1gina10 Peri\u00f3dico Regional","potentialAction":[{"@type":"SearchAction","target":{"@type":"EntryPoint","urlTemplate":"https:\/\/pagina10.com\/web\/?s={search_term_string}"},"query-input":{"@type":"PropertyValueSpecification","valueRequired":true,"valueName":"search_term_string"}}],"inLanguage":"es"},{"@type":"Organization","@id":"https:\/\/pagina10.com\/web\/#organization","name":"P\u00e1gina10","alternateName":"P\u00e1gina10 Peri\u00f3dico Regional","url":"https:\/\/pagina10.com\/web\/","logo":{"@type":"ImageObject","inLanguage":"es","@id":"https:\/\/pagina10.com\/web\/#\/schema\/logo\/image\/","url":"https:\/\/pagina10.com\/web\/wp-content\/uploads\/2024\/01\/40-pagina-10-periodico-regional-pasto.jpg","contentUrl":"https:\/\/pagina10.com\/web\/wp-content\/uploads\/2024\/01\/40-pagina-10-periodico-regional-pasto.jpg","width":1280,"height":720,"caption":"P\u00e1gina10"},"image":{"@id":"https:\/\/pagina10.com\/web\/#\/schema\/logo\/image\/"},"sameAs":["https:\/\/www.facebook.com\/pag10com","https:\/\/x.com\/Pag10com","https:\/\/www.instagram.com\/pagina10col\/","https:\/\/youtube.com\/channel\/pag10","https:\/\/www.tiktok.com\/@p10col"]},{"@type":"Person","@id":"https:\/\/pagina10.com\/web\/#\/schema\/person\/2efc4a090d25b667d3bc796798a3a81b","name":"P\u00e1gina 10","description":"P\u00e1gina 10 es un peri\u00f3dico regional que nace en Colombia, en el departamento de Nari\u00f1o, con un enfoque global, fundamentado en cuatro pilares esenciales: la libertad, el pluralismo, la inclusi\u00f3n y la independencia. P\u00e1gina 10 hace referencia a Nari\u00f1o como el d\u00e9cimo departamento creado en Colombia, despu\u00e9s de un proceso pol\u00edtico liderado por actores y actrices regionales con el fin de obtener la independencia y autonom\u00eda de nuestros territorios. Con la creaci\u00f3n de P\u00e1gina 10 se pretende abrir un escenario para el dialogo, la reflexi\u00f3n y el debate que se extienda a otras geograf\u00edas de Am\u00e9rica Latina y del planeta, en una apuesta por transformar colectivamente los desaf\u00edos de un mundo contempor\u00e1neo, m\u00e1s all\u00e1 de las fronteras impuestas.","url":"https:\/\/pagina10.com\/web\/author\/pdiezadmin\/"}]}},"_links":{"self":[{"href":"https:\/\/pagina10.com\/web\/wp-json\/wp\/v2\/posts\/57367","targetHints":{"allow":["GET"]}}],"collection":[{"href":"https:\/\/pagina10.com\/web\/wp-json\/wp\/v2\/posts"}],"about":[{"href":"https:\/\/pagina10.com\/web\/wp-json\/wp\/v2\/types\/post"}],"author":[{"embeddable":true,"href":"https:\/\/pagina10.com\/web\/wp-json\/wp\/v2\/users\/1"}],"replies":[{"embeddable":true,"href":"https:\/\/pagina10.com\/web\/wp-json\/wp\/v2\/comments?post=57367"}],"version-history":[{"count":3,"href":"https:\/\/pagina10.com\/web\/wp-json\/wp\/v2\/posts\/57367\/revisions"}],"predecessor-version":[{"id":57371,"href":"https:\/\/pagina10.com\/web\/wp-json\/wp\/v2\/posts\/57367\/revisions\/57371"}],"wp:featuredmedia":[{"embeddable":true,"href":"https:\/\/pagina10.com\/web\/wp-json\/wp\/v2\/media\/57368"}],"wp:attachment":[{"href":"https:\/\/pagina10.com\/web\/wp-json\/wp\/v2\/media?parent=57367"}],"wp:term":[{"taxonomy":"category","embeddable":true,"href":"https:\/\/pagina10.com\/web\/wp-json\/wp\/v2\/categories?post=57367"},{"taxonomy":"post_tag","embeddable":true,"href":"https:\/\/pagina10.com\/web\/wp-json\/wp\/v2\/tags?post=57367"}],"curies":[{"name":"wp","href":"https:\/\/api.w.org\/{rel}","templated":true}]}}