{"id":57379,"date":"2021-12-09T20:00:23","date_gmt":"2021-12-10T01:00:23","guid":{"rendered":"https:\/\/pagina10.com\/web\/?p=57379"},"modified":"2021-12-09T20:00:23","modified_gmt":"2021-12-10T01:00:23","slug":"la-urgente-e-inaplazable-necesidad-de-implementar-una-educacion-en-cultura-regional","status":"publish","type":"post","link":"https:\/\/pagina10.com\/web\/la-urgente-e-inaplazable-necesidad-de-implementar-una-educacion-en-cultura-regional\/","title":{"rendered":"La urgente e inaplazable necesidad de implementar una educaci\u00f3n en cultura regional."},"content":{"rendered":"<p style=\"text-align: justify;\">Gracias una cordial invitaci\u00f3n que me formulara la Corporaci\u00f3n Tecnol\u00f3gica de Educaci\u00f3n Superior \u2013 Sapienza-, merced a la gentil sugerencia de la especialista Sandra Delgado, tuve el honor de brindar una conferencia a un destacado grupo de funcionarios de la alcald\u00eda municipal de Pasto. El tema sobre CULTURA REGIONAL nos permiti\u00f3 abordar t\u00f3picos de car\u00e1cter hist\u00f3rico, filos\u00f3fico, literario y administrativo.<\/p>\n<p style=\"text-align: justify;\">En la sede de la Corporaci\u00f3n Universitaria Remington nos dimos cita un grupo de personas interesadas en conocer aspectos in\u00e9ditos de nuestra historia. Para este prop\u00f3sito formul\u00e9 una cordial invitaci\u00f3n al historiador ENRIQUE HERRERA ENRIQUEZ quien se llev\u00f3 todos los aplausos y reconocimientos de los asistentes por su juiciosa y magistral disertaci\u00f3n que nos permiti\u00f3 conocer y profundizar en un tema crucial para los nari\u00f1enses.<\/p>\n<p style=\"text-align: justify;\">Funcionarios de Salud P\u00fablica, Transportes y Tr\u00e1nsito, Administrativos de la Educaci\u00f3n, de Gobierno y del despacho de la alcald\u00eda municipal disfrutaron un conversatorio que les permiti\u00f3 despejar una serie de inquietudes referentes al devenir hist\u00f3rico de nuestra regi\u00f3n.<\/p>\n<p style=\"text-align: justify;\">El historiador Enrique Herrera Enr\u00edquez inici\u00f3 su charla abordando aspectos geogr\u00e1ficos de nuestra regi\u00f3n, pobladores y acontecimientos sobresalientes. Posteriormente continu\u00f3 su recorrido tratando una tem\u00e1tica en clara referencia a la historia de Pasto, su fundaci\u00f3n, personajes sobresalientes, batallas, presencia de Antonio Nari\u00f1o, Bol\u00edvar y Sucre. Cap\u00edtulo especial mereci\u00f3 la irrupci\u00f3n de Agust\u00edn Agualongo en los aciagos d\u00edas de la guerra. Igualmente disert\u00f3 sobre el papel desempe\u00f1ado por la mujer en la defensa de Pasto y sus valores, lo mismo que los aciagos acontecimientos de la navidad Negra.<\/p>\n<p style=\"text-align: justify;\">Los asistentes coincidieron en afirmar que este tipo de charlas deben brindarse con mayor frecuencia por cuanto son la gran oportunidad de conocer y valorar en su real dimensi\u00f3n hechos hist\u00f3ricos que no los narra ni cuenta la historia oficial y, por el contrario, los oculta en detrimento de una cultura como la nari\u00f1ense. Sus expresiones de admiraci\u00f3n y respeto por el conferencista fueron la clara muestra de la necesidad de implementar una catedra o, por lo menos, unos conversatorios que nos aproximen al conocimiento de nuestra historia.<\/p>\n<p style=\"text-align: justify;\">En horas de la tarde abordamos aspectos relacionados con nuestros personajes m\u00e1s sobresalientes en las artes, la literatura, la ciencia y el arte. Nombres como los de Julio Cesar Benavides Chamorro, Plinio Enr\u00edquez, Luis Felipe de la Rosa, Jos\u00e9 Rafael Sa\u00f1udo, Vicente P\u00e9rez Silva, Juli\u00e1n Buchely y de toda una gama de personajes sobresalientes nos permitieron aproximarnos a la figura y comprensi\u00f3n de sus luchas de estos prohombres que con su inteligencia y capacidad le dieron brillo a nuestra regi\u00f3n en el mundo desde su compleja percepci\u00f3n cultural e intelectual.<\/p>\n<p style=\"text-align: justify;\">Fue muy agradable disertar sobre el reconocimiento que recientemente hiciera la UNESCO la ciudad de Pasto como CIUDAD CREADORA, las implicaciones art\u00edsticas y empresariales que esto conlleva y la gran oportunidad de iniciar a generar procesos de emprendimiento creativo.<\/p>\n<p style=\"text-align: justify;\">En horas de la tarde los asistentes recibieron la sorpresa de una entrega de libros donados por el concejal de Pasto y coautor del texto ALVARO FIGUEROA MORA, \u201cEL CONCEJO DE PASTO \u2013 EL UMBRAL DE LA DEMOCRACIA, permitir\u00e1 profundizar en el conocimiento de nuestra regi\u00f3n, historia, administraci\u00f3n, funciones de concejales y alcalde y, sobre todo, manejo y funcionamiento administrativo de nuestro municipio lo mismo que el desarrollo hist\u00f3rico de esta corporaci\u00f3n democr\u00e1tica.<\/p>\n<p style=\"text-align: justify;\">Entre las recomendaciones formuladas por los asistentes podemos destacar la necesidad de implementar este tipo de charlas con funcionarios de la alcald\u00eda municipal por cuanto facilita una mayor comprensi\u00f3n de su devenir, presente y futuro; eleva la autoestima y brinda herramientas para un debate serio y reflexivo.<\/p>\n<p style=\"text-align: justify;\">Nuestra gracias a la Corporaci\u00f3n Tecnol\u00f3gica de Educaci\u00f3n Superior \u2013 Sapienza-, por permitirnos estos espacios y por ser art\u00edfice de estas charlas que significan una mayor comprensi\u00f3n de nuestra cultura y una verdadera valoraci\u00f3n de la regi\u00f3n.<\/p>\n","protected":false},"excerpt":{"rendered":"<p>Gracias una cordial invitaci\u00f3n que me formulara la Corporaci\u00f3n Tecnol\u00f3gica de Educaci\u00f3n Superior \u2013 Sapienza-, merced a la gentil sugerencia de la especialista Sandra Delgado, tuve el honor de brindar una conferencia a un destacado grupo de funcionarios de la alcald\u00eda municipal de Pasto. El tema sobre CULTURA REGIONAL nos permiti\u00f3 abordar t\u00f3picos de car\u00e1cter [&hellip;]<\/p>\n","protected":false},"author":46,"featured_media":57380,"comment_status":"open","ping_status":"open","sticky":false,"template":"","format":"standard","meta":{"footnotes":""},"categories":[1549],"tags":[],"class_list":["post-57379","post","type-post","status-publish","format-standard","has-post-thumbnail","hentry","category-educacion-innovacion-3"],"yoast_head":"<!-- This site is optimized with the Yoast SEO plugin v27.1.1 - https:\/\/yoast.com\/product\/yoast-seo-wordpress\/ -->\n<title>La urgente e inaplazable necesidad de implementar una educaci\u00f3n en cultura regional. | P\u00e1gina10<\/title>\n<meta name=\"robots\" content=\"index, follow, max-snippet:-1, max-image-preview:large, max-video-preview:-1\" \/>\n<link rel=\"canonical\" href=\"https:\/\/pagina10.com\/web\/la-urgente-e-inaplazable-necesidad-de-implementar-una-educacion-en-cultura-regional\/\" \/>\n<meta property=\"og:locale\" content=\"es_ES\" \/>\n<meta property=\"og:type\" content=\"article\" \/>\n<meta property=\"og:title\" content=\"La urgente e inaplazable necesidad de implementar una educaci\u00f3n en cultura regional. | P\u00e1gina10\" \/>\n<meta property=\"og:description\" content=\"Gracias una cordial invitaci\u00f3n que me formulara la Corporaci\u00f3n Tecnol\u00f3gica de Educaci\u00f3n Superior \u2013 Sapienza-, merced a la gentil sugerencia de la especialista Sandra Delgado, tuve el honor de brindar una conferencia a un destacado grupo de funcionarios de la alcald\u00eda municipal de Pasto. El tema sobre CULTURA REGIONAL nos permiti\u00f3 abordar t\u00f3picos de car\u00e1cter [&hellip;]\" \/>\n<meta property=\"og:url\" content=\"https:\/\/pagina10.com\/web\/la-urgente-e-inaplazable-necesidad-de-implementar-una-educacion-en-cultura-regional\/\" \/>\n<meta property=\"og:site_name\" content=\"P\u00e1gina10\" \/>\n<meta property=\"article:publisher\" content=\"https:\/\/www.facebook.com\/pag10com\" \/>\n<meta property=\"article:published_time\" content=\"2021-12-10T01:00:23+00:00\" \/>\n<meta property=\"og:image\" content=\"https:\/\/pagina10.com\/web\/wp-content\/uploads\/2021\/12\/WhatsApp-Image-2021-12-09-at-11.44.54-AM.jpeg\" \/>\n\t<meta property=\"og:image:width\" content=\"1600\" \/>\n\t<meta property=\"og:image:height\" content=\"1200\" \/>\n\t<meta property=\"og:image:type\" content=\"image\/jpeg\" \/>\n<meta name=\"author\" content=\"Pablo Emilio Obando Acosta\" \/>\n<meta name=\"twitter:card\" content=\"summary_large_image\" \/>\n<meta name=\"twitter:creator\" content=\"@Pag10com\" \/>\n<meta name=\"twitter:site\" content=\"@Pag10com\" \/>\n<meta name=\"twitter:label1\" content=\"Escrito por\" \/>\n\t<meta name=\"twitter:data1\" content=\"Pablo Emilio Obando Acosta\" \/>\n\t<meta name=\"twitter:label2\" content=\"Tiempo de lectura\" \/>\n\t<meta name=\"twitter:data2\" content=\"3 minutos\" \/>\n<script type=\"application\/ld+json\" class=\"yoast-schema-graph\">{\"@context\":\"https:\/\/schema.org\",\"@graph\":[{\"@type\":\"Article\",\"@id\":\"https:\/\/pagina10.com\/web\/la-urgente-e-inaplazable-necesidad-de-implementar-una-educacion-en-cultura-regional\/#article\",\"isPartOf\":{\"@id\":\"https:\/\/pagina10.com\/web\/la-urgente-e-inaplazable-necesidad-de-implementar-una-educacion-en-cultura-regional\/\"},\"author\":{\"name\":\"Pablo Emilio Obando Acosta\",\"@id\":\"https:\/\/pagina10.com\/web\/#\/schema\/person\/3d3687c9f037834284853a963ee45123\"},\"headline\":\"La urgente e inaplazable necesidad de implementar una educaci\u00f3n en cultura regional.\",\"datePublished\":\"2021-12-10T01:00:23+00:00\",\"mainEntityOfPage\":{\"@id\":\"https:\/\/pagina10.com\/web\/la-urgente-e-inaplazable-necesidad-de-implementar-una-educacion-en-cultura-regional\/\"},\"wordCount\":694,\"commentCount\":0,\"publisher\":{\"@id\":\"https:\/\/pagina10.com\/web\/#organization\"},\"image\":{\"@id\":\"https:\/\/pagina10.com\/web\/la-urgente-e-inaplazable-necesidad-de-implementar-una-educacion-en-cultura-regional\/#primaryimage\"},\"thumbnailUrl\":\"https:\/\/pagina10.com\/web\/wp-content\/uploads\/2021\/12\/WhatsApp-Image-2021-12-09-at-11.44.54-AM.jpeg\",\"articleSection\":[\"Educaci\u00f3n\"],\"inLanguage\":\"es\",\"potentialAction\":[{\"@type\":\"CommentAction\",\"name\":\"Comment\",\"target\":[\"https:\/\/pagina10.com\/web\/la-urgente-e-inaplazable-necesidad-de-implementar-una-educacion-en-cultura-regional\/#respond\"]}]},{\"@type\":\"WebPage\",\"@id\":\"https:\/\/pagina10.com\/web\/la-urgente-e-inaplazable-necesidad-de-implementar-una-educacion-en-cultura-regional\/\",\"url\":\"https:\/\/pagina10.com\/web\/la-urgente-e-inaplazable-necesidad-de-implementar-una-educacion-en-cultura-regional\/\",\"name\":\"La urgente e inaplazable necesidad de implementar una educaci\u00f3n en cultura regional. | P\u00e1gina10\",\"isPartOf\":{\"@id\":\"https:\/\/pagina10.com\/web\/#website\"},\"primaryImageOfPage\":{\"@id\":\"https:\/\/pagina10.com\/web\/la-urgente-e-inaplazable-necesidad-de-implementar-una-educacion-en-cultura-regional\/#primaryimage\"},\"image\":{\"@id\":\"https:\/\/pagina10.com\/web\/la-urgente-e-inaplazable-necesidad-de-implementar-una-educacion-en-cultura-regional\/#primaryimage\"},\"thumbnailUrl\":\"https:\/\/pagina10.com\/web\/wp-content\/uploads\/2021\/12\/WhatsApp-Image-2021-12-09-at-11.44.54-AM.jpeg\",\"datePublished\":\"2021-12-10T01:00:23+00:00\",\"breadcrumb\":{\"@id\":\"https:\/\/pagina10.com\/web\/la-urgente-e-inaplazable-necesidad-de-implementar-una-educacion-en-cultura-regional\/#breadcrumb\"},\"inLanguage\":\"es\",\"potentialAction\":[{\"@type\":\"ReadAction\",\"target\":[\"https:\/\/pagina10.com\/web\/la-urgente-e-inaplazable-necesidad-de-implementar-una-educacion-en-cultura-regional\/\"]}]},{\"@type\":\"ImageObject\",\"inLanguage\":\"es\",\"@id\":\"https:\/\/pagina10.com\/web\/la-urgente-e-inaplazable-necesidad-de-implementar-una-educacion-en-cultura-regional\/#primaryimage\",\"url\":\"https:\/\/pagina10.com\/web\/wp-content\/uploads\/2021\/12\/WhatsApp-Image-2021-12-09-at-11.44.54-AM.jpeg\",\"contentUrl\":\"https:\/\/pagina10.com\/web\/wp-content\/uploads\/2021\/12\/WhatsApp-Image-2021-12-09-at-11.44.54-AM.jpeg\",\"width\":1600,\"height\":1200},{\"@type\":\"BreadcrumbList\",\"@id\":\"https:\/\/pagina10.com\/web\/la-urgente-e-inaplazable-necesidad-de-implementar-una-educacion-en-cultura-regional\/#breadcrumb\",\"itemListElement\":[{\"@type\":\"ListItem\",\"position\":1,\"name\":\"Portada\",\"item\":\"https:\/\/pagina10.com\/web\/\"},{\"@type\":\"ListItem\",\"position\":2,\"name\":\"La urgente e inaplazable necesidad de implementar una educaci\u00f3n en cultura regional.\"}]},{\"@type\":\"WebSite\",\"@id\":\"https:\/\/pagina10.com\/web\/#website\",\"url\":\"https:\/\/pagina10.com\/web\/\",\"name\":\"P\u00e1gina10\",\"description\":\"Peri\u00f3dico Regional\",\"publisher\":{\"@id\":\"https:\/\/pagina10.com\/web\/#organization\"},\"alternateName\":\"P\u00e1gina10 Peri\u00f3dico Regional\",\"potentialAction\":[{\"@type\":\"SearchAction\",\"target\":{\"@type\":\"EntryPoint\",\"urlTemplate\":\"https:\/\/pagina10.com\/web\/?s={search_term_string}\"},\"query-input\":{\"@type\":\"PropertyValueSpecification\",\"valueRequired\":true,\"valueName\":\"search_term_string\"}}],\"inLanguage\":\"es\"},{\"@type\":\"Organization\",\"@id\":\"https:\/\/pagina10.com\/web\/#organization\",\"name\":\"P\u00e1gina10\",\"alternateName\":\"P\u00e1gina10 Peri\u00f3dico Regional\",\"url\":\"https:\/\/pagina10.com\/web\/\",\"logo\":{\"@type\":\"ImageObject\",\"inLanguage\":\"es\",\"@id\":\"https:\/\/pagina10.com\/web\/#\/schema\/logo\/image\/\",\"url\":\"https:\/\/pagina10.com\/web\/wp-content\/uploads\/2024\/01\/40-pagina-10-periodico-regional-pasto.jpg\",\"contentUrl\":\"https:\/\/pagina10.com\/web\/wp-content\/uploads\/2024\/01\/40-pagina-10-periodico-regional-pasto.jpg\",\"width\":1280,\"height\":720,\"caption\":\"P\u00e1gina10\"},\"image\":{\"@id\":\"https:\/\/pagina10.com\/web\/#\/schema\/logo\/image\/\"},\"sameAs\":[\"https:\/\/www.facebook.com\/pag10com\",\"https:\/\/x.com\/Pag10com\",\"https:\/\/www.instagram.com\/pagina10col\/\",\"https:\/\/youtube.com\/channel\/pag10\",\"https:\/\/www.tiktok.com\/@p10col\"]},{\"@type\":\"Person\",\"@id\":\"https:\/\/pagina10.com\/web\/#\/schema\/person\/3d3687c9f037834284853a963ee45123\",\"name\":\"Pablo Emilio Obando Acosta\",\"description\":\"PABLO EMILIO OBANDO ACOSTA Nace en el a\u00f1o de 1965. Bachiller acad\u00e9mico Modalidad Humanidades del INEM de Pasto. En 1989 culmina sus estudios universitarios en la Universidad de Nari\u00f1o obteniendo el t\u00edtulo de Licenciado en Ciencias Sociales \u2013 \u00e9nfasis Ciencias de la Educaci\u00f3n \u2013Jornada nocturna-. Especialista en Literatura latinoamericana y colaborador de importantes medios de comunicaci\u00f3n escritos de nuestra regi\u00f3n y del pa\u00eds: El Tiempo.com, Semana.com, Dinero, Diario Del Sur, El Espectador.com, entre otros, Sus escritos se conocen y han obtenido reconocimientos en Chile, Uruguay, Paraguay, Espa\u00f1a y Alemania. En el a\u00f1o 2000 obtiene el reconocimiento CORREO DEL SUR como el personaje c\u00edvico del a\u00f1o por su f\u00e9rrea defensa de la dignidad pastense al protestar con su documento \u201cUn pueblo ante la historia\u201d por el trato despectivo de algunos medios de comunicaci\u00f3n. Las reacciones no se hacen esperar en peri\u00f3dicos de circulaci\u00f3n regional y nacional como El Tiempo, El Espectador y El Pa\u00eds. Ha obtenido m\u00faltiples medallas y condecoraciones por su labor period\u00edstica y cultural: Medalla al merito Guillermo Edmundo Ch\u00e1vez \u2013 mejor escritor del departamento de Nari\u00f1o 2005 \u2013 Fundaci\u00f3n Gabriel Garc\u00eda M\u00e1rquez. Mejor Columnista del departamento de Nari\u00f1o \u2013 a\u00f1os 1991 \u2013 1993 \u2013 1996 \u2013 2001 \u2013 2006 Fundaci\u00f3n Cultural Correo del Sur. Personaje C\u00edvico del Departamento de Nari\u00f1o a\u00f1o 2000. Medalla \u00c1lvaro Javier Jurado Calvache a\u00f1o 2007 \u2013 Centro Educativo PROFESA \u2013 defensor poblaci\u00f3n vulnerable del municipio de Pasto. Mejor cuentista del departamento de Nari\u00f1o \u2013 a\u00f1os 1989 \u2013 2004 \u2013 2005. Cronista m\u00e1s destacado del departamento de Nari\u00f1o \u2013 a\u00f1o 2001. Finalista VI Concurso Internacional de Cuento \u2013 Prensa Nueva \u2013 a\u00f1o 1991. Primer puesto Concurso nacional de cuento \u2013 Contralor\u00eda general de la Rep\u00fablica \u2013 a\u00f1o 1992. Primer Lugar Concurso Municipal de Periodismo \u201cSilvio Le\u00f3n Espa\u00f1a\u201d \u2013 2009. . Reconocimiento Concejo municipal de Pasto, por su labor c\u00edvica y educativa. Sus obras y escritos se conocen en varios pa\u00edses de Latinoam\u00e9rica y de Colombia. Es autor de una docena de textos y m\u00e1s de un millar de columnas de opini\u00f3n que han generado pol\u00e9mica en el contexto nacional y latinoamericano: Testimonio de una insurrecci\u00f3n ciudadana \u2013 2011. El doctor Mierda. Un pueblo ante la historia. La filosof\u00eda de la gallina. Del amor por la Tierra... y otros textos. Diario de un maestro de escuela. Apuntes para una nueva historia Nuevos apuntes \u2013 Tomas Hidalgo Calvache. El problema de los cristianos. La utilidad del poeta. \u00bfTe acuerdas Mariana...? Corona F\u00fanebre \u2013 Tomas Hidalgo Calvache. En formato digital ha editado los siguientes t\u00edtulos: - La nueva filosof\u00eda de la gallina. - Tomas Hidalgo Calvache - Apuntes. - Educar con valor. Figura en varias antolog\u00edas de autores nari\u00f1enses y en una latinoamericana. Sobre \u00e9l han escrito elogiosamente intelectuales de la talla de Otto Morales Ben\u00edtez, Edgar Bastidas Urresty, Juan Augusto Ortiz cabrera, Carlos Santamar\u00eda, Javier Rodrizales, Miguel Garz\u00f3n Arteaga, Fausto Molina, Jorge Arturo Bravo y otros tantos que ser\u00eda dif\u00edcil nombrar en esta peque\u00f1a cr\u00f3nica sobre Pablo Emilio Obando Acosta.\",\"url\":\"https:\/\/pagina10.com\/web\/author\/pobando\/\"}]}<\/script>\n<!-- \/ Yoast SEO plugin. -->","yoast_head_json":{"title":"La urgente e inaplazable necesidad de implementar una educaci\u00f3n en cultura regional. | P\u00e1gina10","robots":{"index":"index","follow":"follow","max-snippet":"max-snippet:-1","max-image-preview":"max-image-preview:large","max-video-preview":"max-video-preview:-1"},"canonical":"https:\/\/pagina10.com\/web\/la-urgente-e-inaplazable-necesidad-de-implementar-una-educacion-en-cultura-regional\/","og_locale":"es_ES","og_type":"article","og_title":"La urgente e inaplazable necesidad de implementar una educaci\u00f3n en cultura regional. | P\u00e1gina10","og_description":"Gracias una cordial invitaci\u00f3n que me formulara la Corporaci\u00f3n Tecnol\u00f3gica de Educaci\u00f3n Superior \u2013 Sapienza-, merced a la gentil sugerencia de la especialista Sandra Delgado, tuve el honor de brindar una conferencia a un destacado grupo de funcionarios de la alcald\u00eda municipal de Pasto. El tema sobre CULTURA REGIONAL nos permiti\u00f3 abordar t\u00f3picos de car\u00e1cter [&hellip;]","og_url":"https:\/\/pagina10.com\/web\/la-urgente-e-inaplazable-necesidad-de-implementar-una-educacion-en-cultura-regional\/","og_site_name":"P\u00e1gina10","article_publisher":"https:\/\/www.facebook.com\/pag10com","article_published_time":"2021-12-10T01:00:23+00:00","og_image":[{"width":1600,"height":1200,"url":"https:\/\/pagina10.com\/web\/wp-content\/uploads\/2021\/12\/WhatsApp-Image-2021-12-09-at-11.44.54-AM.jpeg","type":"image\/jpeg"}],"author":"Pablo Emilio Obando Acosta","twitter_card":"summary_large_image","twitter_creator":"@Pag10com","twitter_site":"@Pag10com","twitter_misc":{"Escrito por":"Pablo Emilio Obando Acosta","Tiempo de lectura":"3 minutos"},"schema":{"@context":"https:\/\/schema.org","@graph":[{"@type":"Article","@id":"https:\/\/pagina10.com\/web\/la-urgente-e-inaplazable-necesidad-de-implementar-una-educacion-en-cultura-regional\/#article","isPartOf":{"@id":"https:\/\/pagina10.com\/web\/la-urgente-e-inaplazable-necesidad-de-implementar-una-educacion-en-cultura-regional\/"},"author":{"name":"Pablo Emilio Obando Acosta","@id":"https:\/\/pagina10.com\/web\/#\/schema\/person\/3d3687c9f037834284853a963ee45123"},"headline":"La urgente e inaplazable necesidad de implementar una educaci\u00f3n en cultura regional.","datePublished":"2021-12-10T01:00:23+00:00","mainEntityOfPage":{"@id":"https:\/\/pagina10.com\/web\/la-urgente-e-inaplazable-necesidad-de-implementar-una-educacion-en-cultura-regional\/"},"wordCount":694,"commentCount":0,"publisher":{"@id":"https:\/\/pagina10.com\/web\/#organization"},"image":{"@id":"https:\/\/pagina10.com\/web\/la-urgente-e-inaplazable-necesidad-de-implementar-una-educacion-en-cultura-regional\/#primaryimage"},"thumbnailUrl":"https:\/\/pagina10.com\/web\/wp-content\/uploads\/2021\/12\/WhatsApp-Image-2021-12-09-at-11.44.54-AM.jpeg","articleSection":["Educaci\u00f3n"],"inLanguage":"es","potentialAction":[{"@type":"CommentAction","name":"Comment","target":["https:\/\/pagina10.com\/web\/la-urgente-e-inaplazable-necesidad-de-implementar-una-educacion-en-cultura-regional\/#respond"]}]},{"@type":"WebPage","@id":"https:\/\/pagina10.com\/web\/la-urgente-e-inaplazable-necesidad-de-implementar-una-educacion-en-cultura-regional\/","url":"https:\/\/pagina10.com\/web\/la-urgente-e-inaplazable-necesidad-de-implementar-una-educacion-en-cultura-regional\/","name":"La urgente e inaplazable necesidad de implementar una educaci\u00f3n en cultura regional. | P\u00e1gina10","isPartOf":{"@id":"https:\/\/pagina10.com\/web\/#website"},"primaryImageOfPage":{"@id":"https:\/\/pagina10.com\/web\/la-urgente-e-inaplazable-necesidad-de-implementar-una-educacion-en-cultura-regional\/#primaryimage"},"image":{"@id":"https:\/\/pagina10.com\/web\/la-urgente-e-inaplazable-necesidad-de-implementar-una-educacion-en-cultura-regional\/#primaryimage"},"thumbnailUrl":"https:\/\/pagina10.com\/web\/wp-content\/uploads\/2021\/12\/WhatsApp-Image-2021-12-09-at-11.44.54-AM.jpeg","datePublished":"2021-12-10T01:00:23+00:00","breadcrumb":{"@id":"https:\/\/pagina10.com\/web\/la-urgente-e-inaplazable-necesidad-de-implementar-una-educacion-en-cultura-regional\/#breadcrumb"},"inLanguage":"es","potentialAction":[{"@type":"ReadAction","target":["https:\/\/pagina10.com\/web\/la-urgente-e-inaplazable-necesidad-de-implementar-una-educacion-en-cultura-regional\/"]}]},{"@type":"ImageObject","inLanguage":"es","@id":"https:\/\/pagina10.com\/web\/la-urgente-e-inaplazable-necesidad-de-implementar-una-educacion-en-cultura-regional\/#primaryimage","url":"https:\/\/pagina10.com\/web\/wp-content\/uploads\/2021\/12\/WhatsApp-Image-2021-12-09-at-11.44.54-AM.jpeg","contentUrl":"https:\/\/pagina10.com\/web\/wp-content\/uploads\/2021\/12\/WhatsApp-Image-2021-12-09-at-11.44.54-AM.jpeg","width":1600,"height":1200},{"@type":"BreadcrumbList","@id":"https:\/\/pagina10.com\/web\/la-urgente-e-inaplazable-necesidad-de-implementar-una-educacion-en-cultura-regional\/#breadcrumb","itemListElement":[{"@type":"ListItem","position":1,"name":"Portada","item":"https:\/\/pagina10.com\/web\/"},{"@type":"ListItem","position":2,"name":"La urgente e inaplazable necesidad de implementar una educaci\u00f3n en cultura regional."}]},{"@type":"WebSite","@id":"https:\/\/pagina10.com\/web\/#website","url":"https:\/\/pagina10.com\/web\/","name":"P\u00e1gina10","description":"Peri\u00f3dico Regional","publisher":{"@id":"https:\/\/pagina10.com\/web\/#organization"},"alternateName":"P\u00e1gina10 Peri\u00f3dico Regional","potentialAction":[{"@type":"SearchAction","target":{"@type":"EntryPoint","urlTemplate":"https:\/\/pagina10.com\/web\/?s={search_term_string}"},"query-input":{"@type":"PropertyValueSpecification","valueRequired":true,"valueName":"search_term_string"}}],"inLanguage":"es"},{"@type":"Organization","@id":"https:\/\/pagina10.com\/web\/#organization","name":"P\u00e1gina10","alternateName":"P\u00e1gina10 Peri\u00f3dico Regional","url":"https:\/\/pagina10.com\/web\/","logo":{"@type":"ImageObject","inLanguage":"es","@id":"https:\/\/pagina10.com\/web\/#\/schema\/logo\/image\/","url":"https:\/\/pagina10.com\/web\/wp-content\/uploads\/2024\/01\/40-pagina-10-periodico-regional-pasto.jpg","contentUrl":"https:\/\/pagina10.com\/web\/wp-content\/uploads\/2024\/01\/40-pagina-10-periodico-regional-pasto.jpg","width":1280,"height":720,"caption":"P\u00e1gina10"},"image":{"@id":"https:\/\/pagina10.com\/web\/#\/schema\/logo\/image\/"},"sameAs":["https:\/\/www.facebook.com\/pag10com","https:\/\/x.com\/Pag10com","https:\/\/www.instagram.com\/pagina10col\/","https:\/\/youtube.com\/channel\/pag10","https:\/\/www.tiktok.com\/@p10col"]},{"@type":"Person","@id":"https:\/\/pagina10.com\/web\/#\/schema\/person\/3d3687c9f037834284853a963ee45123","name":"Pablo Emilio Obando Acosta","description":"PABLO EMILIO OBANDO ACOSTA Nace en el a\u00f1o de 1965. Bachiller acad\u00e9mico Modalidad Humanidades del INEM de Pasto. En 1989 culmina sus estudios universitarios en la Universidad de Nari\u00f1o obteniendo el t\u00edtulo de Licenciado en Ciencias Sociales \u2013 \u00e9nfasis Ciencias de la Educaci\u00f3n \u2013Jornada nocturna-. Especialista en Literatura latinoamericana y colaborador de importantes medios de comunicaci\u00f3n escritos de nuestra regi\u00f3n y del pa\u00eds: El Tiempo.com, Semana.com, Dinero, Diario Del Sur, El Espectador.com, entre otros, Sus escritos se conocen y han obtenido reconocimientos en Chile, Uruguay, Paraguay, Espa\u00f1a y Alemania. En el a\u00f1o 2000 obtiene el reconocimiento CORREO DEL SUR como el personaje c\u00edvico del a\u00f1o por su f\u00e9rrea defensa de la dignidad pastense al protestar con su documento \u201cUn pueblo ante la historia\u201d por el trato despectivo de algunos medios de comunicaci\u00f3n. Las reacciones no se hacen esperar en peri\u00f3dicos de circulaci\u00f3n regional y nacional como El Tiempo, El Espectador y El Pa\u00eds. Ha obtenido m\u00faltiples medallas y condecoraciones por su labor period\u00edstica y cultural: Medalla al merito Guillermo Edmundo Ch\u00e1vez \u2013 mejor escritor del departamento de Nari\u00f1o 2005 \u2013 Fundaci\u00f3n Gabriel Garc\u00eda M\u00e1rquez. Mejor Columnista del departamento de Nari\u00f1o \u2013 a\u00f1os 1991 \u2013 1993 \u2013 1996 \u2013 2001 \u2013 2006 Fundaci\u00f3n Cultural Correo del Sur. Personaje C\u00edvico del Departamento de Nari\u00f1o a\u00f1o 2000. Medalla \u00c1lvaro Javier Jurado Calvache a\u00f1o 2007 \u2013 Centro Educativo PROFESA \u2013 defensor poblaci\u00f3n vulnerable del municipio de Pasto. Mejor cuentista del departamento de Nari\u00f1o \u2013 a\u00f1os 1989 \u2013 2004 \u2013 2005. Cronista m\u00e1s destacado del departamento de Nari\u00f1o \u2013 a\u00f1o 2001. Finalista VI Concurso Internacional de Cuento \u2013 Prensa Nueva \u2013 a\u00f1o 1991. Primer puesto Concurso nacional de cuento \u2013 Contralor\u00eda general de la Rep\u00fablica \u2013 a\u00f1o 1992. Primer Lugar Concurso Municipal de Periodismo \u201cSilvio Le\u00f3n Espa\u00f1a\u201d \u2013 2009. . Reconocimiento Concejo municipal de Pasto, por su labor c\u00edvica y educativa. Sus obras y escritos se conocen en varios pa\u00edses de Latinoam\u00e9rica y de Colombia. Es autor de una docena de textos y m\u00e1s de un millar de columnas de opini\u00f3n que han generado pol\u00e9mica en el contexto nacional y latinoamericano: Testimonio de una insurrecci\u00f3n ciudadana \u2013 2011. El doctor Mierda. Un pueblo ante la historia. La filosof\u00eda de la gallina. Del amor por la Tierra... y otros textos. Diario de un maestro de escuela. Apuntes para una nueva historia Nuevos apuntes \u2013 Tomas Hidalgo Calvache. El problema de los cristianos. La utilidad del poeta. \u00bfTe acuerdas Mariana...? Corona F\u00fanebre \u2013 Tomas Hidalgo Calvache. En formato digital ha editado los siguientes t\u00edtulos: - La nueva filosof\u00eda de la gallina. - Tomas Hidalgo Calvache - Apuntes. - Educar con valor. Figura en varias antolog\u00edas de autores nari\u00f1enses y en una latinoamericana. Sobre \u00e9l han escrito elogiosamente intelectuales de la talla de Otto Morales Ben\u00edtez, Edgar Bastidas Urresty, Juan Augusto Ortiz cabrera, Carlos Santamar\u00eda, Javier Rodrizales, Miguel Garz\u00f3n Arteaga, Fausto Molina, Jorge Arturo Bravo y otros tantos que ser\u00eda dif\u00edcil nombrar en esta peque\u00f1a cr\u00f3nica sobre Pablo Emilio Obando Acosta.","url":"https:\/\/pagina10.com\/web\/author\/pobando\/"}]}},"_links":{"self":[{"href":"https:\/\/pagina10.com\/web\/wp-json\/wp\/v2\/posts\/57379","targetHints":{"allow":["GET"]}}],"collection":[{"href":"https:\/\/pagina10.com\/web\/wp-json\/wp\/v2\/posts"}],"about":[{"href":"https:\/\/pagina10.com\/web\/wp-json\/wp\/v2\/types\/post"}],"author":[{"embeddable":true,"href":"https:\/\/pagina10.com\/web\/wp-json\/wp\/v2\/users\/46"}],"replies":[{"embeddable":true,"href":"https:\/\/pagina10.com\/web\/wp-json\/wp\/v2\/comments?post=57379"}],"version-history":[{"count":1,"href":"https:\/\/pagina10.com\/web\/wp-json\/wp\/v2\/posts\/57379\/revisions"}],"predecessor-version":[{"id":57381,"href":"https:\/\/pagina10.com\/web\/wp-json\/wp\/v2\/posts\/57379\/revisions\/57381"}],"wp:featuredmedia":[{"embeddable":true,"href":"https:\/\/pagina10.com\/web\/wp-json\/wp\/v2\/media\/57380"}],"wp:attachment":[{"href":"https:\/\/pagina10.com\/web\/wp-json\/wp\/v2\/media?parent=57379"}],"wp:term":[{"taxonomy":"category","embeddable":true,"href":"https:\/\/pagina10.com\/web\/wp-json\/wp\/v2\/categories?post=57379"},{"taxonomy":"post_tag","embeddable":true,"href":"https:\/\/pagina10.com\/web\/wp-json\/wp\/v2\/tags?post=57379"}],"curies":[{"name":"wp","href":"https:\/\/api.w.org\/{rel}","templated":true}]}}