{"id":57392,"date":"2021-12-10T23:13:13","date_gmt":"2021-12-11T04:13:13","guid":{"rendered":"https:\/\/pagina10.com\/web\/?p=57392"},"modified":"2021-12-10T23:13:13","modified_gmt":"2021-12-11T04:13:13","slug":"mujeres-emprendedoras-que-transforman-la-gran-capital","status":"publish","type":"post","link":"https:\/\/pagina10.com\/web\/mujeres-emprendedoras-que-transforman-la-gran-capital\/","title":{"rendered":"Mujeres emprendedoras que transforman La Gran Capital"},"content":{"rendered":"<p style=\"text-align: justify;\">Con el objetivo de reactivar y fortalecer las habilidades empresariales de las mujeres emprendedoras del municipio, la Alcald\u00eda de Pasto y Fenalco Nari\u00f1o iniciaron con la fase de talleres de formaci\u00f3n del proyecto \u2018Mujeres emprendedoras que transforman La Gran Capital\u2019, una iniciativa liderada por la Gestora Social Marcela Hern\u00e1ndez y ejecutada por la Secretar\u00eda de Desarrollo Econ\u00f3mico y Competitividad.<\/p>\n<p style=\"text-align: justify;\">\u201cSomos madres cabeza de familia y estas capacitaciones nos fortalecen porque queremos salir adelante, pero los recursos son limitados. Agradezco esta oportunidad que nos permite apostarle a ser las mujeres emprendedoras de La Gran Capital\u201d, afirm\u00f3 la beneficiaria del proyecto, Adriana Mu\u00f1oz.<\/p>\n<p style=\"text-align: justify;\">Ante el incremento del desempleo en 2020 y la afectaci\u00f3n que esto representa en la autonom\u00eda econ\u00f3mica de las mujeres, la Secretar\u00eda de Desarrollo Econ\u00f3mico genera alianzas que se convierten en una alternativa para enfrentar la dificultad de emprender, innovar y competir en condiciones m\u00e1s equitativas.<\/p>\n<p style=\"text-align: justify;\">\u201cBajo el liderazgo del Alcalde Germ\u00e1n Chamorro De La Rosa buscamos la reactivaci\u00f3n segura y responsable del municipio. El proyecto \u2018Mujeres emprendedoras que transforman La Gran Capital\u2019 se realiz\u00f3 en dos jornadas: una relacionada con el empoderamiento econ\u00f3mico y adicionalmente, una rueda de negocios para brindar espacios de comercializaci\u00f3n\u201d, agreg\u00f3 la secretaria de Desarrollo Econ\u00f3mico, Yamile Montenegro.<\/p>\n<p style=\"text-align: justify;\">A partir de un diagn\u00f3stico primario, 30 proyectos productivos de mujeres fueron seleccionados e iniciaron el proceso de formaci\u00f3n con talleres de motivaci\u00f3n personal enfocados en la superaci\u00f3n de barreras de desigualdad; adem\u00e1s, recibieron orientaci\u00f3n en organizaci\u00f3n financiera para fortalecer la reactivaci\u00f3n econ\u00f3mica del municipio y posteriormente avanzar con la tem\u00e1tica de mercadeo.<\/p>\n<p style=\"text-align: justify;\">\u201cHoy iniciamos con el primer taller de los 10 que realizaremos con nuestras 30 mujeres. Esto, despu\u00e9s del diagn\u00f3stico inicial que evidencia la necesidad de las capacitaciones y los espacios de comercializaci\u00f3n\u201d, concluy\u00f3 la directora ejecutiva de Fenalco Nari\u00f1o, Eugenia Zarama.<\/p>\n","protected":false},"excerpt":{"rendered":"<p>Con el objetivo de reactivar y fortalecer las habilidades empresariales de las mujeres emprendedoras del municipio, la Alcald\u00eda de Pasto y Fenalco Nari\u00f1o iniciaron con la fase de talleres de formaci\u00f3n del proyecto \u2018Mujeres emprendedoras que transforman La Gran Capital\u2019, una iniciativa liderada por la Gestora Social Marcela Hern\u00e1ndez y ejecutada por la Secretar\u00eda de [&hellip;]<\/p>\n","protected":false},"author":1,"featured_media":57393,"comment_status":"open","ping_status":"open","sticky":false,"template":"","format":"standard","meta":{"footnotes":""},"categories":[82],"tags":[],"class_list":["post-57392","post","type-post","status-publish","format-standard","has-post-thumbnail","hentry","category-ciudad-2"],"yoast_head":"<!-- This site is optimized with the Yoast SEO plugin v27.1.1 - https:\/\/yoast.com\/product\/yoast-seo-wordpress\/ -->\n<title>Mujeres emprendedoras que transforman La Gran Capital | P\u00e1gina10<\/title>\n<meta name=\"robots\" content=\"index, follow, max-snippet:-1, max-image-preview:large, max-video-preview:-1\" \/>\n<link rel=\"canonical\" href=\"https:\/\/pagina10.com\/web\/mujeres-emprendedoras-que-transforman-la-gran-capital\/\" \/>\n<meta property=\"og:locale\" content=\"es_ES\" \/>\n<meta property=\"og:type\" content=\"article\" \/>\n<meta property=\"og:title\" content=\"Mujeres emprendedoras que transforman La Gran Capital | P\u00e1gina10\" \/>\n<meta property=\"og:description\" content=\"Con el objetivo de reactivar y fortalecer las habilidades empresariales de las mujeres emprendedoras del municipio, la Alcald\u00eda de Pasto y Fenalco Nari\u00f1o iniciaron con la fase de talleres de formaci\u00f3n del proyecto \u2018Mujeres emprendedoras que transforman La Gran Capital\u2019, una iniciativa liderada por la Gestora Social Marcela Hern\u00e1ndez y ejecutada por la Secretar\u00eda de [&hellip;]\" \/>\n<meta property=\"og:url\" content=\"https:\/\/pagina10.com\/web\/mujeres-emprendedoras-que-transforman-la-gran-capital\/\" \/>\n<meta property=\"og:site_name\" content=\"P\u00e1gina10\" \/>\n<meta property=\"article:publisher\" content=\"https:\/\/www.facebook.com\/pag10com\" \/>\n<meta property=\"article:published_time\" content=\"2021-12-11T04:13:13+00:00\" \/>\n<meta property=\"og:image\" content=\"https:\/\/pagina10.com\/web\/wp-content\/uploads\/2021\/12\/WhatsApp-Image-2021-12-07-at-4.03.05-PM.jpeg\" \/>\n\t<meta property=\"og:image:width\" content=\"1280\" \/>\n\t<meta property=\"og:image:height\" content=\"853\" \/>\n\t<meta property=\"og:image:type\" content=\"image\/jpeg\" \/>\n<meta name=\"author\" content=\"P\u00e1gina 10\" \/>\n<meta name=\"twitter:card\" content=\"summary_large_image\" \/>\n<meta name=\"twitter:creator\" content=\"@Pag10com\" \/>\n<meta name=\"twitter:site\" content=\"@Pag10com\" \/>\n<meta name=\"twitter:label1\" content=\"Escrito por\" \/>\n\t<meta name=\"twitter:data1\" content=\"P\u00e1gina 10\" \/>\n\t<meta name=\"twitter:label2\" content=\"Tiempo de lectura\" \/>\n\t<meta name=\"twitter:data2\" content=\"2 minutos\" \/>\n<script type=\"application\/ld+json\" class=\"yoast-schema-graph\">{\"@context\":\"https:\/\/schema.org\",\"@graph\":[{\"@type\":\"Article\",\"@id\":\"https:\/\/pagina10.com\/web\/mujeres-emprendedoras-que-transforman-la-gran-capital\/#article\",\"isPartOf\":{\"@id\":\"https:\/\/pagina10.com\/web\/mujeres-emprendedoras-que-transforman-la-gran-capital\/\"},\"author\":{\"name\":\"P\u00e1gina 10\",\"@id\":\"https:\/\/pagina10.com\/web\/#\/schema\/person\/2efc4a090d25b667d3bc796798a3a81b\"},\"headline\":\"Mujeres emprendedoras que transforman La Gran Capital\",\"datePublished\":\"2021-12-11T04:13:13+00:00\",\"mainEntityOfPage\":{\"@id\":\"https:\/\/pagina10.com\/web\/mujeres-emprendedoras-que-transforman-la-gran-capital\/\"},\"wordCount\":333,\"commentCount\":0,\"publisher\":{\"@id\":\"https:\/\/pagina10.com\/web\/#organization\"},\"image\":{\"@id\":\"https:\/\/pagina10.com\/web\/mujeres-emprendedoras-que-transforman-la-gran-capital\/#primaryimage\"},\"thumbnailUrl\":\"https:\/\/pagina10.com\/web\/wp-content\/uploads\/2021\/12\/WhatsApp-Image-2021-12-07-at-4.03.05-PM.jpeg\",\"articleSection\":[\"Ciudad\"],\"inLanguage\":\"es\",\"potentialAction\":[{\"@type\":\"CommentAction\",\"name\":\"Comment\",\"target\":[\"https:\/\/pagina10.com\/web\/mujeres-emprendedoras-que-transforman-la-gran-capital\/#respond\"]}]},{\"@type\":\"WebPage\",\"@id\":\"https:\/\/pagina10.com\/web\/mujeres-emprendedoras-que-transforman-la-gran-capital\/\",\"url\":\"https:\/\/pagina10.com\/web\/mujeres-emprendedoras-que-transforman-la-gran-capital\/\",\"name\":\"Mujeres emprendedoras que transforman La Gran Capital | P\u00e1gina10\",\"isPartOf\":{\"@id\":\"https:\/\/pagina10.com\/web\/#website\"},\"primaryImageOfPage\":{\"@id\":\"https:\/\/pagina10.com\/web\/mujeres-emprendedoras-que-transforman-la-gran-capital\/#primaryimage\"},\"image\":{\"@id\":\"https:\/\/pagina10.com\/web\/mujeres-emprendedoras-que-transforman-la-gran-capital\/#primaryimage\"},\"thumbnailUrl\":\"https:\/\/pagina10.com\/web\/wp-content\/uploads\/2021\/12\/WhatsApp-Image-2021-12-07-at-4.03.05-PM.jpeg\",\"datePublished\":\"2021-12-11T04:13:13+00:00\",\"breadcrumb\":{\"@id\":\"https:\/\/pagina10.com\/web\/mujeres-emprendedoras-que-transforman-la-gran-capital\/#breadcrumb\"},\"inLanguage\":\"es\",\"potentialAction\":[{\"@type\":\"ReadAction\",\"target\":[\"https:\/\/pagina10.com\/web\/mujeres-emprendedoras-que-transforman-la-gran-capital\/\"]}]},{\"@type\":\"ImageObject\",\"inLanguage\":\"es\",\"@id\":\"https:\/\/pagina10.com\/web\/mujeres-emprendedoras-que-transforman-la-gran-capital\/#primaryimage\",\"url\":\"https:\/\/pagina10.com\/web\/wp-content\/uploads\/2021\/12\/WhatsApp-Image-2021-12-07-at-4.03.05-PM.jpeg\",\"contentUrl\":\"https:\/\/pagina10.com\/web\/wp-content\/uploads\/2021\/12\/WhatsApp-Image-2021-12-07-at-4.03.05-PM.jpeg\",\"width\":1280,\"height\":853},{\"@type\":\"BreadcrumbList\",\"@id\":\"https:\/\/pagina10.com\/web\/mujeres-emprendedoras-que-transforman-la-gran-capital\/#breadcrumb\",\"itemListElement\":[{\"@type\":\"ListItem\",\"position\":1,\"name\":\"Portada\",\"item\":\"https:\/\/pagina10.com\/web\/\"},{\"@type\":\"ListItem\",\"position\":2,\"name\":\"Mujeres emprendedoras que transforman La Gran Capital\"}]},{\"@type\":\"WebSite\",\"@id\":\"https:\/\/pagina10.com\/web\/#website\",\"url\":\"https:\/\/pagina10.com\/web\/\",\"name\":\"P\u00e1gina10\",\"description\":\"Peri\u00f3dico Regional\",\"publisher\":{\"@id\":\"https:\/\/pagina10.com\/web\/#organization\"},\"alternateName\":\"P\u00e1gina10 Peri\u00f3dico Regional\",\"potentialAction\":[{\"@type\":\"SearchAction\",\"target\":{\"@type\":\"EntryPoint\",\"urlTemplate\":\"https:\/\/pagina10.com\/web\/?s={search_term_string}\"},\"query-input\":{\"@type\":\"PropertyValueSpecification\",\"valueRequired\":true,\"valueName\":\"search_term_string\"}}],\"inLanguage\":\"es\"},{\"@type\":\"Organization\",\"@id\":\"https:\/\/pagina10.com\/web\/#organization\",\"name\":\"P\u00e1gina10\",\"alternateName\":\"P\u00e1gina10 Peri\u00f3dico Regional\",\"url\":\"https:\/\/pagina10.com\/web\/\",\"logo\":{\"@type\":\"ImageObject\",\"inLanguage\":\"es\",\"@id\":\"https:\/\/pagina10.com\/web\/#\/schema\/logo\/image\/\",\"url\":\"https:\/\/pagina10.com\/web\/wp-content\/uploads\/2024\/01\/40-pagina-10-periodico-regional-pasto.jpg\",\"contentUrl\":\"https:\/\/pagina10.com\/web\/wp-content\/uploads\/2024\/01\/40-pagina-10-periodico-regional-pasto.jpg\",\"width\":1280,\"height\":720,\"caption\":\"P\u00e1gina10\"},\"image\":{\"@id\":\"https:\/\/pagina10.com\/web\/#\/schema\/logo\/image\/\"},\"sameAs\":[\"https:\/\/www.facebook.com\/pag10com\",\"https:\/\/x.com\/Pag10com\",\"https:\/\/www.instagram.com\/pagina10col\/\",\"https:\/\/youtube.com\/channel\/pag10\",\"https:\/\/www.tiktok.com\/@p10col\"]},{\"@type\":\"Person\",\"@id\":\"https:\/\/pagina10.com\/web\/#\/schema\/person\/2efc4a090d25b667d3bc796798a3a81b\",\"name\":\"P\u00e1gina 10\",\"description\":\"P\u00e1gina 10 es un peri\u00f3dico regional que nace en Colombia, en el departamento de Nari\u00f1o, con un enfoque global, fundamentado en cuatro pilares esenciales: la libertad, el pluralismo, la inclusi\u00f3n y la independencia. P\u00e1gina 10 hace referencia a Nari\u00f1o como el d\u00e9cimo departamento creado en Colombia, despu\u00e9s de un proceso pol\u00edtico liderado por actores y actrices regionales con el fin de obtener la independencia y autonom\u00eda de nuestros territorios. Con la creaci\u00f3n de P\u00e1gina 10 se pretende abrir un escenario para el dialogo, la reflexi\u00f3n y el debate que se extienda a otras geograf\u00edas de Am\u00e9rica Latina y del planeta, en una apuesta por transformar colectivamente los desaf\u00edos de un mundo contempor\u00e1neo, m\u00e1s all\u00e1 de las fronteras impuestas.\",\"url\":\"https:\/\/pagina10.com\/web\/author\/pdiezadmin\/\"}]}<\/script>\n<!-- \/ Yoast SEO plugin. -->","yoast_head_json":{"title":"Mujeres emprendedoras que transforman La Gran Capital | P\u00e1gina10","robots":{"index":"index","follow":"follow","max-snippet":"max-snippet:-1","max-image-preview":"max-image-preview:large","max-video-preview":"max-video-preview:-1"},"canonical":"https:\/\/pagina10.com\/web\/mujeres-emprendedoras-que-transforman-la-gran-capital\/","og_locale":"es_ES","og_type":"article","og_title":"Mujeres emprendedoras que transforman La Gran Capital | P\u00e1gina10","og_description":"Con el objetivo de reactivar y fortalecer las habilidades empresariales de las mujeres emprendedoras del municipio, la Alcald\u00eda de Pasto y Fenalco Nari\u00f1o iniciaron con la fase de talleres de formaci\u00f3n del proyecto \u2018Mujeres emprendedoras que transforman La Gran Capital\u2019, una iniciativa liderada por la Gestora Social Marcela Hern\u00e1ndez y ejecutada por la Secretar\u00eda de [&hellip;]","og_url":"https:\/\/pagina10.com\/web\/mujeres-emprendedoras-que-transforman-la-gran-capital\/","og_site_name":"P\u00e1gina10","article_publisher":"https:\/\/www.facebook.com\/pag10com","article_published_time":"2021-12-11T04:13:13+00:00","og_image":[{"width":1280,"height":853,"url":"https:\/\/pagina10.com\/web\/wp-content\/uploads\/2021\/12\/WhatsApp-Image-2021-12-07-at-4.03.05-PM.jpeg","type":"image\/jpeg"}],"author":"P\u00e1gina 10","twitter_card":"summary_large_image","twitter_creator":"@Pag10com","twitter_site":"@Pag10com","twitter_misc":{"Escrito por":"P\u00e1gina 10","Tiempo de lectura":"2 minutos"},"schema":{"@context":"https:\/\/schema.org","@graph":[{"@type":"Article","@id":"https:\/\/pagina10.com\/web\/mujeres-emprendedoras-que-transforman-la-gran-capital\/#article","isPartOf":{"@id":"https:\/\/pagina10.com\/web\/mujeres-emprendedoras-que-transforman-la-gran-capital\/"},"author":{"name":"P\u00e1gina 10","@id":"https:\/\/pagina10.com\/web\/#\/schema\/person\/2efc4a090d25b667d3bc796798a3a81b"},"headline":"Mujeres emprendedoras que transforman La Gran Capital","datePublished":"2021-12-11T04:13:13+00:00","mainEntityOfPage":{"@id":"https:\/\/pagina10.com\/web\/mujeres-emprendedoras-que-transforman-la-gran-capital\/"},"wordCount":333,"commentCount":0,"publisher":{"@id":"https:\/\/pagina10.com\/web\/#organization"},"image":{"@id":"https:\/\/pagina10.com\/web\/mujeres-emprendedoras-que-transforman-la-gran-capital\/#primaryimage"},"thumbnailUrl":"https:\/\/pagina10.com\/web\/wp-content\/uploads\/2021\/12\/WhatsApp-Image-2021-12-07-at-4.03.05-PM.jpeg","articleSection":["Ciudad"],"inLanguage":"es","potentialAction":[{"@type":"CommentAction","name":"Comment","target":["https:\/\/pagina10.com\/web\/mujeres-emprendedoras-que-transforman-la-gran-capital\/#respond"]}]},{"@type":"WebPage","@id":"https:\/\/pagina10.com\/web\/mujeres-emprendedoras-que-transforman-la-gran-capital\/","url":"https:\/\/pagina10.com\/web\/mujeres-emprendedoras-que-transforman-la-gran-capital\/","name":"Mujeres emprendedoras que transforman La Gran Capital | P\u00e1gina10","isPartOf":{"@id":"https:\/\/pagina10.com\/web\/#website"},"primaryImageOfPage":{"@id":"https:\/\/pagina10.com\/web\/mujeres-emprendedoras-que-transforman-la-gran-capital\/#primaryimage"},"image":{"@id":"https:\/\/pagina10.com\/web\/mujeres-emprendedoras-que-transforman-la-gran-capital\/#primaryimage"},"thumbnailUrl":"https:\/\/pagina10.com\/web\/wp-content\/uploads\/2021\/12\/WhatsApp-Image-2021-12-07-at-4.03.05-PM.jpeg","datePublished":"2021-12-11T04:13:13+00:00","breadcrumb":{"@id":"https:\/\/pagina10.com\/web\/mujeres-emprendedoras-que-transforman-la-gran-capital\/#breadcrumb"},"inLanguage":"es","potentialAction":[{"@type":"ReadAction","target":["https:\/\/pagina10.com\/web\/mujeres-emprendedoras-que-transforman-la-gran-capital\/"]}]},{"@type":"ImageObject","inLanguage":"es","@id":"https:\/\/pagina10.com\/web\/mujeres-emprendedoras-que-transforman-la-gran-capital\/#primaryimage","url":"https:\/\/pagina10.com\/web\/wp-content\/uploads\/2021\/12\/WhatsApp-Image-2021-12-07-at-4.03.05-PM.jpeg","contentUrl":"https:\/\/pagina10.com\/web\/wp-content\/uploads\/2021\/12\/WhatsApp-Image-2021-12-07-at-4.03.05-PM.jpeg","width":1280,"height":853},{"@type":"BreadcrumbList","@id":"https:\/\/pagina10.com\/web\/mujeres-emprendedoras-que-transforman-la-gran-capital\/#breadcrumb","itemListElement":[{"@type":"ListItem","position":1,"name":"Portada","item":"https:\/\/pagina10.com\/web\/"},{"@type":"ListItem","position":2,"name":"Mujeres emprendedoras que transforman La Gran Capital"}]},{"@type":"WebSite","@id":"https:\/\/pagina10.com\/web\/#website","url":"https:\/\/pagina10.com\/web\/","name":"P\u00e1gina10","description":"Peri\u00f3dico Regional","publisher":{"@id":"https:\/\/pagina10.com\/web\/#organization"},"alternateName":"P\u00e1gina10 Peri\u00f3dico Regional","potentialAction":[{"@type":"SearchAction","target":{"@type":"EntryPoint","urlTemplate":"https:\/\/pagina10.com\/web\/?s={search_term_string}"},"query-input":{"@type":"PropertyValueSpecification","valueRequired":true,"valueName":"search_term_string"}}],"inLanguage":"es"},{"@type":"Organization","@id":"https:\/\/pagina10.com\/web\/#organization","name":"P\u00e1gina10","alternateName":"P\u00e1gina10 Peri\u00f3dico Regional","url":"https:\/\/pagina10.com\/web\/","logo":{"@type":"ImageObject","inLanguage":"es","@id":"https:\/\/pagina10.com\/web\/#\/schema\/logo\/image\/","url":"https:\/\/pagina10.com\/web\/wp-content\/uploads\/2024\/01\/40-pagina-10-periodico-regional-pasto.jpg","contentUrl":"https:\/\/pagina10.com\/web\/wp-content\/uploads\/2024\/01\/40-pagina-10-periodico-regional-pasto.jpg","width":1280,"height":720,"caption":"P\u00e1gina10"},"image":{"@id":"https:\/\/pagina10.com\/web\/#\/schema\/logo\/image\/"},"sameAs":["https:\/\/www.facebook.com\/pag10com","https:\/\/x.com\/Pag10com","https:\/\/www.instagram.com\/pagina10col\/","https:\/\/youtube.com\/channel\/pag10","https:\/\/www.tiktok.com\/@p10col"]},{"@type":"Person","@id":"https:\/\/pagina10.com\/web\/#\/schema\/person\/2efc4a090d25b667d3bc796798a3a81b","name":"P\u00e1gina 10","description":"P\u00e1gina 10 es un peri\u00f3dico regional que nace en Colombia, en el departamento de Nari\u00f1o, con un enfoque global, fundamentado en cuatro pilares esenciales: la libertad, el pluralismo, la inclusi\u00f3n y la independencia. P\u00e1gina 10 hace referencia a Nari\u00f1o como el d\u00e9cimo departamento creado en Colombia, despu\u00e9s de un proceso pol\u00edtico liderado por actores y actrices regionales con el fin de obtener la independencia y autonom\u00eda de nuestros territorios. Con la creaci\u00f3n de P\u00e1gina 10 se pretende abrir un escenario para el dialogo, la reflexi\u00f3n y el debate que se extienda a otras geograf\u00edas de Am\u00e9rica Latina y del planeta, en una apuesta por transformar colectivamente los desaf\u00edos de un mundo contempor\u00e1neo, m\u00e1s all\u00e1 de las fronteras impuestas.","url":"https:\/\/pagina10.com\/web\/author\/pdiezadmin\/"}]}},"_links":{"self":[{"href":"https:\/\/pagina10.com\/web\/wp-json\/wp\/v2\/posts\/57392","targetHints":{"allow":["GET"]}}],"collection":[{"href":"https:\/\/pagina10.com\/web\/wp-json\/wp\/v2\/posts"}],"about":[{"href":"https:\/\/pagina10.com\/web\/wp-json\/wp\/v2\/types\/post"}],"author":[{"embeddable":true,"href":"https:\/\/pagina10.com\/web\/wp-json\/wp\/v2\/users\/1"}],"replies":[{"embeddable":true,"href":"https:\/\/pagina10.com\/web\/wp-json\/wp\/v2\/comments?post=57392"}],"version-history":[{"count":2,"href":"https:\/\/pagina10.com\/web\/wp-json\/wp\/v2\/posts\/57392\/revisions"}],"predecessor-version":[{"id":57395,"href":"https:\/\/pagina10.com\/web\/wp-json\/wp\/v2\/posts\/57392\/revisions\/57395"}],"wp:featuredmedia":[{"embeddable":true,"href":"https:\/\/pagina10.com\/web\/wp-json\/wp\/v2\/media\/57393"}],"wp:attachment":[{"href":"https:\/\/pagina10.com\/web\/wp-json\/wp\/v2\/media?parent=57392"}],"wp:term":[{"taxonomy":"category","embeddable":true,"href":"https:\/\/pagina10.com\/web\/wp-json\/wp\/v2\/categories?post=57392"},{"taxonomy":"post_tag","embeddable":true,"href":"https:\/\/pagina10.com\/web\/wp-json\/wp\/v2\/tags?post=57392"}],"curies":[{"name":"wp","href":"https:\/\/api.w.org\/{rel}","templated":true}]}}