{"id":57399,"date":"2021-12-10T23:26:00","date_gmt":"2021-12-11T04:26:00","guid":{"rendered":"https:\/\/pagina10.com\/web\/?p=57399"},"modified":"2021-12-10T23:28:54","modified_gmt":"2021-12-11T04:28:54","slug":"alcaldia-de-pasto-dignifica-la-labor-de-los-recicladores-de-oficio","status":"publish","type":"post","link":"https:\/\/pagina10.com\/web\/alcaldia-de-pasto-dignifica-la-labor-de-los-recicladores-de-oficio\/","title":{"rendered":"Alcald\u00eda de Pasto dignifica la labor de los recicladores de oficio"},"content":{"rendered":"<p style=\"text-align: justify;\">En el desarrollo de la campa\u00f1a \u2018Yo reciclo con recicladores de oficio\u2019, la Secretar\u00eda de Gesti\u00f3n Ambiental entreg\u00f3 dotaci\u00f3n y elementos publicitarios a seis asociaciones de recicladores de oficio para contribuir a la sensibilizaci\u00f3n y fortalecimiento de la cultura ciudadana del reciclaje en los diferentes sectores del municipio.<\/p>\n<p style=\"text-align: justify;\">\u201cAgradecemos a la Secretar\u00eda de Gesti\u00f3n Ambiental por brindarnos estas ayudas ya que, de esta manera, logramos fortalecer las alianzas entre el gremio de recicladores y la Alcald\u00eda de Pasto. Por otro lado, esta entrega nos ayuda en el trabajo de sensibilizar a la comunidad porque el trabajo empieza desde casa, as\u00ed nos ayudan a conseguir nuestro m\u00ednimo vital para nosotros como padres y madres cabeza de familia que vivimos en condiciones de vulnerabilidad\u201d, expres\u00f3 la integrante de la Cooperativa de Recicladores de Oficio Asogirasoles, Natalia Gelpud Rosero.<\/p>\n<p style=\"text-align: justify;\">La Administraci\u00f3n Municipal, comprometida con las asociaciones de recicladores de oficio, realiza estas campa\u00f1as de sensibilizaci\u00f3n con el fin de reconocer y dignificar su labor como prestadores de este servicio, pues ellos son personajes importantes en la construcci\u00f3n de una ciudad m\u00e1s limpia y sostenible, seg\u00fan expres\u00f3 el secretario de Gesti\u00f3n Ambiental, Mario Viteri Palacios.<\/p>\n<p style=\"text-align: justify;\">\u201cCon nuestro Alcalde Germ\u00e1n Chamorro De La Rosa tenemos clara la importancia del oficio del reciclaje que se realiza en el municipio, es por eso que trabajamos en el fortalecimiento de los procesos de las asociaciones de recicladores de Pasto. Por otra parte, es importante que la ciudadan\u00eda empiece a ver al reciclador de oficio como un prestador de servicio p\u00fablico, que ha sido considerado como un sujeto especial de protecci\u00f3n\u201d, agreg\u00f3 el funcionario.<\/p>\n<p style=\"text-align: justify;\">El gerente de la Cooperativa Coemprender, Jos\u00e9 Luis Torres Rivas, resalt\u00f3 la importancia del trabajo conjunto entre la Secretar\u00eda de Gesti\u00f3n Ambiental y la Alianza de Recicladores de Oficio de Pasto, que permiti\u00f3 la entrega de material publicitario y de dotaci\u00f3n para desarrollar campa\u00f1as de sensibilizaci\u00f3n, cuyo fin es mejorar la recuperaci\u00f3n de material y dignificar el quienes hacen esta labor en \u2018La Gran Capital\u2019.<\/p>\n","protected":false},"excerpt":{"rendered":"<p>En el desarrollo de la campa\u00f1a \u2018Yo reciclo con recicladores de oficio\u2019, la Secretar\u00eda de Gesti\u00f3n Ambiental entreg\u00f3 dotaci\u00f3n y elementos publicitarios a seis asociaciones de recicladores de oficio para contribuir a la sensibilizaci\u00f3n y fortalecimiento de la cultura ciudadana del reciclaje en los diferentes sectores del municipio. \u201cAgradecemos a la Secretar\u00eda de Gesti\u00f3n Ambiental [&hellip;]<\/p>\n","protected":false},"author":1,"featured_media":57403,"comment_status":"open","ping_status":"open","sticky":false,"template":"","format":"standard","meta":{"footnotes":""},"categories":[82],"tags":[],"class_list":["post-57399","post","type-post","status-publish","format-standard","has-post-thumbnail","hentry","category-ciudad-2"],"yoast_head":"<!-- This site is optimized with the Yoast SEO plugin v27.1.1 - https:\/\/yoast.com\/product\/yoast-seo-wordpress\/ -->\n<title>Alcald\u00eda de Pasto dignifica la labor de los recicladores de oficio | P\u00e1gina10<\/title>\n<meta name=\"robots\" content=\"index, follow, max-snippet:-1, max-image-preview:large, max-video-preview:-1\" \/>\n<link rel=\"canonical\" href=\"https:\/\/pagina10.com\/web\/alcaldia-de-pasto-dignifica-la-labor-de-los-recicladores-de-oficio\/\" \/>\n<meta property=\"og:locale\" content=\"es_ES\" \/>\n<meta property=\"og:type\" content=\"article\" \/>\n<meta property=\"og:title\" content=\"Alcald\u00eda de Pasto dignifica la labor de los recicladores de oficio | P\u00e1gina10\" \/>\n<meta property=\"og:description\" content=\"En el desarrollo de la campa\u00f1a \u2018Yo reciclo con recicladores de oficio\u2019, la Secretar\u00eda de Gesti\u00f3n Ambiental entreg\u00f3 dotaci\u00f3n y elementos publicitarios a seis asociaciones de recicladores de oficio para contribuir a la sensibilizaci\u00f3n y fortalecimiento de la cultura ciudadana del reciclaje en los diferentes sectores del municipio. \u201cAgradecemos a la Secretar\u00eda de Gesti\u00f3n Ambiental [&hellip;]\" \/>\n<meta property=\"og:url\" content=\"https:\/\/pagina10.com\/web\/alcaldia-de-pasto-dignifica-la-labor-de-los-recicladores-de-oficio\/\" \/>\n<meta property=\"og:site_name\" content=\"P\u00e1gina10\" \/>\n<meta property=\"article:publisher\" content=\"https:\/\/www.facebook.com\/pag10com\" \/>\n<meta property=\"article:published_time\" content=\"2021-12-11T04:26:00+00:00\" \/>\n<meta property=\"article:modified_time\" content=\"2021-12-11T04:28:54+00:00\" \/>\n<meta property=\"og:image\" content=\"https:\/\/pagina10.com\/web\/wp-content\/uploads\/2021\/12\/WhatsApp-Image-2021-12-10-at-2.22.49-PM-1.jpeg\" \/>\n\t<meta property=\"og:image:width\" content=\"1280\" \/>\n\t<meta property=\"og:image:height\" content=\"720\" \/>\n\t<meta property=\"og:image:type\" content=\"image\/jpeg\" \/>\n<meta name=\"author\" content=\"P\u00e1gina 10\" \/>\n<meta name=\"twitter:card\" content=\"summary_large_image\" \/>\n<meta name=\"twitter:creator\" content=\"@Pag10com\" \/>\n<meta name=\"twitter:site\" content=\"@Pag10com\" \/>\n<meta name=\"twitter:label1\" content=\"Escrito por\" \/>\n\t<meta name=\"twitter:data1\" content=\"P\u00e1gina 10\" \/>\n\t<meta name=\"twitter:label2\" content=\"Tiempo de lectura\" \/>\n\t<meta name=\"twitter:data2\" content=\"2 minutos\" \/>\n<script type=\"application\/ld+json\" class=\"yoast-schema-graph\">{\"@context\":\"https:\/\/schema.org\",\"@graph\":[{\"@type\":\"Article\",\"@id\":\"https:\/\/pagina10.com\/web\/alcaldia-de-pasto-dignifica-la-labor-de-los-recicladores-de-oficio\/#article\",\"isPartOf\":{\"@id\":\"https:\/\/pagina10.com\/web\/alcaldia-de-pasto-dignifica-la-labor-de-los-recicladores-de-oficio\/\"},\"author\":{\"name\":\"P\u00e1gina 10\",\"@id\":\"https:\/\/pagina10.com\/web\/#\/schema\/person\/2efc4a090d25b667d3bc796798a3a81b\"},\"headline\":\"Alcald\u00eda de Pasto dignifica la labor de los recicladores de oficio\",\"datePublished\":\"2021-12-11T04:26:00+00:00\",\"dateModified\":\"2021-12-11T04:28:54+00:00\",\"mainEntityOfPage\":{\"@id\":\"https:\/\/pagina10.com\/web\/alcaldia-de-pasto-dignifica-la-labor-de-los-recicladores-de-oficio\/\"},\"wordCount\":368,\"commentCount\":0,\"publisher\":{\"@id\":\"https:\/\/pagina10.com\/web\/#organization\"},\"image\":{\"@id\":\"https:\/\/pagina10.com\/web\/alcaldia-de-pasto-dignifica-la-labor-de-los-recicladores-de-oficio\/#primaryimage\"},\"thumbnailUrl\":\"https:\/\/pagina10.com\/web\/wp-content\/uploads\/2021\/12\/WhatsApp-Image-2021-12-10-at-2.22.49-PM-1.jpeg\",\"articleSection\":[\"Ciudad\"],\"inLanguage\":\"es\",\"potentialAction\":[{\"@type\":\"CommentAction\",\"name\":\"Comment\",\"target\":[\"https:\/\/pagina10.com\/web\/alcaldia-de-pasto-dignifica-la-labor-de-los-recicladores-de-oficio\/#respond\"]}]},{\"@type\":\"WebPage\",\"@id\":\"https:\/\/pagina10.com\/web\/alcaldia-de-pasto-dignifica-la-labor-de-los-recicladores-de-oficio\/\",\"url\":\"https:\/\/pagina10.com\/web\/alcaldia-de-pasto-dignifica-la-labor-de-los-recicladores-de-oficio\/\",\"name\":\"Alcald\u00eda de Pasto dignifica la labor de los recicladores de oficio | P\u00e1gina10\",\"isPartOf\":{\"@id\":\"https:\/\/pagina10.com\/web\/#website\"},\"primaryImageOfPage\":{\"@id\":\"https:\/\/pagina10.com\/web\/alcaldia-de-pasto-dignifica-la-labor-de-los-recicladores-de-oficio\/#primaryimage\"},\"image\":{\"@id\":\"https:\/\/pagina10.com\/web\/alcaldia-de-pasto-dignifica-la-labor-de-los-recicladores-de-oficio\/#primaryimage\"},\"thumbnailUrl\":\"https:\/\/pagina10.com\/web\/wp-content\/uploads\/2021\/12\/WhatsApp-Image-2021-12-10-at-2.22.49-PM-1.jpeg\",\"datePublished\":\"2021-12-11T04:26:00+00:00\",\"dateModified\":\"2021-12-11T04:28:54+00:00\",\"breadcrumb\":{\"@id\":\"https:\/\/pagina10.com\/web\/alcaldia-de-pasto-dignifica-la-labor-de-los-recicladores-de-oficio\/#breadcrumb\"},\"inLanguage\":\"es\",\"potentialAction\":[{\"@type\":\"ReadAction\",\"target\":[\"https:\/\/pagina10.com\/web\/alcaldia-de-pasto-dignifica-la-labor-de-los-recicladores-de-oficio\/\"]}]},{\"@type\":\"ImageObject\",\"inLanguage\":\"es\",\"@id\":\"https:\/\/pagina10.com\/web\/alcaldia-de-pasto-dignifica-la-labor-de-los-recicladores-de-oficio\/#primaryimage\",\"url\":\"https:\/\/pagina10.com\/web\/wp-content\/uploads\/2021\/12\/WhatsApp-Image-2021-12-10-at-2.22.49-PM-1.jpeg\",\"contentUrl\":\"https:\/\/pagina10.com\/web\/wp-content\/uploads\/2021\/12\/WhatsApp-Image-2021-12-10-at-2.22.49-PM-1.jpeg\",\"width\":1280,\"height\":720},{\"@type\":\"BreadcrumbList\",\"@id\":\"https:\/\/pagina10.com\/web\/alcaldia-de-pasto-dignifica-la-labor-de-los-recicladores-de-oficio\/#breadcrumb\",\"itemListElement\":[{\"@type\":\"ListItem\",\"position\":1,\"name\":\"Portada\",\"item\":\"https:\/\/pagina10.com\/web\/\"},{\"@type\":\"ListItem\",\"position\":2,\"name\":\"Alcald\u00eda de Pasto dignifica la labor de los recicladores de oficio\"}]},{\"@type\":\"WebSite\",\"@id\":\"https:\/\/pagina10.com\/web\/#website\",\"url\":\"https:\/\/pagina10.com\/web\/\",\"name\":\"P\u00e1gina10\",\"description\":\"Peri\u00f3dico Regional\",\"publisher\":{\"@id\":\"https:\/\/pagina10.com\/web\/#organization\"},\"alternateName\":\"P\u00e1gina10 Peri\u00f3dico Regional\",\"potentialAction\":[{\"@type\":\"SearchAction\",\"target\":{\"@type\":\"EntryPoint\",\"urlTemplate\":\"https:\/\/pagina10.com\/web\/?s={search_term_string}\"},\"query-input\":{\"@type\":\"PropertyValueSpecification\",\"valueRequired\":true,\"valueName\":\"search_term_string\"}}],\"inLanguage\":\"es\"},{\"@type\":\"Organization\",\"@id\":\"https:\/\/pagina10.com\/web\/#organization\",\"name\":\"P\u00e1gina10\",\"alternateName\":\"P\u00e1gina10 Peri\u00f3dico Regional\",\"url\":\"https:\/\/pagina10.com\/web\/\",\"logo\":{\"@type\":\"ImageObject\",\"inLanguage\":\"es\",\"@id\":\"https:\/\/pagina10.com\/web\/#\/schema\/logo\/image\/\",\"url\":\"https:\/\/pagina10.com\/web\/wp-content\/uploads\/2024\/01\/40-pagina-10-periodico-regional-pasto.jpg\",\"contentUrl\":\"https:\/\/pagina10.com\/web\/wp-content\/uploads\/2024\/01\/40-pagina-10-periodico-regional-pasto.jpg\",\"width\":1280,\"height\":720,\"caption\":\"P\u00e1gina10\"},\"image\":{\"@id\":\"https:\/\/pagina10.com\/web\/#\/schema\/logo\/image\/\"},\"sameAs\":[\"https:\/\/www.facebook.com\/pag10com\",\"https:\/\/x.com\/Pag10com\",\"https:\/\/www.instagram.com\/pagina10col\/\",\"https:\/\/youtube.com\/channel\/pag10\",\"https:\/\/www.tiktok.com\/@p10col\"]},{\"@type\":\"Person\",\"@id\":\"https:\/\/pagina10.com\/web\/#\/schema\/person\/2efc4a090d25b667d3bc796798a3a81b\",\"name\":\"P\u00e1gina 10\",\"description\":\"P\u00e1gina 10 es un peri\u00f3dico regional que nace en Colombia, en el departamento de Nari\u00f1o, con un enfoque global, fundamentado en cuatro pilares esenciales: la libertad, el pluralismo, la inclusi\u00f3n y la independencia. P\u00e1gina 10 hace referencia a Nari\u00f1o como el d\u00e9cimo departamento creado en Colombia, despu\u00e9s de un proceso pol\u00edtico liderado por actores y actrices regionales con el fin de obtener la independencia y autonom\u00eda de nuestros territorios. Con la creaci\u00f3n de P\u00e1gina 10 se pretende abrir un escenario para el dialogo, la reflexi\u00f3n y el debate que se extienda a otras geograf\u00edas de Am\u00e9rica Latina y del planeta, en una apuesta por transformar colectivamente los desaf\u00edos de un mundo contempor\u00e1neo, m\u00e1s all\u00e1 de las fronteras impuestas.\",\"url\":\"https:\/\/pagina10.com\/web\/author\/pdiezadmin\/\"}]}<\/script>\n<!-- \/ Yoast SEO plugin. -->","yoast_head_json":{"title":"Alcald\u00eda de Pasto dignifica la labor de los recicladores de oficio | P\u00e1gina10","robots":{"index":"index","follow":"follow","max-snippet":"max-snippet:-1","max-image-preview":"max-image-preview:large","max-video-preview":"max-video-preview:-1"},"canonical":"https:\/\/pagina10.com\/web\/alcaldia-de-pasto-dignifica-la-labor-de-los-recicladores-de-oficio\/","og_locale":"es_ES","og_type":"article","og_title":"Alcald\u00eda de Pasto dignifica la labor de los recicladores de oficio | P\u00e1gina10","og_description":"En el desarrollo de la campa\u00f1a \u2018Yo reciclo con recicladores de oficio\u2019, la Secretar\u00eda de Gesti\u00f3n Ambiental entreg\u00f3 dotaci\u00f3n y elementos publicitarios a seis asociaciones de recicladores de oficio para contribuir a la sensibilizaci\u00f3n y fortalecimiento de la cultura ciudadana del reciclaje en los diferentes sectores del municipio. \u201cAgradecemos a la Secretar\u00eda de Gesti\u00f3n Ambiental [&hellip;]","og_url":"https:\/\/pagina10.com\/web\/alcaldia-de-pasto-dignifica-la-labor-de-los-recicladores-de-oficio\/","og_site_name":"P\u00e1gina10","article_publisher":"https:\/\/www.facebook.com\/pag10com","article_published_time":"2021-12-11T04:26:00+00:00","article_modified_time":"2021-12-11T04:28:54+00:00","og_image":[{"width":1280,"height":720,"url":"https:\/\/pagina10.com\/web\/wp-content\/uploads\/2021\/12\/WhatsApp-Image-2021-12-10-at-2.22.49-PM-1.jpeg","type":"image\/jpeg"}],"author":"P\u00e1gina 10","twitter_card":"summary_large_image","twitter_creator":"@Pag10com","twitter_site":"@Pag10com","twitter_misc":{"Escrito por":"P\u00e1gina 10","Tiempo de lectura":"2 minutos"},"schema":{"@context":"https:\/\/schema.org","@graph":[{"@type":"Article","@id":"https:\/\/pagina10.com\/web\/alcaldia-de-pasto-dignifica-la-labor-de-los-recicladores-de-oficio\/#article","isPartOf":{"@id":"https:\/\/pagina10.com\/web\/alcaldia-de-pasto-dignifica-la-labor-de-los-recicladores-de-oficio\/"},"author":{"name":"P\u00e1gina 10","@id":"https:\/\/pagina10.com\/web\/#\/schema\/person\/2efc4a090d25b667d3bc796798a3a81b"},"headline":"Alcald\u00eda de Pasto dignifica la labor de los recicladores de oficio","datePublished":"2021-12-11T04:26:00+00:00","dateModified":"2021-12-11T04:28:54+00:00","mainEntityOfPage":{"@id":"https:\/\/pagina10.com\/web\/alcaldia-de-pasto-dignifica-la-labor-de-los-recicladores-de-oficio\/"},"wordCount":368,"commentCount":0,"publisher":{"@id":"https:\/\/pagina10.com\/web\/#organization"},"image":{"@id":"https:\/\/pagina10.com\/web\/alcaldia-de-pasto-dignifica-la-labor-de-los-recicladores-de-oficio\/#primaryimage"},"thumbnailUrl":"https:\/\/pagina10.com\/web\/wp-content\/uploads\/2021\/12\/WhatsApp-Image-2021-12-10-at-2.22.49-PM-1.jpeg","articleSection":["Ciudad"],"inLanguage":"es","potentialAction":[{"@type":"CommentAction","name":"Comment","target":["https:\/\/pagina10.com\/web\/alcaldia-de-pasto-dignifica-la-labor-de-los-recicladores-de-oficio\/#respond"]}]},{"@type":"WebPage","@id":"https:\/\/pagina10.com\/web\/alcaldia-de-pasto-dignifica-la-labor-de-los-recicladores-de-oficio\/","url":"https:\/\/pagina10.com\/web\/alcaldia-de-pasto-dignifica-la-labor-de-los-recicladores-de-oficio\/","name":"Alcald\u00eda de Pasto dignifica la labor de los recicladores de oficio | P\u00e1gina10","isPartOf":{"@id":"https:\/\/pagina10.com\/web\/#website"},"primaryImageOfPage":{"@id":"https:\/\/pagina10.com\/web\/alcaldia-de-pasto-dignifica-la-labor-de-los-recicladores-de-oficio\/#primaryimage"},"image":{"@id":"https:\/\/pagina10.com\/web\/alcaldia-de-pasto-dignifica-la-labor-de-los-recicladores-de-oficio\/#primaryimage"},"thumbnailUrl":"https:\/\/pagina10.com\/web\/wp-content\/uploads\/2021\/12\/WhatsApp-Image-2021-12-10-at-2.22.49-PM-1.jpeg","datePublished":"2021-12-11T04:26:00+00:00","dateModified":"2021-12-11T04:28:54+00:00","breadcrumb":{"@id":"https:\/\/pagina10.com\/web\/alcaldia-de-pasto-dignifica-la-labor-de-los-recicladores-de-oficio\/#breadcrumb"},"inLanguage":"es","potentialAction":[{"@type":"ReadAction","target":["https:\/\/pagina10.com\/web\/alcaldia-de-pasto-dignifica-la-labor-de-los-recicladores-de-oficio\/"]}]},{"@type":"ImageObject","inLanguage":"es","@id":"https:\/\/pagina10.com\/web\/alcaldia-de-pasto-dignifica-la-labor-de-los-recicladores-de-oficio\/#primaryimage","url":"https:\/\/pagina10.com\/web\/wp-content\/uploads\/2021\/12\/WhatsApp-Image-2021-12-10-at-2.22.49-PM-1.jpeg","contentUrl":"https:\/\/pagina10.com\/web\/wp-content\/uploads\/2021\/12\/WhatsApp-Image-2021-12-10-at-2.22.49-PM-1.jpeg","width":1280,"height":720},{"@type":"BreadcrumbList","@id":"https:\/\/pagina10.com\/web\/alcaldia-de-pasto-dignifica-la-labor-de-los-recicladores-de-oficio\/#breadcrumb","itemListElement":[{"@type":"ListItem","position":1,"name":"Portada","item":"https:\/\/pagina10.com\/web\/"},{"@type":"ListItem","position":2,"name":"Alcald\u00eda de Pasto dignifica la labor de los recicladores de oficio"}]},{"@type":"WebSite","@id":"https:\/\/pagina10.com\/web\/#website","url":"https:\/\/pagina10.com\/web\/","name":"P\u00e1gina10","description":"Peri\u00f3dico Regional","publisher":{"@id":"https:\/\/pagina10.com\/web\/#organization"},"alternateName":"P\u00e1gina10 Peri\u00f3dico Regional","potentialAction":[{"@type":"SearchAction","target":{"@type":"EntryPoint","urlTemplate":"https:\/\/pagina10.com\/web\/?s={search_term_string}"},"query-input":{"@type":"PropertyValueSpecification","valueRequired":true,"valueName":"search_term_string"}}],"inLanguage":"es"},{"@type":"Organization","@id":"https:\/\/pagina10.com\/web\/#organization","name":"P\u00e1gina10","alternateName":"P\u00e1gina10 Peri\u00f3dico Regional","url":"https:\/\/pagina10.com\/web\/","logo":{"@type":"ImageObject","inLanguage":"es","@id":"https:\/\/pagina10.com\/web\/#\/schema\/logo\/image\/","url":"https:\/\/pagina10.com\/web\/wp-content\/uploads\/2024\/01\/40-pagina-10-periodico-regional-pasto.jpg","contentUrl":"https:\/\/pagina10.com\/web\/wp-content\/uploads\/2024\/01\/40-pagina-10-periodico-regional-pasto.jpg","width":1280,"height":720,"caption":"P\u00e1gina10"},"image":{"@id":"https:\/\/pagina10.com\/web\/#\/schema\/logo\/image\/"},"sameAs":["https:\/\/www.facebook.com\/pag10com","https:\/\/x.com\/Pag10com","https:\/\/www.instagram.com\/pagina10col\/","https:\/\/youtube.com\/channel\/pag10","https:\/\/www.tiktok.com\/@p10col"]},{"@type":"Person","@id":"https:\/\/pagina10.com\/web\/#\/schema\/person\/2efc4a090d25b667d3bc796798a3a81b","name":"P\u00e1gina 10","description":"P\u00e1gina 10 es un peri\u00f3dico regional que nace en Colombia, en el departamento de Nari\u00f1o, con un enfoque global, fundamentado en cuatro pilares esenciales: la libertad, el pluralismo, la inclusi\u00f3n y la independencia. P\u00e1gina 10 hace referencia a Nari\u00f1o como el d\u00e9cimo departamento creado en Colombia, despu\u00e9s de un proceso pol\u00edtico liderado por actores y actrices regionales con el fin de obtener la independencia y autonom\u00eda de nuestros territorios. Con la creaci\u00f3n de P\u00e1gina 10 se pretende abrir un escenario para el dialogo, la reflexi\u00f3n y el debate que se extienda a otras geograf\u00edas de Am\u00e9rica Latina y del planeta, en una apuesta por transformar colectivamente los desaf\u00edos de un mundo contempor\u00e1neo, m\u00e1s all\u00e1 de las fronteras impuestas.","url":"https:\/\/pagina10.com\/web\/author\/pdiezadmin\/"}]}},"_links":{"self":[{"href":"https:\/\/pagina10.com\/web\/wp-json\/wp\/v2\/posts\/57399","targetHints":{"allow":["GET"]}}],"collection":[{"href":"https:\/\/pagina10.com\/web\/wp-json\/wp\/v2\/posts"}],"about":[{"href":"https:\/\/pagina10.com\/web\/wp-json\/wp\/v2\/types\/post"}],"author":[{"embeddable":true,"href":"https:\/\/pagina10.com\/web\/wp-json\/wp\/v2\/users\/1"}],"replies":[{"embeddable":true,"href":"https:\/\/pagina10.com\/web\/wp-json\/wp\/v2\/comments?post=57399"}],"version-history":[{"count":2,"href":"https:\/\/pagina10.com\/web\/wp-json\/wp\/v2\/posts\/57399\/revisions"}],"predecessor-version":[{"id":57401,"href":"https:\/\/pagina10.com\/web\/wp-json\/wp\/v2\/posts\/57399\/revisions\/57401"}],"wp:featuredmedia":[{"embeddable":true,"href":"https:\/\/pagina10.com\/web\/wp-json\/wp\/v2\/media\/57403"}],"wp:attachment":[{"href":"https:\/\/pagina10.com\/web\/wp-json\/wp\/v2\/media?parent=57399"}],"wp:term":[{"taxonomy":"category","embeddable":true,"href":"https:\/\/pagina10.com\/web\/wp-json\/wp\/v2\/categories?post=57399"},{"taxonomy":"post_tag","embeddable":true,"href":"https:\/\/pagina10.com\/web\/wp-json\/wp\/v2\/tags?post=57399"}],"curies":[{"name":"wp","href":"https:\/\/api.w.org\/{rel}","templated":true}]}}