{"id":57404,"date":"2021-12-10T23:35:40","date_gmt":"2021-12-11T04:35:40","guid":{"rendered":"https:\/\/pagina10.com\/web\/?p=57404"},"modified":"2021-12-10T23:35:40","modified_gmt":"2021-12-11T04:35:40","slug":"invipasto-inicia-socializacion-del-subsidio-aguinaldo-inviya","status":"publish","type":"post","link":"https:\/\/pagina10.com\/web\/invipasto-inicia-socializacion-del-subsidio-aguinaldo-inviya\/","title":{"rendered":"Invipasto inicia socializaci\u00f3n del subsidio \u2018Aguinaldo Inviya\u2019"},"content":{"rendered":"<p style=\"text-align: justify;\">Un subsidio complementario que asciende a 3 salarios m\u00ednimos legales mensuales vigentes (SMLMV) y que tiene un total de 250 cupos para ser asignados hasta el 30 de diciembre de 2021.<\/p>\n<p style=\"text-align: justify;\">El equipo de Invipasto inici\u00f3 las jornadas de socializaci\u00f3n del nuevo subsidio de vivienda \u2018Aguinaldo InviYA\u2019, una iniciativa que tiene como objetivo acercar a las familias de \u2018La Gran Capital\u2019 al sue\u00f1o de tener vivienda propia.<\/p>\n<p style=\"text-align: justify;\">El \u2018Aguinaldo InviYA es un subsidio complementario para la compra de vivienda nueva o usada, que est\u00e1 dirigido a las familias que tengan un plan de ahorro o cuenten con un cr\u00e9dito para su proyecto de vivienda.<\/p>\n<p style=\"text-align: justify;\">La directora ejecutiva de Invipasto, Sandra Bravo, explic\u00f3: \u201cDesde la Administraci\u00f3n Municipal se ha realizado un extenso an\u00e1lisis sobre las necesidades de las familias en la ciudad y las soluciones que las instituciones podemos dar respecto al tema de vivienda. En ese sentido, nos interesa llegar a la comunidad pastusa en esta \u00e9poca decembrina, con el \u2018Aguinaldo InviYA\u2019 para que este sue\u00f1o de tener vivienda propia finalmente sea una realidad\u201d.<\/p>\n<p style=\"text-align: justify;\">Para m\u00e1s informaci\u00f3n sobre los requisitos y c\u00f3mo postularse al \u2018Aguinaldo InviYA\u2019, los interesados pueden comunicarse con Invipasto a trav\u00e9s de los siguientes canales de comunicaci\u00f3n:<\/p>\n<p style=\"text-align: justify;\">Tel\u00e9fonos y WhatsApp: (321) 569-8727 \u2013 (320) 726-2361<br \/>\nFacebook: Invipasto<br \/>\nTwitter: @Invipasto<br \/>\nP\u00e1gina web: www.invipasto.gov.co<\/p>\n<p style=\"text-align: justify;\">Horario de atenci\u00f3n:<br \/>\nCAM Anganoy \u2013 Barrio Los Rosales II<br \/>\nLunes a viernes de 8:00 a.m. a 12:00 m y 2:00 p.m. a 6:00 p.m.<\/p>\n","protected":false},"excerpt":{"rendered":"<p>Un subsidio complementario que asciende a 3 salarios m\u00ednimos legales mensuales vigentes (SMLMV) y que tiene un total de 250 cupos para ser asignados hasta el 30 de diciembre de 2021. El equipo de Invipasto inici\u00f3 las jornadas de socializaci\u00f3n del nuevo subsidio de vivienda \u2018Aguinaldo InviYA\u2019, una iniciativa que tiene como objetivo acercar a [&hellip;]<\/p>\n","protected":false},"author":1,"featured_media":57405,"comment_status":"open","ping_status":"open","sticky":false,"template":"","format":"standard","meta":{"footnotes":""},"categories":[5],"tags":[],"class_list":["post-57404","post","type-post","status-publish","format-standard","has-post-thumbnail","hentry","category-ciudad"],"yoast_head":"<!-- This site is optimized with the Yoast SEO plugin v27.1.1 - https:\/\/yoast.com\/product\/yoast-seo-wordpress\/ -->\n<title>Invipasto inicia socializaci\u00f3n del subsidio \u2018Aguinaldo Inviya\u2019 | P\u00e1gina10<\/title>\n<meta name=\"robots\" content=\"index, follow, max-snippet:-1, max-image-preview:large, max-video-preview:-1\" \/>\n<link rel=\"canonical\" href=\"https:\/\/pagina10.com\/web\/invipasto-inicia-socializacion-del-subsidio-aguinaldo-inviya\/\" \/>\n<meta property=\"og:locale\" content=\"es_ES\" \/>\n<meta property=\"og:type\" content=\"article\" \/>\n<meta property=\"og:title\" content=\"Invipasto inicia socializaci\u00f3n del subsidio \u2018Aguinaldo Inviya\u2019 | P\u00e1gina10\" \/>\n<meta property=\"og:description\" content=\"Un subsidio complementario que asciende a 3 salarios m\u00ednimos legales mensuales vigentes (SMLMV) y que tiene un total de 250 cupos para ser asignados hasta el 30 de diciembre de 2021. El equipo de Invipasto inici\u00f3 las jornadas de socializaci\u00f3n del nuevo subsidio de vivienda \u2018Aguinaldo InviYA\u2019, una iniciativa que tiene como objetivo acercar a [&hellip;]\" \/>\n<meta property=\"og:url\" content=\"https:\/\/pagina10.com\/web\/invipasto-inicia-socializacion-del-subsidio-aguinaldo-inviya\/\" \/>\n<meta property=\"og:site_name\" content=\"P\u00e1gina10\" \/>\n<meta property=\"article:publisher\" content=\"https:\/\/www.facebook.com\/pag10com\" \/>\n<meta property=\"article:published_time\" content=\"2021-12-11T04:35:40+00:00\" \/>\n<meta property=\"og:image\" content=\"https:\/\/pagina10.com\/web\/wp-content\/uploads\/2021\/12\/Captura-de-Pantalla-2021-12-10-a-las-11.35.05-p.-m..png\" \/>\n\t<meta property=\"og:image:width\" content=\"963\" \/>\n\t<meta property=\"og:image:height\" content=\"552\" \/>\n\t<meta property=\"og:image:type\" content=\"image\/png\" \/>\n<meta name=\"author\" content=\"P\u00e1gina 10\" \/>\n<meta name=\"twitter:card\" content=\"summary_large_image\" \/>\n<meta name=\"twitter:creator\" content=\"@Pag10com\" \/>\n<meta name=\"twitter:site\" content=\"@Pag10com\" \/>\n<meta name=\"twitter:label1\" content=\"Escrito por\" \/>\n\t<meta name=\"twitter:data1\" content=\"P\u00e1gina 10\" \/>\n\t<meta name=\"twitter:label2\" content=\"Tiempo de lectura\" \/>\n\t<meta name=\"twitter:data2\" content=\"1 minuto\" \/>\n<script type=\"application\/ld+json\" class=\"yoast-schema-graph\">{\"@context\":\"https:\/\/schema.org\",\"@graph\":[{\"@type\":\"Article\",\"@id\":\"https:\/\/pagina10.com\/web\/invipasto-inicia-socializacion-del-subsidio-aguinaldo-inviya\/#article\",\"isPartOf\":{\"@id\":\"https:\/\/pagina10.com\/web\/invipasto-inicia-socializacion-del-subsidio-aguinaldo-inviya\/\"},\"author\":{\"name\":\"P\u00e1gina 10\",\"@id\":\"https:\/\/pagina10.com\/web\/#\/schema\/person\/2efc4a090d25b667d3bc796798a3a81b\"},\"headline\":\"Invipasto inicia socializaci\u00f3n del subsidio \u2018Aguinaldo Inviya\u2019\",\"datePublished\":\"2021-12-11T04:35:40+00:00\",\"mainEntityOfPage\":{\"@id\":\"https:\/\/pagina10.com\/web\/invipasto-inicia-socializacion-del-subsidio-aguinaldo-inviya\/\"},\"wordCount\":257,\"commentCount\":0,\"publisher\":{\"@id\":\"https:\/\/pagina10.com\/web\/#organization\"},\"image\":{\"@id\":\"https:\/\/pagina10.com\/web\/invipasto-inicia-socializacion-del-subsidio-aguinaldo-inviya\/#primaryimage\"},\"thumbnailUrl\":\"https:\/\/pagina10.com\/web\/wp-content\/uploads\/2021\/12\/Captura-de-Pantalla-2021-12-10-a-las-11.35.05-p.-m..png\",\"articleSection\":[\"Ciudad\"],\"inLanguage\":\"es\",\"potentialAction\":[{\"@type\":\"CommentAction\",\"name\":\"Comment\",\"target\":[\"https:\/\/pagina10.com\/web\/invipasto-inicia-socializacion-del-subsidio-aguinaldo-inviya\/#respond\"]}]},{\"@type\":\"WebPage\",\"@id\":\"https:\/\/pagina10.com\/web\/invipasto-inicia-socializacion-del-subsidio-aguinaldo-inviya\/\",\"url\":\"https:\/\/pagina10.com\/web\/invipasto-inicia-socializacion-del-subsidio-aguinaldo-inviya\/\",\"name\":\"Invipasto inicia socializaci\u00f3n del subsidio \u2018Aguinaldo Inviya\u2019 | P\u00e1gina10\",\"isPartOf\":{\"@id\":\"https:\/\/pagina10.com\/web\/#website\"},\"primaryImageOfPage\":{\"@id\":\"https:\/\/pagina10.com\/web\/invipasto-inicia-socializacion-del-subsidio-aguinaldo-inviya\/#primaryimage\"},\"image\":{\"@id\":\"https:\/\/pagina10.com\/web\/invipasto-inicia-socializacion-del-subsidio-aguinaldo-inviya\/#primaryimage\"},\"thumbnailUrl\":\"https:\/\/pagina10.com\/web\/wp-content\/uploads\/2021\/12\/Captura-de-Pantalla-2021-12-10-a-las-11.35.05-p.-m..png\",\"datePublished\":\"2021-12-11T04:35:40+00:00\",\"breadcrumb\":{\"@id\":\"https:\/\/pagina10.com\/web\/invipasto-inicia-socializacion-del-subsidio-aguinaldo-inviya\/#breadcrumb\"},\"inLanguage\":\"es\",\"potentialAction\":[{\"@type\":\"ReadAction\",\"target\":[\"https:\/\/pagina10.com\/web\/invipasto-inicia-socializacion-del-subsidio-aguinaldo-inviya\/\"]}]},{\"@type\":\"ImageObject\",\"inLanguage\":\"es\",\"@id\":\"https:\/\/pagina10.com\/web\/invipasto-inicia-socializacion-del-subsidio-aguinaldo-inviya\/#primaryimage\",\"url\":\"https:\/\/pagina10.com\/web\/wp-content\/uploads\/2021\/12\/Captura-de-Pantalla-2021-12-10-a-las-11.35.05-p.-m..png\",\"contentUrl\":\"https:\/\/pagina10.com\/web\/wp-content\/uploads\/2021\/12\/Captura-de-Pantalla-2021-12-10-a-las-11.35.05-p.-m..png\",\"width\":963,\"height\":552},{\"@type\":\"BreadcrumbList\",\"@id\":\"https:\/\/pagina10.com\/web\/invipasto-inicia-socializacion-del-subsidio-aguinaldo-inviya\/#breadcrumb\",\"itemListElement\":[{\"@type\":\"ListItem\",\"position\":1,\"name\":\"Portada\",\"item\":\"https:\/\/pagina10.com\/web\/\"},{\"@type\":\"ListItem\",\"position\":2,\"name\":\"Invipasto inicia socializaci\u00f3n del subsidio \u2018Aguinaldo Inviya\u2019\"}]},{\"@type\":\"WebSite\",\"@id\":\"https:\/\/pagina10.com\/web\/#website\",\"url\":\"https:\/\/pagina10.com\/web\/\",\"name\":\"P\u00e1gina10\",\"description\":\"Peri\u00f3dico Regional\",\"publisher\":{\"@id\":\"https:\/\/pagina10.com\/web\/#organization\"},\"alternateName\":\"P\u00e1gina10 Peri\u00f3dico Regional\",\"potentialAction\":[{\"@type\":\"SearchAction\",\"target\":{\"@type\":\"EntryPoint\",\"urlTemplate\":\"https:\/\/pagina10.com\/web\/?s={search_term_string}\"},\"query-input\":{\"@type\":\"PropertyValueSpecification\",\"valueRequired\":true,\"valueName\":\"search_term_string\"}}],\"inLanguage\":\"es\"},{\"@type\":\"Organization\",\"@id\":\"https:\/\/pagina10.com\/web\/#organization\",\"name\":\"P\u00e1gina10\",\"alternateName\":\"P\u00e1gina10 Peri\u00f3dico Regional\",\"url\":\"https:\/\/pagina10.com\/web\/\",\"logo\":{\"@type\":\"ImageObject\",\"inLanguage\":\"es\",\"@id\":\"https:\/\/pagina10.com\/web\/#\/schema\/logo\/image\/\",\"url\":\"https:\/\/pagina10.com\/web\/wp-content\/uploads\/2024\/01\/40-pagina-10-periodico-regional-pasto.jpg\",\"contentUrl\":\"https:\/\/pagina10.com\/web\/wp-content\/uploads\/2024\/01\/40-pagina-10-periodico-regional-pasto.jpg\",\"width\":1280,\"height\":720,\"caption\":\"P\u00e1gina10\"},\"image\":{\"@id\":\"https:\/\/pagina10.com\/web\/#\/schema\/logo\/image\/\"},\"sameAs\":[\"https:\/\/www.facebook.com\/pag10com\",\"https:\/\/x.com\/Pag10com\",\"https:\/\/www.instagram.com\/pagina10col\/\",\"https:\/\/youtube.com\/channel\/pag10\",\"https:\/\/www.tiktok.com\/@p10col\"]},{\"@type\":\"Person\",\"@id\":\"https:\/\/pagina10.com\/web\/#\/schema\/person\/2efc4a090d25b667d3bc796798a3a81b\",\"name\":\"P\u00e1gina 10\",\"description\":\"P\u00e1gina 10 es un peri\u00f3dico regional que nace en Colombia, en el departamento de Nari\u00f1o, con un enfoque global, fundamentado en cuatro pilares esenciales: la libertad, el pluralismo, la inclusi\u00f3n y la independencia. P\u00e1gina 10 hace referencia a Nari\u00f1o como el d\u00e9cimo departamento creado en Colombia, despu\u00e9s de un proceso pol\u00edtico liderado por actores y actrices regionales con el fin de obtener la independencia y autonom\u00eda de nuestros territorios. Con la creaci\u00f3n de P\u00e1gina 10 se pretende abrir un escenario para el dialogo, la reflexi\u00f3n y el debate que se extienda a otras geograf\u00edas de Am\u00e9rica Latina y del planeta, en una apuesta por transformar colectivamente los desaf\u00edos de un mundo contempor\u00e1neo, m\u00e1s all\u00e1 de las fronteras impuestas.\",\"url\":\"https:\/\/pagina10.com\/web\/author\/pdiezadmin\/\"}]}<\/script>\n<!-- \/ Yoast SEO plugin. -->","yoast_head_json":{"title":"Invipasto inicia socializaci\u00f3n del subsidio \u2018Aguinaldo Inviya\u2019 | P\u00e1gina10","robots":{"index":"index","follow":"follow","max-snippet":"max-snippet:-1","max-image-preview":"max-image-preview:large","max-video-preview":"max-video-preview:-1"},"canonical":"https:\/\/pagina10.com\/web\/invipasto-inicia-socializacion-del-subsidio-aguinaldo-inviya\/","og_locale":"es_ES","og_type":"article","og_title":"Invipasto inicia socializaci\u00f3n del subsidio \u2018Aguinaldo Inviya\u2019 | P\u00e1gina10","og_description":"Un subsidio complementario que asciende a 3 salarios m\u00ednimos legales mensuales vigentes (SMLMV) y que tiene un total de 250 cupos para ser asignados hasta el 30 de diciembre de 2021. El equipo de Invipasto inici\u00f3 las jornadas de socializaci\u00f3n del nuevo subsidio de vivienda \u2018Aguinaldo InviYA\u2019, una iniciativa que tiene como objetivo acercar a [&hellip;]","og_url":"https:\/\/pagina10.com\/web\/invipasto-inicia-socializacion-del-subsidio-aguinaldo-inviya\/","og_site_name":"P\u00e1gina10","article_publisher":"https:\/\/www.facebook.com\/pag10com","article_published_time":"2021-12-11T04:35:40+00:00","og_image":[{"width":963,"height":552,"url":"https:\/\/pagina10.com\/web\/wp-content\/uploads\/2021\/12\/Captura-de-Pantalla-2021-12-10-a-las-11.35.05-p.-m..png","type":"image\/png"}],"author":"P\u00e1gina 10","twitter_card":"summary_large_image","twitter_creator":"@Pag10com","twitter_site":"@Pag10com","twitter_misc":{"Escrito por":"P\u00e1gina 10","Tiempo de lectura":"1 minuto"},"schema":{"@context":"https:\/\/schema.org","@graph":[{"@type":"Article","@id":"https:\/\/pagina10.com\/web\/invipasto-inicia-socializacion-del-subsidio-aguinaldo-inviya\/#article","isPartOf":{"@id":"https:\/\/pagina10.com\/web\/invipasto-inicia-socializacion-del-subsidio-aguinaldo-inviya\/"},"author":{"name":"P\u00e1gina 10","@id":"https:\/\/pagina10.com\/web\/#\/schema\/person\/2efc4a090d25b667d3bc796798a3a81b"},"headline":"Invipasto inicia socializaci\u00f3n del subsidio \u2018Aguinaldo Inviya\u2019","datePublished":"2021-12-11T04:35:40+00:00","mainEntityOfPage":{"@id":"https:\/\/pagina10.com\/web\/invipasto-inicia-socializacion-del-subsidio-aguinaldo-inviya\/"},"wordCount":257,"commentCount":0,"publisher":{"@id":"https:\/\/pagina10.com\/web\/#organization"},"image":{"@id":"https:\/\/pagina10.com\/web\/invipasto-inicia-socializacion-del-subsidio-aguinaldo-inviya\/#primaryimage"},"thumbnailUrl":"https:\/\/pagina10.com\/web\/wp-content\/uploads\/2021\/12\/Captura-de-Pantalla-2021-12-10-a-las-11.35.05-p.-m..png","articleSection":["Ciudad"],"inLanguage":"es","potentialAction":[{"@type":"CommentAction","name":"Comment","target":["https:\/\/pagina10.com\/web\/invipasto-inicia-socializacion-del-subsidio-aguinaldo-inviya\/#respond"]}]},{"@type":"WebPage","@id":"https:\/\/pagina10.com\/web\/invipasto-inicia-socializacion-del-subsidio-aguinaldo-inviya\/","url":"https:\/\/pagina10.com\/web\/invipasto-inicia-socializacion-del-subsidio-aguinaldo-inviya\/","name":"Invipasto inicia socializaci\u00f3n del subsidio \u2018Aguinaldo Inviya\u2019 | P\u00e1gina10","isPartOf":{"@id":"https:\/\/pagina10.com\/web\/#website"},"primaryImageOfPage":{"@id":"https:\/\/pagina10.com\/web\/invipasto-inicia-socializacion-del-subsidio-aguinaldo-inviya\/#primaryimage"},"image":{"@id":"https:\/\/pagina10.com\/web\/invipasto-inicia-socializacion-del-subsidio-aguinaldo-inviya\/#primaryimage"},"thumbnailUrl":"https:\/\/pagina10.com\/web\/wp-content\/uploads\/2021\/12\/Captura-de-Pantalla-2021-12-10-a-las-11.35.05-p.-m..png","datePublished":"2021-12-11T04:35:40+00:00","breadcrumb":{"@id":"https:\/\/pagina10.com\/web\/invipasto-inicia-socializacion-del-subsidio-aguinaldo-inviya\/#breadcrumb"},"inLanguage":"es","potentialAction":[{"@type":"ReadAction","target":["https:\/\/pagina10.com\/web\/invipasto-inicia-socializacion-del-subsidio-aguinaldo-inviya\/"]}]},{"@type":"ImageObject","inLanguage":"es","@id":"https:\/\/pagina10.com\/web\/invipasto-inicia-socializacion-del-subsidio-aguinaldo-inviya\/#primaryimage","url":"https:\/\/pagina10.com\/web\/wp-content\/uploads\/2021\/12\/Captura-de-Pantalla-2021-12-10-a-las-11.35.05-p.-m..png","contentUrl":"https:\/\/pagina10.com\/web\/wp-content\/uploads\/2021\/12\/Captura-de-Pantalla-2021-12-10-a-las-11.35.05-p.-m..png","width":963,"height":552},{"@type":"BreadcrumbList","@id":"https:\/\/pagina10.com\/web\/invipasto-inicia-socializacion-del-subsidio-aguinaldo-inviya\/#breadcrumb","itemListElement":[{"@type":"ListItem","position":1,"name":"Portada","item":"https:\/\/pagina10.com\/web\/"},{"@type":"ListItem","position":2,"name":"Invipasto inicia socializaci\u00f3n del subsidio \u2018Aguinaldo Inviya\u2019"}]},{"@type":"WebSite","@id":"https:\/\/pagina10.com\/web\/#website","url":"https:\/\/pagina10.com\/web\/","name":"P\u00e1gina10","description":"Peri\u00f3dico Regional","publisher":{"@id":"https:\/\/pagina10.com\/web\/#organization"},"alternateName":"P\u00e1gina10 Peri\u00f3dico Regional","potentialAction":[{"@type":"SearchAction","target":{"@type":"EntryPoint","urlTemplate":"https:\/\/pagina10.com\/web\/?s={search_term_string}"},"query-input":{"@type":"PropertyValueSpecification","valueRequired":true,"valueName":"search_term_string"}}],"inLanguage":"es"},{"@type":"Organization","@id":"https:\/\/pagina10.com\/web\/#organization","name":"P\u00e1gina10","alternateName":"P\u00e1gina10 Peri\u00f3dico Regional","url":"https:\/\/pagina10.com\/web\/","logo":{"@type":"ImageObject","inLanguage":"es","@id":"https:\/\/pagina10.com\/web\/#\/schema\/logo\/image\/","url":"https:\/\/pagina10.com\/web\/wp-content\/uploads\/2024\/01\/40-pagina-10-periodico-regional-pasto.jpg","contentUrl":"https:\/\/pagina10.com\/web\/wp-content\/uploads\/2024\/01\/40-pagina-10-periodico-regional-pasto.jpg","width":1280,"height":720,"caption":"P\u00e1gina10"},"image":{"@id":"https:\/\/pagina10.com\/web\/#\/schema\/logo\/image\/"},"sameAs":["https:\/\/www.facebook.com\/pag10com","https:\/\/x.com\/Pag10com","https:\/\/www.instagram.com\/pagina10col\/","https:\/\/youtube.com\/channel\/pag10","https:\/\/www.tiktok.com\/@p10col"]},{"@type":"Person","@id":"https:\/\/pagina10.com\/web\/#\/schema\/person\/2efc4a090d25b667d3bc796798a3a81b","name":"P\u00e1gina 10","description":"P\u00e1gina 10 es un peri\u00f3dico regional que nace en Colombia, en el departamento de Nari\u00f1o, con un enfoque global, fundamentado en cuatro pilares esenciales: la libertad, el pluralismo, la inclusi\u00f3n y la independencia. P\u00e1gina 10 hace referencia a Nari\u00f1o como el d\u00e9cimo departamento creado en Colombia, despu\u00e9s de un proceso pol\u00edtico liderado por actores y actrices regionales con el fin de obtener la independencia y autonom\u00eda de nuestros territorios. Con la creaci\u00f3n de P\u00e1gina 10 se pretende abrir un escenario para el dialogo, la reflexi\u00f3n y el debate que se extienda a otras geograf\u00edas de Am\u00e9rica Latina y del planeta, en una apuesta por transformar colectivamente los desaf\u00edos de un mundo contempor\u00e1neo, m\u00e1s all\u00e1 de las fronteras impuestas.","url":"https:\/\/pagina10.com\/web\/author\/pdiezadmin\/"}]}},"_links":{"self":[{"href":"https:\/\/pagina10.com\/web\/wp-json\/wp\/v2\/posts\/57404","targetHints":{"allow":["GET"]}}],"collection":[{"href":"https:\/\/pagina10.com\/web\/wp-json\/wp\/v2\/posts"}],"about":[{"href":"https:\/\/pagina10.com\/web\/wp-json\/wp\/v2\/types\/post"}],"author":[{"embeddable":true,"href":"https:\/\/pagina10.com\/web\/wp-json\/wp\/v2\/users\/1"}],"replies":[{"embeddable":true,"href":"https:\/\/pagina10.com\/web\/wp-json\/wp\/v2\/comments?post=57404"}],"version-history":[{"count":1,"href":"https:\/\/pagina10.com\/web\/wp-json\/wp\/v2\/posts\/57404\/revisions"}],"predecessor-version":[{"id":57406,"href":"https:\/\/pagina10.com\/web\/wp-json\/wp\/v2\/posts\/57404\/revisions\/57406"}],"wp:featuredmedia":[{"embeddable":true,"href":"https:\/\/pagina10.com\/web\/wp-json\/wp\/v2\/media\/57405"}],"wp:attachment":[{"href":"https:\/\/pagina10.com\/web\/wp-json\/wp\/v2\/media?parent=57404"}],"wp:term":[{"taxonomy":"category","embeddable":true,"href":"https:\/\/pagina10.com\/web\/wp-json\/wp\/v2\/categories?post=57404"},{"taxonomy":"post_tag","embeddable":true,"href":"https:\/\/pagina10.com\/web\/wp-json\/wp\/v2\/tags?post=57404"}],"curies":[{"name":"wp","href":"https:\/\/api.w.org\/{rel}","templated":true}]}}