{"id":57407,"date":"2021-12-10T23:38:43","date_gmt":"2021-12-11T04:38:43","guid":{"rendered":"https:\/\/pagina10.com\/web\/?p=57407"},"modified":"2021-12-10T23:38:43","modified_gmt":"2021-12-11T04:38:43","slug":"el-centro-comercial-idema-se-viste-de-reactivacion","status":"publish","type":"post","link":"https:\/\/pagina10.com\/web\/el-centro-comercial-idema-se-viste-de-reactivacion\/","title":{"rendered":"El centro comercial Idema se viste de reactivaci\u00f3n"},"content":{"rendered":"<p style=\"text-align: justify;\">\n<p style=\"text-align: justify;\">Del 7 de diciembre de 2021 al 7 de enero de 2022, 43 emprendedores comercializar\u00e1n sus productos en estas instalaciones<\/p>\n<p style=\"text-align: justify;\">\n<p style=\"text-align: justify;\">El liderazgo del Alcalde Germ\u00e1n Chamorro De La Rosa y la articulaci\u00f3n de la firma Romo CIA S.A.S permitieron que 43 emprendedores abrieran las puertas de los locales comerciales, que recibieron en calidad de pr\u00e9stamo, a propios y visitantes.<\/p>\n<p style=\"text-align: justify;\">\n<p style=\"text-align: justify;\">&#8220;De verdad agradezco mucho a la Alcald\u00eda y a la Secretar\u00eda de Desarrollo Econ\u00f3mico por todo lo que ha hecho por m\u00ed y por todos los que hoy tenemos la oportunidad de estar aqu\u00ed, pues despu\u00e9s de la situaci\u00f3n que vivimos se nos dio este gran apoyo en el mejor mes\u201d, afirm\u00f3 la emprendedora, Maria del Socorro D\u00edaz.<\/p>\n<p style=\"text-align: justify;\">\n<p style=\"text-align: justify;\">Con el objetivo de impulsar el proceso de reactivaci\u00f3n econ\u00f3mica y dar cumplimiento a la estrategia Pacto Por Pasto, la Secretar\u00eda de Desarrollo Econ\u00f3mico propicia espacios donde los emprendedores tienen la posibilidad de generar empleo, fortalecer la din\u00e1mica comercial del municipio y construir tejido empresarial.<\/p>\n<p style=\"text-align: justify;\">\n<p style=\"text-align: justify;\">\u201cEsta es la respuesta a las acciones planteadas a corto, mediano y largo plazo que hacen parte del Pacto Por Pasto y que hoy se hacen realidad a trav\u00e9s de la articulaci\u00f3n p\u00fablico-privada. As\u00ed, se pone al servicio de los emprendedores este espacio que permite la comercializaci\u00f3n y promoci\u00f3n de diferentes productos\u201d, agreg\u00f3 la secretaria de Desarrollo Econ\u00f3mico, Yamile Montenegro.<\/p>\n<p style=\"text-align: justify;\">\n<p style=\"text-align: justify;\">A partir de hoy, la comunidad del Municipio de Pasto podr\u00e1 apoyar esta estrategia, visitar el Centro Comercial Idema y encontrar variedad de productos como artesan\u00edas, joyer\u00eda, manualidades, bisuter\u00eda, helader\u00eda, maquillaje, detalles y mucho m\u00e1s.<\/p>\n<p style=\"text-align: justify;\">\n<p style=\"text-align: justify;\">\u201cDe parte de Antony Fierro Joyer\u00eda Artesanal les queremos dar las gracias porque \u00e9sta es una puerta que se nos abre para comercializar nuestros productos y reactivarnos\u201d, dijo el emprendedor beneficiario, F\u00e9lix Fierro.<\/p>\n<p style=\"text-align: justify;\">\n<p style=\"text-align: justify;\">La vitrina comercial permite realizar una venta directa y esto se traduce en una oportunidad para los comerciantes, pero tambi\u00e9n para los compradores, puesto que podr\u00e1n obtener mejores precios y esto, a su vez, repercute en la generaci\u00f3n de empleo.<\/p>\n<p style=\"text-align: justify;\">\n<p style=\"text-align: justify;\">&#8220;Gracias a estas oportunidades crecen los mercados y realizar estas ventas de manera directa hace que nuestro sector est\u00e9 m\u00e1s cerca de la solvencia econ\u00f3mica, adem\u00e1s esto fortalece a diferentes familias; por ejemplo, nosotros tenemos a 10 madres cabeza de hogar, que nos ayudan a pintar. Por lo tanto, realizamos la invitaci\u00f3n para que nos visiten y apoyemos a Pasto consumiendo local\u201d, concluy\u00f3 el artesano y beneficiario, Ever Villareal.<\/p>\n","protected":false},"excerpt":{"rendered":"<p>Del 7 de diciembre de 2021 al 7 de enero de 2022, 43 emprendedores comercializar\u00e1n sus productos en estas instalaciones El liderazgo del Alcalde Germ\u00e1n Chamorro De La Rosa y la articulaci\u00f3n de la firma Romo CIA S.A.S permitieron que 43 emprendedores abrieran las puertas de los locales comerciales, que recibieron en calidad de pr\u00e9stamo, [&hellip;]<\/p>\n","protected":false},"author":1,"featured_media":57408,"comment_status":"open","ping_status":"open","sticky":false,"template":"","format":"standard","meta":{"footnotes":""},"categories":[5],"tags":[],"class_list":["post-57407","post","type-post","status-publish","format-standard","has-post-thumbnail","hentry","category-ciudad"],"yoast_head":"<!-- This site is optimized with the Yoast SEO plugin v27.1.1 - https:\/\/yoast.com\/product\/yoast-seo-wordpress\/ -->\n<title>El centro comercial Idema se viste de reactivaci\u00f3n | P\u00e1gina10<\/title>\n<meta name=\"robots\" content=\"index, follow, max-snippet:-1, max-image-preview:large, max-video-preview:-1\" \/>\n<link rel=\"canonical\" href=\"https:\/\/pagina10.com\/web\/el-centro-comercial-idema-se-viste-de-reactivacion\/\" \/>\n<meta property=\"og:locale\" content=\"es_ES\" \/>\n<meta property=\"og:type\" content=\"article\" \/>\n<meta property=\"og:title\" content=\"El centro comercial Idema se viste de reactivaci\u00f3n | P\u00e1gina10\" \/>\n<meta property=\"og:description\" content=\"Del 7 de diciembre de 2021 al 7 de enero de 2022, 43 emprendedores comercializar\u00e1n sus productos en estas instalaciones El liderazgo del Alcalde Germ\u00e1n Chamorro De La Rosa y la articulaci\u00f3n de la firma Romo CIA S.A.S permitieron que 43 emprendedores abrieran las puertas de los locales comerciales, que recibieron en calidad de pr\u00e9stamo, [&hellip;]\" \/>\n<meta property=\"og:url\" content=\"https:\/\/pagina10.com\/web\/el-centro-comercial-idema-se-viste-de-reactivacion\/\" \/>\n<meta property=\"og:site_name\" content=\"P\u00e1gina10\" \/>\n<meta property=\"article:publisher\" content=\"https:\/\/www.facebook.com\/pag10com\" \/>\n<meta property=\"article:published_time\" content=\"2021-12-11T04:38:43+00:00\" \/>\n<meta property=\"og:image\" content=\"https:\/\/pagina10.com\/web\/wp-content\/uploads\/2021\/12\/WhatsApp-Image-2021-12-09-at-11.34.04-PM.jpeg\" \/>\n\t<meta property=\"og:image:width\" content=\"1024\" \/>\n\t<meta property=\"og:image:height\" content=\"768\" \/>\n\t<meta property=\"og:image:type\" content=\"image\/jpeg\" \/>\n<meta name=\"author\" content=\"P\u00e1gina 10\" \/>\n<meta name=\"twitter:card\" content=\"summary_large_image\" \/>\n<meta name=\"twitter:creator\" content=\"@Pag10com\" \/>\n<meta name=\"twitter:site\" content=\"@Pag10com\" \/>\n<meta name=\"twitter:label1\" content=\"Escrito por\" \/>\n\t<meta name=\"twitter:data1\" content=\"P\u00e1gina 10\" \/>\n\t<meta name=\"twitter:label2\" content=\"Tiempo de lectura\" \/>\n\t<meta name=\"twitter:data2\" content=\"2 minutos\" \/>\n<script type=\"application\/ld+json\" class=\"yoast-schema-graph\">{\"@context\":\"https:\/\/schema.org\",\"@graph\":[{\"@type\":\"Article\",\"@id\":\"https:\/\/pagina10.com\/web\/el-centro-comercial-idema-se-viste-de-reactivacion\/#article\",\"isPartOf\":{\"@id\":\"https:\/\/pagina10.com\/web\/el-centro-comercial-idema-se-viste-de-reactivacion\/\"},\"author\":{\"name\":\"P\u00e1gina 10\",\"@id\":\"https:\/\/pagina10.com\/web\/#\/schema\/person\/2efc4a090d25b667d3bc796798a3a81b\"},\"headline\":\"El centro comercial Idema se viste de reactivaci\u00f3n\",\"datePublished\":\"2021-12-11T04:38:43+00:00\",\"mainEntityOfPage\":{\"@id\":\"https:\/\/pagina10.com\/web\/el-centro-comercial-idema-se-viste-de-reactivacion\/\"},\"wordCount\":438,\"commentCount\":0,\"publisher\":{\"@id\":\"https:\/\/pagina10.com\/web\/#organization\"},\"image\":{\"@id\":\"https:\/\/pagina10.com\/web\/el-centro-comercial-idema-se-viste-de-reactivacion\/#primaryimage\"},\"thumbnailUrl\":\"https:\/\/pagina10.com\/web\/wp-content\/uploads\/2021\/12\/WhatsApp-Image-2021-12-09-at-11.34.04-PM.jpeg\",\"articleSection\":[\"Ciudad\"],\"inLanguage\":\"es\",\"potentialAction\":[{\"@type\":\"CommentAction\",\"name\":\"Comment\",\"target\":[\"https:\/\/pagina10.com\/web\/el-centro-comercial-idema-se-viste-de-reactivacion\/#respond\"]}]},{\"@type\":\"WebPage\",\"@id\":\"https:\/\/pagina10.com\/web\/el-centro-comercial-idema-se-viste-de-reactivacion\/\",\"url\":\"https:\/\/pagina10.com\/web\/el-centro-comercial-idema-se-viste-de-reactivacion\/\",\"name\":\"El centro comercial Idema se viste de reactivaci\u00f3n | P\u00e1gina10\",\"isPartOf\":{\"@id\":\"https:\/\/pagina10.com\/web\/#website\"},\"primaryImageOfPage\":{\"@id\":\"https:\/\/pagina10.com\/web\/el-centro-comercial-idema-se-viste-de-reactivacion\/#primaryimage\"},\"image\":{\"@id\":\"https:\/\/pagina10.com\/web\/el-centro-comercial-idema-se-viste-de-reactivacion\/#primaryimage\"},\"thumbnailUrl\":\"https:\/\/pagina10.com\/web\/wp-content\/uploads\/2021\/12\/WhatsApp-Image-2021-12-09-at-11.34.04-PM.jpeg\",\"datePublished\":\"2021-12-11T04:38:43+00:00\",\"breadcrumb\":{\"@id\":\"https:\/\/pagina10.com\/web\/el-centro-comercial-idema-se-viste-de-reactivacion\/#breadcrumb\"},\"inLanguage\":\"es\",\"potentialAction\":[{\"@type\":\"ReadAction\",\"target\":[\"https:\/\/pagina10.com\/web\/el-centro-comercial-idema-se-viste-de-reactivacion\/\"]}]},{\"@type\":\"ImageObject\",\"inLanguage\":\"es\",\"@id\":\"https:\/\/pagina10.com\/web\/el-centro-comercial-idema-se-viste-de-reactivacion\/#primaryimage\",\"url\":\"https:\/\/pagina10.com\/web\/wp-content\/uploads\/2021\/12\/WhatsApp-Image-2021-12-09-at-11.34.04-PM.jpeg\",\"contentUrl\":\"https:\/\/pagina10.com\/web\/wp-content\/uploads\/2021\/12\/WhatsApp-Image-2021-12-09-at-11.34.04-PM.jpeg\",\"width\":1024,\"height\":768},{\"@type\":\"BreadcrumbList\",\"@id\":\"https:\/\/pagina10.com\/web\/el-centro-comercial-idema-se-viste-de-reactivacion\/#breadcrumb\",\"itemListElement\":[{\"@type\":\"ListItem\",\"position\":1,\"name\":\"Portada\",\"item\":\"https:\/\/pagina10.com\/web\/\"},{\"@type\":\"ListItem\",\"position\":2,\"name\":\"El centro comercial Idema se viste de reactivaci\u00f3n\"}]},{\"@type\":\"WebSite\",\"@id\":\"https:\/\/pagina10.com\/web\/#website\",\"url\":\"https:\/\/pagina10.com\/web\/\",\"name\":\"P\u00e1gina10\",\"description\":\"Peri\u00f3dico Regional\",\"publisher\":{\"@id\":\"https:\/\/pagina10.com\/web\/#organization\"},\"alternateName\":\"P\u00e1gina10 Peri\u00f3dico Regional\",\"potentialAction\":[{\"@type\":\"SearchAction\",\"target\":{\"@type\":\"EntryPoint\",\"urlTemplate\":\"https:\/\/pagina10.com\/web\/?s={search_term_string}\"},\"query-input\":{\"@type\":\"PropertyValueSpecification\",\"valueRequired\":true,\"valueName\":\"search_term_string\"}}],\"inLanguage\":\"es\"},{\"@type\":\"Organization\",\"@id\":\"https:\/\/pagina10.com\/web\/#organization\",\"name\":\"P\u00e1gina10\",\"alternateName\":\"P\u00e1gina10 Peri\u00f3dico Regional\",\"url\":\"https:\/\/pagina10.com\/web\/\",\"logo\":{\"@type\":\"ImageObject\",\"inLanguage\":\"es\",\"@id\":\"https:\/\/pagina10.com\/web\/#\/schema\/logo\/image\/\",\"url\":\"https:\/\/pagina10.com\/web\/wp-content\/uploads\/2024\/01\/40-pagina-10-periodico-regional-pasto.jpg\",\"contentUrl\":\"https:\/\/pagina10.com\/web\/wp-content\/uploads\/2024\/01\/40-pagina-10-periodico-regional-pasto.jpg\",\"width\":1280,\"height\":720,\"caption\":\"P\u00e1gina10\"},\"image\":{\"@id\":\"https:\/\/pagina10.com\/web\/#\/schema\/logo\/image\/\"},\"sameAs\":[\"https:\/\/www.facebook.com\/pag10com\",\"https:\/\/x.com\/Pag10com\",\"https:\/\/www.instagram.com\/pagina10col\/\",\"https:\/\/youtube.com\/channel\/pag10\",\"https:\/\/www.tiktok.com\/@p10col\"]},{\"@type\":\"Person\",\"@id\":\"https:\/\/pagina10.com\/web\/#\/schema\/person\/2efc4a090d25b667d3bc796798a3a81b\",\"name\":\"P\u00e1gina 10\",\"description\":\"P\u00e1gina 10 es un peri\u00f3dico regional que nace en Colombia, en el departamento de Nari\u00f1o, con un enfoque global, fundamentado en cuatro pilares esenciales: la libertad, el pluralismo, la inclusi\u00f3n y la independencia. P\u00e1gina 10 hace referencia a Nari\u00f1o como el d\u00e9cimo departamento creado en Colombia, despu\u00e9s de un proceso pol\u00edtico liderado por actores y actrices regionales con el fin de obtener la independencia y autonom\u00eda de nuestros territorios. Con la creaci\u00f3n de P\u00e1gina 10 se pretende abrir un escenario para el dialogo, la reflexi\u00f3n y el debate que se extienda a otras geograf\u00edas de Am\u00e9rica Latina y del planeta, en una apuesta por transformar colectivamente los desaf\u00edos de un mundo contempor\u00e1neo, m\u00e1s all\u00e1 de las fronteras impuestas.\",\"url\":\"https:\/\/pagina10.com\/web\/author\/pdiezadmin\/\"}]}<\/script>\n<!-- \/ Yoast SEO plugin. -->","yoast_head_json":{"title":"El centro comercial Idema se viste de reactivaci\u00f3n | P\u00e1gina10","robots":{"index":"index","follow":"follow","max-snippet":"max-snippet:-1","max-image-preview":"max-image-preview:large","max-video-preview":"max-video-preview:-1"},"canonical":"https:\/\/pagina10.com\/web\/el-centro-comercial-idema-se-viste-de-reactivacion\/","og_locale":"es_ES","og_type":"article","og_title":"El centro comercial Idema se viste de reactivaci\u00f3n | P\u00e1gina10","og_description":"Del 7 de diciembre de 2021 al 7 de enero de 2022, 43 emprendedores comercializar\u00e1n sus productos en estas instalaciones El liderazgo del Alcalde Germ\u00e1n Chamorro De La Rosa y la articulaci\u00f3n de la firma Romo CIA S.A.S permitieron que 43 emprendedores abrieran las puertas de los locales comerciales, que recibieron en calidad de pr\u00e9stamo, [&hellip;]","og_url":"https:\/\/pagina10.com\/web\/el-centro-comercial-idema-se-viste-de-reactivacion\/","og_site_name":"P\u00e1gina10","article_publisher":"https:\/\/www.facebook.com\/pag10com","article_published_time":"2021-12-11T04:38:43+00:00","og_image":[{"width":1024,"height":768,"url":"https:\/\/pagina10.com\/web\/wp-content\/uploads\/2021\/12\/WhatsApp-Image-2021-12-09-at-11.34.04-PM.jpeg","type":"image\/jpeg"}],"author":"P\u00e1gina 10","twitter_card":"summary_large_image","twitter_creator":"@Pag10com","twitter_site":"@Pag10com","twitter_misc":{"Escrito por":"P\u00e1gina 10","Tiempo de lectura":"2 minutos"},"schema":{"@context":"https:\/\/schema.org","@graph":[{"@type":"Article","@id":"https:\/\/pagina10.com\/web\/el-centro-comercial-idema-se-viste-de-reactivacion\/#article","isPartOf":{"@id":"https:\/\/pagina10.com\/web\/el-centro-comercial-idema-se-viste-de-reactivacion\/"},"author":{"name":"P\u00e1gina 10","@id":"https:\/\/pagina10.com\/web\/#\/schema\/person\/2efc4a090d25b667d3bc796798a3a81b"},"headline":"El centro comercial Idema se viste de reactivaci\u00f3n","datePublished":"2021-12-11T04:38:43+00:00","mainEntityOfPage":{"@id":"https:\/\/pagina10.com\/web\/el-centro-comercial-idema-se-viste-de-reactivacion\/"},"wordCount":438,"commentCount":0,"publisher":{"@id":"https:\/\/pagina10.com\/web\/#organization"},"image":{"@id":"https:\/\/pagina10.com\/web\/el-centro-comercial-idema-se-viste-de-reactivacion\/#primaryimage"},"thumbnailUrl":"https:\/\/pagina10.com\/web\/wp-content\/uploads\/2021\/12\/WhatsApp-Image-2021-12-09-at-11.34.04-PM.jpeg","articleSection":["Ciudad"],"inLanguage":"es","potentialAction":[{"@type":"CommentAction","name":"Comment","target":["https:\/\/pagina10.com\/web\/el-centro-comercial-idema-se-viste-de-reactivacion\/#respond"]}]},{"@type":"WebPage","@id":"https:\/\/pagina10.com\/web\/el-centro-comercial-idema-se-viste-de-reactivacion\/","url":"https:\/\/pagina10.com\/web\/el-centro-comercial-idema-se-viste-de-reactivacion\/","name":"El centro comercial Idema se viste de reactivaci\u00f3n | P\u00e1gina10","isPartOf":{"@id":"https:\/\/pagina10.com\/web\/#website"},"primaryImageOfPage":{"@id":"https:\/\/pagina10.com\/web\/el-centro-comercial-idema-se-viste-de-reactivacion\/#primaryimage"},"image":{"@id":"https:\/\/pagina10.com\/web\/el-centro-comercial-idema-se-viste-de-reactivacion\/#primaryimage"},"thumbnailUrl":"https:\/\/pagina10.com\/web\/wp-content\/uploads\/2021\/12\/WhatsApp-Image-2021-12-09-at-11.34.04-PM.jpeg","datePublished":"2021-12-11T04:38:43+00:00","breadcrumb":{"@id":"https:\/\/pagina10.com\/web\/el-centro-comercial-idema-se-viste-de-reactivacion\/#breadcrumb"},"inLanguage":"es","potentialAction":[{"@type":"ReadAction","target":["https:\/\/pagina10.com\/web\/el-centro-comercial-idema-se-viste-de-reactivacion\/"]}]},{"@type":"ImageObject","inLanguage":"es","@id":"https:\/\/pagina10.com\/web\/el-centro-comercial-idema-se-viste-de-reactivacion\/#primaryimage","url":"https:\/\/pagina10.com\/web\/wp-content\/uploads\/2021\/12\/WhatsApp-Image-2021-12-09-at-11.34.04-PM.jpeg","contentUrl":"https:\/\/pagina10.com\/web\/wp-content\/uploads\/2021\/12\/WhatsApp-Image-2021-12-09-at-11.34.04-PM.jpeg","width":1024,"height":768},{"@type":"BreadcrumbList","@id":"https:\/\/pagina10.com\/web\/el-centro-comercial-idema-se-viste-de-reactivacion\/#breadcrumb","itemListElement":[{"@type":"ListItem","position":1,"name":"Portada","item":"https:\/\/pagina10.com\/web\/"},{"@type":"ListItem","position":2,"name":"El centro comercial Idema se viste de reactivaci\u00f3n"}]},{"@type":"WebSite","@id":"https:\/\/pagina10.com\/web\/#website","url":"https:\/\/pagina10.com\/web\/","name":"P\u00e1gina10","description":"Peri\u00f3dico Regional","publisher":{"@id":"https:\/\/pagina10.com\/web\/#organization"},"alternateName":"P\u00e1gina10 Peri\u00f3dico Regional","potentialAction":[{"@type":"SearchAction","target":{"@type":"EntryPoint","urlTemplate":"https:\/\/pagina10.com\/web\/?s={search_term_string}"},"query-input":{"@type":"PropertyValueSpecification","valueRequired":true,"valueName":"search_term_string"}}],"inLanguage":"es"},{"@type":"Organization","@id":"https:\/\/pagina10.com\/web\/#organization","name":"P\u00e1gina10","alternateName":"P\u00e1gina10 Peri\u00f3dico Regional","url":"https:\/\/pagina10.com\/web\/","logo":{"@type":"ImageObject","inLanguage":"es","@id":"https:\/\/pagina10.com\/web\/#\/schema\/logo\/image\/","url":"https:\/\/pagina10.com\/web\/wp-content\/uploads\/2024\/01\/40-pagina-10-periodico-regional-pasto.jpg","contentUrl":"https:\/\/pagina10.com\/web\/wp-content\/uploads\/2024\/01\/40-pagina-10-periodico-regional-pasto.jpg","width":1280,"height":720,"caption":"P\u00e1gina10"},"image":{"@id":"https:\/\/pagina10.com\/web\/#\/schema\/logo\/image\/"},"sameAs":["https:\/\/www.facebook.com\/pag10com","https:\/\/x.com\/Pag10com","https:\/\/www.instagram.com\/pagina10col\/","https:\/\/youtube.com\/channel\/pag10","https:\/\/www.tiktok.com\/@p10col"]},{"@type":"Person","@id":"https:\/\/pagina10.com\/web\/#\/schema\/person\/2efc4a090d25b667d3bc796798a3a81b","name":"P\u00e1gina 10","description":"P\u00e1gina 10 es un peri\u00f3dico regional que nace en Colombia, en el departamento de Nari\u00f1o, con un enfoque global, fundamentado en cuatro pilares esenciales: la libertad, el pluralismo, la inclusi\u00f3n y la independencia. P\u00e1gina 10 hace referencia a Nari\u00f1o como el d\u00e9cimo departamento creado en Colombia, despu\u00e9s de un proceso pol\u00edtico liderado por actores y actrices regionales con el fin de obtener la independencia y autonom\u00eda de nuestros territorios. Con la creaci\u00f3n de P\u00e1gina 10 se pretende abrir un escenario para el dialogo, la reflexi\u00f3n y el debate que se extienda a otras geograf\u00edas de Am\u00e9rica Latina y del planeta, en una apuesta por transformar colectivamente los desaf\u00edos de un mundo contempor\u00e1neo, m\u00e1s all\u00e1 de las fronteras impuestas.","url":"https:\/\/pagina10.com\/web\/author\/pdiezadmin\/"}]}},"_links":{"self":[{"href":"https:\/\/pagina10.com\/web\/wp-json\/wp\/v2\/posts\/57407","targetHints":{"allow":["GET"]}}],"collection":[{"href":"https:\/\/pagina10.com\/web\/wp-json\/wp\/v2\/posts"}],"about":[{"href":"https:\/\/pagina10.com\/web\/wp-json\/wp\/v2\/types\/post"}],"author":[{"embeddable":true,"href":"https:\/\/pagina10.com\/web\/wp-json\/wp\/v2\/users\/1"}],"replies":[{"embeddable":true,"href":"https:\/\/pagina10.com\/web\/wp-json\/wp\/v2\/comments?post=57407"}],"version-history":[{"count":1,"href":"https:\/\/pagina10.com\/web\/wp-json\/wp\/v2\/posts\/57407\/revisions"}],"predecessor-version":[{"id":57409,"href":"https:\/\/pagina10.com\/web\/wp-json\/wp\/v2\/posts\/57407\/revisions\/57409"}],"wp:featuredmedia":[{"embeddable":true,"href":"https:\/\/pagina10.com\/web\/wp-json\/wp\/v2\/media\/57408"}],"wp:attachment":[{"href":"https:\/\/pagina10.com\/web\/wp-json\/wp\/v2\/media?parent=57407"}],"wp:term":[{"taxonomy":"category","embeddable":true,"href":"https:\/\/pagina10.com\/web\/wp-json\/wp\/v2\/categories?post=57407"},{"taxonomy":"post_tag","embeddable":true,"href":"https:\/\/pagina10.com\/web\/wp-json\/wp\/v2\/tags?post=57407"}],"curies":[{"name":"wp","href":"https:\/\/api.w.org\/{rel}","templated":true}]}}