{"id":57417,"date":"2021-12-12T20:11:44","date_gmt":"2021-12-13T01:11:44","guid":{"rendered":"https:\/\/pagina10.com\/web\/?p=57417"},"modified":"2021-12-12T20:11:44","modified_gmt":"2021-12-13T01:11:44","slug":"critica-situacion-en-narino-por-intensas-lluvias-en-la-region-que-afectan-a-12-municipios-en-las-ultimas-horas","status":"publish","type":"post","link":"https:\/\/pagina10.com\/web\/critica-situacion-en-narino-por-intensas-lluvias-en-la-region-que-afectan-a-12-municipios-en-las-ultimas-horas\/","title":{"rendered":"Cr\u00edtica situaci\u00f3n en Nari\u00f1o por intensas lluvias en la regi\u00f3n que afectan a 12 municipios en las \u00faltimas horas"},"content":{"rendered":"<p style=\"text-align: justify;\">La Gobernaci\u00f3n de Nari\u00f1o a trav\u00e9s de la Direcci\u00f3n Administrativa de Gesti\u00f3n del Riesgo de Desastres coordina las acciones para llevar ayuda humanitaria, evacuar a comunidades en riesgo y despejar las v\u00edas afectadas.<\/p>\n<p style=\"text-align: justify;\">El gobernador de Nari\u00f1o John Rojas, presidi\u00f3 el Consejo Extraordinario de Gesti\u00f3n de Riesgo de Desastres para analizar conjuntamente con las autoridades e instituciones, la situaci\u00f3n generada por las intensas lluvias en el Departamento y determinar las acciones pertinentes que posibiliten, primero, salvaguardar la vida y la integridad de las personas que habitan las zonas de riesgo y segundo garantizar la movilidad en las v\u00edas nacionales departamentales y terciarias de Nari\u00f1o.<\/p>\n<p style=\"text-align: justify;\">Rojas lament\u00f3 la muerte de dos personas por cuenta de deslizamientos provocados por las lluvias y del colapso de una vivienda, e inform\u00f3 que en lo corrido de esta temporada de lluvias se han afectados 53 municipios en total y que, en las \u00faltimas horas, 12 municipios han sido afectados con deslizamientos y desbordamiento de r\u00edos, adem\u00e1s, pidi\u00f3 a los alcaldes y comit\u00e9s municipales de gesti\u00f3n del riesgo estar atentos a las zonas cr\u00edticas y a la comunidad evacuar las zonas de peligro.<\/p>\n<p style=\"text-align: justify;\">El mandatario manifest\u00f3 que se desarrollan las acciones para evacuar de forma preventiva a las personas en riesgo, llevar ayuda humanitaria y despejar los corredores viales afectados.<\/p>\n<p style=\"text-align: justify;\">De acuerdo al reporte del INVIAS domingo 12 de diciembre a las 7:00 p.m. y al monitoreo de la DAGRD en Nari\u00f1o, la situaci\u00f3n a nivel departamental es la siguiente:<\/p>\n<ol style=\"text-align: justify;\">\n<li>V\u00eda Pasto -Buesaco -Higuerones<\/li>\n<\/ol>\n<p style=\"text-align: justify;\">A esta hora se encuentra habilitada la v\u00eda para todo tipo de veh\u00edculos con paso restringido por derrumbes en un gran n\u00famero de sectores.<\/p>\n<p style=\"text-align: justify;\">Se trabaja con maquinaria en el sector del PR 67 al 69 ampliando el paso. Igualmente se trabaj\u00f3 en el sector de Villa Moreno y Pajajoy PR 26 al 33 con maquinaria de INVIAS, alcald\u00eda de Buesaco y Gobernaci\u00f3n. Se continua con el despeje de la v\u00eda. Queda maquinaria disponible en el sitio.<\/p>\n<ol style=\"text-align: justify;\" start=\"2\">\n<li>Variante de Daza<\/li>\n<\/ol>\n<p style=\"text-align: justify;\">Paso restringido por derrumbes PR 1+0750, 2+0150 y 2+0300. Paso para todo tipo de veh\u00edculos.<\/p>\n<ol style=\"text-align: justify;\" start=\"3\">\n<li>V\u00eda Pasto- La Piscicultura<\/li>\n<\/ol>\n<p style=\"text-align: justify;\">PR 20+0200 p\u00e9rdida de parte de la banca en sitio cr\u00edtico.\u00a0 Se se\u00f1aliz\u00f3 preventivamente. Paso para todo tipo de veh\u00edculos.<\/p>\n<ol style=\"text-align: justify;\" start=\"4\">\n<li>V\u00eda Pasto Mojarras:<\/li>\n<\/ol>\n<p style=\"text-align: justify;\">Paso a un carril en los PR 11+0200, 11+0500 y 14+0950 (derrumbes ca\u00eddos en la noche del s\u00e1bado y madrugada del domingo), derrumbes recortados y se\u00f1alizados por Consorcio Vial 2020.<\/p>\n<p style=\"text-align: justify;\">Entre el PR 54 y 63 se tiene derrumbes en los PR 54+0800, 55+0100, 56+0100, 56+0150, 56+0700, 57+0200, 57+0900, 58+0200, 58+0800, 59+0100 y 62+0750 (derrumbes no removidos por contratista de mantenimiento)<\/p>\n<p style=\"text-align: justify;\">\u00a0Paso a un carril en el PR 64+0600 (derrumbe ca\u00eddo el domingo en la tarde)<\/p>\n<ol style=\"text-align: justify;\" start=\"5\">\n<li>V\u00edas Santa B\u00e1rbara Pasto, derrumbes en los PR 78+0270, 80+0650, 80+0920, 81+0380, 81+0710, 83+0500, 86+0050, 86+0150, 86+0400, 85+0450, 86+0750, paso a un carril, se inicia la remoci\u00f3n con equipo a cargo de monto agotable.<\/li>\n<li>V\u00eda Cebadal Sandon\u00e1 \u2013 Pasto.<\/li>\n<\/ol>\n<p style=\"text-align: justify;\">PRs5+0740, 23+0740, 24+0300, 28+0315, 32+950, 33+230, 33+310, 33+360, 34+670, 35+590, 35+660, 37+510, 38+880, 38+570, 39+430, 39+050, 39+590, 40+350, 40+530, 40+620, 40+830, 40+130, 40+800, 56+970, 58+000, 59+400.<\/p>\n<p style=\"text-align: justify;\">Tr\u00e1fico para toda clase de veh\u00edculos con precauci\u00f3n<\/p>\n<ol style=\"text-align: justify;\" start=\"7\">\n<li>V\u00eda T\u00faquerres Samaniego<\/li>\n<\/ol>\n<p style=\"text-align: justify;\">PRs4+840, 12+320, 13+220, 13+330, 13+600, 13+940, 14+420, 15+0443, 15+770, 18+450, 19+000, 19+100, 19+170, 20+0810, 21+060, 21+800, 21+960, 23+680, 34+260, 34+320, 34+380.<\/p>\n<p style=\"text-align: justify;\">Tr\u00e1fico para toda clase de veh\u00edculos con precauci\u00f3n.<\/p>\n<p style=\"text-align: justify;\">En el Km 64 v\u00eda Buesaco &#8211; La Uni\u00f3n se encuentra cerrada por deslizamientos.<\/p>\n<p style=\"text-align: justify;\">As\u00ed mismo las v\u00edas departamentales que comunican al municipio de El Tabl\u00f3n- sector El Porvenir y la v\u00eda que comunica a Buesaco con Santa Mar\u00eda se encuentran cerrada.<\/p>\n<p style=\"text-align: justify;\">Persisten afectaci\u00f3n en el municipio de La Cruz sector, sector Casa Blanca Los Pinos. Y Pr 5 + 500 en Rosa Florida y Vereda la Ahumada en municipio de Guaitarilla y en el municipio de San Lorenzo sector de la Honda.<\/p>\n","protected":false},"excerpt":{"rendered":"<p>La Gobernaci\u00f3n de Nari\u00f1o a trav\u00e9s de la Direcci\u00f3n Administrativa de Gesti\u00f3n del Riesgo de Desastres coordina las acciones para llevar ayuda humanitaria, evacuar a comunidades en riesgo y despejar las v\u00edas afectadas. El gobernador de Nari\u00f1o John Rojas, presidi\u00f3 el Consejo Extraordinario de Gesti\u00f3n de Riesgo de Desastres para analizar conjuntamente con las autoridades [&hellip;]<\/p>\n","protected":false},"author":1,"featured_media":57418,"comment_status":"open","ping_status":"open","sticky":false,"template":"","format":"standard","meta":{"footnotes":""},"categories":[53],"tags":[],"class_list":["post-57417","post","type-post","status-publish","format-standard","has-post-thumbnail","hentry","category-regiones"],"yoast_head":"<!-- This site is optimized with the Yoast SEO plugin v27.1.1 - https:\/\/yoast.com\/product\/yoast-seo-wordpress\/ -->\n<title>Cr\u00edtica situaci\u00f3n en Nari\u00f1o por intensas lluvias en la regi\u00f3n que afectan a 12 municipios en las \u00faltimas horas | P\u00e1gina10<\/title>\n<meta name=\"robots\" content=\"index, follow, max-snippet:-1, max-image-preview:large, max-video-preview:-1\" \/>\n<link rel=\"canonical\" href=\"https:\/\/pagina10.com\/web\/critica-situacion-en-narino-por-intensas-lluvias-en-la-region-que-afectan-a-12-municipios-en-las-ultimas-horas\/\" \/>\n<meta property=\"og:locale\" content=\"es_ES\" \/>\n<meta property=\"og:type\" content=\"article\" \/>\n<meta property=\"og:title\" content=\"Cr\u00edtica situaci\u00f3n en Nari\u00f1o por intensas lluvias en la regi\u00f3n que afectan a 12 municipios en las \u00faltimas horas | P\u00e1gina10\" \/>\n<meta property=\"og:description\" content=\"La Gobernaci\u00f3n de Nari\u00f1o a trav\u00e9s de la Direcci\u00f3n Administrativa de Gesti\u00f3n del Riesgo de Desastres coordina las acciones para llevar ayuda humanitaria, evacuar a comunidades en riesgo y despejar las v\u00edas afectadas. El gobernador de Nari\u00f1o John Rojas, presidi\u00f3 el Consejo Extraordinario de Gesti\u00f3n de Riesgo de Desastres para analizar conjuntamente con las autoridades [&hellip;]\" \/>\n<meta property=\"og:url\" content=\"https:\/\/pagina10.com\/web\/critica-situacion-en-narino-por-intensas-lluvias-en-la-region-que-afectan-a-12-municipios-en-las-ultimas-horas\/\" \/>\n<meta property=\"og:site_name\" content=\"P\u00e1gina10\" \/>\n<meta property=\"article:publisher\" content=\"https:\/\/www.facebook.com\/pag10com\" \/>\n<meta property=\"article:published_time\" content=\"2021-12-13T01:11:44+00:00\" \/>\n<meta property=\"og:image\" content=\"https:\/\/pagina10.com\/web\/wp-content\/uploads\/2021\/12\/Captura-de-Pantalla-2021-12-12-a-las-8.10.59-p.-m..png\" \/>\n\t<meta property=\"og:image:width\" content=\"499\" \/>\n\t<meta property=\"og:image:height\" content=\"270\" \/>\n\t<meta property=\"og:image:type\" content=\"image\/png\" \/>\n<meta name=\"author\" content=\"P\u00e1gina 10\" \/>\n<meta name=\"twitter:card\" content=\"summary_large_image\" \/>\n<meta name=\"twitter:creator\" content=\"@Pag10com\" \/>\n<meta name=\"twitter:site\" content=\"@Pag10com\" \/>\n<meta name=\"twitter:label1\" content=\"Escrito por\" \/>\n\t<meta name=\"twitter:data1\" content=\"P\u00e1gina 10\" \/>\n\t<meta name=\"twitter:label2\" content=\"Tiempo de lectura\" \/>\n\t<meta name=\"twitter:data2\" content=\"3 minutos\" \/>\n<script type=\"application\/ld+json\" class=\"yoast-schema-graph\">{\"@context\":\"https:\/\/schema.org\",\"@graph\":[{\"@type\":\"Article\",\"@id\":\"https:\/\/pagina10.com\/web\/critica-situacion-en-narino-por-intensas-lluvias-en-la-region-que-afectan-a-12-municipios-en-las-ultimas-horas\/#article\",\"isPartOf\":{\"@id\":\"https:\/\/pagina10.com\/web\/critica-situacion-en-narino-por-intensas-lluvias-en-la-region-que-afectan-a-12-municipios-en-las-ultimas-horas\/\"},\"author\":{\"name\":\"P\u00e1gina 10\",\"@id\":\"https:\/\/pagina10.com\/web\/#\/schema\/person\/2efc4a090d25b667d3bc796798a3a81b\"},\"headline\":\"Cr\u00edtica situaci\u00f3n en Nari\u00f1o por intensas lluvias en la regi\u00f3n que afectan a 12 municipios en las \u00faltimas horas\",\"datePublished\":\"2021-12-13T01:11:44+00:00\",\"mainEntityOfPage\":{\"@id\":\"https:\/\/pagina10.com\/web\/critica-situacion-en-narino-por-intensas-lluvias-en-la-region-que-afectan-a-12-municipios-en-las-ultimas-horas\/\"},\"wordCount\":621,\"commentCount\":0,\"publisher\":{\"@id\":\"https:\/\/pagina10.com\/web\/#organization\"},\"image\":{\"@id\":\"https:\/\/pagina10.com\/web\/critica-situacion-en-narino-por-intensas-lluvias-en-la-region-que-afectan-a-12-municipios-en-las-ultimas-horas\/#primaryimage\"},\"thumbnailUrl\":\"https:\/\/pagina10.com\/web\/wp-content\/uploads\/2021\/12\/Captura-de-Pantalla-2021-12-12-a-las-8.10.59-p.-m..png\",\"articleSection\":[\"Regiones\"],\"inLanguage\":\"es\",\"potentialAction\":[{\"@type\":\"CommentAction\",\"name\":\"Comment\",\"target\":[\"https:\/\/pagina10.com\/web\/critica-situacion-en-narino-por-intensas-lluvias-en-la-region-que-afectan-a-12-municipios-en-las-ultimas-horas\/#respond\"]}]},{\"@type\":\"WebPage\",\"@id\":\"https:\/\/pagina10.com\/web\/critica-situacion-en-narino-por-intensas-lluvias-en-la-region-que-afectan-a-12-municipios-en-las-ultimas-horas\/\",\"url\":\"https:\/\/pagina10.com\/web\/critica-situacion-en-narino-por-intensas-lluvias-en-la-region-que-afectan-a-12-municipios-en-las-ultimas-horas\/\",\"name\":\"Cr\u00edtica situaci\u00f3n en Nari\u00f1o por intensas lluvias en la regi\u00f3n que afectan a 12 municipios en las \u00faltimas horas | P\u00e1gina10\",\"isPartOf\":{\"@id\":\"https:\/\/pagina10.com\/web\/#website\"},\"primaryImageOfPage\":{\"@id\":\"https:\/\/pagina10.com\/web\/critica-situacion-en-narino-por-intensas-lluvias-en-la-region-que-afectan-a-12-municipios-en-las-ultimas-horas\/#primaryimage\"},\"image\":{\"@id\":\"https:\/\/pagina10.com\/web\/critica-situacion-en-narino-por-intensas-lluvias-en-la-region-que-afectan-a-12-municipios-en-las-ultimas-horas\/#primaryimage\"},\"thumbnailUrl\":\"https:\/\/pagina10.com\/web\/wp-content\/uploads\/2021\/12\/Captura-de-Pantalla-2021-12-12-a-las-8.10.59-p.-m..png\",\"datePublished\":\"2021-12-13T01:11:44+00:00\",\"breadcrumb\":{\"@id\":\"https:\/\/pagina10.com\/web\/critica-situacion-en-narino-por-intensas-lluvias-en-la-region-que-afectan-a-12-municipios-en-las-ultimas-horas\/#breadcrumb\"},\"inLanguage\":\"es\",\"potentialAction\":[{\"@type\":\"ReadAction\",\"target\":[\"https:\/\/pagina10.com\/web\/critica-situacion-en-narino-por-intensas-lluvias-en-la-region-que-afectan-a-12-municipios-en-las-ultimas-horas\/\"]}]},{\"@type\":\"ImageObject\",\"inLanguage\":\"es\",\"@id\":\"https:\/\/pagina10.com\/web\/critica-situacion-en-narino-por-intensas-lluvias-en-la-region-que-afectan-a-12-municipios-en-las-ultimas-horas\/#primaryimage\",\"url\":\"https:\/\/pagina10.com\/web\/wp-content\/uploads\/2021\/12\/Captura-de-Pantalla-2021-12-12-a-las-8.10.59-p.-m..png\",\"contentUrl\":\"https:\/\/pagina10.com\/web\/wp-content\/uploads\/2021\/12\/Captura-de-Pantalla-2021-12-12-a-las-8.10.59-p.-m..png\",\"width\":499,\"height\":270},{\"@type\":\"BreadcrumbList\",\"@id\":\"https:\/\/pagina10.com\/web\/critica-situacion-en-narino-por-intensas-lluvias-en-la-region-que-afectan-a-12-municipios-en-las-ultimas-horas\/#breadcrumb\",\"itemListElement\":[{\"@type\":\"ListItem\",\"position\":1,\"name\":\"Portada\",\"item\":\"https:\/\/pagina10.com\/web\/\"},{\"@type\":\"ListItem\",\"position\":2,\"name\":\"Cr\u00edtica situaci\u00f3n en Nari\u00f1o por intensas lluvias en la regi\u00f3n que afectan a 12 municipios en las \u00faltimas horas\"}]},{\"@type\":\"WebSite\",\"@id\":\"https:\/\/pagina10.com\/web\/#website\",\"url\":\"https:\/\/pagina10.com\/web\/\",\"name\":\"P\u00e1gina10\",\"description\":\"Peri\u00f3dico Regional\",\"publisher\":{\"@id\":\"https:\/\/pagina10.com\/web\/#organization\"},\"alternateName\":\"P\u00e1gina10 Peri\u00f3dico Regional\",\"potentialAction\":[{\"@type\":\"SearchAction\",\"target\":{\"@type\":\"EntryPoint\",\"urlTemplate\":\"https:\/\/pagina10.com\/web\/?s={search_term_string}\"},\"query-input\":{\"@type\":\"PropertyValueSpecification\",\"valueRequired\":true,\"valueName\":\"search_term_string\"}}],\"inLanguage\":\"es\"},{\"@type\":\"Organization\",\"@id\":\"https:\/\/pagina10.com\/web\/#organization\",\"name\":\"P\u00e1gina10\",\"alternateName\":\"P\u00e1gina10 Peri\u00f3dico Regional\",\"url\":\"https:\/\/pagina10.com\/web\/\",\"logo\":{\"@type\":\"ImageObject\",\"inLanguage\":\"es\",\"@id\":\"https:\/\/pagina10.com\/web\/#\/schema\/logo\/image\/\",\"url\":\"https:\/\/pagina10.com\/web\/wp-content\/uploads\/2024\/01\/40-pagina-10-periodico-regional-pasto.jpg\",\"contentUrl\":\"https:\/\/pagina10.com\/web\/wp-content\/uploads\/2024\/01\/40-pagina-10-periodico-regional-pasto.jpg\",\"width\":1280,\"height\":720,\"caption\":\"P\u00e1gina10\"},\"image\":{\"@id\":\"https:\/\/pagina10.com\/web\/#\/schema\/logo\/image\/\"},\"sameAs\":[\"https:\/\/www.facebook.com\/pag10com\",\"https:\/\/x.com\/Pag10com\",\"https:\/\/www.instagram.com\/pagina10col\/\",\"https:\/\/youtube.com\/channel\/pag10\",\"https:\/\/www.tiktok.com\/@p10col\"]},{\"@type\":\"Person\",\"@id\":\"https:\/\/pagina10.com\/web\/#\/schema\/person\/2efc4a090d25b667d3bc796798a3a81b\",\"name\":\"P\u00e1gina 10\",\"description\":\"P\u00e1gina 10 es un peri\u00f3dico regional que nace en Colombia, en el departamento de Nari\u00f1o, con un enfoque global, fundamentado en cuatro pilares esenciales: la libertad, el pluralismo, la inclusi\u00f3n y la independencia. P\u00e1gina 10 hace referencia a Nari\u00f1o como el d\u00e9cimo departamento creado en Colombia, despu\u00e9s de un proceso pol\u00edtico liderado por actores y actrices regionales con el fin de obtener la independencia y autonom\u00eda de nuestros territorios. Con la creaci\u00f3n de P\u00e1gina 10 se pretende abrir un escenario para el dialogo, la reflexi\u00f3n y el debate que se extienda a otras geograf\u00edas de Am\u00e9rica Latina y del planeta, en una apuesta por transformar colectivamente los desaf\u00edos de un mundo contempor\u00e1neo, m\u00e1s all\u00e1 de las fronteras impuestas.\",\"url\":\"https:\/\/pagina10.com\/web\/author\/pdiezadmin\/\"}]}<\/script>\n<!-- \/ Yoast SEO plugin. -->","yoast_head_json":{"title":"Cr\u00edtica situaci\u00f3n en Nari\u00f1o por intensas lluvias en la regi\u00f3n que afectan a 12 municipios en las \u00faltimas horas | P\u00e1gina10","robots":{"index":"index","follow":"follow","max-snippet":"max-snippet:-1","max-image-preview":"max-image-preview:large","max-video-preview":"max-video-preview:-1"},"canonical":"https:\/\/pagina10.com\/web\/critica-situacion-en-narino-por-intensas-lluvias-en-la-region-que-afectan-a-12-municipios-en-las-ultimas-horas\/","og_locale":"es_ES","og_type":"article","og_title":"Cr\u00edtica situaci\u00f3n en Nari\u00f1o por intensas lluvias en la regi\u00f3n que afectan a 12 municipios en las \u00faltimas horas | P\u00e1gina10","og_description":"La Gobernaci\u00f3n de Nari\u00f1o a trav\u00e9s de la Direcci\u00f3n Administrativa de Gesti\u00f3n del Riesgo de Desastres coordina las acciones para llevar ayuda humanitaria, evacuar a comunidades en riesgo y despejar las v\u00edas afectadas. El gobernador de Nari\u00f1o John Rojas, presidi\u00f3 el Consejo Extraordinario de Gesti\u00f3n de Riesgo de Desastres para analizar conjuntamente con las autoridades [&hellip;]","og_url":"https:\/\/pagina10.com\/web\/critica-situacion-en-narino-por-intensas-lluvias-en-la-region-que-afectan-a-12-municipios-en-las-ultimas-horas\/","og_site_name":"P\u00e1gina10","article_publisher":"https:\/\/www.facebook.com\/pag10com","article_published_time":"2021-12-13T01:11:44+00:00","og_image":[{"width":499,"height":270,"url":"https:\/\/pagina10.com\/web\/wp-content\/uploads\/2021\/12\/Captura-de-Pantalla-2021-12-12-a-las-8.10.59-p.-m..png","type":"image\/png"}],"author":"P\u00e1gina 10","twitter_card":"summary_large_image","twitter_creator":"@Pag10com","twitter_site":"@Pag10com","twitter_misc":{"Escrito por":"P\u00e1gina 10","Tiempo de lectura":"3 minutos"},"schema":{"@context":"https:\/\/schema.org","@graph":[{"@type":"Article","@id":"https:\/\/pagina10.com\/web\/critica-situacion-en-narino-por-intensas-lluvias-en-la-region-que-afectan-a-12-municipios-en-las-ultimas-horas\/#article","isPartOf":{"@id":"https:\/\/pagina10.com\/web\/critica-situacion-en-narino-por-intensas-lluvias-en-la-region-que-afectan-a-12-municipios-en-las-ultimas-horas\/"},"author":{"name":"P\u00e1gina 10","@id":"https:\/\/pagina10.com\/web\/#\/schema\/person\/2efc4a090d25b667d3bc796798a3a81b"},"headline":"Cr\u00edtica situaci\u00f3n en Nari\u00f1o por intensas lluvias en la regi\u00f3n que afectan a 12 municipios en las \u00faltimas horas","datePublished":"2021-12-13T01:11:44+00:00","mainEntityOfPage":{"@id":"https:\/\/pagina10.com\/web\/critica-situacion-en-narino-por-intensas-lluvias-en-la-region-que-afectan-a-12-municipios-en-las-ultimas-horas\/"},"wordCount":621,"commentCount":0,"publisher":{"@id":"https:\/\/pagina10.com\/web\/#organization"},"image":{"@id":"https:\/\/pagina10.com\/web\/critica-situacion-en-narino-por-intensas-lluvias-en-la-region-que-afectan-a-12-municipios-en-las-ultimas-horas\/#primaryimage"},"thumbnailUrl":"https:\/\/pagina10.com\/web\/wp-content\/uploads\/2021\/12\/Captura-de-Pantalla-2021-12-12-a-las-8.10.59-p.-m..png","articleSection":["Regiones"],"inLanguage":"es","potentialAction":[{"@type":"CommentAction","name":"Comment","target":["https:\/\/pagina10.com\/web\/critica-situacion-en-narino-por-intensas-lluvias-en-la-region-que-afectan-a-12-municipios-en-las-ultimas-horas\/#respond"]}]},{"@type":"WebPage","@id":"https:\/\/pagina10.com\/web\/critica-situacion-en-narino-por-intensas-lluvias-en-la-region-que-afectan-a-12-municipios-en-las-ultimas-horas\/","url":"https:\/\/pagina10.com\/web\/critica-situacion-en-narino-por-intensas-lluvias-en-la-region-que-afectan-a-12-municipios-en-las-ultimas-horas\/","name":"Cr\u00edtica situaci\u00f3n en Nari\u00f1o por intensas lluvias en la regi\u00f3n que afectan a 12 municipios en las \u00faltimas horas | P\u00e1gina10","isPartOf":{"@id":"https:\/\/pagina10.com\/web\/#website"},"primaryImageOfPage":{"@id":"https:\/\/pagina10.com\/web\/critica-situacion-en-narino-por-intensas-lluvias-en-la-region-que-afectan-a-12-municipios-en-las-ultimas-horas\/#primaryimage"},"image":{"@id":"https:\/\/pagina10.com\/web\/critica-situacion-en-narino-por-intensas-lluvias-en-la-region-que-afectan-a-12-municipios-en-las-ultimas-horas\/#primaryimage"},"thumbnailUrl":"https:\/\/pagina10.com\/web\/wp-content\/uploads\/2021\/12\/Captura-de-Pantalla-2021-12-12-a-las-8.10.59-p.-m..png","datePublished":"2021-12-13T01:11:44+00:00","breadcrumb":{"@id":"https:\/\/pagina10.com\/web\/critica-situacion-en-narino-por-intensas-lluvias-en-la-region-que-afectan-a-12-municipios-en-las-ultimas-horas\/#breadcrumb"},"inLanguage":"es","potentialAction":[{"@type":"ReadAction","target":["https:\/\/pagina10.com\/web\/critica-situacion-en-narino-por-intensas-lluvias-en-la-region-que-afectan-a-12-municipios-en-las-ultimas-horas\/"]}]},{"@type":"ImageObject","inLanguage":"es","@id":"https:\/\/pagina10.com\/web\/critica-situacion-en-narino-por-intensas-lluvias-en-la-region-que-afectan-a-12-municipios-en-las-ultimas-horas\/#primaryimage","url":"https:\/\/pagina10.com\/web\/wp-content\/uploads\/2021\/12\/Captura-de-Pantalla-2021-12-12-a-las-8.10.59-p.-m..png","contentUrl":"https:\/\/pagina10.com\/web\/wp-content\/uploads\/2021\/12\/Captura-de-Pantalla-2021-12-12-a-las-8.10.59-p.-m..png","width":499,"height":270},{"@type":"BreadcrumbList","@id":"https:\/\/pagina10.com\/web\/critica-situacion-en-narino-por-intensas-lluvias-en-la-region-que-afectan-a-12-municipios-en-las-ultimas-horas\/#breadcrumb","itemListElement":[{"@type":"ListItem","position":1,"name":"Portada","item":"https:\/\/pagina10.com\/web\/"},{"@type":"ListItem","position":2,"name":"Cr\u00edtica situaci\u00f3n en Nari\u00f1o por intensas lluvias en la regi\u00f3n que afectan a 12 municipios en las \u00faltimas horas"}]},{"@type":"WebSite","@id":"https:\/\/pagina10.com\/web\/#website","url":"https:\/\/pagina10.com\/web\/","name":"P\u00e1gina10","description":"Peri\u00f3dico Regional","publisher":{"@id":"https:\/\/pagina10.com\/web\/#organization"},"alternateName":"P\u00e1gina10 Peri\u00f3dico Regional","potentialAction":[{"@type":"SearchAction","target":{"@type":"EntryPoint","urlTemplate":"https:\/\/pagina10.com\/web\/?s={search_term_string}"},"query-input":{"@type":"PropertyValueSpecification","valueRequired":true,"valueName":"search_term_string"}}],"inLanguage":"es"},{"@type":"Organization","@id":"https:\/\/pagina10.com\/web\/#organization","name":"P\u00e1gina10","alternateName":"P\u00e1gina10 Peri\u00f3dico Regional","url":"https:\/\/pagina10.com\/web\/","logo":{"@type":"ImageObject","inLanguage":"es","@id":"https:\/\/pagina10.com\/web\/#\/schema\/logo\/image\/","url":"https:\/\/pagina10.com\/web\/wp-content\/uploads\/2024\/01\/40-pagina-10-periodico-regional-pasto.jpg","contentUrl":"https:\/\/pagina10.com\/web\/wp-content\/uploads\/2024\/01\/40-pagina-10-periodico-regional-pasto.jpg","width":1280,"height":720,"caption":"P\u00e1gina10"},"image":{"@id":"https:\/\/pagina10.com\/web\/#\/schema\/logo\/image\/"},"sameAs":["https:\/\/www.facebook.com\/pag10com","https:\/\/x.com\/Pag10com","https:\/\/www.instagram.com\/pagina10col\/","https:\/\/youtube.com\/channel\/pag10","https:\/\/www.tiktok.com\/@p10col"]},{"@type":"Person","@id":"https:\/\/pagina10.com\/web\/#\/schema\/person\/2efc4a090d25b667d3bc796798a3a81b","name":"P\u00e1gina 10","description":"P\u00e1gina 10 es un peri\u00f3dico regional que nace en Colombia, en el departamento de Nari\u00f1o, con un enfoque global, fundamentado en cuatro pilares esenciales: la libertad, el pluralismo, la inclusi\u00f3n y la independencia. P\u00e1gina 10 hace referencia a Nari\u00f1o como el d\u00e9cimo departamento creado en Colombia, despu\u00e9s de un proceso pol\u00edtico liderado por actores y actrices regionales con el fin de obtener la independencia y autonom\u00eda de nuestros territorios. Con la creaci\u00f3n de P\u00e1gina 10 se pretende abrir un escenario para el dialogo, la reflexi\u00f3n y el debate que se extienda a otras geograf\u00edas de Am\u00e9rica Latina y del planeta, en una apuesta por transformar colectivamente los desaf\u00edos de un mundo contempor\u00e1neo, m\u00e1s all\u00e1 de las fronteras impuestas.","url":"https:\/\/pagina10.com\/web\/author\/pdiezadmin\/"}]}},"_links":{"self":[{"href":"https:\/\/pagina10.com\/web\/wp-json\/wp\/v2\/posts\/57417","targetHints":{"allow":["GET"]}}],"collection":[{"href":"https:\/\/pagina10.com\/web\/wp-json\/wp\/v2\/posts"}],"about":[{"href":"https:\/\/pagina10.com\/web\/wp-json\/wp\/v2\/types\/post"}],"author":[{"embeddable":true,"href":"https:\/\/pagina10.com\/web\/wp-json\/wp\/v2\/users\/1"}],"replies":[{"embeddable":true,"href":"https:\/\/pagina10.com\/web\/wp-json\/wp\/v2\/comments?post=57417"}],"version-history":[{"count":1,"href":"https:\/\/pagina10.com\/web\/wp-json\/wp\/v2\/posts\/57417\/revisions"}],"predecessor-version":[{"id":57419,"href":"https:\/\/pagina10.com\/web\/wp-json\/wp\/v2\/posts\/57417\/revisions\/57419"}],"wp:featuredmedia":[{"embeddable":true,"href":"https:\/\/pagina10.com\/web\/wp-json\/wp\/v2\/media\/57418"}],"wp:attachment":[{"href":"https:\/\/pagina10.com\/web\/wp-json\/wp\/v2\/media?parent=57417"}],"wp:term":[{"taxonomy":"category","embeddable":true,"href":"https:\/\/pagina10.com\/web\/wp-json\/wp\/v2\/categories?post=57417"},{"taxonomy":"post_tag","embeddable":true,"href":"https:\/\/pagina10.com\/web\/wp-json\/wp\/v2\/tags?post=57417"}],"curies":[{"name":"wp","href":"https:\/\/api.w.org\/{rel}","templated":true}]}}