{"id":57428,"date":"2021-12-14T21:53:07","date_gmt":"2021-12-15T02:53:07","guid":{"rendered":"https:\/\/pagina10.com\/web\/?p=57428"},"modified":"2021-12-14T21:53:07","modified_gmt":"2021-12-15T02:53:07","slug":"333-vendedores-informales-fueron-seleccionados-para-los-planes-productivos-de-fin-de-ano-y-carnaval-de-negros-y-blancos","status":"publish","type":"post","link":"https:\/\/pagina10.com\/web\/333-vendedores-informales-fueron-seleccionados-para-los-planes-productivos-de-fin-de-ano-y-carnaval-de-negros-y-blancos\/","title":{"rendered":"333 vendedores informales fueron seleccionados para los planes productivos de fin de a\u00f1o, y carnaval de negros y blancos"},"content":{"rendered":"<p style=\"text-align: justify;\">Con el objetivo de brindar oportunidades laborales a los vendedores informales del municipio que hacen parte del censo 2018-2019, la Alcald\u00eda de Pasto, a trav\u00e9s de la Direcci\u00f3n Administrativa de Espacio P\u00fablico, realiz\u00f3 la selecci\u00f3n y capacitaci\u00f3n de las personas beneficiarias de los planes productivos de comercializaci\u00f3n de productos navide\u00f1os, a\u00f1os viejos, venta de licores y comidas en plazas oficiales.<\/p>\n<p style=\"text-align: justify;\">El objetivo de estas jornadas de capacitaci\u00f3n es generar compromisos con los vendedores para evitar la venta de p\u00f3lvora, adem\u00e1s de socializar normas legales, protocolos de bioseguridad y lineamientos de convivencia, necesarios para el correcto desarrollo de estos planes.<\/p>\n<p style=\"text-align: justify;\">El beneficiario de los planes productivos, Jairo Antonio Ruano, manifest\u00f3 en una de las jornadas de formaci\u00f3n: \u201cLas capacitaciones son excelentes porque retroalimentamos la convivencia y la cultura ciudadana que son tan importantes para hacer parte de estos proyectos\u201d.<\/p>\n<p style=\"text-align: justify;\">\u201cEl Alcalde Germ\u00e1n Chamorro De La Rosa est\u00e1 cumpliendo lo que nos prometi\u00f3 en campa\u00f1a, \u00e9l dijo que ser\u00eda nuestro amigo y lo est\u00e1 demostrando porque se preocupa por nosotros y nuestro bienestar\u201d, manifest\u00f3 la tambi\u00e9n beneficiaria, Amparo Rodr\u00edguez.<\/p>\n<p style=\"text-align: justify;\">La comerciante extendi\u00f3 una invitaci\u00f3n a que la ciudadan\u00eda se acerque a los puntos de venta autorizados y los apoyen con su compra: \u201cCuando usted nos compra, nos permite llevar el sustento a nuestras casas para tener el \u00e1nimo de seguir adelante; queremos pedirle al p\u00fablico que nos visite y que Dios los bendiga por esta ayuda que nos dan\u201d.<\/p>\n<p style=\"text-align: justify;\">Por su parte, el director administrativo de Espacio P\u00fablico, Carlos Andr\u00e9s Arellano, recalc\u00f3 que hubo muy buena aceptaci\u00f3n de las personas, pues m\u00e1s de 380 vendedores informales se inscribieron para tener la oportunidad de hacer parte los diferentes planes productivos que generar\u00e1n empleo en diciembre, fin de a\u00f1o y carnavales.<\/p>\n","protected":false},"excerpt":{"rendered":"<p>Con el objetivo de brindar oportunidades laborales a los vendedores informales del municipio que hacen parte del censo 2018-2019, la Alcald\u00eda de Pasto, a trav\u00e9s de la Direcci\u00f3n Administrativa de Espacio P\u00fablico, realiz\u00f3 la selecci\u00f3n y capacitaci\u00f3n de las personas beneficiarias de los planes productivos de comercializaci\u00f3n de productos navide\u00f1os, a\u00f1os viejos, venta de licores [&hellip;]<\/p>\n","protected":false},"author":1,"featured_media":57429,"comment_status":"open","ping_status":"open","sticky":false,"template":"","format":"standard","meta":{"footnotes":""},"categories":[5],"tags":[],"class_list":["post-57428","post","type-post","status-publish","format-standard","has-post-thumbnail","hentry","category-ciudad"],"yoast_head":"<!-- This site is optimized with the Yoast SEO plugin v27.1.1 - https:\/\/yoast.com\/product\/yoast-seo-wordpress\/ -->\n<title>333 vendedores informales fueron seleccionados para los planes productivos de fin de a\u00f1o, y carnaval de negros y blancos | P\u00e1gina10<\/title>\n<meta name=\"robots\" content=\"index, follow, max-snippet:-1, max-image-preview:large, max-video-preview:-1\" \/>\n<link rel=\"canonical\" href=\"https:\/\/pagina10.com\/web\/333-vendedores-informales-fueron-seleccionados-para-los-planes-productivos-de-fin-de-ano-y-carnaval-de-negros-y-blancos\/\" \/>\n<meta property=\"og:locale\" content=\"es_ES\" \/>\n<meta property=\"og:type\" content=\"article\" \/>\n<meta property=\"og:title\" content=\"333 vendedores informales fueron seleccionados para los planes productivos de fin de a\u00f1o, y carnaval de negros y blancos | P\u00e1gina10\" \/>\n<meta property=\"og:description\" content=\"Con el objetivo de brindar oportunidades laborales a los vendedores informales del municipio que hacen parte del censo 2018-2019, la Alcald\u00eda de Pasto, a trav\u00e9s de la Direcci\u00f3n Administrativa de Espacio P\u00fablico, realiz\u00f3 la selecci\u00f3n y capacitaci\u00f3n de las personas beneficiarias de los planes productivos de comercializaci\u00f3n de productos navide\u00f1os, a\u00f1os viejos, venta de licores [&hellip;]\" \/>\n<meta property=\"og:url\" content=\"https:\/\/pagina10.com\/web\/333-vendedores-informales-fueron-seleccionados-para-los-planes-productivos-de-fin-de-ano-y-carnaval-de-negros-y-blancos\/\" \/>\n<meta property=\"og:site_name\" content=\"P\u00e1gina10\" \/>\n<meta property=\"article:publisher\" content=\"https:\/\/www.facebook.com\/pag10com\" \/>\n<meta property=\"article:published_time\" content=\"2021-12-15T02:53:07+00:00\" \/>\n<meta property=\"og:image\" content=\"https:\/\/pagina10.com\/web\/wp-content\/uploads\/2021\/12\/WhatsApp-Image-2021-12-12-at-9.29.59-PM.jpeg\" \/>\n\t<meta property=\"og:image:width\" content=\"1024\" \/>\n\t<meta property=\"og:image:height\" content=\"768\" \/>\n\t<meta property=\"og:image:type\" content=\"image\/jpeg\" \/>\n<meta name=\"author\" content=\"P\u00e1gina 10\" \/>\n<meta name=\"twitter:card\" content=\"summary_large_image\" \/>\n<meta name=\"twitter:creator\" content=\"@Pag10com\" \/>\n<meta name=\"twitter:site\" content=\"@Pag10com\" \/>\n<meta name=\"twitter:label1\" content=\"Escrito por\" \/>\n\t<meta name=\"twitter:data1\" content=\"P\u00e1gina 10\" \/>\n\t<meta name=\"twitter:label2\" content=\"Tiempo de lectura\" \/>\n\t<meta name=\"twitter:data2\" content=\"2 minutos\" \/>\n<script type=\"application\/ld+json\" class=\"yoast-schema-graph\">{\"@context\":\"https:\/\/schema.org\",\"@graph\":[{\"@type\":\"Article\",\"@id\":\"https:\/\/pagina10.com\/web\/333-vendedores-informales-fueron-seleccionados-para-los-planes-productivos-de-fin-de-ano-y-carnaval-de-negros-y-blancos\/#article\",\"isPartOf\":{\"@id\":\"https:\/\/pagina10.com\/web\/333-vendedores-informales-fueron-seleccionados-para-los-planes-productivos-de-fin-de-ano-y-carnaval-de-negros-y-blancos\/\"},\"author\":{\"name\":\"P\u00e1gina 10\",\"@id\":\"https:\/\/pagina10.com\/web\/#\/schema\/person\/2efc4a090d25b667d3bc796798a3a81b\"},\"headline\":\"333 vendedores informales fueron seleccionados para los planes productivos de fin de a\u00f1o, y carnaval de negros y blancos\",\"datePublished\":\"2021-12-15T02:53:07+00:00\",\"mainEntityOfPage\":{\"@id\":\"https:\/\/pagina10.com\/web\/333-vendedores-informales-fueron-seleccionados-para-los-planes-productivos-de-fin-de-ano-y-carnaval-de-negros-y-blancos\/\"},\"wordCount\":332,\"commentCount\":0,\"publisher\":{\"@id\":\"https:\/\/pagina10.com\/web\/#organization\"},\"image\":{\"@id\":\"https:\/\/pagina10.com\/web\/333-vendedores-informales-fueron-seleccionados-para-los-planes-productivos-de-fin-de-ano-y-carnaval-de-negros-y-blancos\/#primaryimage\"},\"thumbnailUrl\":\"https:\/\/pagina10.com\/web\/wp-content\/uploads\/2021\/12\/WhatsApp-Image-2021-12-12-at-9.29.59-PM.jpeg\",\"articleSection\":[\"Ciudad\"],\"inLanguage\":\"es\",\"potentialAction\":[{\"@type\":\"CommentAction\",\"name\":\"Comment\",\"target\":[\"https:\/\/pagina10.com\/web\/333-vendedores-informales-fueron-seleccionados-para-los-planes-productivos-de-fin-de-ano-y-carnaval-de-negros-y-blancos\/#respond\"]}]},{\"@type\":\"WebPage\",\"@id\":\"https:\/\/pagina10.com\/web\/333-vendedores-informales-fueron-seleccionados-para-los-planes-productivos-de-fin-de-ano-y-carnaval-de-negros-y-blancos\/\",\"url\":\"https:\/\/pagina10.com\/web\/333-vendedores-informales-fueron-seleccionados-para-los-planes-productivos-de-fin-de-ano-y-carnaval-de-negros-y-blancos\/\",\"name\":\"333 vendedores informales fueron seleccionados para los planes productivos de fin de a\u00f1o, y carnaval de negros y blancos | P\u00e1gina10\",\"isPartOf\":{\"@id\":\"https:\/\/pagina10.com\/web\/#website\"},\"primaryImageOfPage\":{\"@id\":\"https:\/\/pagina10.com\/web\/333-vendedores-informales-fueron-seleccionados-para-los-planes-productivos-de-fin-de-ano-y-carnaval-de-negros-y-blancos\/#primaryimage\"},\"image\":{\"@id\":\"https:\/\/pagina10.com\/web\/333-vendedores-informales-fueron-seleccionados-para-los-planes-productivos-de-fin-de-ano-y-carnaval-de-negros-y-blancos\/#primaryimage\"},\"thumbnailUrl\":\"https:\/\/pagina10.com\/web\/wp-content\/uploads\/2021\/12\/WhatsApp-Image-2021-12-12-at-9.29.59-PM.jpeg\",\"datePublished\":\"2021-12-15T02:53:07+00:00\",\"breadcrumb\":{\"@id\":\"https:\/\/pagina10.com\/web\/333-vendedores-informales-fueron-seleccionados-para-los-planes-productivos-de-fin-de-ano-y-carnaval-de-negros-y-blancos\/#breadcrumb\"},\"inLanguage\":\"es\",\"potentialAction\":[{\"@type\":\"ReadAction\",\"target\":[\"https:\/\/pagina10.com\/web\/333-vendedores-informales-fueron-seleccionados-para-los-planes-productivos-de-fin-de-ano-y-carnaval-de-negros-y-blancos\/\"]}]},{\"@type\":\"ImageObject\",\"inLanguage\":\"es\",\"@id\":\"https:\/\/pagina10.com\/web\/333-vendedores-informales-fueron-seleccionados-para-los-planes-productivos-de-fin-de-ano-y-carnaval-de-negros-y-blancos\/#primaryimage\",\"url\":\"https:\/\/pagina10.com\/web\/wp-content\/uploads\/2021\/12\/WhatsApp-Image-2021-12-12-at-9.29.59-PM.jpeg\",\"contentUrl\":\"https:\/\/pagina10.com\/web\/wp-content\/uploads\/2021\/12\/WhatsApp-Image-2021-12-12-at-9.29.59-PM.jpeg\",\"width\":1024,\"height\":768},{\"@type\":\"BreadcrumbList\",\"@id\":\"https:\/\/pagina10.com\/web\/333-vendedores-informales-fueron-seleccionados-para-los-planes-productivos-de-fin-de-ano-y-carnaval-de-negros-y-blancos\/#breadcrumb\",\"itemListElement\":[{\"@type\":\"ListItem\",\"position\":1,\"name\":\"Portada\",\"item\":\"https:\/\/pagina10.com\/web\/\"},{\"@type\":\"ListItem\",\"position\":2,\"name\":\"333 vendedores informales fueron seleccionados para los planes productivos de fin de a\u00f1o, y carnaval de negros y blancos\"}]},{\"@type\":\"WebSite\",\"@id\":\"https:\/\/pagina10.com\/web\/#website\",\"url\":\"https:\/\/pagina10.com\/web\/\",\"name\":\"P\u00e1gina10\",\"description\":\"Peri\u00f3dico Regional\",\"publisher\":{\"@id\":\"https:\/\/pagina10.com\/web\/#organization\"},\"alternateName\":\"P\u00e1gina10 Peri\u00f3dico Regional\",\"potentialAction\":[{\"@type\":\"SearchAction\",\"target\":{\"@type\":\"EntryPoint\",\"urlTemplate\":\"https:\/\/pagina10.com\/web\/?s={search_term_string}\"},\"query-input\":{\"@type\":\"PropertyValueSpecification\",\"valueRequired\":true,\"valueName\":\"search_term_string\"}}],\"inLanguage\":\"es\"},{\"@type\":\"Organization\",\"@id\":\"https:\/\/pagina10.com\/web\/#organization\",\"name\":\"P\u00e1gina10\",\"alternateName\":\"P\u00e1gina10 Peri\u00f3dico Regional\",\"url\":\"https:\/\/pagina10.com\/web\/\",\"logo\":{\"@type\":\"ImageObject\",\"inLanguage\":\"es\",\"@id\":\"https:\/\/pagina10.com\/web\/#\/schema\/logo\/image\/\",\"url\":\"https:\/\/pagina10.com\/web\/wp-content\/uploads\/2024\/01\/40-pagina-10-periodico-regional-pasto.jpg\",\"contentUrl\":\"https:\/\/pagina10.com\/web\/wp-content\/uploads\/2024\/01\/40-pagina-10-periodico-regional-pasto.jpg\",\"width\":1280,\"height\":720,\"caption\":\"P\u00e1gina10\"},\"image\":{\"@id\":\"https:\/\/pagina10.com\/web\/#\/schema\/logo\/image\/\"},\"sameAs\":[\"https:\/\/www.facebook.com\/pag10com\",\"https:\/\/x.com\/Pag10com\",\"https:\/\/www.instagram.com\/pagina10col\/\",\"https:\/\/youtube.com\/channel\/pag10\",\"https:\/\/www.tiktok.com\/@p10col\"]},{\"@type\":\"Person\",\"@id\":\"https:\/\/pagina10.com\/web\/#\/schema\/person\/2efc4a090d25b667d3bc796798a3a81b\",\"name\":\"P\u00e1gina 10\",\"description\":\"P\u00e1gina 10 es un peri\u00f3dico regional que nace en Colombia, en el departamento de Nari\u00f1o, con un enfoque global, fundamentado en cuatro pilares esenciales: la libertad, el pluralismo, la inclusi\u00f3n y la independencia. P\u00e1gina 10 hace referencia a Nari\u00f1o como el d\u00e9cimo departamento creado en Colombia, despu\u00e9s de un proceso pol\u00edtico liderado por actores y actrices regionales con el fin de obtener la independencia y autonom\u00eda de nuestros territorios. Con la creaci\u00f3n de P\u00e1gina 10 se pretende abrir un escenario para el dialogo, la reflexi\u00f3n y el debate que se extienda a otras geograf\u00edas de Am\u00e9rica Latina y del planeta, en una apuesta por transformar colectivamente los desaf\u00edos de un mundo contempor\u00e1neo, m\u00e1s all\u00e1 de las fronteras impuestas.\",\"url\":\"https:\/\/pagina10.com\/web\/author\/pdiezadmin\/\"}]}<\/script>\n<!-- \/ Yoast SEO plugin. -->","yoast_head_json":{"title":"333 vendedores informales fueron seleccionados para los planes productivos de fin de a\u00f1o, y carnaval de negros y blancos | P\u00e1gina10","robots":{"index":"index","follow":"follow","max-snippet":"max-snippet:-1","max-image-preview":"max-image-preview:large","max-video-preview":"max-video-preview:-1"},"canonical":"https:\/\/pagina10.com\/web\/333-vendedores-informales-fueron-seleccionados-para-los-planes-productivos-de-fin-de-ano-y-carnaval-de-negros-y-blancos\/","og_locale":"es_ES","og_type":"article","og_title":"333 vendedores informales fueron seleccionados para los planes productivos de fin de a\u00f1o, y carnaval de negros y blancos | P\u00e1gina10","og_description":"Con el objetivo de brindar oportunidades laborales a los vendedores informales del municipio que hacen parte del censo 2018-2019, la Alcald\u00eda de Pasto, a trav\u00e9s de la Direcci\u00f3n Administrativa de Espacio P\u00fablico, realiz\u00f3 la selecci\u00f3n y capacitaci\u00f3n de las personas beneficiarias de los planes productivos de comercializaci\u00f3n de productos navide\u00f1os, a\u00f1os viejos, venta de licores [&hellip;]","og_url":"https:\/\/pagina10.com\/web\/333-vendedores-informales-fueron-seleccionados-para-los-planes-productivos-de-fin-de-ano-y-carnaval-de-negros-y-blancos\/","og_site_name":"P\u00e1gina10","article_publisher":"https:\/\/www.facebook.com\/pag10com","article_published_time":"2021-12-15T02:53:07+00:00","og_image":[{"width":1024,"height":768,"url":"https:\/\/pagina10.com\/web\/wp-content\/uploads\/2021\/12\/WhatsApp-Image-2021-12-12-at-9.29.59-PM.jpeg","type":"image\/jpeg"}],"author":"P\u00e1gina 10","twitter_card":"summary_large_image","twitter_creator":"@Pag10com","twitter_site":"@Pag10com","twitter_misc":{"Escrito por":"P\u00e1gina 10","Tiempo de lectura":"2 minutos"},"schema":{"@context":"https:\/\/schema.org","@graph":[{"@type":"Article","@id":"https:\/\/pagina10.com\/web\/333-vendedores-informales-fueron-seleccionados-para-los-planes-productivos-de-fin-de-ano-y-carnaval-de-negros-y-blancos\/#article","isPartOf":{"@id":"https:\/\/pagina10.com\/web\/333-vendedores-informales-fueron-seleccionados-para-los-planes-productivos-de-fin-de-ano-y-carnaval-de-negros-y-blancos\/"},"author":{"name":"P\u00e1gina 10","@id":"https:\/\/pagina10.com\/web\/#\/schema\/person\/2efc4a090d25b667d3bc796798a3a81b"},"headline":"333 vendedores informales fueron seleccionados para los planes productivos de fin de a\u00f1o, y carnaval de negros y blancos","datePublished":"2021-12-15T02:53:07+00:00","mainEntityOfPage":{"@id":"https:\/\/pagina10.com\/web\/333-vendedores-informales-fueron-seleccionados-para-los-planes-productivos-de-fin-de-ano-y-carnaval-de-negros-y-blancos\/"},"wordCount":332,"commentCount":0,"publisher":{"@id":"https:\/\/pagina10.com\/web\/#organization"},"image":{"@id":"https:\/\/pagina10.com\/web\/333-vendedores-informales-fueron-seleccionados-para-los-planes-productivos-de-fin-de-ano-y-carnaval-de-negros-y-blancos\/#primaryimage"},"thumbnailUrl":"https:\/\/pagina10.com\/web\/wp-content\/uploads\/2021\/12\/WhatsApp-Image-2021-12-12-at-9.29.59-PM.jpeg","articleSection":["Ciudad"],"inLanguage":"es","potentialAction":[{"@type":"CommentAction","name":"Comment","target":["https:\/\/pagina10.com\/web\/333-vendedores-informales-fueron-seleccionados-para-los-planes-productivos-de-fin-de-ano-y-carnaval-de-negros-y-blancos\/#respond"]}]},{"@type":"WebPage","@id":"https:\/\/pagina10.com\/web\/333-vendedores-informales-fueron-seleccionados-para-los-planes-productivos-de-fin-de-ano-y-carnaval-de-negros-y-blancos\/","url":"https:\/\/pagina10.com\/web\/333-vendedores-informales-fueron-seleccionados-para-los-planes-productivos-de-fin-de-ano-y-carnaval-de-negros-y-blancos\/","name":"333 vendedores informales fueron seleccionados para los planes productivos de fin de a\u00f1o, y carnaval de negros y blancos | P\u00e1gina10","isPartOf":{"@id":"https:\/\/pagina10.com\/web\/#website"},"primaryImageOfPage":{"@id":"https:\/\/pagina10.com\/web\/333-vendedores-informales-fueron-seleccionados-para-los-planes-productivos-de-fin-de-ano-y-carnaval-de-negros-y-blancos\/#primaryimage"},"image":{"@id":"https:\/\/pagina10.com\/web\/333-vendedores-informales-fueron-seleccionados-para-los-planes-productivos-de-fin-de-ano-y-carnaval-de-negros-y-blancos\/#primaryimage"},"thumbnailUrl":"https:\/\/pagina10.com\/web\/wp-content\/uploads\/2021\/12\/WhatsApp-Image-2021-12-12-at-9.29.59-PM.jpeg","datePublished":"2021-12-15T02:53:07+00:00","breadcrumb":{"@id":"https:\/\/pagina10.com\/web\/333-vendedores-informales-fueron-seleccionados-para-los-planes-productivos-de-fin-de-ano-y-carnaval-de-negros-y-blancos\/#breadcrumb"},"inLanguage":"es","potentialAction":[{"@type":"ReadAction","target":["https:\/\/pagina10.com\/web\/333-vendedores-informales-fueron-seleccionados-para-los-planes-productivos-de-fin-de-ano-y-carnaval-de-negros-y-blancos\/"]}]},{"@type":"ImageObject","inLanguage":"es","@id":"https:\/\/pagina10.com\/web\/333-vendedores-informales-fueron-seleccionados-para-los-planes-productivos-de-fin-de-ano-y-carnaval-de-negros-y-blancos\/#primaryimage","url":"https:\/\/pagina10.com\/web\/wp-content\/uploads\/2021\/12\/WhatsApp-Image-2021-12-12-at-9.29.59-PM.jpeg","contentUrl":"https:\/\/pagina10.com\/web\/wp-content\/uploads\/2021\/12\/WhatsApp-Image-2021-12-12-at-9.29.59-PM.jpeg","width":1024,"height":768},{"@type":"BreadcrumbList","@id":"https:\/\/pagina10.com\/web\/333-vendedores-informales-fueron-seleccionados-para-los-planes-productivos-de-fin-de-ano-y-carnaval-de-negros-y-blancos\/#breadcrumb","itemListElement":[{"@type":"ListItem","position":1,"name":"Portada","item":"https:\/\/pagina10.com\/web\/"},{"@type":"ListItem","position":2,"name":"333 vendedores informales fueron seleccionados para los planes productivos de fin de a\u00f1o, y carnaval de negros y blancos"}]},{"@type":"WebSite","@id":"https:\/\/pagina10.com\/web\/#website","url":"https:\/\/pagina10.com\/web\/","name":"P\u00e1gina10","description":"Peri\u00f3dico Regional","publisher":{"@id":"https:\/\/pagina10.com\/web\/#organization"},"alternateName":"P\u00e1gina10 Peri\u00f3dico Regional","potentialAction":[{"@type":"SearchAction","target":{"@type":"EntryPoint","urlTemplate":"https:\/\/pagina10.com\/web\/?s={search_term_string}"},"query-input":{"@type":"PropertyValueSpecification","valueRequired":true,"valueName":"search_term_string"}}],"inLanguage":"es"},{"@type":"Organization","@id":"https:\/\/pagina10.com\/web\/#organization","name":"P\u00e1gina10","alternateName":"P\u00e1gina10 Peri\u00f3dico Regional","url":"https:\/\/pagina10.com\/web\/","logo":{"@type":"ImageObject","inLanguage":"es","@id":"https:\/\/pagina10.com\/web\/#\/schema\/logo\/image\/","url":"https:\/\/pagina10.com\/web\/wp-content\/uploads\/2024\/01\/40-pagina-10-periodico-regional-pasto.jpg","contentUrl":"https:\/\/pagina10.com\/web\/wp-content\/uploads\/2024\/01\/40-pagina-10-periodico-regional-pasto.jpg","width":1280,"height":720,"caption":"P\u00e1gina10"},"image":{"@id":"https:\/\/pagina10.com\/web\/#\/schema\/logo\/image\/"},"sameAs":["https:\/\/www.facebook.com\/pag10com","https:\/\/x.com\/Pag10com","https:\/\/www.instagram.com\/pagina10col\/","https:\/\/youtube.com\/channel\/pag10","https:\/\/www.tiktok.com\/@p10col"]},{"@type":"Person","@id":"https:\/\/pagina10.com\/web\/#\/schema\/person\/2efc4a090d25b667d3bc796798a3a81b","name":"P\u00e1gina 10","description":"P\u00e1gina 10 es un peri\u00f3dico regional que nace en Colombia, en el departamento de Nari\u00f1o, con un enfoque global, fundamentado en cuatro pilares esenciales: la libertad, el pluralismo, la inclusi\u00f3n y la independencia. P\u00e1gina 10 hace referencia a Nari\u00f1o como el d\u00e9cimo departamento creado en Colombia, despu\u00e9s de un proceso pol\u00edtico liderado por actores y actrices regionales con el fin de obtener la independencia y autonom\u00eda de nuestros territorios. Con la creaci\u00f3n de P\u00e1gina 10 se pretende abrir un escenario para el dialogo, la reflexi\u00f3n y el debate que se extienda a otras geograf\u00edas de Am\u00e9rica Latina y del planeta, en una apuesta por transformar colectivamente los desaf\u00edos de un mundo contempor\u00e1neo, m\u00e1s all\u00e1 de las fronteras impuestas.","url":"https:\/\/pagina10.com\/web\/author\/pdiezadmin\/"}]}},"_links":{"self":[{"href":"https:\/\/pagina10.com\/web\/wp-json\/wp\/v2\/posts\/57428","targetHints":{"allow":["GET"]}}],"collection":[{"href":"https:\/\/pagina10.com\/web\/wp-json\/wp\/v2\/posts"}],"about":[{"href":"https:\/\/pagina10.com\/web\/wp-json\/wp\/v2\/types\/post"}],"author":[{"embeddable":true,"href":"https:\/\/pagina10.com\/web\/wp-json\/wp\/v2\/users\/1"}],"replies":[{"embeddable":true,"href":"https:\/\/pagina10.com\/web\/wp-json\/wp\/v2\/comments?post=57428"}],"version-history":[{"count":1,"href":"https:\/\/pagina10.com\/web\/wp-json\/wp\/v2\/posts\/57428\/revisions"}],"predecessor-version":[{"id":57430,"href":"https:\/\/pagina10.com\/web\/wp-json\/wp\/v2\/posts\/57428\/revisions\/57430"}],"wp:featuredmedia":[{"embeddable":true,"href":"https:\/\/pagina10.com\/web\/wp-json\/wp\/v2\/media\/57429"}],"wp:attachment":[{"href":"https:\/\/pagina10.com\/web\/wp-json\/wp\/v2\/media?parent=57428"}],"wp:term":[{"taxonomy":"category","embeddable":true,"href":"https:\/\/pagina10.com\/web\/wp-json\/wp\/v2\/categories?post=57428"},{"taxonomy":"post_tag","embeddable":true,"href":"https:\/\/pagina10.com\/web\/wp-json\/wp\/v2\/tags?post=57428"}],"curies":[{"name":"wp","href":"https:\/\/api.w.org\/{rel}","templated":true}]}}