{"id":57440,"date":"2021-12-15T21:00:47","date_gmt":"2021-12-16T02:00:47","guid":{"rendered":"https:\/\/pagina10.com\/web\/?p=57440"},"modified":"2021-12-15T21:00:47","modified_gmt":"2021-12-16T02:00:47","slug":"con-la-campana-pasto-brilla-sin-polvora-alcaldia-y-policia-metropolitana-incautaron-600-kilos-de-pirotecnia","status":"publish","type":"post","link":"https:\/\/pagina10.com\/web\/con-la-campana-pasto-brilla-sin-polvora-alcaldia-y-policia-metropolitana-incautaron-600-kilos-de-pirotecnia\/","title":{"rendered":"Con la campa\u00f1a \u2018Pasto brilla sin p\u00f3lvora\u2019, alcald\u00eda y polic\u00eda metropolitana incautaron 600 kilos de pirotecnia"},"content":{"rendered":"<p style=\"text-align: justify;\">Con el acompa\u00f1amiento de la Polic\u00eda Metropolitana, la Alcald\u00eda de Pasto, a trav\u00e9s de la campa\u00f1a \u2018Pasto Brilla sin P\u00f3lvora\u2019, logr\u00f3 incautar cerca de 600 kilos de pirotecnia que se encontraban listos para ser comercializados en todo el municipio.<\/p>\n<p style=\"text-align: justify;\">La llamada an\u00f3nima de un ciudadano alert\u00f3 a las unidades policiales sobre el almacenamiento de los explosivos en una vivienda abandonada ubicada en la comuna diez. De inmediato, unidades de la Seccional de Investigaci\u00f3n de la Polic\u00eda se trasladaron a la zona donde encontraron el material explosivo avaluado en casi 30 millones de pesos.<\/p>\n<p style=\"text-align: justify;\">En la bodega clandestina se hallaron granadas o jabones, cuetes, cuetillos, mechas, papel cart\u00f3n, cera y 15 kilos de p\u00f3lvora negra con lo que se fabricaba dichos elementos. Adem\u00e1s, las autoridades descubrieron que estos materiales estaban mal elaborados lo que representaba un mayor riesgo para quienes los manipular\u00edan.<\/p>\n<p style=\"text-align: justify;\">Este resultado operativo se registra despu\u00e9s de intensificar los planes operativos articulados entre Alcald\u00eda y Polic\u00eda. As\u00ed lo precis\u00f3 el subsecretario de Justicia y Seguridad, Jimmy Alexander Mosquera, quien a\u00f1adi\u00f3: \u201cNo bajaremos la guardia hasta lograr que ning\u00fan ciudadano se lesione con p\u00f3lvora en lo que resta de esta temporada\u201d.<\/p>\n<p style=\"text-align: justify;\">Por su parte, el comandante operativo de la Polic\u00eda Metropolitana, Coronel V\u00edctor Bastidas, manifest\u00f3 que quienes sean descubiertos fabricando o comercializando pirotecnia pueden acarrear sanciones entre 2 y 20 salarios m\u00ednimos mensuales legales vigentes. En este sentido, hizo un llamado a la comunidad a evitar incurrir en estas pr\u00e1cticas.<\/p>\n","protected":false},"excerpt":{"rendered":"<p>Con el acompa\u00f1amiento de la Polic\u00eda Metropolitana, la Alcald\u00eda de Pasto, a trav\u00e9s de la campa\u00f1a \u2018Pasto Brilla sin P\u00f3lvora\u2019, logr\u00f3 incautar cerca de 600 kilos de pirotecnia que se encontraban listos para ser comercializados en todo el municipio. La llamada an\u00f3nima de un ciudadano alert\u00f3 a las unidades policiales sobre el almacenamiento de los [&hellip;]<\/p>\n","protected":false},"author":1,"featured_media":57441,"comment_status":"open","ping_status":"open","sticky":false,"template":"","format":"standard","meta":{"footnotes":""},"categories":[5],"tags":[],"class_list":["post-57440","post","type-post","status-publish","format-standard","has-post-thumbnail","hentry","category-ciudad"],"yoast_head":"<!-- This site is optimized with the Yoast SEO plugin v27.1.1 - https:\/\/yoast.com\/product\/yoast-seo-wordpress\/ -->\n<title>Con la campa\u00f1a \u2018Pasto brilla sin p\u00f3lvora\u2019, alcald\u00eda y polic\u00eda metropolitana incautaron 600 kilos de pirotecnia | P\u00e1gina10<\/title>\n<meta name=\"robots\" content=\"index, follow, max-snippet:-1, max-image-preview:large, max-video-preview:-1\" \/>\n<link rel=\"canonical\" href=\"https:\/\/pagina10.com\/web\/con-la-campana-pasto-brilla-sin-polvora-alcaldia-y-policia-metropolitana-incautaron-600-kilos-de-pirotecnia\/\" \/>\n<meta property=\"og:locale\" content=\"es_ES\" \/>\n<meta property=\"og:type\" content=\"article\" \/>\n<meta property=\"og:title\" content=\"Con la campa\u00f1a \u2018Pasto brilla sin p\u00f3lvora\u2019, alcald\u00eda y polic\u00eda metropolitana incautaron 600 kilos de pirotecnia | P\u00e1gina10\" \/>\n<meta property=\"og:description\" content=\"Con el acompa\u00f1amiento de la Polic\u00eda Metropolitana, la Alcald\u00eda de Pasto, a trav\u00e9s de la campa\u00f1a \u2018Pasto Brilla sin P\u00f3lvora\u2019, logr\u00f3 incautar cerca de 600 kilos de pirotecnia que se encontraban listos para ser comercializados en todo el municipio. La llamada an\u00f3nima de un ciudadano alert\u00f3 a las unidades policiales sobre el almacenamiento de los [&hellip;]\" \/>\n<meta property=\"og:url\" content=\"https:\/\/pagina10.com\/web\/con-la-campana-pasto-brilla-sin-polvora-alcaldia-y-policia-metropolitana-incautaron-600-kilos-de-pirotecnia\/\" \/>\n<meta property=\"og:site_name\" content=\"P\u00e1gina10\" \/>\n<meta property=\"article:publisher\" content=\"https:\/\/www.facebook.com\/pag10com\" \/>\n<meta property=\"article:published_time\" content=\"2021-12-16T02:00:47+00:00\" \/>\n<meta property=\"og:image\" content=\"https:\/\/pagina10.com\/web\/wp-content\/uploads\/2021\/12\/WhatsApp-Image-2021-12-13-at-10.52.15-PM.jpeg\" \/>\n\t<meta property=\"og:image:width\" content=\"828\" \/>\n\t<meta property=\"og:image:height\" content=\"450\" \/>\n\t<meta property=\"og:image:type\" content=\"image\/jpeg\" \/>\n<meta name=\"author\" content=\"P\u00e1gina 10\" \/>\n<meta name=\"twitter:card\" content=\"summary_large_image\" \/>\n<meta name=\"twitter:creator\" content=\"@Pag10com\" \/>\n<meta name=\"twitter:site\" content=\"@Pag10com\" \/>\n<meta name=\"twitter:label1\" content=\"Escrito por\" \/>\n\t<meta name=\"twitter:data1\" content=\"P\u00e1gina 10\" \/>\n\t<meta name=\"twitter:label2\" content=\"Tiempo de lectura\" \/>\n\t<meta name=\"twitter:data2\" content=\"1 minuto\" \/>\n<script type=\"application\/ld+json\" class=\"yoast-schema-graph\">{\"@context\":\"https:\/\/schema.org\",\"@graph\":[{\"@type\":\"Article\",\"@id\":\"https:\/\/pagina10.com\/web\/con-la-campana-pasto-brilla-sin-polvora-alcaldia-y-policia-metropolitana-incautaron-600-kilos-de-pirotecnia\/#article\",\"isPartOf\":{\"@id\":\"https:\/\/pagina10.com\/web\/con-la-campana-pasto-brilla-sin-polvora-alcaldia-y-policia-metropolitana-incautaron-600-kilos-de-pirotecnia\/\"},\"author\":{\"name\":\"P\u00e1gina 10\",\"@id\":\"https:\/\/pagina10.com\/web\/#\/schema\/person\/2efc4a090d25b667d3bc796798a3a81b\"},\"headline\":\"Con la campa\u00f1a \u2018Pasto brilla sin p\u00f3lvora\u2019, alcald\u00eda y polic\u00eda metropolitana incautaron 600 kilos de pirotecnia\",\"datePublished\":\"2021-12-16T02:00:47+00:00\",\"mainEntityOfPage\":{\"@id\":\"https:\/\/pagina10.com\/web\/con-la-campana-pasto-brilla-sin-polvora-alcaldia-y-policia-metropolitana-incautaron-600-kilos-de-pirotecnia\/\"},\"wordCount\":277,\"commentCount\":0,\"publisher\":{\"@id\":\"https:\/\/pagina10.com\/web\/#organization\"},\"image\":{\"@id\":\"https:\/\/pagina10.com\/web\/con-la-campana-pasto-brilla-sin-polvora-alcaldia-y-policia-metropolitana-incautaron-600-kilos-de-pirotecnia\/#primaryimage\"},\"thumbnailUrl\":\"https:\/\/pagina10.com\/web\/wp-content\/uploads\/2021\/12\/WhatsApp-Image-2021-12-13-at-10.52.15-PM.jpeg\",\"articleSection\":[\"Ciudad\"],\"inLanguage\":\"es\",\"potentialAction\":[{\"@type\":\"CommentAction\",\"name\":\"Comment\",\"target\":[\"https:\/\/pagina10.com\/web\/con-la-campana-pasto-brilla-sin-polvora-alcaldia-y-policia-metropolitana-incautaron-600-kilos-de-pirotecnia\/#respond\"]}]},{\"@type\":\"WebPage\",\"@id\":\"https:\/\/pagina10.com\/web\/con-la-campana-pasto-brilla-sin-polvora-alcaldia-y-policia-metropolitana-incautaron-600-kilos-de-pirotecnia\/\",\"url\":\"https:\/\/pagina10.com\/web\/con-la-campana-pasto-brilla-sin-polvora-alcaldia-y-policia-metropolitana-incautaron-600-kilos-de-pirotecnia\/\",\"name\":\"Con la campa\u00f1a \u2018Pasto brilla sin p\u00f3lvora\u2019, alcald\u00eda y polic\u00eda metropolitana incautaron 600 kilos de pirotecnia | P\u00e1gina10\",\"isPartOf\":{\"@id\":\"https:\/\/pagina10.com\/web\/#website\"},\"primaryImageOfPage\":{\"@id\":\"https:\/\/pagina10.com\/web\/con-la-campana-pasto-brilla-sin-polvora-alcaldia-y-policia-metropolitana-incautaron-600-kilos-de-pirotecnia\/#primaryimage\"},\"image\":{\"@id\":\"https:\/\/pagina10.com\/web\/con-la-campana-pasto-brilla-sin-polvora-alcaldia-y-policia-metropolitana-incautaron-600-kilos-de-pirotecnia\/#primaryimage\"},\"thumbnailUrl\":\"https:\/\/pagina10.com\/web\/wp-content\/uploads\/2021\/12\/WhatsApp-Image-2021-12-13-at-10.52.15-PM.jpeg\",\"datePublished\":\"2021-12-16T02:00:47+00:00\",\"breadcrumb\":{\"@id\":\"https:\/\/pagina10.com\/web\/con-la-campana-pasto-brilla-sin-polvora-alcaldia-y-policia-metropolitana-incautaron-600-kilos-de-pirotecnia\/#breadcrumb\"},\"inLanguage\":\"es\",\"potentialAction\":[{\"@type\":\"ReadAction\",\"target\":[\"https:\/\/pagina10.com\/web\/con-la-campana-pasto-brilla-sin-polvora-alcaldia-y-policia-metropolitana-incautaron-600-kilos-de-pirotecnia\/\"]}]},{\"@type\":\"ImageObject\",\"inLanguage\":\"es\",\"@id\":\"https:\/\/pagina10.com\/web\/con-la-campana-pasto-brilla-sin-polvora-alcaldia-y-policia-metropolitana-incautaron-600-kilos-de-pirotecnia\/#primaryimage\",\"url\":\"https:\/\/pagina10.com\/web\/wp-content\/uploads\/2021\/12\/WhatsApp-Image-2021-12-13-at-10.52.15-PM.jpeg\",\"contentUrl\":\"https:\/\/pagina10.com\/web\/wp-content\/uploads\/2021\/12\/WhatsApp-Image-2021-12-13-at-10.52.15-PM.jpeg\",\"width\":828,\"height\":450},{\"@type\":\"BreadcrumbList\",\"@id\":\"https:\/\/pagina10.com\/web\/con-la-campana-pasto-brilla-sin-polvora-alcaldia-y-policia-metropolitana-incautaron-600-kilos-de-pirotecnia\/#breadcrumb\",\"itemListElement\":[{\"@type\":\"ListItem\",\"position\":1,\"name\":\"Portada\",\"item\":\"https:\/\/pagina10.com\/web\/\"},{\"@type\":\"ListItem\",\"position\":2,\"name\":\"Con la campa\u00f1a \u2018Pasto brilla sin p\u00f3lvora\u2019, alcald\u00eda y polic\u00eda metropolitana incautaron 600 kilos de pirotecnia\"}]},{\"@type\":\"WebSite\",\"@id\":\"https:\/\/pagina10.com\/web\/#website\",\"url\":\"https:\/\/pagina10.com\/web\/\",\"name\":\"P\u00e1gina10\",\"description\":\"Peri\u00f3dico Regional\",\"publisher\":{\"@id\":\"https:\/\/pagina10.com\/web\/#organization\"},\"alternateName\":\"P\u00e1gina10 Peri\u00f3dico Regional\",\"potentialAction\":[{\"@type\":\"SearchAction\",\"target\":{\"@type\":\"EntryPoint\",\"urlTemplate\":\"https:\/\/pagina10.com\/web\/?s={search_term_string}\"},\"query-input\":{\"@type\":\"PropertyValueSpecification\",\"valueRequired\":true,\"valueName\":\"search_term_string\"}}],\"inLanguage\":\"es\"},{\"@type\":\"Organization\",\"@id\":\"https:\/\/pagina10.com\/web\/#organization\",\"name\":\"P\u00e1gina10\",\"alternateName\":\"P\u00e1gina10 Peri\u00f3dico Regional\",\"url\":\"https:\/\/pagina10.com\/web\/\",\"logo\":{\"@type\":\"ImageObject\",\"inLanguage\":\"es\",\"@id\":\"https:\/\/pagina10.com\/web\/#\/schema\/logo\/image\/\",\"url\":\"https:\/\/pagina10.com\/web\/wp-content\/uploads\/2024\/01\/40-pagina-10-periodico-regional-pasto.jpg\",\"contentUrl\":\"https:\/\/pagina10.com\/web\/wp-content\/uploads\/2024\/01\/40-pagina-10-periodico-regional-pasto.jpg\",\"width\":1280,\"height\":720,\"caption\":\"P\u00e1gina10\"},\"image\":{\"@id\":\"https:\/\/pagina10.com\/web\/#\/schema\/logo\/image\/\"},\"sameAs\":[\"https:\/\/www.facebook.com\/pag10com\",\"https:\/\/x.com\/Pag10com\",\"https:\/\/www.instagram.com\/pagina10col\/\",\"https:\/\/youtube.com\/channel\/pag10\",\"https:\/\/www.tiktok.com\/@p10col\"]},{\"@type\":\"Person\",\"@id\":\"https:\/\/pagina10.com\/web\/#\/schema\/person\/2efc4a090d25b667d3bc796798a3a81b\",\"name\":\"P\u00e1gina 10\",\"description\":\"P\u00e1gina 10 es un peri\u00f3dico regional que nace en Colombia, en el departamento de Nari\u00f1o, con un enfoque global, fundamentado en cuatro pilares esenciales: la libertad, el pluralismo, la inclusi\u00f3n y la independencia. P\u00e1gina 10 hace referencia a Nari\u00f1o como el d\u00e9cimo departamento creado en Colombia, despu\u00e9s de un proceso pol\u00edtico liderado por actores y actrices regionales con el fin de obtener la independencia y autonom\u00eda de nuestros territorios. Con la creaci\u00f3n de P\u00e1gina 10 se pretende abrir un escenario para el dialogo, la reflexi\u00f3n y el debate que se extienda a otras geograf\u00edas de Am\u00e9rica Latina y del planeta, en una apuesta por transformar colectivamente los desaf\u00edos de un mundo contempor\u00e1neo, m\u00e1s all\u00e1 de las fronteras impuestas.\",\"url\":\"https:\/\/pagina10.com\/web\/author\/pdiezadmin\/\"}]}<\/script>\n<!-- \/ Yoast SEO plugin. -->","yoast_head_json":{"title":"Con la campa\u00f1a \u2018Pasto brilla sin p\u00f3lvora\u2019, alcald\u00eda y polic\u00eda metropolitana incautaron 600 kilos de pirotecnia | P\u00e1gina10","robots":{"index":"index","follow":"follow","max-snippet":"max-snippet:-1","max-image-preview":"max-image-preview:large","max-video-preview":"max-video-preview:-1"},"canonical":"https:\/\/pagina10.com\/web\/con-la-campana-pasto-brilla-sin-polvora-alcaldia-y-policia-metropolitana-incautaron-600-kilos-de-pirotecnia\/","og_locale":"es_ES","og_type":"article","og_title":"Con la campa\u00f1a \u2018Pasto brilla sin p\u00f3lvora\u2019, alcald\u00eda y polic\u00eda metropolitana incautaron 600 kilos de pirotecnia | P\u00e1gina10","og_description":"Con el acompa\u00f1amiento de la Polic\u00eda Metropolitana, la Alcald\u00eda de Pasto, a trav\u00e9s de la campa\u00f1a \u2018Pasto Brilla sin P\u00f3lvora\u2019, logr\u00f3 incautar cerca de 600 kilos de pirotecnia que se encontraban listos para ser comercializados en todo el municipio. La llamada an\u00f3nima de un ciudadano alert\u00f3 a las unidades policiales sobre el almacenamiento de los [&hellip;]","og_url":"https:\/\/pagina10.com\/web\/con-la-campana-pasto-brilla-sin-polvora-alcaldia-y-policia-metropolitana-incautaron-600-kilos-de-pirotecnia\/","og_site_name":"P\u00e1gina10","article_publisher":"https:\/\/www.facebook.com\/pag10com","article_published_time":"2021-12-16T02:00:47+00:00","og_image":[{"width":828,"height":450,"url":"https:\/\/pagina10.com\/web\/wp-content\/uploads\/2021\/12\/WhatsApp-Image-2021-12-13-at-10.52.15-PM.jpeg","type":"image\/jpeg"}],"author":"P\u00e1gina 10","twitter_card":"summary_large_image","twitter_creator":"@Pag10com","twitter_site":"@Pag10com","twitter_misc":{"Escrito por":"P\u00e1gina 10","Tiempo de lectura":"1 minuto"},"schema":{"@context":"https:\/\/schema.org","@graph":[{"@type":"Article","@id":"https:\/\/pagina10.com\/web\/con-la-campana-pasto-brilla-sin-polvora-alcaldia-y-policia-metropolitana-incautaron-600-kilos-de-pirotecnia\/#article","isPartOf":{"@id":"https:\/\/pagina10.com\/web\/con-la-campana-pasto-brilla-sin-polvora-alcaldia-y-policia-metropolitana-incautaron-600-kilos-de-pirotecnia\/"},"author":{"name":"P\u00e1gina 10","@id":"https:\/\/pagina10.com\/web\/#\/schema\/person\/2efc4a090d25b667d3bc796798a3a81b"},"headline":"Con la campa\u00f1a \u2018Pasto brilla sin p\u00f3lvora\u2019, alcald\u00eda y polic\u00eda metropolitana incautaron 600 kilos de pirotecnia","datePublished":"2021-12-16T02:00:47+00:00","mainEntityOfPage":{"@id":"https:\/\/pagina10.com\/web\/con-la-campana-pasto-brilla-sin-polvora-alcaldia-y-policia-metropolitana-incautaron-600-kilos-de-pirotecnia\/"},"wordCount":277,"commentCount":0,"publisher":{"@id":"https:\/\/pagina10.com\/web\/#organization"},"image":{"@id":"https:\/\/pagina10.com\/web\/con-la-campana-pasto-brilla-sin-polvora-alcaldia-y-policia-metropolitana-incautaron-600-kilos-de-pirotecnia\/#primaryimage"},"thumbnailUrl":"https:\/\/pagina10.com\/web\/wp-content\/uploads\/2021\/12\/WhatsApp-Image-2021-12-13-at-10.52.15-PM.jpeg","articleSection":["Ciudad"],"inLanguage":"es","potentialAction":[{"@type":"CommentAction","name":"Comment","target":["https:\/\/pagina10.com\/web\/con-la-campana-pasto-brilla-sin-polvora-alcaldia-y-policia-metropolitana-incautaron-600-kilos-de-pirotecnia\/#respond"]}]},{"@type":"WebPage","@id":"https:\/\/pagina10.com\/web\/con-la-campana-pasto-brilla-sin-polvora-alcaldia-y-policia-metropolitana-incautaron-600-kilos-de-pirotecnia\/","url":"https:\/\/pagina10.com\/web\/con-la-campana-pasto-brilla-sin-polvora-alcaldia-y-policia-metropolitana-incautaron-600-kilos-de-pirotecnia\/","name":"Con la campa\u00f1a \u2018Pasto brilla sin p\u00f3lvora\u2019, alcald\u00eda y polic\u00eda metropolitana incautaron 600 kilos de pirotecnia | P\u00e1gina10","isPartOf":{"@id":"https:\/\/pagina10.com\/web\/#website"},"primaryImageOfPage":{"@id":"https:\/\/pagina10.com\/web\/con-la-campana-pasto-brilla-sin-polvora-alcaldia-y-policia-metropolitana-incautaron-600-kilos-de-pirotecnia\/#primaryimage"},"image":{"@id":"https:\/\/pagina10.com\/web\/con-la-campana-pasto-brilla-sin-polvora-alcaldia-y-policia-metropolitana-incautaron-600-kilos-de-pirotecnia\/#primaryimage"},"thumbnailUrl":"https:\/\/pagina10.com\/web\/wp-content\/uploads\/2021\/12\/WhatsApp-Image-2021-12-13-at-10.52.15-PM.jpeg","datePublished":"2021-12-16T02:00:47+00:00","breadcrumb":{"@id":"https:\/\/pagina10.com\/web\/con-la-campana-pasto-brilla-sin-polvora-alcaldia-y-policia-metropolitana-incautaron-600-kilos-de-pirotecnia\/#breadcrumb"},"inLanguage":"es","potentialAction":[{"@type":"ReadAction","target":["https:\/\/pagina10.com\/web\/con-la-campana-pasto-brilla-sin-polvora-alcaldia-y-policia-metropolitana-incautaron-600-kilos-de-pirotecnia\/"]}]},{"@type":"ImageObject","inLanguage":"es","@id":"https:\/\/pagina10.com\/web\/con-la-campana-pasto-brilla-sin-polvora-alcaldia-y-policia-metropolitana-incautaron-600-kilos-de-pirotecnia\/#primaryimage","url":"https:\/\/pagina10.com\/web\/wp-content\/uploads\/2021\/12\/WhatsApp-Image-2021-12-13-at-10.52.15-PM.jpeg","contentUrl":"https:\/\/pagina10.com\/web\/wp-content\/uploads\/2021\/12\/WhatsApp-Image-2021-12-13-at-10.52.15-PM.jpeg","width":828,"height":450},{"@type":"BreadcrumbList","@id":"https:\/\/pagina10.com\/web\/con-la-campana-pasto-brilla-sin-polvora-alcaldia-y-policia-metropolitana-incautaron-600-kilos-de-pirotecnia\/#breadcrumb","itemListElement":[{"@type":"ListItem","position":1,"name":"Portada","item":"https:\/\/pagina10.com\/web\/"},{"@type":"ListItem","position":2,"name":"Con la campa\u00f1a \u2018Pasto brilla sin p\u00f3lvora\u2019, alcald\u00eda y polic\u00eda metropolitana incautaron 600 kilos de pirotecnia"}]},{"@type":"WebSite","@id":"https:\/\/pagina10.com\/web\/#website","url":"https:\/\/pagina10.com\/web\/","name":"P\u00e1gina10","description":"Peri\u00f3dico Regional","publisher":{"@id":"https:\/\/pagina10.com\/web\/#organization"},"alternateName":"P\u00e1gina10 Peri\u00f3dico Regional","potentialAction":[{"@type":"SearchAction","target":{"@type":"EntryPoint","urlTemplate":"https:\/\/pagina10.com\/web\/?s={search_term_string}"},"query-input":{"@type":"PropertyValueSpecification","valueRequired":true,"valueName":"search_term_string"}}],"inLanguage":"es"},{"@type":"Organization","@id":"https:\/\/pagina10.com\/web\/#organization","name":"P\u00e1gina10","alternateName":"P\u00e1gina10 Peri\u00f3dico Regional","url":"https:\/\/pagina10.com\/web\/","logo":{"@type":"ImageObject","inLanguage":"es","@id":"https:\/\/pagina10.com\/web\/#\/schema\/logo\/image\/","url":"https:\/\/pagina10.com\/web\/wp-content\/uploads\/2024\/01\/40-pagina-10-periodico-regional-pasto.jpg","contentUrl":"https:\/\/pagina10.com\/web\/wp-content\/uploads\/2024\/01\/40-pagina-10-periodico-regional-pasto.jpg","width":1280,"height":720,"caption":"P\u00e1gina10"},"image":{"@id":"https:\/\/pagina10.com\/web\/#\/schema\/logo\/image\/"},"sameAs":["https:\/\/www.facebook.com\/pag10com","https:\/\/x.com\/Pag10com","https:\/\/www.instagram.com\/pagina10col\/","https:\/\/youtube.com\/channel\/pag10","https:\/\/www.tiktok.com\/@p10col"]},{"@type":"Person","@id":"https:\/\/pagina10.com\/web\/#\/schema\/person\/2efc4a090d25b667d3bc796798a3a81b","name":"P\u00e1gina 10","description":"P\u00e1gina 10 es un peri\u00f3dico regional que nace en Colombia, en el departamento de Nari\u00f1o, con un enfoque global, fundamentado en cuatro pilares esenciales: la libertad, el pluralismo, la inclusi\u00f3n y la independencia. P\u00e1gina 10 hace referencia a Nari\u00f1o como el d\u00e9cimo departamento creado en Colombia, despu\u00e9s de un proceso pol\u00edtico liderado por actores y actrices regionales con el fin de obtener la independencia y autonom\u00eda de nuestros territorios. Con la creaci\u00f3n de P\u00e1gina 10 se pretende abrir un escenario para el dialogo, la reflexi\u00f3n y el debate que se extienda a otras geograf\u00edas de Am\u00e9rica Latina y del planeta, en una apuesta por transformar colectivamente los desaf\u00edos de un mundo contempor\u00e1neo, m\u00e1s all\u00e1 de las fronteras impuestas.","url":"https:\/\/pagina10.com\/web\/author\/pdiezadmin\/"}]}},"_links":{"self":[{"href":"https:\/\/pagina10.com\/web\/wp-json\/wp\/v2\/posts\/57440","targetHints":{"allow":["GET"]}}],"collection":[{"href":"https:\/\/pagina10.com\/web\/wp-json\/wp\/v2\/posts"}],"about":[{"href":"https:\/\/pagina10.com\/web\/wp-json\/wp\/v2\/types\/post"}],"author":[{"embeddable":true,"href":"https:\/\/pagina10.com\/web\/wp-json\/wp\/v2\/users\/1"}],"replies":[{"embeddable":true,"href":"https:\/\/pagina10.com\/web\/wp-json\/wp\/v2\/comments?post=57440"}],"version-history":[{"count":1,"href":"https:\/\/pagina10.com\/web\/wp-json\/wp\/v2\/posts\/57440\/revisions"}],"predecessor-version":[{"id":57442,"href":"https:\/\/pagina10.com\/web\/wp-json\/wp\/v2\/posts\/57440\/revisions\/57442"}],"wp:featuredmedia":[{"embeddable":true,"href":"https:\/\/pagina10.com\/web\/wp-json\/wp\/v2\/media\/57441"}],"wp:attachment":[{"href":"https:\/\/pagina10.com\/web\/wp-json\/wp\/v2\/media?parent=57440"}],"wp:term":[{"taxonomy":"category","embeddable":true,"href":"https:\/\/pagina10.com\/web\/wp-json\/wp\/v2\/categories?post=57440"},{"taxonomy":"post_tag","embeddable":true,"href":"https:\/\/pagina10.com\/web\/wp-json\/wp\/v2\/tags?post=57440"}],"curies":[{"name":"wp","href":"https:\/\/api.w.org\/{rel}","templated":true}]}}