{"id":57468,"date":"2021-12-18T17:02:56","date_gmt":"2021-12-18T22:02:56","guid":{"rendered":"https:\/\/pagina10.com\/web\/?p=57468"},"modified":"2021-12-18T17:02:56","modified_gmt":"2021-12-18T22:02:56","slug":"alcaldia-de-pasto-le-apuesta-a-la-mejora-normativa-y-promueve-su-experiencia","status":"publish","type":"post","link":"https:\/\/pagina10.com\/web\/alcaldia-de-pasto-le-apuesta-a-la-mejora-normativa-y-promueve-su-experiencia\/","title":{"rendered":"Alcald\u00eda de Pasto le apuesta a la mejora normativa y promueve su experiencia"},"content":{"rendered":"<p style=\"text-align: justify;\">Debido a que el Municipio de Pasto es referente a nivel nacional en la implementaci\u00f3n territorial de la Pol\u00edtica de Mejora Normativa, como parte de la estrategia de territorializaci\u00f3n, la Alcald\u00eda de Pasto y el Departamento Nacional de Planeaci\u00f3n -DNP realizaron una socializaci\u00f3n de \u00e9sta con la Gobernaci\u00f3n de Nari\u00f1o y los dem\u00e1s municipios del departamento.<\/p>\n<p style=\"text-align: justify;\">El objetivo de este evento es compartir la experiencia sobre el proceso de implementaci\u00f3n de esta pol\u00edtica y los ajustes que fueron necesarios para adaptarla de acuerdo con la realidad del territorio. \u201cContamos con la presencia del DNP a trav\u00e9s de la coordinadora de la Pol\u00edtica de Mejora Normativa en una estrategia de territorializaci\u00f3n en la que Pasto ha sido pionero\u201d, expres\u00f3 la jefe de la Oficina de Asesor\u00eda Jur\u00eddica, \u00c1ngela Pantoja.<\/p>\n<p>Seg\u00fan lo expresado por la l\u00edder de Mejora Regulatoria, Mar\u00eda Jimena Padilla: \u201cVinimos en un ejercicio que estamos haciendo de cara a la implementaci\u00f3n de la pol\u00edtica en los territorios para darle cabida a nivel nacional a estas herramientas y la Alcald\u00eda de Pasto es una entidad que ha trabajado en el fortalecimiento de \u00e9sta desde el a\u00f1o 2020\u201d.<\/p>\n<p style=\"text-align: justify;\">La funcionaria agreg\u00f3 que esta pol\u00edtica promueve el uso de herramientas y buenas pr\u00e1cticas que garantizan calidad, efectividad y eficacia, adem\u00e1s de fortalecer la seguridad jur\u00eddica, mejorar las din\u00e1micas econ\u00f3micas en las regiones y generar el crecimiento del Producto Interno Bruto \u2013PIB. \u201cCuando expedimos regulaciones mucho m\u00e1s eficientes impulsamos en gran medida la econom\u00eda en los distintos sectores y din\u00e1micas que convergen en torno a las regulaciones, cuando nosotros regulamos lo que tenemos, imponemos costos, hay unos temas que se deben limitar algunas veces para poder garantizar seguridad y salud, entre otros\u201d, dijo.<\/p>\n","protected":false},"excerpt":{"rendered":"<p>Debido a que el Municipio de Pasto es referente a nivel nacional en la implementaci\u00f3n territorial de la Pol\u00edtica de Mejora Normativa, como parte de la estrategia de territorializaci\u00f3n, la Alcald\u00eda de Pasto y el Departamento Nacional de Planeaci\u00f3n -DNP realizaron una socializaci\u00f3n de \u00e9sta con la Gobernaci\u00f3n de Nari\u00f1o y los dem\u00e1s municipios del [&hellip;]<\/p>\n","protected":false},"author":1,"featured_media":57469,"comment_status":"open","ping_status":"open","sticky":false,"template":"","format":"standard","meta":{"footnotes":""},"categories":[82],"tags":[],"class_list":["post-57468","post","type-post","status-publish","format-standard","has-post-thumbnail","hentry","category-ciudad-2"],"yoast_head":"<!-- This site is optimized with the Yoast SEO plugin v27.1.1 - https:\/\/yoast.com\/product\/yoast-seo-wordpress\/ -->\n<title>Alcald\u00eda de Pasto le apuesta a la mejora normativa y promueve su experiencia | P\u00e1gina10<\/title>\n<meta name=\"robots\" content=\"index, follow, max-snippet:-1, max-image-preview:large, max-video-preview:-1\" \/>\n<link rel=\"canonical\" href=\"https:\/\/pagina10.com\/web\/alcaldia-de-pasto-le-apuesta-a-la-mejora-normativa-y-promueve-su-experiencia\/\" \/>\n<meta property=\"og:locale\" content=\"es_ES\" \/>\n<meta property=\"og:type\" content=\"article\" \/>\n<meta property=\"og:title\" content=\"Alcald\u00eda de Pasto le apuesta a la mejora normativa y promueve su experiencia | P\u00e1gina10\" \/>\n<meta property=\"og:description\" content=\"Debido a que el Municipio de Pasto es referente a nivel nacional en la implementaci\u00f3n territorial de la Pol\u00edtica de Mejora Normativa, como parte de la estrategia de territorializaci\u00f3n, la Alcald\u00eda de Pasto y el Departamento Nacional de Planeaci\u00f3n -DNP realizaron una socializaci\u00f3n de \u00e9sta con la Gobernaci\u00f3n de Nari\u00f1o y los dem\u00e1s municipios del [&hellip;]\" \/>\n<meta property=\"og:url\" content=\"https:\/\/pagina10.com\/web\/alcaldia-de-pasto-le-apuesta-a-la-mejora-normativa-y-promueve-su-experiencia\/\" \/>\n<meta property=\"og:site_name\" content=\"P\u00e1gina10\" \/>\n<meta property=\"article:publisher\" content=\"https:\/\/www.facebook.com\/pag10com\" \/>\n<meta property=\"article:published_time\" content=\"2021-12-18T22:02:56+00:00\" \/>\n<meta property=\"og:image\" content=\"https:\/\/pagina10.com\/web\/wp-content\/uploads\/2021\/12\/WhatsApp-Image-2021-12-16-at-11.43.51-PM.jpeg\" \/>\n\t<meta property=\"og:image:width\" content=\"1280\" \/>\n\t<meta property=\"og:image:height\" content=\"853\" \/>\n\t<meta property=\"og:image:type\" content=\"image\/jpeg\" \/>\n<meta name=\"author\" content=\"P\u00e1gina 10\" \/>\n<meta name=\"twitter:card\" content=\"summary_large_image\" \/>\n<meta name=\"twitter:creator\" content=\"@Pag10com\" \/>\n<meta name=\"twitter:site\" content=\"@Pag10com\" \/>\n<meta name=\"twitter:label1\" content=\"Escrito por\" \/>\n\t<meta name=\"twitter:data1\" content=\"P\u00e1gina 10\" \/>\n\t<meta name=\"twitter:label2\" content=\"Tiempo de lectura\" \/>\n\t<meta name=\"twitter:data2\" content=\"2 minutos\" \/>\n<script type=\"application\/ld+json\" class=\"yoast-schema-graph\">{\"@context\":\"https:\/\/schema.org\",\"@graph\":[{\"@type\":\"Article\",\"@id\":\"https:\/\/pagina10.com\/web\/alcaldia-de-pasto-le-apuesta-a-la-mejora-normativa-y-promueve-su-experiencia\/#article\",\"isPartOf\":{\"@id\":\"https:\/\/pagina10.com\/web\/alcaldia-de-pasto-le-apuesta-a-la-mejora-normativa-y-promueve-su-experiencia\/\"},\"author\":{\"name\":\"P\u00e1gina 10\",\"@id\":\"https:\/\/pagina10.com\/web\/#\/schema\/person\/2efc4a090d25b667d3bc796798a3a81b\"},\"headline\":\"Alcald\u00eda de Pasto le apuesta a la mejora normativa y promueve su experiencia\",\"datePublished\":\"2021-12-18T22:02:56+00:00\",\"mainEntityOfPage\":{\"@id\":\"https:\/\/pagina10.com\/web\/alcaldia-de-pasto-le-apuesta-a-la-mejora-normativa-y-promueve-su-experiencia\/\"},\"wordCount\":325,\"commentCount\":0,\"publisher\":{\"@id\":\"https:\/\/pagina10.com\/web\/#organization\"},\"image\":{\"@id\":\"https:\/\/pagina10.com\/web\/alcaldia-de-pasto-le-apuesta-a-la-mejora-normativa-y-promueve-su-experiencia\/#primaryimage\"},\"thumbnailUrl\":\"https:\/\/pagina10.com\/web\/wp-content\/uploads\/2021\/12\/WhatsApp-Image-2021-12-16-at-11.43.51-PM.jpeg\",\"articleSection\":[\"Ciudad\"],\"inLanguage\":\"es\",\"potentialAction\":[{\"@type\":\"CommentAction\",\"name\":\"Comment\",\"target\":[\"https:\/\/pagina10.com\/web\/alcaldia-de-pasto-le-apuesta-a-la-mejora-normativa-y-promueve-su-experiencia\/#respond\"]}]},{\"@type\":\"WebPage\",\"@id\":\"https:\/\/pagina10.com\/web\/alcaldia-de-pasto-le-apuesta-a-la-mejora-normativa-y-promueve-su-experiencia\/\",\"url\":\"https:\/\/pagina10.com\/web\/alcaldia-de-pasto-le-apuesta-a-la-mejora-normativa-y-promueve-su-experiencia\/\",\"name\":\"Alcald\u00eda de Pasto le apuesta a la mejora normativa y promueve su experiencia | P\u00e1gina10\",\"isPartOf\":{\"@id\":\"https:\/\/pagina10.com\/web\/#website\"},\"primaryImageOfPage\":{\"@id\":\"https:\/\/pagina10.com\/web\/alcaldia-de-pasto-le-apuesta-a-la-mejora-normativa-y-promueve-su-experiencia\/#primaryimage\"},\"image\":{\"@id\":\"https:\/\/pagina10.com\/web\/alcaldia-de-pasto-le-apuesta-a-la-mejora-normativa-y-promueve-su-experiencia\/#primaryimage\"},\"thumbnailUrl\":\"https:\/\/pagina10.com\/web\/wp-content\/uploads\/2021\/12\/WhatsApp-Image-2021-12-16-at-11.43.51-PM.jpeg\",\"datePublished\":\"2021-12-18T22:02:56+00:00\",\"breadcrumb\":{\"@id\":\"https:\/\/pagina10.com\/web\/alcaldia-de-pasto-le-apuesta-a-la-mejora-normativa-y-promueve-su-experiencia\/#breadcrumb\"},\"inLanguage\":\"es\",\"potentialAction\":[{\"@type\":\"ReadAction\",\"target\":[\"https:\/\/pagina10.com\/web\/alcaldia-de-pasto-le-apuesta-a-la-mejora-normativa-y-promueve-su-experiencia\/\"]}]},{\"@type\":\"ImageObject\",\"inLanguage\":\"es\",\"@id\":\"https:\/\/pagina10.com\/web\/alcaldia-de-pasto-le-apuesta-a-la-mejora-normativa-y-promueve-su-experiencia\/#primaryimage\",\"url\":\"https:\/\/pagina10.com\/web\/wp-content\/uploads\/2021\/12\/WhatsApp-Image-2021-12-16-at-11.43.51-PM.jpeg\",\"contentUrl\":\"https:\/\/pagina10.com\/web\/wp-content\/uploads\/2021\/12\/WhatsApp-Image-2021-12-16-at-11.43.51-PM.jpeg\",\"width\":1280,\"height\":853},{\"@type\":\"BreadcrumbList\",\"@id\":\"https:\/\/pagina10.com\/web\/alcaldia-de-pasto-le-apuesta-a-la-mejora-normativa-y-promueve-su-experiencia\/#breadcrumb\",\"itemListElement\":[{\"@type\":\"ListItem\",\"position\":1,\"name\":\"Portada\",\"item\":\"https:\/\/pagina10.com\/web\/\"},{\"@type\":\"ListItem\",\"position\":2,\"name\":\"Alcald\u00eda de Pasto le apuesta a la mejora normativa y promueve su experiencia\"}]},{\"@type\":\"WebSite\",\"@id\":\"https:\/\/pagina10.com\/web\/#website\",\"url\":\"https:\/\/pagina10.com\/web\/\",\"name\":\"P\u00e1gina10\",\"description\":\"Peri\u00f3dico Regional\",\"publisher\":{\"@id\":\"https:\/\/pagina10.com\/web\/#organization\"},\"alternateName\":\"P\u00e1gina10 Peri\u00f3dico Regional\",\"potentialAction\":[{\"@type\":\"SearchAction\",\"target\":{\"@type\":\"EntryPoint\",\"urlTemplate\":\"https:\/\/pagina10.com\/web\/?s={search_term_string}\"},\"query-input\":{\"@type\":\"PropertyValueSpecification\",\"valueRequired\":true,\"valueName\":\"search_term_string\"}}],\"inLanguage\":\"es\"},{\"@type\":\"Organization\",\"@id\":\"https:\/\/pagina10.com\/web\/#organization\",\"name\":\"P\u00e1gina10\",\"alternateName\":\"P\u00e1gina10 Peri\u00f3dico Regional\",\"url\":\"https:\/\/pagina10.com\/web\/\",\"logo\":{\"@type\":\"ImageObject\",\"inLanguage\":\"es\",\"@id\":\"https:\/\/pagina10.com\/web\/#\/schema\/logo\/image\/\",\"url\":\"https:\/\/pagina10.com\/web\/wp-content\/uploads\/2024\/01\/40-pagina-10-periodico-regional-pasto.jpg\",\"contentUrl\":\"https:\/\/pagina10.com\/web\/wp-content\/uploads\/2024\/01\/40-pagina-10-periodico-regional-pasto.jpg\",\"width\":1280,\"height\":720,\"caption\":\"P\u00e1gina10\"},\"image\":{\"@id\":\"https:\/\/pagina10.com\/web\/#\/schema\/logo\/image\/\"},\"sameAs\":[\"https:\/\/www.facebook.com\/pag10com\",\"https:\/\/x.com\/Pag10com\",\"https:\/\/www.instagram.com\/pagina10col\/\",\"https:\/\/youtube.com\/channel\/pag10\",\"https:\/\/www.tiktok.com\/@p10col\"]},{\"@type\":\"Person\",\"@id\":\"https:\/\/pagina10.com\/web\/#\/schema\/person\/2efc4a090d25b667d3bc796798a3a81b\",\"name\":\"P\u00e1gina 10\",\"description\":\"P\u00e1gina 10 es un peri\u00f3dico regional que nace en Colombia, en el departamento de Nari\u00f1o, con un enfoque global, fundamentado en cuatro pilares esenciales: la libertad, el pluralismo, la inclusi\u00f3n y la independencia. P\u00e1gina 10 hace referencia a Nari\u00f1o como el d\u00e9cimo departamento creado en Colombia, despu\u00e9s de un proceso pol\u00edtico liderado por actores y actrices regionales con el fin de obtener la independencia y autonom\u00eda de nuestros territorios. Con la creaci\u00f3n de P\u00e1gina 10 se pretende abrir un escenario para el dialogo, la reflexi\u00f3n y el debate que se extienda a otras geograf\u00edas de Am\u00e9rica Latina y del planeta, en una apuesta por transformar colectivamente los desaf\u00edos de un mundo contempor\u00e1neo, m\u00e1s all\u00e1 de las fronteras impuestas.\",\"url\":\"https:\/\/pagina10.com\/web\/author\/pdiezadmin\/\"}]}<\/script>\n<!-- \/ Yoast SEO plugin. -->","yoast_head_json":{"title":"Alcald\u00eda de Pasto le apuesta a la mejora normativa y promueve su experiencia | P\u00e1gina10","robots":{"index":"index","follow":"follow","max-snippet":"max-snippet:-1","max-image-preview":"max-image-preview:large","max-video-preview":"max-video-preview:-1"},"canonical":"https:\/\/pagina10.com\/web\/alcaldia-de-pasto-le-apuesta-a-la-mejora-normativa-y-promueve-su-experiencia\/","og_locale":"es_ES","og_type":"article","og_title":"Alcald\u00eda de Pasto le apuesta a la mejora normativa y promueve su experiencia | P\u00e1gina10","og_description":"Debido a que el Municipio de Pasto es referente a nivel nacional en la implementaci\u00f3n territorial de la Pol\u00edtica de Mejora Normativa, como parte de la estrategia de territorializaci\u00f3n, la Alcald\u00eda de Pasto y el Departamento Nacional de Planeaci\u00f3n -DNP realizaron una socializaci\u00f3n de \u00e9sta con la Gobernaci\u00f3n de Nari\u00f1o y los dem\u00e1s municipios del [&hellip;]","og_url":"https:\/\/pagina10.com\/web\/alcaldia-de-pasto-le-apuesta-a-la-mejora-normativa-y-promueve-su-experiencia\/","og_site_name":"P\u00e1gina10","article_publisher":"https:\/\/www.facebook.com\/pag10com","article_published_time":"2021-12-18T22:02:56+00:00","og_image":[{"width":1280,"height":853,"url":"https:\/\/pagina10.com\/web\/wp-content\/uploads\/2021\/12\/WhatsApp-Image-2021-12-16-at-11.43.51-PM.jpeg","type":"image\/jpeg"}],"author":"P\u00e1gina 10","twitter_card":"summary_large_image","twitter_creator":"@Pag10com","twitter_site":"@Pag10com","twitter_misc":{"Escrito por":"P\u00e1gina 10","Tiempo de lectura":"2 minutos"},"schema":{"@context":"https:\/\/schema.org","@graph":[{"@type":"Article","@id":"https:\/\/pagina10.com\/web\/alcaldia-de-pasto-le-apuesta-a-la-mejora-normativa-y-promueve-su-experiencia\/#article","isPartOf":{"@id":"https:\/\/pagina10.com\/web\/alcaldia-de-pasto-le-apuesta-a-la-mejora-normativa-y-promueve-su-experiencia\/"},"author":{"name":"P\u00e1gina 10","@id":"https:\/\/pagina10.com\/web\/#\/schema\/person\/2efc4a090d25b667d3bc796798a3a81b"},"headline":"Alcald\u00eda de Pasto le apuesta a la mejora normativa y promueve su experiencia","datePublished":"2021-12-18T22:02:56+00:00","mainEntityOfPage":{"@id":"https:\/\/pagina10.com\/web\/alcaldia-de-pasto-le-apuesta-a-la-mejora-normativa-y-promueve-su-experiencia\/"},"wordCount":325,"commentCount":0,"publisher":{"@id":"https:\/\/pagina10.com\/web\/#organization"},"image":{"@id":"https:\/\/pagina10.com\/web\/alcaldia-de-pasto-le-apuesta-a-la-mejora-normativa-y-promueve-su-experiencia\/#primaryimage"},"thumbnailUrl":"https:\/\/pagina10.com\/web\/wp-content\/uploads\/2021\/12\/WhatsApp-Image-2021-12-16-at-11.43.51-PM.jpeg","articleSection":["Ciudad"],"inLanguage":"es","potentialAction":[{"@type":"CommentAction","name":"Comment","target":["https:\/\/pagina10.com\/web\/alcaldia-de-pasto-le-apuesta-a-la-mejora-normativa-y-promueve-su-experiencia\/#respond"]}]},{"@type":"WebPage","@id":"https:\/\/pagina10.com\/web\/alcaldia-de-pasto-le-apuesta-a-la-mejora-normativa-y-promueve-su-experiencia\/","url":"https:\/\/pagina10.com\/web\/alcaldia-de-pasto-le-apuesta-a-la-mejora-normativa-y-promueve-su-experiencia\/","name":"Alcald\u00eda de Pasto le apuesta a la mejora normativa y promueve su experiencia | P\u00e1gina10","isPartOf":{"@id":"https:\/\/pagina10.com\/web\/#website"},"primaryImageOfPage":{"@id":"https:\/\/pagina10.com\/web\/alcaldia-de-pasto-le-apuesta-a-la-mejora-normativa-y-promueve-su-experiencia\/#primaryimage"},"image":{"@id":"https:\/\/pagina10.com\/web\/alcaldia-de-pasto-le-apuesta-a-la-mejora-normativa-y-promueve-su-experiencia\/#primaryimage"},"thumbnailUrl":"https:\/\/pagina10.com\/web\/wp-content\/uploads\/2021\/12\/WhatsApp-Image-2021-12-16-at-11.43.51-PM.jpeg","datePublished":"2021-12-18T22:02:56+00:00","breadcrumb":{"@id":"https:\/\/pagina10.com\/web\/alcaldia-de-pasto-le-apuesta-a-la-mejora-normativa-y-promueve-su-experiencia\/#breadcrumb"},"inLanguage":"es","potentialAction":[{"@type":"ReadAction","target":["https:\/\/pagina10.com\/web\/alcaldia-de-pasto-le-apuesta-a-la-mejora-normativa-y-promueve-su-experiencia\/"]}]},{"@type":"ImageObject","inLanguage":"es","@id":"https:\/\/pagina10.com\/web\/alcaldia-de-pasto-le-apuesta-a-la-mejora-normativa-y-promueve-su-experiencia\/#primaryimage","url":"https:\/\/pagina10.com\/web\/wp-content\/uploads\/2021\/12\/WhatsApp-Image-2021-12-16-at-11.43.51-PM.jpeg","contentUrl":"https:\/\/pagina10.com\/web\/wp-content\/uploads\/2021\/12\/WhatsApp-Image-2021-12-16-at-11.43.51-PM.jpeg","width":1280,"height":853},{"@type":"BreadcrumbList","@id":"https:\/\/pagina10.com\/web\/alcaldia-de-pasto-le-apuesta-a-la-mejora-normativa-y-promueve-su-experiencia\/#breadcrumb","itemListElement":[{"@type":"ListItem","position":1,"name":"Portada","item":"https:\/\/pagina10.com\/web\/"},{"@type":"ListItem","position":2,"name":"Alcald\u00eda de Pasto le apuesta a la mejora normativa y promueve su experiencia"}]},{"@type":"WebSite","@id":"https:\/\/pagina10.com\/web\/#website","url":"https:\/\/pagina10.com\/web\/","name":"P\u00e1gina10","description":"Peri\u00f3dico Regional","publisher":{"@id":"https:\/\/pagina10.com\/web\/#organization"},"alternateName":"P\u00e1gina10 Peri\u00f3dico Regional","potentialAction":[{"@type":"SearchAction","target":{"@type":"EntryPoint","urlTemplate":"https:\/\/pagina10.com\/web\/?s={search_term_string}"},"query-input":{"@type":"PropertyValueSpecification","valueRequired":true,"valueName":"search_term_string"}}],"inLanguage":"es"},{"@type":"Organization","@id":"https:\/\/pagina10.com\/web\/#organization","name":"P\u00e1gina10","alternateName":"P\u00e1gina10 Peri\u00f3dico Regional","url":"https:\/\/pagina10.com\/web\/","logo":{"@type":"ImageObject","inLanguage":"es","@id":"https:\/\/pagina10.com\/web\/#\/schema\/logo\/image\/","url":"https:\/\/pagina10.com\/web\/wp-content\/uploads\/2024\/01\/40-pagina-10-periodico-regional-pasto.jpg","contentUrl":"https:\/\/pagina10.com\/web\/wp-content\/uploads\/2024\/01\/40-pagina-10-periodico-regional-pasto.jpg","width":1280,"height":720,"caption":"P\u00e1gina10"},"image":{"@id":"https:\/\/pagina10.com\/web\/#\/schema\/logo\/image\/"},"sameAs":["https:\/\/www.facebook.com\/pag10com","https:\/\/x.com\/Pag10com","https:\/\/www.instagram.com\/pagina10col\/","https:\/\/youtube.com\/channel\/pag10","https:\/\/www.tiktok.com\/@p10col"]},{"@type":"Person","@id":"https:\/\/pagina10.com\/web\/#\/schema\/person\/2efc4a090d25b667d3bc796798a3a81b","name":"P\u00e1gina 10","description":"P\u00e1gina 10 es un peri\u00f3dico regional que nace en Colombia, en el departamento de Nari\u00f1o, con un enfoque global, fundamentado en cuatro pilares esenciales: la libertad, el pluralismo, la inclusi\u00f3n y la independencia. P\u00e1gina 10 hace referencia a Nari\u00f1o como el d\u00e9cimo departamento creado en Colombia, despu\u00e9s de un proceso pol\u00edtico liderado por actores y actrices regionales con el fin de obtener la independencia y autonom\u00eda de nuestros territorios. Con la creaci\u00f3n de P\u00e1gina 10 se pretende abrir un escenario para el dialogo, la reflexi\u00f3n y el debate que se extienda a otras geograf\u00edas de Am\u00e9rica Latina y del planeta, en una apuesta por transformar colectivamente los desaf\u00edos de un mundo contempor\u00e1neo, m\u00e1s all\u00e1 de las fronteras impuestas.","url":"https:\/\/pagina10.com\/web\/author\/pdiezadmin\/"}]}},"_links":{"self":[{"href":"https:\/\/pagina10.com\/web\/wp-json\/wp\/v2\/posts\/57468","targetHints":{"allow":["GET"]}}],"collection":[{"href":"https:\/\/pagina10.com\/web\/wp-json\/wp\/v2\/posts"}],"about":[{"href":"https:\/\/pagina10.com\/web\/wp-json\/wp\/v2\/types\/post"}],"author":[{"embeddable":true,"href":"https:\/\/pagina10.com\/web\/wp-json\/wp\/v2\/users\/1"}],"replies":[{"embeddable":true,"href":"https:\/\/pagina10.com\/web\/wp-json\/wp\/v2\/comments?post=57468"}],"version-history":[{"count":1,"href":"https:\/\/pagina10.com\/web\/wp-json\/wp\/v2\/posts\/57468\/revisions"}],"predecessor-version":[{"id":57470,"href":"https:\/\/pagina10.com\/web\/wp-json\/wp\/v2\/posts\/57468\/revisions\/57470"}],"wp:featuredmedia":[{"embeddable":true,"href":"https:\/\/pagina10.com\/web\/wp-json\/wp\/v2\/media\/57469"}],"wp:attachment":[{"href":"https:\/\/pagina10.com\/web\/wp-json\/wp\/v2\/media?parent=57468"}],"wp:term":[{"taxonomy":"category","embeddable":true,"href":"https:\/\/pagina10.com\/web\/wp-json\/wp\/v2\/categories?post=57468"},{"taxonomy":"post_tag","embeddable":true,"href":"https:\/\/pagina10.com\/web\/wp-json\/wp\/v2\/tags?post=57468"}],"curies":[{"name":"wp","href":"https:\/\/api.w.org\/{rel}","templated":true}]}}