{"id":57508,"date":"2021-12-21T11:22:27","date_gmt":"2021-12-21T16:22:27","guid":{"rendered":"https:\/\/pagina10.com\/web\/?p=57508"},"modified":"2021-12-21T11:22:27","modified_gmt":"2021-12-21T16:22:27","slug":"boric-la-esperanza-de-los-chilenos","status":"publish","type":"post","link":"https:\/\/pagina10.com\/web\/boric-la-esperanza-de-los-chilenos\/","title":{"rendered":"Boric, la esperanza de los chilenos"},"content":{"rendered":"<p style=\"text-align: justify;\">\n<p style=\"text-align: justify;\">El contundente triunfo de Gabriel Boric sobre Jos\u00e9 Antonio Kast en el balotaje, celebrado en las elecciones presidenciales de Chile, nos indica que no hay nada que temer a los gobiernos surgidos en la izquierda. Boric pretende hacer un gobierno socialdem\u00f3crata, buscando el di\u00e1logo nacional entre todos los sectores de la sociedad chilena, de manera particular, asegura es que el sector empresarial no se ver\u00e1 afectado por los programas que tenga que implementar.<\/p>\n<p style=\"text-align: justify;\">\n<p style=\"text-align: justify;\">Boric viene a renovar la pol\u00edtica no solo de chile, sino que se convierte en el l\u00edder que pretende hacer una revoluci\u00f3n pac\u00edfica, que tendr\u00e1 gran significancia para Latinoam\u00e9rica. Pues, Chile es uno de los pa\u00edses referentes para la aplicaci\u00f3n de pol\u00edticas en la regi\u00f3n, de manera particular de los modelos de salud y pensiones. Uno los grandes retos que tiene que afrontar el nuevo presidente es ejecutar planes para la implementaci\u00f3n de la equidad, teniendo en cuenta de que la chilena es una de las sociedades m\u00e1s desiguales, hecho que llev\u00f3 a que en octubre de 2019 se presentara el estallido social, que conllev\u00f3 a convocar una Asamblea Constituyente que permitir\u00e1 renovar la Constituci\u00f3n vigente desde la dictadura de Pinochet.<\/p>\n<p style=\"text-align: justify;\">\n<p style=\"text-align: justify;\">Es importante tener en cuenta que el presidente electo ha sido activista estudiantil y fue un factor importante al rechazar las pol\u00edticas de Sebasti\u00e1n Pi\u00f1era durante el estallido social de Chile. Pero tambi\u00e9n ha venido desempe\u00f1\u00e1ndose como diputado de la Rep\u00fablica, que le ha permitido asumir una f\u00e9rrea oposici\u00f3n a las pol\u00edticas neoliberales agenciadas desde el Palacio de la Moneda, o bien desde Washington, o bien desde la banca mundial, o bien desde el fondo Monetario Internacional.<\/p>\n<p style=\"text-align: justify;\">\n<p style=\"text-align: justify;\">Lo que le espera a Boric no es f\u00e1cil: tener que cambiar una pol\u00edtica neoliberal por una de bienestar. Pero tampoco es un imposible, lo m\u00e1s seguro es que se necesite de varios periodos presidenciales para lograr estructurar un plan de desarrollo que genere mayor equidad. Ser\u00e1 el comienzo de un tiempo donde se les devuelva la esperanza a los chilenos.<\/p>\n<p style=\"text-align: justify;\">\n<p style=\"text-align: justify;\">Algo ventajoso que tiene Boric es que es una persona de di\u00e1logo; de hecho, lo primero que sucedi\u00f3, luego de conocerse su triunfo, es recibir una llamada del presidente Sebasti\u00e1n Pi\u00f1era, qui\u00e9n llam\u00f3 a felicitarlo. Pero tambi\u00e9n, su contendor, Jos\u00e9 Antonio Kast (de derecha radical), se comunica para reconocerle el triunfo y ofrecerle su apoyo. Esto es buen indicador, si se tiene en cuenta los antecedentes que conocemos con el temor que se siembra con un gobierno izquierdista en la regi\u00f3n.<\/p>\n<p style=\"text-align: justify;\">\n<p style=\"text-align: justify;\">Lo que se viene para los chilenos es un gran pacto nacional, donde se transforme el sistema de salud tan precarizado, para hacerlo accesible para los sectores populares, que sea incluyente. Para ello los estratos m\u00e1s altos deben subsidiar la salud de los de menores ingresos; lo mismo ocurre con el tema de las pensiones. El modelo chileno fue copiado por Colombia con la implementaci\u00f3n de la ley 100 de 1993, relacionada con salud y pensiones; la Ley 50 de 1990 de la liquidaci\u00f3n de cesant\u00edas.<\/p>\n<p style=\"text-align: justify;\">\n<p style=\"text-align: justify;\">La izquierda chilena tiene un gran compromiso, marcar la pauta para deshacerse de ese estigma de que es una dictadura como la de Venezuela o trae consigo pobreza y desplazamiento. Bolivia es un claro ejemplo de prosperidad econ\u00f3mica y reducci\u00f3n de la pobreza y la marginalidad, cuando los recursos naturales se explotan en beneficio de la sociedad y no solo de las \u00e9lites.<\/p>\n<p style=\"text-align: justify;\">\n<p style=\"text-align: justify;\">Boric ha demostrado ser un l\u00edder de di\u00e1logo m\u00e1s que beligerante, lo que le posibilita entrar en un acercamiento con los grandes empresarios y las multinacionales que hacen presencia en el pa\u00eds austral. Lo que se requiere es que haya una tributaci\u00f3n progresiva, donde los grandes empresarios paguen m\u00e1s para que los que ganan muy poco reciban beneficios como acceder a una educaci\u00f3n gratuita.<\/p>\n<p style=\"text-align: justify;\">\n<p style=\"text-align: justify;\">En hora buena los chilenos deciden de manera democr\u00e1tica el rumbo del pa\u00eds con una pol\u00edtica de izquierda aut\u00e9ntica que les devolver\u00e1 la esperanza. Las cosas no ser\u00e1n f\u00e1ciles. Todo depende un gran pacto nacional. Pero ser\u00e1 un gran indicador para Colombia, que en esta oportunidad tiene la mejor opci\u00f3n para el cambio.<\/p>\n<p style=\"text-align: justify;\">\n<p style=\"text-align: justify;\">\n<p style=\"text-align: justify;\">\n<p style=\"text-align: justify;\">\n<p style=\"text-align: justify;\">\n<p style=\"text-align: justify;\">\n<p style=\"text-align: justify;\">\n<p style=\"text-align: justify;\">\n","protected":false},"excerpt":{"rendered":"<p>El contundente triunfo de Gabriel Boric sobre Jos\u00e9 Antonio Kast en el balotaje, celebrado en las elecciones presidenciales de Chile, nos indica que no hay nada que temer a los gobiernos surgidos en la izquierda. Boric pretende hacer un gobierno socialdem\u00f3crata, buscando el di\u00e1logo nacional entre todos los sectores de la sociedad chilena, de manera [&hellip;]<\/p>\n","protected":false},"author":65,"featured_media":57509,"comment_status":"open","ping_status":"open","sticky":false,"template":"","format":"standard","meta":{"footnotes":""},"categories":[84],"tags":[],"class_list":["post-57508","post","type-post","status-publish","format-standard","has-post-thumbnail","hentry","category-global-2"],"yoast_head":"<!-- This site is optimized with the Yoast SEO plugin v27.1.1 - https:\/\/yoast.com\/product\/yoast-seo-wordpress\/ -->\n<title>Boric, la esperanza de los chilenos | P\u00e1gina10<\/title>\n<meta name=\"robots\" content=\"index, follow, max-snippet:-1, max-image-preview:large, max-video-preview:-1\" \/>\n<link rel=\"canonical\" href=\"https:\/\/pagina10.com\/web\/boric-la-esperanza-de-los-chilenos\/\" \/>\n<meta property=\"og:locale\" content=\"es_ES\" \/>\n<meta property=\"og:type\" content=\"article\" \/>\n<meta property=\"og:title\" content=\"Boric, la esperanza de los chilenos | P\u00e1gina10\" \/>\n<meta property=\"og:description\" content=\"El contundente triunfo de Gabriel Boric sobre Jos\u00e9 Antonio Kast en el balotaje, celebrado en las elecciones presidenciales de Chile, nos indica que no hay nada que temer a los gobiernos surgidos en la izquierda. Boric pretende hacer un gobierno socialdem\u00f3crata, buscando el di\u00e1logo nacional entre todos los sectores de la sociedad chilena, de manera [&hellip;]\" \/>\n<meta property=\"og:url\" content=\"https:\/\/pagina10.com\/web\/boric-la-esperanza-de-los-chilenos\/\" \/>\n<meta property=\"og:site_name\" content=\"P\u00e1gina10\" \/>\n<meta property=\"article:publisher\" content=\"https:\/\/www.facebook.com\/pag10com\" \/>\n<meta property=\"article:published_time\" content=\"2021-12-21T16:22:27+00:00\" \/>\n<meta property=\"og:image\" content=\"https:\/\/pagina10.com\/web\/wp-content\/uploads\/2021\/12\/Boric.jpeg\" \/>\n\t<meta property=\"og:image:width\" content=\"950\" \/>\n\t<meta property=\"og:image:height\" content=\"535\" \/>\n\t<meta property=\"og:image:type\" content=\"image\/jpeg\" \/>\n<meta name=\"author\" content=\"Anibal Ar\u00e9valo Rosero\" \/>\n<meta name=\"twitter:card\" content=\"summary_large_image\" \/>\n<meta name=\"twitter:creator\" content=\"@Pag10com\" \/>\n<meta name=\"twitter:site\" content=\"@Pag10com\" \/>\n<meta name=\"twitter:label1\" content=\"Escrito por\" \/>\n\t<meta name=\"twitter:data1\" content=\"Anibal Ar\u00e9valo Rosero\" \/>\n\t<meta name=\"twitter:label2\" content=\"Tiempo de lectura\" \/>\n\t<meta name=\"twitter:data2\" content=\"4 minutos\" \/>\n<script type=\"application\/ld+json\" class=\"yoast-schema-graph\">{\"@context\":\"https:\/\/schema.org\",\"@graph\":[{\"@type\":\"Article\",\"@id\":\"https:\/\/pagina10.com\/web\/boric-la-esperanza-de-los-chilenos\/#article\",\"isPartOf\":{\"@id\":\"https:\/\/pagina10.com\/web\/boric-la-esperanza-de-los-chilenos\/\"},\"author\":{\"name\":\"Anibal Ar\u00e9valo Rosero\",\"@id\":\"https:\/\/pagina10.com\/web\/#\/schema\/person\/9ec3e2b432363a195d2d01bf820c66fe\"},\"headline\":\"Boric, la esperanza de los chilenos\",\"datePublished\":\"2021-12-21T16:22:27+00:00\",\"mainEntityOfPage\":{\"@id\":\"https:\/\/pagina10.com\/web\/boric-la-esperanza-de-los-chilenos\/\"},\"wordCount\":732,\"commentCount\":0,\"publisher\":{\"@id\":\"https:\/\/pagina10.com\/web\/#organization\"},\"image\":{\"@id\":\"https:\/\/pagina10.com\/web\/boric-la-esperanza-de-los-chilenos\/#primaryimage\"},\"thumbnailUrl\":\"https:\/\/pagina10.com\/web\/wp-content\/uploads\/2021\/12\/Boric.jpeg\",\"articleSection\":[\"Global\"],\"inLanguage\":\"es\",\"potentialAction\":[{\"@type\":\"CommentAction\",\"name\":\"Comment\",\"target\":[\"https:\/\/pagina10.com\/web\/boric-la-esperanza-de-los-chilenos\/#respond\"]}]},{\"@type\":\"WebPage\",\"@id\":\"https:\/\/pagina10.com\/web\/boric-la-esperanza-de-los-chilenos\/\",\"url\":\"https:\/\/pagina10.com\/web\/boric-la-esperanza-de-los-chilenos\/\",\"name\":\"Boric, la esperanza de los chilenos | P\u00e1gina10\",\"isPartOf\":{\"@id\":\"https:\/\/pagina10.com\/web\/#website\"},\"primaryImageOfPage\":{\"@id\":\"https:\/\/pagina10.com\/web\/boric-la-esperanza-de-los-chilenos\/#primaryimage\"},\"image\":{\"@id\":\"https:\/\/pagina10.com\/web\/boric-la-esperanza-de-los-chilenos\/#primaryimage\"},\"thumbnailUrl\":\"https:\/\/pagina10.com\/web\/wp-content\/uploads\/2021\/12\/Boric.jpeg\",\"datePublished\":\"2021-12-21T16:22:27+00:00\",\"breadcrumb\":{\"@id\":\"https:\/\/pagina10.com\/web\/boric-la-esperanza-de-los-chilenos\/#breadcrumb\"},\"inLanguage\":\"es\",\"potentialAction\":[{\"@type\":\"ReadAction\",\"target\":[\"https:\/\/pagina10.com\/web\/boric-la-esperanza-de-los-chilenos\/\"]}]},{\"@type\":\"ImageObject\",\"inLanguage\":\"es\",\"@id\":\"https:\/\/pagina10.com\/web\/boric-la-esperanza-de-los-chilenos\/#primaryimage\",\"url\":\"https:\/\/pagina10.com\/web\/wp-content\/uploads\/2021\/12\/Boric.jpeg\",\"contentUrl\":\"https:\/\/pagina10.com\/web\/wp-content\/uploads\/2021\/12\/Boric.jpeg\",\"width\":950,\"height\":535},{\"@type\":\"BreadcrumbList\",\"@id\":\"https:\/\/pagina10.com\/web\/boric-la-esperanza-de-los-chilenos\/#breadcrumb\",\"itemListElement\":[{\"@type\":\"ListItem\",\"position\":1,\"name\":\"Portada\",\"item\":\"https:\/\/pagina10.com\/web\/\"},{\"@type\":\"ListItem\",\"position\":2,\"name\":\"Boric, la esperanza de los chilenos\"}]},{\"@type\":\"WebSite\",\"@id\":\"https:\/\/pagina10.com\/web\/#website\",\"url\":\"https:\/\/pagina10.com\/web\/\",\"name\":\"P\u00e1gina10\",\"description\":\"Peri\u00f3dico Regional\",\"publisher\":{\"@id\":\"https:\/\/pagina10.com\/web\/#organization\"},\"alternateName\":\"P\u00e1gina10 Peri\u00f3dico Regional\",\"potentialAction\":[{\"@type\":\"SearchAction\",\"target\":{\"@type\":\"EntryPoint\",\"urlTemplate\":\"https:\/\/pagina10.com\/web\/?s={search_term_string}\"},\"query-input\":{\"@type\":\"PropertyValueSpecification\",\"valueRequired\":true,\"valueName\":\"search_term_string\"}}],\"inLanguage\":\"es\"},{\"@type\":\"Organization\",\"@id\":\"https:\/\/pagina10.com\/web\/#organization\",\"name\":\"P\u00e1gina10\",\"alternateName\":\"P\u00e1gina10 Peri\u00f3dico Regional\",\"url\":\"https:\/\/pagina10.com\/web\/\",\"logo\":{\"@type\":\"ImageObject\",\"inLanguage\":\"es\",\"@id\":\"https:\/\/pagina10.com\/web\/#\/schema\/logo\/image\/\",\"url\":\"https:\/\/pagina10.com\/web\/wp-content\/uploads\/2024\/01\/40-pagina-10-periodico-regional-pasto.jpg\",\"contentUrl\":\"https:\/\/pagina10.com\/web\/wp-content\/uploads\/2024\/01\/40-pagina-10-periodico-regional-pasto.jpg\",\"width\":1280,\"height\":720,\"caption\":\"P\u00e1gina10\"},\"image\":{\"@id\":\"https:\/\/pagina10.com\/web\/#\/schema\/logo\/image\/\"},\"sameAs\":[\"https:\/\/www.facebook.com\/pag10com\",\"https:\/\/x.com\/Pag10com\",\"https:\/\/www.instagram.com\/pagina10col\/\",\"https:\/\/youtube.com\/channel\/pag10\",\"https:\/\/www.tiktok.com\/@p10col\"]},{\"@type\":\"Person\",\"@id\":\"https:\/\/pagina10.com\/web\/#\/schema\/person\/9ec3e2b432363a195d2d01bf820c66fe\",\"name\":\"Anibal Ar\u00e9valo Rosero\",\"description\":\"An\u00edbal Ar\u00e9valo Rosero a trav\u00e9s de su vida ha realizado diversas actividades tendientes a reivindicar al ser humano en su conciencia plena. Durante su vida ha hecho teatro, a escrito poes\u00eda y en sus tiempos de universitario realiz\u00f3 varias publicaciones entre las que se recuerda la revista Quinde. Junto con otros compa\u00f1eros fund\u00f3 el Taller Cultural El Cueche, equipo con el que se hicieron varias publicaciones. De este mismo grupo hay que resaltar que se hizo un trabajo pionero en la difusi\u00f3n de la m\u00fasica andina, latinoamericana y del caribe. Despu\u00e9s de terminar sus estudios de biolog\u00eda en la Universidad de Nari\u00f1o entr\u00f3 a laborar en emisoras de la ciudad de Pasto como en RCN, donde se desempe\u00f1aba como locutor de planta. Dirigi\u00f3 programas en la extinta Ondas del Mayo, en varias oportunidades; tambi\u00e9n en Ecos de Pasto. Fue colaborador de el Noticias RCN y dirigi\u00f3 el programa Simana al D\u00eda, del Sindicato del Magisterio de Nari\u00f1o, en dos \u00e9pocas. En el a\u00f1o de 1992 funda el Comit\u00e9 de Solidaridad con Cuba Jos\u00e9 Mart\u00ed, cuyo objetivo era divulgar la realidad cubana y expresar apoyo moral, pol\u00edtico y material al pa\u00eds caribe\u00f1o. Ante la mala interpretaci\u00f3n que la gente le daba a este tipo de acciones, se decide promover viajes de solidad a Cuba para participar en la Brigada Latinoamericana de Trabajo Voluntario, en el Festival Cuba Vive y, de manera especia,l en el 14 Festival Mundial de la Juventud y los Estudiantes, que se desarroll\u00f3 en la isla en el a\u00f1o de 1997. Con esta experiencia impulsa el turismo al pa\u00eds caribe\u00f1o con el resultado de que miles de personas han participado de las excursiones organizadas por Ar\u00e9valo Rosero. Asimismo ha venido impulsando las Brigadas de Salud en Cuba, tendiente a llevar pacientes de c\u00e1ncer a ese destino con el fin de que reciban atenci\u00f3n m\u00e9dica, teniendo en cuenta que la experiencia cubana en el tema ha sido bastante favorable. Veinte a\u00f1os despu\u00e9s de estas nutritivas experiencias, le permiten impulsar excursiones adem\u00e1s a M\u00e9xico, Machu Picchu, Argentina, Ecuador, Panam\u00e1 y Tierra Santa. En cuanto al desempe\u00f1o period\u00edstico, adem\u00e1s de los medios radiales y de televisi\u00f3n, en los canales de la universidades de Nari\u00f1o y Mariana, se ha desempe\u00f1ado como columnista en Diario del Sur durante 6 a\u00f1os y en algunos medios virtuales. Tambi\u00e9n es colaborador de el Diario del Cauca. Considera que la pr\u00e1ctica de la lectura es beber de la fuente nutricia que permite apropiarse de manera consciente del ejercicio de la democracia; y la posibilidad de escribir y ser le\u00eddo, acceder al poder, por que considera la palabra como el mayor instrumento de acci\u00f3n cuando est\u00e1 bien encamina al leg\u00edtimo servicio social. En la actualidad adem\u00e1s de so\u00f1ar con viajar por el mundo se desempe\u00f1a como docente del departamento de ciencias de Inem Luis Delf\u00edn Insuasty de Pasto. Correo: Esta direcci\u00f3n de correo electr\u00f3nico est\u00e1 protegida contra spambots. Usted necesita tener Javascript activado para poder verla.\\\" target=\\\"_blank\\\" style=\\\"color: #1155cc; text-align: justify; font-family: arial, sans-serif; font-size: 13px; line-height: normal;\\\"&gt;fundacionecosofia@gmail.com\",\"url\":\"https:\/\/pagina10.com\/web\/author\/anibal\/\"}]}<\/script>\n<!-- \/ Yoast SEO plugin. -->","yoast_head_json":{"title":"Boric, la esperanza de los chilenos | P\u00e1gina10","robots":{"index":"index","follow":"follow","max-snippet":"max-snippet:-1","max-image-preview":"max-image-preview:large","max-video-preview":"max-video-preview:-1"},"canonical":"https:\/\/pagina10.com\/web\/boric-la-esperanza-de-los-chilenos\/","og_locale":"es_ES","og_type":"article","og_title":"Boric, la esperanza de los chilenos | P\u00e1gina10","og_description":"El contundente triunfo de Gabriel Boric sobre Jos\u00e9 Antonio Kast en el balotaje, celebrado en las elecciones presidenciales de Chile, nos indica que no hay nada que temer a los gobiernos surgidos en la izquierda. Boric pretende hacer un gobierno socialdem\u00f3crata, buscando el di\u00e1logo nacional entre todos los sectores de la sociedad chilena, de manera [&hellip;]","og_url":"https:\/\/pagina10.com\/web\/boric-la-esperanza-de-los-chilenos\/","og_site_name":"P\u00e1gina10","article_publisher":"https:\/\/www.facebook.com\/pag10com","article_published_time":"2021-12-21T16:22:27+00:00","og_image":[{"width":950,"height":535,"url":"https:\/\/pagina10.com\/web\/wp-content\/uploads\/2021\/12\/Boric.jpeg","type":"image\/jpeg"}],"author":"Anibal Ar\u00e9valo Rosero","twitter_card":"summary_large_image","twitter_creator":"@Pag10com","twitter_site":"@Pag10com","twitter_misc":{"Escrito por":"Anibal Ar\u00e9valo Rosero","Tiempo de lectura":"4 minutos"},"schema":{"@context":"https:\/\/schema.org","@graph":[{"@type":"Article","@id":"https:\/\/pagina10.com\/web\/boric-la-esperanza-de-los-chilenos\/#article","isPartOf":{"@id":"https:\/\/pagina10.com\/web\/boric-la-esperanza-de-los-chilenos\/"},"author":{"name":"Anibal Ar\u00e9valo Rosero","@id":"https:\/\/pagina10.com\/web\/#\/schema\/person\/9ec3e2b432363a195d2d01bf820c66fe"},"headline":"Boric, la esperanza de los chilenos","datePublished":"2021-12-21T16:22:27+00:00","mainEntityOfPage":{"@id":"https:\/\/pagina10.com\/web\/boric-la-esperanza-de-los-chilenos\/"},"wordCount":732,"commentCount":0,"publisher":{"@id":"https:\/\/pagina10.com\/web\/#organization"},"image":{"@id":"https:\/\/pagina10.com\/web\/boric-la-esperanza-de-los-chilenos\/#primaryimage"},"thumbnailUrl":"https:\/\/pagina10.com\/web\/wp-content\/uploads\/2021\/12\/Boric.jpeg","articleSection":["Global"],"inLanguage":"es","potentialAction":[{"@type":"CommentAction","name":"Comment","target":["https:\/\/pagina10.com\/web\/boric-la-esperanza-de-los-chilenos\/#respond"]}]},{"@type":"WebPage","@id":"https:\/\/pagina10.com\/web\/boric-la-esperanza-de-los-chilenos\/","url":"https:\/\/pagina10.com\/web\/boric-la-esperanza-de-los-chilenos\/","name":"Boric, la esperanza de los chilenos | P\u00e1gina10","isPartOf":{"@id":"https:\/\/pagina10.com\/web\/#website"},"primaryImageOfPage":{"@id":"https:\/\/pagina10.com\/web\/boric-la-esperanza-de-los-chilenos\/#primaryimage"},"image":{"@id":"https:\/\/pagina10.com\/web\/boric-la-esperanza-de-los-chilenos\/#primaryimage"},"thumbnailUrl":"https:\/\/pagina10.com\/web\/wp-content\/uploads\/2021\/12\/Boric.jpeg","datePublished":"2021-12-21T16:22:27+00:00","breadcrumb":{"@id":"https:\/\/pagina10.com\/web\/boric-la-esperanza-de-los-chilenos\/#breadcrumb"},"inLanguage":"es","potentialAction":[{"@type":"ReadAction","target":["https:\/\/pagina10.com\/web\/boric-la-esperanza-de-los-chilenos\/"]}]},{"@type":"ImageObject","inLanguage":"es","@id":"https:\/\/pagina10.com\/web\/boric-la-esperanza-de-los-chilenos\/#primaryimage","url":"https:\/\/pagina10.com\/web\/wp-content\/uploads\/2021\/12\/Boric.jpeg","contentUrl":"https:\/\/pagina10.com\/web\/wp-content\/uploads\/2021\/12\/Boric.jpeg","width":950,"height":535},{"@type":"BreadcrumbList","@id":"https:\/\/pagina10.com\/web\/boric-la-esperanza-de-los-chilenos\/#breadcrumb","itemListElement":[{"@type":"ListItem","position":1,"name":"Portada","item":"https:\/\/pagina10.com\/web\/"},{"@type":"ListItem","position":2,"name":"Boric, la esperanza de los chilenos"}]},{"@type":"WebSite","@id":"https:\/\/pagina10.com\/web\/#website","url":"https:\/\/pagina10.com\/web\/","name":"P\u00e1gina10","description":"Peri\u00f3dico Regional","publisher":{"@id":"https:\/\/pagina10.com\/web\/#organization"},"alternateName":"P\u00e1gina10 Peri\u00f3dico Regional","potentialAction":[{"@type":"SearchAction","target":{"@type":"EntryPoint","urlTemplate":"https:\/\/pagina10.com\/web\/?s={search_term_string}"},"query-input":{"@type":"PropertyValueSpecification","valueRequired":true,"valueName":"search_term_string"}}],"inLanguage":"es"},{"@type":"Organization","@id":"https:\/\/pagina10.com\/web\/#organization","name":"P\u00e1gina10","alternateName":"P\u00e1gina10 Peri\u00f3dico Regional","url":"https:\/\/pagina10.com\/web\/","logo":{"@type":"ImageObject","inLanguage":"es","@id":"https:\/\/pagina10.com\/web\/#\/schema\/logo\/image\/","url":"https:\/\/pagina10.com\/web\/wp-content\/uploads\/2024\/01\/40-pagina-10-periodico-regional-pasto.jpg","contentUrl":"https:\/\/pagina10.com\/web\/wp-content\/uploads\/2024\/01\/40-pagina-10-periodico-regional-pasto.jpg","width":1280,"height":720,"caption":"P\u00e1gina10"},"image":{"@id":"https:\/\/pagina10.com\/web\/#\/schema\/logo\/image\/"},"sameAs":["https:\/\/www.facebook.com\/pag10com","https:\/\/x.com\/Pag10com","https:\/\/www.instagram.com\/pagina10col\/","https:\/\/youtube.com\/channel\/pag10","https:\/\/www.tiktok.com\/@p10col"]},{"@type":"Person","@id":"https:\/\/pagina10.com\/web\/#\/schema\/person\/9ec3e2b432363a195d2d01bf820c66fe","name":"Anibal Ar\u00e9valo Rosero","description":"An\u00edbal Ar\u00e9valo Rosero a trav\u00e9s de su vida ha realizado diversas actividades tendientes a reivindicar al ser humano en su conciencia plena. Durante su vida ha hecho teatro, a escrito poes\u00eda y en sus tiempos de universitario realiz\u00f3 varias publicaciones entre las que se recuerda la revista Quinde. Junto con otros compa\u00f1eros fund\u00f3 el Taller Cultural El Cueche, equipo con el que se hicieron varias publicaciones. De este mismo grupo hay que resaltar que se hizo un trabajo pionero en la difusi\u00f3n de la m\u00fasica andina, latinoamericana y del caribe. Despu\u00e9s de terminar sus estudios de biolog\u00eda en la Universidad de Nari\u00f1o entr\u00f3 a laborar en emisoras de la ciudad de Pasto como en RCN, donde se desempe\u00f1aba como locutor de planta. Dirigi\u00f3 programas en la extinta Ondas del Mayo, en varias oportunidades; tambi\u00e9n en Ecos de Pasto. Fue colaborador de el Noticias RCN y dirigi\u00f3 el programa Simana al D\u00eda, del Sindicato del Magisterio de Nari\u00f1o, en dos \u00e9pocas. En el a\u00f1o de 1992 funda el Comit\u00e9 de Solidaridad con Cuba Jos\u00e9 Mart\u00ed, cuyo objetivo era divulgar la realidad cubana y expresar apoyo moral, pol\u00edtico y material al pa\u00eds caribe\u00f1o. Ante la mala interpretaci\u00f3n que la gente le daba a este tipo de acciones, se decide promover viajes de solidad a Cuba para participar en la Brigada Latinoamericana de Trabajo Voluntario, en el Festival Cuba Vive y, de manera especia,l en el 14 Festival Mundial de la Juventud y los Estudiantes, que se desarroll\u00f3 en la isla en el a\u00f1o de 1997. Con esta experiencia impulsa el turismo al pa\u00eds caribe\u00f1o con el resultado de que miles de personas han participado de las excursiones organizadas por Ar\u00e9valo Rosero. Asimismo ha venido impulsando las Brigadas de Salud en Cuba, tendiente a llevar pacientes de c\u00e1ncer a ese destino con el fin de que reciban atenci\u00f3n m\u00e9dica, teniendo en cuenta que la experiencia cubana en el tema ha sido bastante favorable. Veinte a\u00f1os despu\u00e9s de estas nutritivas experiencias, le permiten impulsar excursiones adem\u00e1s a M\u00e9xico, Machu Picchu, Argentina, Ecuador, Panam\u00e1 y Tierra Santa. En cuanto al desempe\u00f1o period\u00edstico, adem\u00e1s de los medios radiales y de televisi\u00f3n, en los canales de la universidades de Nari\u00f1o y Mariana, se ha desempe\u00f1ado como columnista en Diario del Sur durante 6 a\u00f1os y en algunos medios virtuales. Tambi\u00e9n es colaborador de el Diario del Cauca. Considera que la pr\u00e1ctica de la lectura es beber de la fuente nutricia que permite apropiarse de manera consciente del ejercicio de la democracia; y la posibilidad de escribir y ser le\u00eddo, acceder al poder, por que considera la palabra como el mayor instrumento de acci\u00f3n cuando est\u00e1 bien encamina al leg\u00edtimo servicio social. En la actualidad adem\u00e1s de so\u00f1ar con viajar por el mundo se desempe\u00f1a como docente del departamento de ciencias de Inem Luis Delf\u00edn Insuasty de Pasto. Correo: Esta direcci\u00f3n de correo electr\u00f3nico est\u00e1 protegida contra spambots. Usted necesita tener Javascript activado para poder verla.\" target=\"_blank\" style=\"color: #1155cc; text-align: justify; font-family: arial, sans-serif; font-size: 13px; line-height: normal;\"&gt;fundacionecosofia@gmail.com","url":"https:\/\/pagina10.com\/web\/author\/anibal\/"}]}},"_links":{"self":[{"href":"https:\/\/pagina10.com\/web\/wp-json\/wp\/v2\/posts\/57508","targetHints":{"allow":["GET"]}}],"collection":[{"href":"https:\/\/pagina10.com\/web\/wp-json\/wp\/v2\/posts"}],"about":[{"href":"https:\/\/pagina10.com\/web\/wp-json\/wp\/v2\/types\/post"}],"author":[{"embeddable":true,"href":"https:\/\/pagina10.com\/web\/wp-json\/wp\/v2\/users\/65"}],"replies":[{"embeddable":true,"href":"https:\/\/pagina10.com\/web\/wp-json\/wp\/v2\/comments?post=57508"}],"version-history":[{"count":1,"href":"https:\/\/pagina10.com\/web\/wp-json\/wp\/v2\/posts\/57508\/revisions"}],"predecessor-version":[{"id":57510,"href":"https:\/\/pagina10.com\/web\/wp-json\/wp\/v2\/posts\/57508\/revisions\/57510"}],"wp:featuredmedia":[{"embeddable":true,"href":"https:\/\/pagina10.com\/web\/wp-json\/wp\/v2\/media\/57509"}],"wp:attachment":[{"href":"https:\/\/pagina10.com\/web\/wp-json\/wp\/v2\/media?parent=57508"}],"wp:term":[{"taxonomy":"category","embeddable":true,"href":"https:\/\/pagina10.com\/web\/wp-json\/wp\/v2\/categories?post=57508"},{"taxonomy":"post_tag","embeddable":true,"href":"https:\/\/pagina10.com\/web\/wp-json\/wp\/v2\/tags?post=57508"}],"curies":[{"name":"wp","href":"https:\/\/api.w.org\/{rel}","templated":true}]}}