{"id":57533,"date":"2021-12-24T11:55:38","date_gmt":"2021-12-24T16:55:38","guid":{"rendered":"https:\/\/pagina10.com\/web\/?p=57533"},"modified":"2021-12-24T11:56:37","modified_gmt":"2021-12-24T16:56:37","slug":"en-pasto-avanza-proyecto-mujeres-emprendedoras-que-transforman-la-gran-capital","status":"publish","type":"post","link":"https:\/\/pagina10.com\/web\/en-pasto-avanza-proyecto-mujeres-emprendedoras-que-transforman-la-gran-capital\/","title":{"rendered":"En Pasto, avanza proyecto \u2018Mujeres emprendedoras que transforman la gran capital\u2019"},"content":{"rendered":"<p style=\"text-align: justify;\">Gracias a la articulaci\u00f3n entre la Administraci\u00f3n Municipal, a trav\u00e9s de la Secretar\u00eda de Desarrollo Econ\u00f3mico, y Fenalco Nari\u00f1o, concluy\u00f3 el proceso de formaci\u00f3n de 30 personas que participaron del proyecto &#8216;Mujeres Emprendedoras que transforman La Gran Capital&#8217;, desarrollado con el objetivo de resolver la dificultad de las mujeres para innovar, emprender y competir.<\/p>\n<p style=\"text-align: justify;\">\u201cEste es un proyecto muy importante para nosotras porque nos permite valorarnos y ver la capacidad que tenemos de transformar la ciudad. Hoy estamos m\u00e1s empoderadas y seguras de nuestro liderazgo y para ello, contamos con el respaldo de la Alcald\u00eda de Pasto que nos est\u00e1 apoyando para surgir y seguir adelante\u201d, afirm\u00f3 la participante del proyecto, Adriana Estela Mu\u00f1oz.<\/p>\n<p style=\"text-align: justify;\">El Alcalde Germ\u00e1n Chamorro De La Rosa se\u00f1al\u00f3 que su compromiso es apoyar a las mujeres en el desarrollo de sus empresas y en el camino de la formalizaci\u00f3n y resalt\u00f3 que ellas dieron el primer paso, lo que evidencia su creatividad y el compromiso con \u2018La Gran Capital\u2019. \u201cGracias por ser un ejemplo para cambiar la historia de la ciudad y por tomar esta oportunidad. Lo vamos a lograr\u201d, agreg\u00f3 el Mandatario Local.<\/p>\n<p style=\"text-align: justify;\">Esta articulaci\u00f3n, desarrollada con el objetivo de impactar de manera positiva en el \u00e1mbito econ\u00f3mico y social, permiti\u00f3 que se culmine esta primera fase con la entrega de estos certificados a 30 mujeres que hicieron parte del proceso de fortalecimiento comercial, empresarial y empoderamiento econ\u00f3mico femenino.<\/p>\n<p style=\"text-align: justify;\">\u201cGracias al anuncio que realiz\u00f3 el se\u00f1or Alcalde, hoy asumimos el compromiso de seguir acompa\u00f1ando y fortaleciendo a las mujeres en este proceso, en el que han demostrado que est\u00e1n listas para grandes cosas\u201d, concluy\u00f3 la directora ejecutiva de Fenalco Nari\u00f1o, Eugenia Zarama.<\/p>\n","protected":false},"excerpt":{"rendered":"<p>Gracias a la articulaci\u00f3n entre la Administraci\u00f3n Municipal, a trav\u00e9s de la Secretar\u00eda de Desarrollo Econ\u00f3mico, y Fenalco Nari\u00f1o, concluy\u00f3 el proceso de formaci\u00f3n de 30 personas que participaron del proyecto &#8216;Mujeres Emprendedoras que transforman La Gran Capital&#8217;, desarrollado con el objetivo de resolver la dificultad de las mujeres para innovar, emprender y competir. \u201cEste [&hellip;]<\/p>\n","protected":false},"author":1,"featured_media":57534,"comment_status":"open","ping_status":"open","sticky":false,"template":"","format":"standard","meta":{"footnotes":""},"categories":[5],"tags":[],"class_list":["post-57533","post","type-post","status-publish","format-standard","has-post-thumbnail","hentry","category-ciudad"],"yoast_head":"<!-- This site is optimized with the Yoast SEO plugin v27.1.1 - https:\/\/yoast.com\/product\/yoast-seo-wordpress\/ -->\n<title>En Pasto, avanza proyecto \u2018Mujeres emprendedoras que transforman la gran capital\u2019 | P\u00e1gina10<\/title>\n<meta name=\"robots\" content=\"index, follow, max-snippet:-1, max-image-preview:large, max-video-preview:-1\" \/>\n<link rel=\"canonical\" href=\"https:\/\/pagina10.com\/web\/en-pasto-avanza-proyecto-mujeres-emprendedoras-que-transforman-la-gran-capital\/\" \/>\n<meta property=\"og:locale\" content=\"es_ES\" \/>\n<meta property=\"og:type\" content=\"article\" \/>\n<meta property=\"og:title\" content=\"En Pasto, avanza proyecto \u2018Mujeres emprendedoras que transforman la gran capital\u2019 | P\u00e1gina10\" \/>\n<meta property=\"og:description\" content=\"Gracias a la articulaci\u00f3n entre la Administraci\u00f3n Municipal, a trav\u00e9s de la Secretar\u00eda de Desarrollo Econ\u00f3mico, y Fenalco Nari\u00f1o, concluy\u00f3 el proceso de formaci\u00f3n de 30 personas que participaron del proyecto &#8216;Mujeres Emprendedoras que transforman La Gran Capital&#8217;, desarrollado con el objetivo de resolver la dificultad de las mujeres para innovar, emprender y competir. \u201cEste [&hellip;]\" \/>\n<meta property=\"og:url\" content=\"https:\/\/pagina10.com\/web\/en-pasto-avanza-proyecto-mujeres-emprendedoras-que-transforman-la-gran-capital\/\" \/>\n<meta property=\"og:site_name\" content=\"P\u00e1gina10\" \/>\n<meta property=\"article:publisher\" content=\"https:\/\/www.facebook.com\/pag10com\" \/>\n<meta property=\"article:published_time\" content=\"2021-12-24T16:55:38+00:00\" \/>\n<meta property=\"article:modified_time\" content=\"2021-12-24T16:56:37+00:00\" \/>\n<meta property=\"og:image\" content=\"https:\/\/pagina10.com\/web\/wp-content\/uploads\/2021\/12\/WhatsApp-Image-2021-12-23-at-11.42.27-PM.jpeg\" \/>\n\t<meta property=\"og:image:width\" content=\"1024\" \/>\n\t<meta property=\"og:image:height\" content=\"682\" \/>\n\t<meta property=\"og:image:type\" content=\"image\/jpeg\" \/>\n<meta name=\"author\" content=\"P\u00e1gina 10\" \/>\n<meta name=\"twitter:card\" content=\"summary_large_image\" \/>\n<meta name=\"twitter:creator\" content=\"@Pag10com\" \/>\n<meta name=\"twitter:site\" content=\"@Pag10com\" \/>\n<meta name=\"twitter:label1\" content=\"Escrito por\" \/>\n\t<meta name=\"twitter:data1\" content=\"P\u00e1gina 10\" \/>\n\t<meta name=\"twitter:label2\" content=\"Tiempo de lectura\" \/>\n\t<meta name=\"twitter:data2\" content=\"1 minuto\" \/>\n<script type=\"application\/ld+json\" class=\"yoast-schema-graph\">{\"@context\":\"https:\/\/schema.org\",\"@graph\":[{\"@type\":\"Article\",\"@id\":\"https:\/\/pagina10.com\/web\/en-pasto-avanza-proyecto-mujeres-emprendedoras-que-transforman-la-gran-capital\/#article\",\"isPartOf\":{\"@id\":\"https:\/\/pagina10.com\/web\/en-pasto-avanza-proyecto-mujeres-emprendedoras-que-transforman-la-gran-capital\/\"},\"author\":{\"name\":\"P\u00e1gina 10\",\"@id\":\"https:\/\/pagina10.com\/web\/#\/schema\/person\/2efc4a090d25b667d3bc796798a3a81b\"},\"headline\":\"En Pasto, avanza proyecto \u2018Mujeres emprendedoras que transforman la gran capital\u2019\",\"datePublished\":\"2021-12-24T16:55:38+00:00\",\"dateModified\":\"2021-12-24T16:56:37+00:00\",\"mainEntityOfPage\":{\"@id\":\"https:\/\/pagina10.com\/web\/en-pasto-avanza-proyecto-mujeres-emprendedoras-que-transforman-la-gran-capital\/\"},\"wordCount\":306,\"commentCount\":0,\"publisher\":{\"@id\":\"https:\/\/pagina10.com\/web\/#organization\"},\"image\":{\"@id\":\"https:\/\/pagina10.com\/web\/en-pasto-avanza-proyecto-mujeres-emprendedoras-que-transforman-la-gran-capital\/#primaryimage\"},\"thumbnailUrl\":\"https:\/\/pagina10.com\/web\/wp-content\/uploads\/2021\/12\/WhatsApp-Image-2021-12-23-at-11.42.27-PM.jpeg\",\"articleSection\":[\"Ciudad\"],\"inLanguage\":\"es\",\"potentialAction\":[{\"@type\":\"CommentAction\",\"name\":\"Comment\",\"target\":[\"https:\/\/pagina10.com\/web\/en-pasto-avanza-proyecto-mujeres-emprendedoras-que-transforman-la-gran-capital\/#respond\"]}]},{\"@type\":\"WebPage\",\"@id\":\"https:\/\/pagina10.com\/web\/en-pasto-avanza-proyecto-mujeres-emprendedoras-que-transforman-la-gran-capital\/\",\"url\":\"https:\/\/pagina10.com\/web\/en-pasto-avanza-proyecto-mujeres-emprendedoras-que-transforman-la-gran-capital\/\",\"name\":\"En Pasto, avanza proyecto \u2018Mujeres emprendedoras que transforman la gran capital\u2019 | P\u00e1gina10\",\"isPartOf\":{\"@id\":\"https:\/\/pagina10.com\/web\/#website\"},\"primaryImageOfPage\":{\"@id\":\"https:\/\/pagina10.com\/web\/en-pasto-avanza-proyecto-mujeres-emprendedoras-que-transforman-la-gran-capital\/#primaryimage\"},\"image\":{\"@id\":\"https:\/\/pagina10.com\/web\/en-pasto-avanza-proyecto-mujeres-emprendedoras-que-transforman-la-gran-capital\/#primaryimage\"},\"thumbnailUrl\":\"https:\/\/pagina10.com\/web\/wp-content\/uploads\/2021\/12\/WhatsApp-Image-2021-12-23-at-11.42.27-PM.jpeg\",\"datePublished\":\"2021-12-24T16:55:38+00:00\",\"dateModified\":\"2021-12-24T16:56:37+00:00\",\"breadcrumb\":{\"@id\":\"https:\/\/pagina10.com\/web\/en-pasto-avanza-proyecto-mujeres-emprendedoras-que-transforman-la-gran-capital\/#breadcrumb\"},\"inLanguage\":\"es\",\"potentialAction\":[{\"@type\":\"ReadAction\",\"target\":[\"https:\/\/pagina10.com\/web\/en-pasto-avanza-proyecto-mujeres-emprendedoras-que-transforman-la-gran-capital\/\"]}]},{\"@type\":\"ImageObject\",\"inLanguage\":\"es\",\"@id\":\"https:\/\/pagina10.com\/web\/en-pasto-avanza-proyecto-mujeres-emprendedoras-que-transforman-la-gran-capital\/#primaryimage\",\"url\":\"https:\/\/pagina10.com\/web\/wp-content\/uploads\/2021\/12\/WhatsApp-Image-2021-12-23-at-11.42.27-PM.jpeg\",\"contentUrl\":\"https:\/\/pagina10.com\/web\/wp-content\/uploads\/2021\/12\/WhatsApp-Image-2021-12-23-at-11.42.27-PM.jpeg\",\"width\":1024,\"height\":682},{\"@type\":\"BreadcrumbList\",\"@id\":\"https:\/\/pagina10.com\/web\/en-pasto-avanza-proyecto-mujeres-emprendedoras-que-transforman-la-gran-capital\/#breadcrumb\",\"itemListElement\":[{\"@type\":\"ListItem\",\"position\":1,\"name\":\"Portada\",\"item\":\"https:\/\/pagina10.com\/web\/\"},{\"@type\":\"ListItem\",\"position\":2,\"name\":\"En Pasto, avanza proyecto \u2018Mujeres emprendedoras que transforman la gran capital\u2019\"}]},{\"@type\":\"WebSite\",\"@id\":\"https:\/\/pagina10.com\/web\/#website\",\"url\":\"https:\/\/pagina10.com\/web\/\",\"name\":\"P\u00e1gina10\",\"description\":\"Peri\u00f3dico Regional\",\"publisher\":{\"@id\":\"https:\/\/pagina10.com\/web\/#organization\"},\"alternateName\":\"P\u00e1gina10 Peri\u00f3dico Regional\",\"potentialAction\":[{\"@type\":\"SearchAction\",\"target\":{\"@type\":\"EntryPoint\",\"urlTemplate\":\"https:\/\/pagina10.com\/web\/?s={search_term_string}\"},\"query-input\":{\"@type\":\"PropertyValueSpecification\",\"valueRequired\":true,\"valueName\":\"search_term_string\"}}],\"inLanguage\":\"es\"},{\"@type\":\"Organization\",\"@id\":\"https:\/\/pagina10.com\/web\/#organization\",\"name\":\"P\u00e1gina10\",\"alternateName\":\"P\u00e1gina10 Peri\u00f3dico Regional\",\"url\":\"https:\/\/pagina10.com\/web\/\",\"logo\":{\"@type\":\"ImageObject\",\"inLanguage\":\"es\",\"@id\":\"https:\/\/pagina10.com\/web\/#\/schema\/logo\/image\/\",\"url\":\"https:\/\/pagina10.com\/web\/wp-content\/uploads\/2024\/01\/40-pagina-10-periodico-regional-pasto.jpg\",\"contentUrl\":\"https:\/\/pagina10.com\/web\/wp-content\/uploads\/2024\/01\/40-pagina-10-periodico-regional-pasto.jpg\",\"width\":1280,\"height\":720,\"caption\":\"P\u00e1gina10\"},\"image\":{\"@id\":\"https:\/\/pagina10.com\/web\/#\/schema\/logo\/image\/\"},\"sameAs\":[\"https:\/\/www.facebook.com\/pag10com\",\"https:\/\/x.com\/Pag10com\",\"https:\/\/www.instagram.com\/pagina10col\/\",\"https:\/\/youtube.com\/channel\/pag10\",\"https:\/\/www.tiktok.com\/@p10col\"]},{\"@type\":\"Person\",\"@id\":\"https:\/\/pagina10.com\/web\/#\/schema\/person\/2efc4a090d25b667d3bc796798a3a81b\",\"name\":\"P\u00e1gina 10\",\"description\":\"P\u00e1gina 10 es un peri\u00f3dico regional que nace en Colombia, en el departamento de Nari\u00f1o, con un enfoque global, fundamentado en cuatro pilares esenciales: la libertad, el pluralismo, la inclusi\u00f3n y la independencia. P\u00e1gina 10 hace referencia a Nari\u00f1o como el d\u00e9cimo departamento creado en Colombia, despu\u00e9s de un proceso pol\u00edtico liderado por actores y actrices regionales con el fin de obtener la independencia y autonom\u00eda de nuestros territorios. Con la creaci\u00f3n de P\u00e1gina 10 se pretende abrir un escenario para el dialogo, la reflexi\u00f3n y el debate que se extienda a otras geograf\u00edas de Am\u00e9rica Latina y del planeta, en una apuesta por transformar colectivamente los desaf\u00edos de un mundo contempor\u00e1neo, m\u00e1s all\u00e1 de las fronteras impuestas.\",\"url\":\"https:\/\/pagina10.com\/web\/author\/pdiezadmin\/\"}]}<\/script>\n<!-- \/ Yoast SEO plugin. -->","yoast_head_json":{"title":"En Pasto, avanza proyecto \u2018Mujeres emprendedoras que transforman la gran capital\u2019 | P\u00e1gina10","robots":{"index":"index","follow":"follow","max-snippet":"max-snippet:-1","max-image-preview":"max-image-preview:large","max-video-preview":"max-video-preview:-1"},"canonical":"https:\/\/pagina10.com\/web\/en-pasto-avanza-proyecto-mujeres-emprendedoras-que-transforman-la-gran-capital\/","og_locale":"es_ES","og_type":"article","og_title":"En Pasto, avanza proyecto \u2018Mujeres emprendedoras que transforman la gran capital\u2019 | P\u00e1gina10","og_description":"Gracias a la articulaci\u00f3n entre la Administraci\u00f3n Municipal, a trav\u00e9s de la Secretar\u00eda de Desarrollo Econ\u00f3mico, y Fenalco Nari\u00f1o, concluy\u00f3 el proceso de formaci\u00f3n de 30 personas que participaron del proyecto &#8216;Mujeres Emprendedoras que transforman La Gran Capital&#8217;, desarrollado con el objetivo de resolver la dificultad de las mujeres para innovar, emprender y competir. \u201cEste [&hellip;]","og_url":"https:\/\/pagina10.com\/web\/en-pasto-avanza-proyecto-mujeres-emprendedoras-que-transforman-la-gran-capital\/","og_site_name":"P\u00e1gina10","article_publisher":"https:\/\/www.facebook.com\/pag10com","article_published_time":"2021-12-24T16:55:38+00:00","article_modified_time":"2021-12-24T16:56:37+00:00","og_image":[{"width":1024,"height":682,"url":"https:\/\/pagina10.com\/web\/wp-content\/uploads\/2021\/12\/WhatsApp-Image-2021-12-23-at-11.42.27-PM.jpeg","type":"image\/jpeg"}],"author":"P\u00e1gina 10","twitter_card":"summary_large_image","twitter_creator":"@Pag10com","twitter_site":"@Pag10com","twitter_misc":{"Escrito por":"P\u00e1gina 10","Tiempo de lectura":"1 minuto"},"schema":{"@context":"https:\/\/schema.org","@graph":[{"@type":"Article","@id":"https:\/\/pagina10.com\/web\/en-pasto-avanza-proyecto-mujeres-emprendedoras-que-transforman-la-gran-capital\/#article","isPartOf":{"@id":"https:\/\/pagina10.com\/web\/en-pasto-avanza-proyecto-mujeres-emprendedoras-que-transforman-la-gran-capital\/"},"author":{"name":"P\u00e1gina 10","@id":"https:\/\/pagina10.com\/web\/#\/schema\/person\/2efc4a090d25b667d3bc796798a3a81b"},"headline":"En Pasto, avanza proyecto \u2018Mujeres emprendedoras que transforman la gran capital\u2019","datePublished":"2021-12-24T16:55:38+00:00","dateModified":"2021-12-24T16:56:37+00:00","mainEntityOfPage":{"@id":"https:\/\/pagina10.com\/web\/en-pasto-avanza-proyecto-mujeres-emprendedoras-que-transforman-la-gran-capital\/"},"wordCount":306,"commentCount":0,"publisher":{"@id":"https:\/\/pagina10.com\/web\/#organization"},"image":{"@id":"https:\/\/pagina10.com\/web\/en-pasto-avanza-proyecto-mujeres-emprendedoras-que-transforman-la-gran-capital\/#primaryimage"},"thumbnailUrl":"https:\/\/pagina10.com\/web\/wp-content\/uploads\/2021\/12\/WhatsApp-Image-2021-12-23-at-11.42.27-PM.jpeg","articleSection":["Ciudad"],"inLanguage":"es","potentialAction":[{"@type":"CommentAction","name":"Comment","target":["https:\/\/pagina10.com\/web\/en-pasto-avanza-proyecto-mujeres-emprendedoras-que-transforman-la-gran-capital\/#respond"]}]},{"@type":"WebPage","@id":"https:\/\/pagina10.com\/web\/en-pasto-avanza-proyecto-mujeres-emprendedoras-que-transforman-la-gran-capital\/","url":"https:\/\/pagina10.com\/web\/en-pasto-avanza-proyecto-mujeres-emprendedoras-que-transforman-la-gran-capital\/","name":"En Pasto, avanza proyecto \u2018Mujeres emprendedoras que transforman la gran capital\u2019 | P\u00e1gina10","isPartOf":{"@id":"https:\/\/pagina10.com\/web\/#website"},"primaryImageOfPage":{"@id":"https:\/\/pagina10.com\/web\/en-pasto-avanza-proyecto-mujeres-emprendedoras-que-transforman-la-gran-capital\/#primaryimage"},"image":{"@id":"https:\/\/pagina10.com\/web\/en-pasto-avanza-proyecto-mujeres-emprendedoras-que-transforman-la-gran-capital\/#primaryimage"},"thumbnailUrl":"https:\/\/pagina10.com\/web\/wp-content\/uploads\/2021\/12\/WhatsApp-Image-2021-12-23-at-11.42.27-PM.jpeg","datePublished":"2021-12-24T16:55:38+00:00","dateModified":"2021-12-24T16:56:37+00:00","breadcrumb":{"@id":"https:\/\/pagina10.com\/web\/en-pasto-avanza-proyecto-mujeres-emprendedoras-que-transforman-la-gran-capital\/#breadcrumb"},"inLanguage":"es","potentialAction":[{"@type":"ReadAction","target":["https:\/\/pagina10.com\/web\/en-pasto-avanza-proyecto-mujeres-emprendedoras-que-transforman-la-gran-capital\/"]}]},{"@type":"ImageObject","inLanguage":"es","@id":"https:\/\/pagina10.com\/web\/en-pasto-avanza-proyecto-mujeres-emprendedoras-que-transforman-la-gran-capital\/#primaryimage","url":"https:\/\/pagina10.com\/web\/wp-content\/uploads\/2021\/12\/WhatsApp-Image-2021-12-23-at-11.42.27-PM.jpeg","contentUrl":"https:\/\/pagina10.com\/web\/wp-content\/uploads\/2021\/12\/WhatsApp-Image-2021-12-23-at-11.42.27-PM.jpeg","width":1024,"height":682},{"@type":"BreadcrumbList","@id":"https:\/\/pagina10.com\/web\/en-pasto-avanza-proyecto-mujeres-emprendedoras-que-transforman-la-gran-capital\/#breadcrumb","itemListElement":[{"@type":"ListItem","position":1,"name":"Portada","item":"https:\/\/pagina10.com\/web\/"},{"@type":"ListItem","position":2,"name":"En Pasto, avanza proyecto \u2018Mujeres emprendedoras que transforman la gran capital\u2019"}]},{"@type":"WebSite","@id":"https:\/\/pagina10.com\/web\/#website","url":"https:\/\/pagina10.com\/web\/","name":"P\u00e1gina10","description":"Peri\u00f3dico Regional","publisher":{"@id":"https:\/\/pagina10.com\/web\/#organization"},"alternateName":"P\u00e1gina10 Peri\u00f3dico Regional","potentialAction":[{"@type":"SearchAction","target":{"@type":"EntryPoint","urlTemplate":"https:\/\/pagina10.com\/web\/?s={search_term_string}"},"query-input":{"@type":"PropertyValueSpecification","valueRequired":true,"valueName":"search_term_string"}}],"inLanguage":"es"},{"@type":"Organization","@id":"https:\/\/pagina10.com\/web\/#organization","name":"P\u00e1gina10","alternateName":"P\u00e1gina10 Peri\u00f3dico Regional","url":"https:\/\/pagina10.com\/web\/","logo":{"@type":"ImageObject","inLanguage":"es","@id":"https:\/\/pagina10.com\/web\/#\/schema\/logo\/image\/","url":"https:\/\/pagina10.com\/web\/wp-content\/uploads\/2024\/01\/40-pagina-10-periodico-regional-pasto.jpg","contentUrl":"https:\/\/pagina10.com\/web\/wp-content\/uploads\/2024\/01\/40-pagina-10-periodico-regional-pasto.jpg","width":1280,"height":720,"caption":"P\u00e1gina10"},"image":{"@id":"https:\/\/pagina10.com\/web\/#\/schema\/logo\/image\/"},"sameAs":["https:\/\/www.facebook.com\/pag10com","https:\/\/x.com\/Pag10com","https:\/\/www.instagram.com\/pagina10col\/","https:\/\/youtube.com\/channel\/pag10","https:\/\/www.tiktok.com\/@p10col"]},{"@type":"Person","@id":"https:\/\/pagina10.com\/web\/#\/schema\/person\/2efc4a090d25b667d3bc796798a3a81b","name":"P\u00e1gina 10","description":"P\u00e1gina 10 es un peri\u00f3dico regional que nace en Colombia, en el departamento de Nari\u00f1o, con un enfoque global, fundamentado en cuatro pilares esenciales: la libertad, el pluralismo, la inclusi\u00f3n y la independencia. P\u00e1gina 10 hace referencia a Nari\u00f1o como el d\u00e9cimo departamento creado en Colombia, despu\u00e9s de un proceso pol\u00edtico liderado por actores y actrices regionales con el fin de obtener la independencia y autonom\u00eda de nuestros territorios. Con la creaci\u00f3n de P\u00e1gina 10 se pretende abrir un escenario para el dialogo, la reflexi\u00f3n y el debate que se extienda a otras geograf\u00edas de Am\u00e9rica Latina y del planeta, en una apuesta por transformar colectivamente los desaf\u00edos de un mundo contempor\u00e1neo, m\u00e1s all\u00e1 de las fronteras impuestas.","url":"https:\/\/pagina10.com\/web\/author\/pdiezadmin\/"}]}},"_links":{"self":[{"href":"https:\/\/pagina10.com\/web\/wp-json\/wp\/v2\/posts\/57533","targetHints":{"allow":["GET"]}}],"collection":[{"href":"https:\/\/pagina10.com\/web\/wp-json\/wp\/v2\/posts"}],"about":[{"href":"https:\/\/pagina10.com\/web\/wp-json\/wp\/v2\/types\/post"}],"author":[{"embeddable":true,"href":"https:\/\/pagina10.com\/web\/wp-json\/wp\/v2\/users\/1"}],"replies":[{"embeddable":true,"href":"https:\/\/pagina10.com\/web\/wp-json\/wp\/v2\/comments?post=57533"}],"version-history":[{"count":1,"href":"https:\/\/pagina10.com\/web\/wp-json\/wp\/v2\/posts\/57533\/revisions"}],"predecessor-version":[{"id":57535,"href":"https:\/\/pagina10.com\/web\/wp-json\/wp\/v2\/posts\/57533\/revisions\/57535"}],"wp:featuredmedia":[{"embeddable":true,"href":"https:\/\/pagina10.com\/web\/wp-json\/wp\/v2\/media\/57534"}],"wp:attachment":[{"href":"https:\/\/pagina10.com\/web\/wp-json\/wp\/v2\/media?parent=57533"}],"wp:term":[{"taxonomy":"category","embeddable":true,"href":"https:\/\/pagina10.com\/web\/wp-json\/wp\/v2\/categories?post=57533"},{"taxonomy":"post_tag","embeddable":true,"href":"https:\/\/pagina10.com\/web\/wp-json\/wp\/v2\/tags?post=57533"}],"curies":[{"name":"wp","href":"https:\/\/api.w.org\/{rel}","templated":true}]}}