{"id":57539,"date":"2021-12-24T12:03:19","date_gmt":"2021-12-24T17:03:19","guid":{"rendered":"https:\/\/pagina10.com\/web\/?p=57539"},"modified":"2021-12-24T12:03:19","modified_gmt":"2021-12-24T17:03:19","slug":"se-socializo-proyecto-de-optimizacion-del-acueducto-de-la-vereda-santa-lucia-en-el-corregimiento-de-el-encano","status":"publish","type":"post","link":"https:\/\/pagina10.com\/web\/se-socializo-proyecto-de-optimizacion-del-acueducto-de-la-vereda-santa-lucia-en-el-corregimiento-de-el-encano\/","title":{"rendered":"Se socializ\u00f3 proyecto de optimizaci\u00f3n del acueducto de la vereda Santa Luc\u00eda en el corregimiento de El Encano"},"content":{"rendered":"<p style=\"text-align: justify;\">\u201cAgradecemos al Alcalde Germ\u00e1n Chamorro de la Rosa y al secretario Mario Viteri Palacios por apoyarnos en este proyecto para que nosotros podamos seguir trabajando en beneficio de nuestra comunidad\u201d, expres\u00f3 el presidente de la Junta de Acueducto de la vereda Santa Lucia, V\u00edctor Leonel Tulc\u00e1n.<\/p>\n<p style=\"text-align: justify;\">Con una inversi\u00f3n de 188 millones de pesos, la Secretar\u00eda de Gesti\u00f3n Ambiental, a trav\u00e9s del proyecto \u2018Agua Potable y Saneamiento B\u00e1sico\u2019, realizar\u00e1 la construcci\u00f3n de una nueva bocatoma, un tanque de almacenamiento, el desarenador, la caseta de desinfecci\u00f3n, adem\u00e1s del suministro e instalaci\u00f3n de la red principal con acometidas.<\/p>\n<p style=\"text-align: justify;\">Por su parte el secretario de Gesti\u00f3n Ambiental, Mario Viteri Palacios, afirm\u00f3 que: \u201cHace unos meses, junto al se\u00f1or Alcalde, nos comprometimos con la construcci\u00f3n del acueducto de esta vereda. Hoy hicimos la socializaci\u00f3n de este proyecto que beneficiar\u00e1 a m\u00e1s de 400 usuarios y mejorar\u00e1 la calidad de vida de quienes actualmente no cuentan con este suministro\u201d.<\/p>\n<p style=\"text-align: justify;\">Con estas acciones se pretende fomentar el turismo en esta zona del corregimiento, pues mejorar la calidad del agua significa mejorar la calidad de vida de ni\u00f1os y adultos y beneficiar as\u00ed a todos los propietarios de establecimientos p\u00fablicos como restaurantes que reciben a propios y turistas, es decir, que tambi\u00e9n se contribuye a la reactivaci\u00f3n econ\u00f3mica del Municipio de Pasto.<\/p>\n<p style=\"text-align: justify;\">\u201cEstamos orgullosos de tener este proyecto, ya que llevamos 12 a\u00f1os luchando por \u00e9l y hoy vemos que se hace realidad. Es un gran beneficio para los restaurantes que reciben a los turistas; por eso, los invitamos a que conozcan este bello sitio tur\u00edstico, que es para todos los nari\u00f1enses y colombianos\u201d, dijo el integrante del Comit\u00e9 de Turismo de la vereda Santa Luc\u00eda, Isa\u00edas Cuchala.<\/p>\n","protected":false},"excerpt":{"rendered":"<p>\u201cAgradecemos al Alcalde Germ\u00e1n Chamorro de la Rosa y al secretario Mario Viteri Palacios por apoyarnos en este proyecto para que nosotros podamos seguir trabajando en beneficio de nuestra comunidad\u201d, expres\u00f3 el presidente de la Junta de Acueducto de la vereda Santa Lucia, V\u00edctor Leonel Tulc\u00e1n. Con una inversi\u00f3n de 188 millones de pesos, la [&hellip;]<\/p>\n","protected":false},"author":1,"featured_media":57540,"comment_status":"open","ping_status":"open","sticky":false,"template":"","format":"standard","meta":{"footnotes":""},"categories":[82],"tags":[],"class_list":["post-57539","post","type-post","status-publish","format-standard","has-post-thumbnail","hentry","category-ciudad-2"],"yoast_head":"<!-- This site is optimized with the Yoast SEO plugin v27.1.1 - https:\/\/yoast.com\/product\/yoast-seo-wordpress\/ -->\n<title>Se socializ\u00f3 proyecto de optimizaci\u00f3n del acueducto de la vereda Santa Luc\u00eda en el corregimiento de El Encano | P\u00e1gina10<\/title>\n<meta name=\"robots\" content=\"index, follow, max-snippet:-1, max-image-preview:large, max-video-preview:-1\" \/>\n<link rel=\"canonical\" href=\"https:\/\/pagina10.com\/web\/se-socializo-proyecto-de-optimizacion-del-acueducto-de-la-vereda-santa-lucia-en-el-corregimiento-de-el-encano\/\" \/>\n<meta property=\"og:locale\" content=\"es_ES\" \/>\n<meta property=\"og:type\" content=\"article\" \/>\n<meta property=\"og:title\" content=\"Se socializ\u00f3 proyecto de optimizaci\u00f3n del acueducto de la vereda Santa Luc\u00eda en el corregimiento de El Encano | P\u00e1gina10\" \/>\n<meta property=\"og:description\" content=\"\u201cAgradecemos al Alcalde Germ\u00e1n Chamorro de la Rosa y al secretario Mario Viteri Palacios por apoyarnos en este proyecto para que nosotros podamos seguir trabajando en beneficio de nuestra comunidad\u201d, expres\u00f3 el presidente de la Junta de Acueducto de la vereda Santa Lucia, V\u00edctor Leonel Tulc\u00e1n. Con una inversi\u00f3n de 188 millones de pesos, la [&hellip;]\" \/>\n<meta property=\"og:url\" content=\"https:\/\/pagina10.com\/web\/se-socializo-proyecto-de-optimizacion-del-acueducto-de-la-vereda-santa-lucia-en-el-corregimiento-de-el-encano\/\" \/>\n<meta property=\"og:site_name\" content=\"P\u00e1gina10\" \/>\n<meta property=\"article:publisher\" content=\"https:\/\/www.facebook.com\/pag10com\" \/>\n<meta property=\"article:published_time\" content=\"2021-12-24T17:03:19+00:00\" \/>\n<meta property=\"og:image\" content=\"https:\/\/pagina10.com\/web\/wp-content\/uploads\/2021\/12\/WhatsApp-Image-2021-12-23-at-11.05.26-PM.jpeg\" \/>\n\t<meta property=\"og:image:width\" content=\"1280\" \/>\n\t<meta property=\"og:image:height\" content=\"960\" \/>\n\t<meta property=\"og:image:type\" content=\"image\/jpeg\" \/>\n<meta name=\"author\" content=\"P\u00e1gina 10\" \/>\n<meta name=\"twitter:card\" content=\"summary_large_image\" \/>\n<meta name=\"twitter:creator\" content=\"@Pag10com\" \/>\n<meta name=\"twitter:site\" content=\"@Pag10com\" \/>\n<meta name=\"twitter:label1\" content=\"Escrito por\" \/>\n\t<meta name=\"twitter:data1\" content=\"P\u00e1gina 10\" \/>\n\t<meta name=\"twitter:label2\" content=\"Tiempo de lectura\" \/>\n\t<meta name=\"twitter:data2\" content=\"2 minutos\" \/>\n<script type=\"application\/ld+json\" class=\"yoast-schema-graph\">{\"@context\":\"https:\/\/schema.org\",\"@graph\":[{\"@type\":\"Article\",\"@id\":\"https:\/\/pagina10.com\/web\/se-socializo-proyecto-de-optimizacion-del-acueducto-de-la-vereda-santa-lucia-en-el-corregimiento-de-el-encano\/#article\",\"isPartOf\":{\"@id\":\"https:\/\/pagina10.com\/web\/se-socializo-proyecto-de-optimizacion-del-acueducto-de-la-vereda-santa-lucia-en-el-corregimiento-de-el-encano\/\"},\"author\":{\"name\":\"P\u00e1gina 10\",\"@id\":\"https:\/\/pagina10.com\/web\/#\/schema\/person\/2efc4a090d25b667d3bc796798a3a81b\"},\"headline\":\"Se socializ\u00f3 proyecto de optimizaci\u00f3n del acueducto de la vereda Santa Luc\u00eda en el corregimiento de El Encano\",\"datePublished\":\"2021-12-24T17:03:19+00:00\",\"mainEntityOfPage\":{\"@id\":\"https:\/\/pagina10.com\/web\/se-socializo-proyecto-de-optimizacion-del-acueducto-de-la-vereda-santa-lucia-en-el-corregimiento-de-el-encano\/\"},\"wordCount\":325,\"commentCount\":0,\"publisher\":{\"@id\":\"https:\/\/pagina10.com\/web\/#organization\"},\"image\":{\"@id\":\"https:\/\/pagina10.com\/web\/se-socializo-proyecto-de-optimizacion-del-acueducto-de-la-vereda-santa-lucia-en-el-corregimiento-de-el-encano\/#primaryimage\"},\"thumbnailUrl\":\"https:\/\/pagina10.com\/web\/wp-content\/uploads\/2021\/12\/WhatsApp-Image-2021-12-23-at-11.05.26-PM.jpeg\",\"articleSection\":[\"Ciudad\"],\"inLanguage\":\"es\",\"potentialAction\":[{\"@type\":\"CommentAction\",\"name\":\"Comment\",\"target\":[\"https:\/\/pagina10.com\/web\/se-socializo-proyecto-de-optimizacion-del-acueducto-de-la-vereda-santa-lucia-en-el-corregimiento-de-el-encano\/#respond\"]}]},{\"@type\":\"WebPage\",\"@id\":\"https:\/\/pagina10.com\/web\/se-socializo-proyecto-de-optimizacion-del-acueducto-de-la-vereda-santa-lucia-en-el-corregimiento-de-el-encano\/\",\"url\":\"https:\/\/pagina10.com\/web\/se-socializo-proyecto-de-optimizacion-del-acueducto-de-la-vereda-santa-lucia-en-el-corregimiento-de-el-encano\/\",\"name\":\"Se socializ\u00f3 proyecto de optimizaci\u00f3n del acueducto de la vereda Santa Luc\u00eda en el corregimiento de El Encano | P\u00e1gina10\",\"isPartOf\":{\"@id\":\"https:\/\/pagina10.com\/web\/#website\"},\"primaryImageOfPage\":{\"@id\":\"https:\/\/pagina10.com\/web\/se-socializo-proyecto-de-optimizacion-del-acueducto-de-la-vereda-santa-lucia-en-el-corregimiento-de-el-encano\/#primaryimage\"},\"image\":{\"@id\":\"https:\/\/pagina10.com\/web\/se-socializo-proyecto-de-optimizacion-del-acueducto-de-la-vereda-santa-lucia-en-el-corregimiento-de-el-encano\/#primaryimage\"},\"thumbnailUrl\":\"https:\/\/pagina10.com\/web\/wp-content\/uploads\/2021\/12\/WhatsApp-Image-2021-12-23-at-11.05.26-PM.jpeg\",\"datePublished\":\"2021-12-24T17:03:19+00:00\",\"breadcrumb\":{\"@id\":\"https:\/\/pagina10.com\/web\/se-socializo-proyecto-de-optimizacion-del-acueducto-de-la-vereda-santa-lucia-en-el-corregimiento-de-el-encano\/#breadcrumb\"},\"inLanguage\":\"es\",\"potentialAction\":[{\"@type\":\"ReadAction\",\"target\":[\"https:\/\/pagina10.com\/web\/se-socializo-proyecto-de-optimizacion-del-acueducto-de-la-vereda-santa-lucia-en-el-corregimiento-de-el-encano\/\"]}]},{\"@type\":\"ImageObject\",\"inLanguage\":\"es\",\"@id\":\"https:\/\/pagina10.com\/web\/se-socializo-proyecto-de-optimizacion-del-acueducto-de-la-vereda-santa-lucia-en-el-corregimiento-de-el-encano\/#primaryimage\",\"url\":\"https:\/\/pagina10.com\/web\/wp-content\/uploads\/2021\/12\/WhatsApp-Image-2021-12-23-at-11.05.26-PM.jpeg\",\"contentUrl\":\"https:\/\/pagina10.com\/web\/wp-content\/uploads\/2021\/12\/WhatsApp-Image-2021-12-23-at-11.05.26-PM.jpeg\",\"width\":1280,\"height\":960},{\"@type\":\"BreadcrumbList\",\"@id\":\"https:\/\/pagina10.com\/web\/se-socializo-proyecto-de-optimizacion-del-acueducto-de-la-vereda-santa-lucia-en-el-corregimiento-de-el-encano\/#breadcrumb\",\"itemListElement\":[{\"@type\":\"ListItem\",\"position\":1,\"name\":\"Portada\",\"item\":\"https:\/\/pagina10.com\/web\/\"},{\"@type\":\"ListItem\",\"position\":2,\"name\":\"Se socializ\u00f3 proyecto de optimizaci\u00f3n del acueducto de la vereda Santa Luc\u00eda en el corregimiento de El Encano\"}]},{\"@type\":\"WebSite\",\"@id\":\"https:\/\/pagina10.com\/web\/#website\",\"url\":\"https:\/\/pagina10.com\/web\/\",\"name\":\"P\u00e1gina10\",\"description\":\"Peri\u00f3dico Regional\",\"publisher\":{\"@id\":\"https:\/\/pagina10.com\/web\/#organization\"},\"alternateName\":\"P\u00e1gina10 Peri\u00f3dico Regional\",\"potentialAction\":[{\"@type\":\"SearchAction\",\"target\":{\"@type\":\"EntryPoint\",\"urlTemplate\":\"https:\/\/pagina10.com\/web\/?s={search_term_string}\"},\"query-input\":{\"@type\":\"PropertyValueSpecification\",\"valueRequired\":true,\"valueName\":\"search_term_string\"}}],\"inLanguage\":\"es\"},{\"@type\":\"Organization\",\"@id\":\"https:\/\/pagina10.com\/web\/#organization\",\"name\":\"P\u00e1gina10\",\"alternateName\":\"P\u00e1gina10 Peri\u00f3dico Regional\",\"url\":\"https:\/\/pagina10.com\/web\/\",\"logo\":{\"@type\":\"ImageObject\",\"inLanguage\":\"es\",\"@id\":\"https:\/\/pagina10.com\/web\/#\/schema\/logo\/image\/\",\"url\":\"https:\/\/pagina10.com\/web\/wp-content\/uploads\/2024\/01\/40-pagina-10-periodico-regional-pasto.jpg\",\"contentUrl\":\"https:\/\/pagina10.com\/web\/wp-content\/uploads\/2024\/01\/40-pagina-10-periodico-regional-pasto.jpg\",\"width\":1280,\"height\":720,\"caption\":\"P\u00e1gina10\"},\"image\":{\"@id\":\"https:\/\/pagina10.com\/web\/#\/schema\/logo\/image\/\"},\"sameAs\":[\"https:\/\/www.facebook.com\/pag10com\",\"https:\/\/x.com\/Pag10com\",\"https:\/\/www.instagram.com\/pagina10col\/\",\"https:\/\/youtube.com\/channel\/pag10\",\"https:\/\/www.tiktok.com\/@p10col\"]},{\"@type\":\"Person\",\"@id\":\"https:\/\/pagina10.com\/web\/#\/schema\/person\/2efc4a090d25b667d3bc796798a3a81b\",\"name\":\"P\u00e1gina 10\",\"description\":\"P\u00e1gina 10 es un peri\u00f3dico regional que nace en Colombia, en el departamento de Nari\u00f1o, con un enfoque global, fundamentado en cuatro pilares esenciales: la libertad, el pluralismo, la inclusi\u00f3n y la independencia. P\u00e1gina 10 hace referencia a Nari\u00f1o como el d\u00e9cimo departamento creado en Colombia, despu\u00e9s de un proceso pol\u00edtico liderado por actores y actrices regionales con el fin de obtener la independencia y autonom\u00eda de nuestros territorios. Con la creaci\u00f3n de P\u00e1gina 10 se pretende abrir un escenario para el dialogo, la reflexi\u00f3n y el debate que se extienda a otras geograf\u00edas de Am\u00e9rica Latina y del planeta, en una apuesta por transformar colectivamente los desaf\u00edos de un mundo contempor\u00e1neo, m\u00e1s all\u00e1 de las fronteras impuestas.\",\"url\":\"https:\/\/pagina10.com\/web\/author\/pdiezadmin\/\"}]}<\/script>\n<!-- \/ Yoast SEO plugin. -->","yoast_head_json":{"title":"Se socializ\u00f3 proyecto de optimizaci\u00f3n del acueducto de la vereda Santa Luc\u00eda en el corregimiento de El Encano | P\u00e1gina10","robots":{"index":"index","follow":"follow","max-snippet":"max-snippet:-1","max-image-preview":"max-image-preview:large","max-video-preview":"max-video-preview:-1"},"canonical":"https:\/\/pagina10.com\/web\/se-socializo-proyecto-de-optimizacion-del-acueducto-de-la-vereda-santa-lucia-en-el-corregimiento-de-el-encano\/","og_locale":"es_ES","og_type":"article","og_title":"Se socializ\u00f3 proyecto de optimizaci\u00f3n del acueducto de la vereda Santa Luc\u00eda en el corregimiento de El Encano | P\u00e1gina10","og_description":"\u201cAgradecemos al Alcalde Germ\u00e1n Chamorro de la Rosa y al secretario Mario Viteri Palacios por apoyarnos en este proyecto para que nosotros podamos seguir trabajando en beneficio de nuestra comunidad\u201d, expres\u00f3 el presidente de la Junta de Acueducto de la vereda Santa Lucia, V\u00edctor Leonel Tulc\u00e1n. Con una inversi\u00f3n de 188 millones de pesos, la [&hellip;]","og_url":"https:\/\/pagina10.com\/web\/se-socializo-proyecto-de-optimizacion-del-acueducto-de-la-vereda-santa-lucia-en-el-corregimiento-de-el-encano\/","og_site_name":"P\u00e1gina10","article_publisher":"https:\/\/www.facebook.com\/pag10com","article_published_time":"2021-12-24T17:03:19+00:00","og_image":[{"width":1280,"height":960,"url":"https:\/\/pagina10.com\/web\/wp-content\/uploads\/2021\/12\/WhatsApp-Image-2021-12-23-at-11.05.26-PM.jpeg","type":"image\/jpeg"}],"author":"P\u00e1gina 10","twitter_card":"summary_large_image","twitter_creator":"@Pag10com","twitter_site":"@Pag10com","twitter_misc":{"Escrito por":"P\u00e1gina 10","Tiempo de lectura":"2 minutos"},"schema":{"@context":"https:\/\/schema.org","@graph":[{"@type":"Article","@id":"https:\/\/pagina10.com\/web\/se-socializo-proyecto-de-optimizacion-del-acueducto-de-la-vereda-santa-lucia-en-el-corregimiento-de-el-encano\/#article","isPartOf":{"@id":"https:\/\/pagina10.com\/web\/se-socializo-proyecto-de-optimizacion-del-acueducto-de-la-vereda-santa-lucia-en-el-corregimiento-de-el-encano\/"},"author":{"name":"P\u00e1gina 10","@id":"https:\/\/pagina10.com\/web\/#\/schema\/person\/2efc4a090d25b667d3bc796798a3a81b"},"headline":"Se socializ\u00f3 proyecto de optimizaci\u00f3n del acueducto de la vereda Santa Luc\u00eda en el corregimiento de El Encano","datePublished":"2021-12-24T17:03:19+00:00","mainEntityOfPage":{"@id":"https:\/\/pagina10.com\/web\/se-socializo-proyecto-de-optimizacion-del-acueducto-de-la-vereda-santa-lucia-en-el-corregimiento-de-el-encano\/"},"wordCount":325,"commentCount":0,"publisher":{"@id":"https:\/\/pagina10.com\/web\/#organization"},"image":{"@id":"https:\/\/pagina10.com\/web\/se-socializo-proyecto-de-optimizacion-del-acueducto-de-la-vereda-santa-lucia-en-el-corregimiento-de-el-encano\/#primaryimage"},"thumbnailUrl":"https:\/\/pagina10.com\/web\/wp-content\/uploads\/2021\/12\/WhatsApp-Image-2021-12-23-at-11.05.26-PM.jpeg","articleSection":["Ciudad"],"inLanguage":"es","potentialAction":[{"@type":"CommentAction","name":"Comment","target":["https:\/\/pagina10.com\/web\/se-socializo-proyecto-de-optimizacion-del-acueducto-de-la-vereda-santa-lucia-en-el-corregimiento-de-el-encano\/#respond"]}]},{"@type":"WebPage","@id":"https:\/\/pagina10.com\/web\/se-socializo-proyecto-de-optimizacion-del-acueducto-de-la-vereda-santa-lucia-en-el-corregimiento-de-el-encano\/","url":"https:\/\/pagina10.com\/web\/se-socializo-proyecto-de-optimizacion-del-acueducto-de-la-vereda-santa-lucia-en-el-corregimiento-de-el-encano\/","name":"Se socializ\u00f3 proyecto de optimizaci\u00f3n del acueducto de la vereda Santa Luc\u00eda en el corregimiento de El Encano | P\u00e1gina10","isPartOf":{"@id":"https:\/\/pagina10.com\/web\/#website"},"primaryImageOfPage":{"@id":"https:\/\/pagina10.com\/web\/se-socializo-proyecto-de-optimizacion-del-acueducto-de-la-vereda-santa-lucia-en-el-corregimiento-de-el-encano\/#primaryimage"},"image":{"@id":"https:\/\/pagina10.com\/web\/se-socializo-proyecto-de-optimizacion-del-acueducto-de-la-vereda-santa-lucia-en-el-corregimiento-de-el-encano\/#primaryimage"},"thumbnailUrl":"https:\/\/pagina10.com\/web\/wp-content\/uploads\/2021\/12\/WhatsApp-Image-2021-12-23-at-11.05.26-PM.jpeg","datePublished":"2021-12-24T17:03:19+00:00","breadcrumb":{"@id":"https:\/\/pagina10.com\/web\/se-socializo-proyecto-de-optimizacion-del-acueducto-de-la-vereda-santa-lucia-en-el-corregimiento-de-el-encano\/#breadcrumb"},"inLanguage":"es","potentialAction":[{"@type":"ReadAction","target":["https:\/\/pagina10.com\/web\/se-socializo-proyecto-de-optimizacion-del-acueducto-de-la-vereda-santa-lucia-en-el-corregimiento-de-el-encano\/"]}]},{"@type":"ImageObject","inLanguage":"es","@id":"https:\/\/pagina10.com\/web\/se-socializo-proyecto-de-optimizacion-del-acueducto-de-la-vereda-santa-lucia-en-el-corregimiento-de-el-encano\/#primaryimage","url":"https:\/\/pagina10.com\/web\/wp-content\/uploads\/2021\/12\/WhatsApp-Image-2021-12-23-at-11.05.26-PM.jpeg","contentUrl":"https:\/\/pagina10.com\/web\/wp-content\/uploads\/2021\/12\/WhatsApp-Image-2021-12-23-at-11.05.26-PM.jpeg","width":1280,"height":960},{"@type":"BreadcrumbList","@id":"https:\/\/pagina10.com\/web\/se-socializo-proyecto-de-optimizacion-del-acueducto-de-la-vereda-santa-lucia-en-el-corregimiento-de-el-encano\/#breadcrumb","itemListElement":[{"@type":"ListItem","position":1,"name":"Portada","item":"https:\/\/pagina10.com\/web\/"},{"@type":"ListItem","position":2,"name":"Se socializ\u00f3 proyecto de optimizaci\u00f3n del acueducto de la vereda Santa Luc\u00eda en el corregimiento de El Encano"}]},{"@type":"WebSite","@id":"https:\/\/pagina10.com\/web\/#website","url":"https:\/\/pagina10.com\/web\/","name":"P\u00e1gina10","description":"Peri\u00f3dico Regional","publisher":{"@id":"https:\/\/pagina10.com\/web\/#organization"},"alternateName":"P\u00e1gina10 Peri\u00f3dico Regional","potentialAction":[{"@type":"SearchAction","target":{"@type":"EntryPoint","urlTemplate":"https:\/\/pagina10.com\/web\/?s={search_term_string}"},"query-input":{"@type":"PropertyValueSpecification","valueRequired":true,"valueName":"search_term_string"}}],"inLanguage":"es"},{"@type":"Organization","@id":"https:\/\/pagina10.com\/web\/#organization","name":"P\u00e1gina10","alternateName":"P\u00e1gina10 Peri\u00f3dico Regional","url":"https:\/\/pagina10.com\/web\/","logo":{"@type":"ImageObject","inLanguage":"es","@id":"https:\/\/pagina10.com\/web\/#\/schema\/logo\/image\/","url":"https:\/\/pagina10.com\/web\/wp-content\/uploads\/2024\/01\/40-pagina-10-periodico-regional-pasto.jpg","contentUrl":"https:\/\/pagina10.com\/web\/wp-content\/uploads\/2024\/01\/40-pagina-10-periodico-regional-pasto.jpg","width":1280,"height":720,"caption":"P\u00e1gina10"},"image":{"@id":"https:\/\/pagina10.com\/web\/#\/schema\/logo\/image\/"},"sameAs":["https:\/\/www.facebook.com\/pag10com","https:\/\/x.com\/Pag10com","https:\/\/www.instagram.com\/pagina10col\/","https:\/\/youtube.com\/channel\/pag10","https:\/\/www.tiktok.com\/@p10col"]},{"@type":"Person","@id":"https:\/\/pagina10.com\/web\/#\/schema\/person\/2efc4a090d25b667d3bc796798a3a81b","name":"P\u00e1gina 10","description":"P\u00e1gina 10 es un peri\u00f3dico regional que nace en Colombia, en el departamento de Nari\u00f1o, con un enfoque global, fundamentado en cuatro pilares esenciales: la libertad, el pluralismo, la inclusi\u00f3n y la independencia. P\u00e1gina 10 hace referencia a Nari\u00f1o como el d\u00e9cimo departamento creado en Colombia, despu\u00e9s de un proceso pol\u00edtico liderado por actores y actrices regionales con el fin de obtener la independencia y autonom\u00eda de nuestros territorios. Con la creaci\u00f3n de P\u00e1gina 10 se pretende abrir un escenario para el dialogo, la reflexi\u00f3n y el debate que se extienda a otras geograf\u00edas de Am\u00e9rica Latina y del planeta, en una apuesta por transformar colectivamente los desaf\u00edos de un mundo contempor\u00e1neo, m\u00e1s all\u00e1 de las fronteras impuestas.","url":"https:\/\/pagina10.com\/web\/author\/pdiezadmin\/"}]}},"_links":{"self":[{"href":"https:\/\/pagina10.com\/web\/wp-json\/wp\/v2\/posts\/57539","targetHints":{"allow":["GET"]}}],"collection":[{"href":"https:\/\/pagina10.com\/web\/wp-json\/wp\/v2\/posts"}],"about":[{"href":"https:\/\/pagina10.com\/web\/wp-json\/wp\/v2\/types\/post"}],"author":[{"embeddable":true,"href":"https:\/\/pagina10.com\/web\/wp-json\/wp\/v2\/users\/1"}],"replies":[{"embeddable":true,"href":"https:\/\/pagina10.com\/web\/wp-json\/wp\/v2\/comments?post=57539"}],"version-history":[{"count":1,"href":"https:\/\/pagina10.com\/web\/wp-json\/wp\/v2\/posts\/57539\/revisions"}],"predecessor-version":[{"id":57541,"href":"https:\/\/pagina10.com\/web\/wp-json\/wp\/v2\/posts\/57539\/revisions\/57541"}],"wp:featuredmedia":[{"embeddable":true,"href":"https:\/\/pagina10.com\/web\/wp-json\/wp\/v2\/media\/57540"}],"wp:attachment":[{"href":"https:\/\/pagina10.com\/web\/wp-json\/wp\/v2\/media?parent=57539"}],"wp:term":[{"taxonomy":"category","embeddable":true,"href":"https:\/\/pagina10.com\/web\/wp-json\/wp\/v2\/categories?post=57539"},{"taxonomy":"post_tag","embeddable":true,"href":"https:\/\/pagina10.com\/web\/wp-json\/wp\/v2\/tags?post=57539"}],"curies":[{"name":"wp","href":"https:\/\/api.w.org\/{rel}","templated":true}]}}